{"id":9586997,"date":"2023-08-31T13:17:48","date_gmt":"2023-08-31T12:17:48","guid":{"rendered":"https:\/\/kapitalis.com\/tunisie\/?p=9586997"},"modified":"2023-08-31T13:17:49","modified_gmt":"2023-08-31T12:17:49","slug":"defense-le-navire-italien-san-giorgio-a-tunis","status":"publish","type":"post","link":"https:\/\/kapitalis.com\/tunisie\/2023\/08\/31\/defense-le-navire-italien-san-giorgio-a-tunis\/","title":{"rendered":"D\u00e9fense : Le navire italien San Giorgio \u00e0 Tunis"},"content":{"rendered":"\n<p><strong><em>Le navire San Giorgio, navire amiral de l\u2019Operazione Mediterraneo Sicuro (OMS), a stationn\u00e9, entre le 27 et le 29 ao\u00fbt 2023, dans le port de La Goulette, \u00e0 Tunis, premi\u00e8re escale \u00e9trang\u00e8re de la mission.<\/em><\/strong><\/p>\n\n\n\n<!--more-->\n\n\n\n<p>Les navires de classe San Giorgio de la marine italienne sont les premiers navires d\u2019assaut amphibie \u00e0 pont continu, con\u00e7us en Europe pour d\u00e9ployer des forces terrestres sur des rives ennemies. \u00c0 bord de ces navires il y un a escadron d\u2019h\u00e9licopt\u00e8res qui a comme mission le transport de troupes et de l\u2019\u00e9quipement, et des embarcations de d\u00e9barquement.<\/p>\n\n\n\n<p><em>\u00abCette escale constitue un autre t\u00e9moignage de l\u2019excellente coop\u00e9ration bilat\u00e9rale italo-tunisienne, offrant le cadre de rencontres avec des repr\u00e9sentants de la Marine tunisienne, au cours desquelles une simulation amphibie a \u00e9t\u00e9 organis\u00e9e par l\u2019\u00e9tat-major du Premier R\u00e9giment de San Marco\u00bb<\/em>, souligne l\u2019agence italienne <a href=\"https:\/\/www.ansa.it\/ansamed\/it\/notizie\/rubriche\/news_dalle_ambasciate_med\/2023\/08\/31\/difesa-nave-san-giusto-in-sosta-a-tunisi_b83f7280-89b4-418b-a051-4c27a535886b.html\" target=\"_blank\" rel=\"noreferrer noopener\">Ansamed<\/a>. Qui ajoute\u00a0: <em>\u00abL\u2019arriv\u00e9e du bateau San Giorgio a \u00e9galement enregistr\u00e9 la visite \u00e0 bord du Premier conseiller de l\u2019ambassade d&rsquo;Italie \u00e0 Tunis, Tommaso Sansone, et de l\u2019attach\u00e9 de D\u00e9fense, le capitaine Matteo Cusimano, qui ont salu\u00e9 l\u2019\u00e9quipage et le personnel embarqu\u00e9.\u00bb<\/em><\/p>\n","protected":false},"excerpt":{"rendered":"<p>Le navire San Giorgio de la marine italienne a stationn\u00e9 \u00e0 La Goulette \u00e0 Tunis du 27 au 29 ao\u00fbt 2023.   <\/p>\n","protected":false},"author":8,"featured_media":9587046,"comment_status":"open","ping_status":"open","sticky":false,"template":"","format":"standard","meta":{"footnotes":""},"categories":[997,2433],"tags":[266,505,2917,110673,110672,110671,96181,62643],"class_list":["post-9586997","post","type-post","status-publish","format-standard","has-post-thumbnail","hentry","category-politique","category-tunisie","tag-defense","tag-italie","tag-la-goulette","tag-matteo-cusimano","tag-operazione-mediterraneo-sicuro","tag-san-giorgio","tag-tommaso-sansone","tag-tunisie"],"yoast_head":"<!-- This site is optimized with the Yoast SEO plugin v26.6 - https:\/\/yoast.com\/wordpress\/plugins\/seo\/ -->\n<title>D\u00e9fense : Le navire italien San Giorgio \u00e0 Tunis - Kapitalis<\/title>\n<meta name=\"robots\" content=\"index, follow, max-snippet:-1, max-image-preview:large, max-video-preview:-1\" \/>\n<link rel=\"canonical\" href=\"https:\/\/kapitalis.com\/tunisie\/2023\/08\/31\/defense-le-navire-italien-san-giorgio-a-tunis\/\" \/>\n<meta property=\"og:locale\" content=\"fr_FR\" \/>\n<meta property=\"og:type\" content=\"article\" \/>\n<meta property=\"og:title\" content=\"D\u00e9fense : Le navire italien San Giorgio \u00e0 Tunis - Kapitalis\" \/>\n<meta property=\"og:description\" content=\"Le navire San Giorgio de la marine italienne a stationn\u00e9 \u00e0 La Goulette \u00e0 Tunis du 27 au 29 ao\u00fbt 2023.\" \/>\n<meta property=\"og:url\" content=\"https:\/\/kapitalis.com\/tunisie\/2023\/08\/31\/defense-le-navire-italien-san-giorgio-a-tunis\/\" \/>\n<meta property=\"og:site_name\" content=\"Kapitalis\" \/>\n<meta property=\"article:publisher\" content=\"https:\/\/www.facebook.com\/KapitalisInfo\/\" \/>\n<meta property=\"article:published_time\" content=\"2023-08-31T12:17:48+00:00\" \/>\n<meta property=\"article:modified_time\" content=\"2023-08-31T12:17:49+00:00\" \/>\n<meta property=\"og:image\" content=\"https:\/\/kapitalis.com\/tunisie\/wp-content\/uploads\/2023\/08\/navire-italien-San-Giorgio.jpg\" \/>\n\t<meta property=\"og:image:width\" content=\"1200\" \/>\n\t<meta property=\"og:image:height\" content=\"630\" \/>\n\t<meta property=\"og:image:type\" content=\"image\/jpeg\" \/>\n<meta name=\"author\" content=\"webmaster kapitalis\" \/>\n<meta name=\"twitter:card\" content=\"summary_large_image\" \/>\n<meta name=\"twitter:creator\" content=\"@KapitalisInfo\" \/>\n<meta name=\"twitter:site\" content=\"@KapitalisInfo\" \/>\n<meta name=\"twitter:label1\" content=\"\u00c9crit par\" \/>\n\t<meta name=\"twitter:data1\" content=\"webmaster kapitalis\" \/>\n\t<meta name=\"twitter:label2\" content=\"Dur\u00e9e de lecture estim\u00e9e\" \/>\n\t<meta name=\"twitter:data2\" content=\"1 minute\" \/>\n<script type=\"application\/ld+json\" class=\"yoast-schema-graph\">{\"@context\":\"https:\/\/schema.org\",\"@graph\":[{\"@type\":\"Article\",\"@id\":\"https:\/\/kapitalis.com\/tunisie\/2023\/08\/31\/defense-le-navire-italien-san-giorgio-a-tunis\/#article\",\"isPartOf\":{\"@id\":\"https:\/\/kapitalis.com\/tunisie\/2023\/08\/31\/defense-le-navire-italien-san-giorgio-a-tunis\/\"},\"author\":{\"name\":\"webmaster kapitalis\",\"@id\":\"https:\/\/kapitalis.com\/tunisie\/#\/schema\/person\/d71f33a9ca44f7bad4698210b480c8e9\"},\"headline\":\"D\u00e9fense : Le navire italien San Giorgio \u00e0 Tunis\",\"datePublished\":\"2023-08-31T12:17:48+00:00\",\"dateModified\":\"2023-08-31T12:17:49+00:00\",\"mainEntityOfPage\":{\"@id\":\"https:\/\/kapitalis.com\/tunisie\/2023\/08\/31\/defense-le-navire-italien-san-giorgio-a-tunis\/\"},\"wordCount\":205,\"commentCount\":1,\"publisher\":{\"@id\":\"https:\/\/kapitalis.com\/tunisie\/#organization\"},\"image\":{\"@id\":\"https:\/\/kapitalis.com\/tunisie\/2023\/08\/31\/defense-le-navire-italien-san-giorgio-a-tunis\/#primaryimage\"},\"thumbnailUrl\":\"https:\/\/kapitalis.com\/tunisie\/wp-content\/uploads\/2023\/08\/navire-italien-San-Giorgio.jpg\",\"keywords\":[\"d\u00e9fense\",\"Italie\",\"La Goulette\",\"Matteo Cusimano\",\"Operazione Mediterraneo Sicuro\",\"San Giorgio\",\"Tommaso Sansone\",\"Tunisie\"],\"articleSection\":[\"POLITIQUE\",\"Tunisie\"],\"inLanguage\":\"fr-FR\",\"potentialAction\":[{\"@type\":\"CommentAction\",\"name\":\"Comment\",\"target\":[\"https:\/\/kapitalis.com\/tunisie\/2023\/08\/31\/defense-le-navire-italien-san-giorgio-a-tunis\/#respond\"]}]},{\"@type\":\"WebPage\",\"@id\":\"https:\/\/kapitalis.com\/tunisie\/2023\/08\/31\/defense-le-navire-italien-san-giorgio-a-tunis\/\",\"url\":\"https:\/\/kapitalis.com\/tunisie\/2023\/08\/31\/defense-le-navire-italien-san-giorgio-a-tunis\/\",\"name\":\"D\u00e9fense : Le navire italien San Giorgio \u00e0 Tunis - Kapitalis\",\"isPartOf\":{\"@id\":\"https:\/\/kapitalis.com\/tunisie\/#website\"},\"primaryImageOfPage\":{\"@id\":\"https:\/\/kapitalis.com\/tunisie\/2023\/08\/31\/defense-le-navire-italien-san-giorgio-a-tunis\/#primaryimage\"},\"image\":{\"@id\":\"https:\/\/kapitalis.com\/tunisie\/2023\/08\/31\/defense-le-navire-italien-san-giorgio-a-tunis\/#primaryimage\"},\"thumbnailUrl\":\"https:\/\/kapitalis.com\/tunisie\/wp-content\/uploads\/2023\/08\/navire-italien-San-Giorgio.jpg\",\"datePublished\":\"2023-08-31T12:17:48+00:00\",\"dateModified\":\"2023-08-31T12:17:49+00:00\",\"breadcrumb\":{\"@id\":\"https:\/\/kapitalis.com\/tunisie\/2023\/08\/31\/defense-le-navire-italien-san-giorgio-a-tunis\/#breadcrumb\"},\"inLanguage\":\"fr-FR\",\"potentialAction\":[{\"@type\":\"ReadAction\",\"target\":[\"https:\/\/kapitalis.com\/tunisie\/2023\/08\/31\/defense-le-navire-italien-san-giorgio-a-tunis\/\"]}]},{\"@type\":\"ImageObject\",\"inLanguage\":\"fr-FR\",\"@id\":\"https:\/\/kapitalis.com\/tunisie\/2023\/08\/31\/defense-le-navire-italien-san-giorgio-a-tunis\/#primaryimage\",\"url\":\"https:\/\/kapitalis.com\/tunisie\/wp-content\/uploads\/2023\/08\/navire-italien-San-Giorgio.jpg\",\"contentUrl\":\"https:\/\/kapitalis.com\/tunisie\/wp-content\/uploads\/2023\/08\/navire-italien-San-Giorgio.jpg\",\"width\":1200,\"height\":630},{\"@type\":\"BreadcrumbList\",\"@id\":\"https:\/\/kapitalis.com\/tunisie\/2023\/08\/31\/defense-le-navire-italien-san-giorgio-a-tunis\/#breadcrumb\",\"itemListElement\":[{\"@type\":\"ListItem\",\"position\":1,\"name\":\"Accueil\",\"item\":\"https:\/\/kapitalis.com\/tunisie\/\"},{\"@type\":\"ListItem\",\"position\":2,\"name\":\"D\u00e9fense : Le navire italien San Giorgio \u00e0 Tunis\"}]},{\"@type\":\"WebSite\",\"@id\":\"https:\/\/kapitalis.com\/tunisie\/#website\",\"url\":\"https:\/\/kapitalis.com\/tunisie\/\",\"name\":\"Kapitalis\",\"description\":\"L&#039;actualit\u00e9 en Tunisie et dans le monde\",\"publisher\":{\"@id\":\"https:\/\/kapitalis.com\/tunisie\/#organization\"},\"potentialAction\":[{\"@type\":\"SearchAction\",\"target\":{\"@type\":\"EntryPoint\",\"urlTemplate\":\"https:\/\/kapitalis.com\/tunisie\/?s={search_term_string}\"},\"query-input\":{\"@type\":\"PropertyValueSpecification\",\"valueRequired\":true,\"valueName\":\"search_term_string\"}}],\"inLanguage\":\"fr-FR\"},{\"@type\":\"Organization\",\"@id\":\"https:\/\/kapitalis.com\/tunisie\/#organization\",\"name\":\"Kapitalis\",\"url\":\"https:\/\/kapitalis.com\/tunisie\/\",\"logo\":{\"@type\":\"ImageObject\",\"inLanguage\":\"fr-FR\",\"@id\":\"https:\/\/kapitalis.com\/tunisie\/#\/schema\/logo\/image\/\",\"url\":\"https:\/\/kapitalis.com\/tunisie\/wp-content\/uploads\/2022\/05\/Kapitalis-big-size.png\",\"contentUrl\":\"https:\/\/kapitalis.com\/tunisie\/wp-content\/uploads\/2022\/05\/Kapitalis-big-size.png\",\"width\":5000,\"height\":1500,\"caption\":\"Kapitalis\"},\"image\":{\"@id\":\"https:\/\/kapitalis.com\/tunisie\/#\/schema\/logo\/image\/\"},\"sameAs\":[\"https:\/\/www.facebook.com\/KapitalisInfo\/\",\"https:\/\/x.com\/KapitalisInfo\",\"https:\/\/www.youtube.com\/channel\/UC-yDYrHyfFBWWZaOw3FPg9Q\"]},{\"@type\":\"Person\",\"@id\":\"https:\/\/kapitalis.com\/tunisie\/#\/schema\/person\/d71f33a9ca44f7bad4698210b480c8e9\",\"name\":\"webmaster kapitalis\",\"url\":\"https:\/\/kapitalis.com\/tunisie\/author\/webmaster-kapitalis\/\"}]}<\/script>\n<!-- \/ Yoast SEO plugin. -->","yoast_head_json":{"title":"D\u00e9fense : Le navire italien San Giorgio \u00e0 Tunis - Kapitalis","robots":{"index":"index","follow":"follow","max-snippet":"max-snippet:-1","max-image-preview":"max-image-preview:large","max-video-preview":"max-video-preview:-1"},"canonical":"https:\/\/kapitalis.com\/tunisie\/2023\/08\/31\/defense-le-navire-italien-san-giorgio-a-tunis\/","og_locale":"fr_FR","og_type":"article","og_title":"D\u00e9fense : Le navire italien San Giorgio \u00e0 Tunis - Kapitalis","og_description":"Le navire San Giorgio de la marine italienne a stationn\u00e9 \u00e0 La Goulette \u00e0 Tunis du 27 au 29 ao\u00fbt 2023.","og_url":"https:\/\/kapitalis.com\/tunisie\/2023\/08\/31\/defense-le-navire-italien-san-giorgio-a-tunis\/","og_site_name":"Kapitalis","article_publisher":"https:\/\/www.facebook.com\/KapitalisInfo\/","article_published_time":"2023-08-31T12:17:48+00:00","article_modified_time":"2023-08-31T12:17:49+00:00","og_image":[{"width":1200,"height":630,"url":"https:\/\/kapitalis.com\/tunisie\/wp-content\/uploads\/2023\/08\/navire-italien-San-Giorgio.jpg","type":"image\/jpeg"}],"author":"webmaster kapitalis","twitter_card":"summary_large_image","twitter_creator":"@KapitalisInfo","twitter_site":"@KapitalisInfo","twitter_misc":{"\u00c9crit par":"webmaster kapitalis","Dur\u00e9e de lecture estim\u00e9e":"1 minute"},"schema":{"@context":"https:\/\/schema.org","@graph":[{"@type":"Article","@id":"https:\/\/kapitalis.com\/tunisie\/2023\/08\/31\/defense-le-navire-italien-san-giorgio-a-tunis\/#article","isPartOf":{"@id":"https:\/\/kapitalis.com\/tunisie\/2023\/08\/31\/defense-le-navire-italien-san-giorgio-a-tunis\/"},"author":{"name":"webmaster kapitalis","@id":"https:\/\/kapitalis.com\/tunisie\/#\/schema\/person\/d71f33a9ca44f7bad4698210b480c8e9"},"headline":"D\u00e9fense : Le navire italien San Giorgio \u00e0 Tunis","datePublished":"2023-08-31T12:17:48+00:00","dateModified":"2023-08-31T12:17:49+00:00","mainEntityOfPage":{"@id":"https:\/\/kapitalis.com\/tunisie\/2023\/08\/31\/defense-le-navire-italien-san-giorgio-a-tunis\/"},"wordCount":205,"commentCount":1,"publisher":{"@id":"https:\/\/kapitalis.com\/tunisie\/#organization"},"image":{"@id":"https:\/\/kapitalis.com\/tunisie\/2023\/08\/31\/defense-le-navire-italien-san-giorgio-a-tunis\/#primaryimage"},"thumbnailUrl":"https:\/\/kapitalis.com\/tunisie\/wp-content\/uploads\/2023\/08\/navire-italien-San-Giorgio.jpg","keywords":["d\u00e9fense","Italie","La Goulette","Matteo Cusimano","Operazione Mediterraneo Sicuro","San Giorgio","Tommaso Sansone","Tunisie"],"articleSection":["POLITIQUE","Tunisie"],"inLanguage":"fr-FR","potentialAction":[{"@type":"CommentAction","name":"Comment","target":["https:\/\/kapitalis.com\/tunisie\/2023\/08\/31\/defense-le-navire-italien-san-giorgio-a-tunis\/#respond"]}]},{"@type":"WebPage","@id":"https:\/\/kapitalis.com\/tunisie\/2023\/08\/31\/defense-le-navire-italien-san-giorgio-a-tunis\/","url":"https:\/\/kapitalis.com\/tunisie\/2023\/08\/31\/defense-le-navire-italien-san-giorgio-a-tunis\/","name":"D\u00e9fense : Le navire italien San Giorgio \u00e0 Tunis - Kapitalis","isPartOf":{"@id":"https:\/\/kapitalis.com\/tunisie\/#website"},"primaryImageOfPage":{"@id":"https:\/\/kapitalis.com\/tunisie\/2023\/08\/31\/defense-le-navire-italien-san-giorgio-a-tunis\/#primaryimage"},"image":{"@id":"https:\/\/kapitalis.com\/tunisie\/2023\/08\/31\/defense-le-navire-italien-san-giorgio-a-tunis\/#primaryimage"},"thumbnailUrl":"https:\/\/kapitalis.com\/tunisie\/wp-content\/uploads\/2023\/08\/navire-italien-San-Giorgio.jpg","datePublished":"2023-08-31T12:17:48+00:00","dateModified":"2023-08-31T12:17:49+00:00","breadcrumb":{"@id":"https:\/\/kapitalis.com\/tunisie\/2023\/08\/31\/defense-le-navire-italien-san-giorgio-a-tunis\/#breadcrumb"},"inLanguage":"fr-FR","potentialAction":[{"@type":"ReadAction","target":["https:\/\/kapitalis.com\/tunisie\/2023\/08\/31\/defense-le-navire-italien-san-giorgio-a-tunis\/"]}]},{"@type":"ImageObject","inLanguage":"fr-FR","@id":"https:\/\/kapitalis.com\/tunisie\/2023\/08\/31\/defense-le-navire-italien-san-giorgio-a-tunis\/#primaryimage","url":"https:\/\/kapitalis.com\/tunisie\/wp-content\/uploads\/2023\/08\/navire-italien-San-Giorgio.jpg","contentUrl":"https:\/\/kapitalis.com\/tunisie\/wp-content\/uploads\/2023\/08\/navire-italien-San-Giorgio.jpg","width":1200,"height":630},{"@type":"BreadcrumbList","@id":"https:\/\/kapitalis.com\/tunisie\/2023\/08\/31\/defense-le-navire-italien-san-giorgio-a-tunis\/#breadcrumb","itemListElement":[{"@type":"ListItem","position":1,"name":"Accueil","item":"https:\/\/kapitalis.com\/tunisie\/"},{"@type":"ListItem","position":2,"name":"D\u00e9fense : Le navire italien San Giorgio \u00e0 Tunis"}]},{"@type":"WebSite","@id":"https:\/\/kapitalis.com\/tunisie\/#website","url":"https:\/\/kapitalis.com\/tunisie\/","name":"Kapitalis","description":"L&#039;actualit\u00e9 en Tunisie et dans le monde","publisher":{"@id":"https:\/\/kapitalis.com\/tunisie\/#organization"},"potentialAction":[{"@type":"SearchAction","target":{"@type":"EntryPoint","urlTemplate":"https:\/\/kapitalis.com\/tunisie\/?s={search_term_string}"},"query-input":{"@type":"PropertyValueSpecification","valueRequired":true,"valueName":"search_term_string"}}],"inLanguage":"fr-FR"},{"@type":"Organization","@id":"https:\/\/kapitalis.com\/tunisie\/#organization","name":"Kapitalis","url":"https:\/\/kapitalis.com\/tunisie\/","logo":{"@type":"ImageObject","inLanguage":"fr-FR","@id":"https:\/\/kapitalis.com\/tunisie\/#\/schema\/logo\/image\/","url":"https:\/\/kapitalis.com\/tunisie\/wp-content\/uploads\/2022\/05\/Kapitalis-big-size.png","contentUrl":"https:\/\/kapitalis.com\/tunisie\/wp-content\/uploads\/2022\/05\/Kapitalis-big-size.png","width":5000,"height":1500,"caption":"Kapitalis"},"image":{"@id":"https:\/\/kapitalis.com\/tunisie\/#\/schema\/logo\/image\/"},"sameAs":["https:\/\/www.facebook.com\/KapitalisInfo\/","https:\/\/x.com\/KapitalisInfo","https:\/\/www.youtube.com\/channel\/UC-yDYrHyfFBWWZaOw3FPg9Q"]},{"@type":"Person","@id":"https:\/\/kapitalis.com\/tunisie\/#\/schema\/person\/d71f33a9ca44f7bad4698210b480c8e9","name":"webmaster kapitalis","url":"https:\/\/kapitalis.com\/tunisie\/author\/webmaster-kapitalis\/"}]}},"_links":{"self":[{"href":"https:\/\/kapitalis.com\/tunisie\/wp-json\/wp\/v2\/posts\/9586997","targetHints":{"allow":["GET"]}}],"collection":[{"href":"https:\/\/kapitalis.com\/tunisie\/wp-json\/wp\/v2\/posts"}],"about":[{"href":"https:\/\/kapitalis.com\/tunisie\/wp-json\/wp\/v2\/types\/post"}],"author":[{"embeddable":true,"href":"https:\/\/kapitalis.com\/tunisie\/wp-json\/wp\/v2\/users\/8"}],"replies":[{"embeddable":true,"href":"https:\/\/kapitalis.com\/tunisie\/wp-json\/wp\/v2\/comments?post=9586997"}],"version-history":[{"count":1,"href":"https:\/\/kapitalis.com\/tunisie\/wp-json\/wp\/v2\/posts\/9586997\/revisions"}],"predecessor-version":[{"id":9587055,"href":"https:\/\/kapitalis.com\/tunisie\/wp-json\/wp\/v2\/posts\/9586997\/revisions\/9587055"}],"wp:featuredmedia":[{"embeddable":true,"href":"https:\/\/kapitalis.com\/tunisie\/wp-json\/wp\/v2\/media\/9587046"}],"wp:attachment":[{"href":"https:\/\/kapitalis.com\/tunisie\/wp-json\/wp\/v2\/media?parent=9586997"}],"wp:term":[{"taxonomy":"category","embeddable":true,"href":"https:\/\/kapitalis.com\/tunisie\/wp-json\/wp\/v2\/categories?post=9586997"},{"taxonomy":"post_tag","embeddable":true,"href":"https:\/\/kapitalis.com\/tunisie\/wp-json\/wp\/v2\/tags?post=9586997"}],"curies":[{"name":"wp","href":"https:\/\/api.w.org\/{rel}","templated":true}]}}