{"id":959070,"date":"2022-05-25T17:44:57","date_gmt":"2022-05-25T15:44:57","guid":{"rendered":"https:\/\/kapitalis.com\/tunisie\/?p=959070"},"modified":"2022-05-25T17:44:58","modified_gmt":"2022-05-25T15:44:58","slug":"tunisie-isie-une-equipe-externe-fera-laudit-du-registre-electoral","status":"publish","type":"post","link":"https:\/\/kapitalis.com\/tunisie\/2022\/05\/25\/tunisie-isie-une-equipe-externe-fera-laudit-du-registre-electoral\/","title":{"rendered":"Tunisie &#8211; Isie : Une \u00e9quipe externe fera l&rsquo;audit du registre \u00e9lectoral"},"content":{"rendered":"\n<p><strong><em>L\u2019Instance sup\u00e9rieure ind\u00e9pendante pour les \u00e9lections (Isie) a approuv\u00e9 \u00e0 l\u2019unanimit\u00e9, ce mercredi 25 mai 2022, la proposition pr\u00e9sent\u00e9e par l\u2019un des membres de charger une \u00e9quipe externe de l\u2019audit du registre \u00e9lectoral, dont le but est d&rsquo;assurer plus de transparence \u00e0 l\u2019op\u00e9ration d\u2019inscription.<\/em><\/strong><\/p>\n\n\n\n<!--more-->\n\n\n\n<p>L\u2019\u00e9quipe sera form\u00e9e de repr\u00e9sentants du minist\u00e8re de l\u2019Int\u00e9rieur, de la Cour des Comptes, du Centre national de l\u2019informatique (CNI), de l\u2019Instance nationale de protection des donn\u00e9es personnelles (INPDP) et du membre de l\u2019Isie charg\u00e9 de la s\u00e9curit\u00e9 informatique qui a pr\u00e9sent\u00e9 cette proposition.<\/p>\n\n\n\n<p>Le conseil a \u00e9galement adopt\u00e9, \u00e0 l\u2019unanimit\u00e9, le calendrier des \u00e9lections municipales partielles dans les communes de Naasane (Ben Arous) et Hbabsa (Siliana), pr\u00e9vues pour le 23 juillet 2022 pour les membres des institutions s\u00e9curitaire et militaire et pour le 24 juillet pour les civils.<\/p>\n\n\n\n<p>D&rsquo;autre part, le conseil a abord\u00e9 l\u2019application des d\u00e9cisions finales de la Cour des Comptes sur la suspension du mandat de certains membres des conseils municipaux. Une d\u00e9cision qui concerne 17 \u00e9lus municipaux r\u00e9partis dans 9 communes, \u00e0 savoir Sidi Ameur (Monastir), Menzel Jemil (Bizerte), El Bradaa (Sfax), Sidi Ismail (B\u00e9ja), Zanouch et Metlaoui (Gafsa), Bir Lahmar (Tataouine), Abida (Kairouan), Rouhia ( Siliana) et Layoun (Kasserine).<\/p>\n\n\n\n<p>Par ailleurs, il a \u00e9t\u00e9 d\u00e9cid\u00e9 d\u2019adresser des correspondances aux Conseils municipaux pour l\u2019application de ces d\u00e9cisions.\u00a0<\/p>\n","protected":false},"excerpt":{"rendered":"<p>L\u2019Instance sup\u00e9rieure ind\u00e9pendante pour les \u00e9lections (Isie) a approuv\u00e9 \u00e0 l\u2019unanimit\u00e9, ce mercredi 25 mai 2022, la proposition pr\u00e9sent\u00e9e par l\u2019un des membres de charger une \u00e9quipe externe de l\u2019audit du registre \u00e9lectoral, dont le but est d&rsquo;assurer plus de transparence \u00e0 l\u2019op\u00e9ration d\u2019inscription.<\/p>\n","protected":false},"author":24,"featured_media":959553,"comment_status":"open","ping_status":"open","sticky":false,"template":"","format":"standard","meta":{"footnotes":""},"categories":[997,2433],"tags":[100032,34728,5618,499],"class_list":["post-959070","post","type-post","status-publish","format-standard","has-post-thumbnail","hentry","category-politique","category-tunisie","tag-audit-du-registre-electoral","tag-cni","tag-inpdp","tag-isie"],"yoast_head":"<!-- This site is optimized with the Yoast SEO plugin v26.6 - https:\/\/yoast.com\/wordpress\/plugins\/seo\/ -->\n<title>Tunisie - Isie : Une \u00e9quipe externe fera l&#039;audit du registre \u00e9lectoral - Kapitalis<\/title>\n<meta name=\"robots\" content=\"index, follow, max-snippet:-1, max-image-preview:large, max-video-preview:-1\" \/>\n<link rel=\"canonical\" href=\"https:\/\/kapitalis.com\/tunisie\/2022\/05\/25\/tunisie-isie-une-equipe-externe-fera-laudit-du-registre-electoral\/\" \/>\n<meta property=\"og:locale\" content=\"fr_FR\" \/>\n<meta property=\"og:type\" content=\"article\" \/>\n<meta property=\"og:title\" content=\"Tunisie - Isie : Une \u00e9quipe externe fera l&#039;audit du registre \u00e9lectoral - Kapitalis\" \/>\n<meta property=\"og:description\" content=\"L\u2019Instance sup\u00e9rieure ind\u00e9pendante pour les \u00e9lections (Isie) a approuv\u00e9 \u00e0 l\u2019unanimit\u00e9, ce mercredi 25 mai 2022, la proposition pr\u00e9sent\u00e9e par l\u2019un des membres de charger une \u00e9quipe externe de l\u2019audit du registre \u00e9lectoral, dont le but est d&rsquo;assurer plus de transparence \u00e0 l\u2019op\u00e9ration d\u2019inscription.\" \/>\n<meta property=\"og:url\" content=\"https:\/\/kapitalis.com\/tunisie\/2022\/05\/25\/tunisie-isie-une-equipe-externe-fera-laudit-du-registre-electoral\/\" \/>\n<meta property=\"og:site_name\" content=\"Kapitalis\" \/>\n<meta property=\"article:publisher\" content=\"https:\/\/www.facebook.com\/KapitalisInfo\/\" \/>\n<meta property=\"article:published_time\" content=\"2022-05-25T15:44:57+00:00\" \/>\n<meta property=\"article:modified_time\" content=\"2022-05-25T15:44:58+00:00\" \/>\n<meta property=\"og:image\" content=\"https:\/\/kapitalis.com\/tunisie\/wp-content\/uploads\/2022\/05\/reunion-isie.jpg\" \/>\n\t<meta property=\"og:image:width\" content=\"1200\" \/>\n\t<meta property=\"og:image:height\" content=\"630\" \/>\n\t<meta property=\"og:image:type\" content=\"image\/jpeg\" \/>\n<meta name=\"author\" content=\"Cherif Benyounes\" \/>\n<meta name=\"twitter:card\" content=\"summary_large_image\" \/>\n<meta name=\"twitter:creator\" content=\"@KapitalisInfo\" \/>\n<meta name=\"twitter:site\" content=\"@KapitalisInfo\" \/>\n<meta name=\"twitter:label1\" content=\"\u00c9crit par\" \/>\n\t<meta name=\"twitter:data1\" content=\"Cherif Benyounes\" \/>\n\t<meta name=\"twitter:label2\" content=\"Dur\u00e9e de lecture estim\u00e9e\" \/>\n\t<meta name=\"twitter:data2\" content=\"2 minutes\" \/>\n<script type=\"application\/ld+json\" class=\"yoast-schema-graph\">{\"@context\":\"https:\/\/schema.org\",\"@graph\":[{\"@type\":\"Article\",\"@id\":\"https:\/\/kapitalis.com\/tunisie\/2022\/05\/25\/tunisie-isie-une-equipe-externe-fera-laudit-du-registre-electoral\/#article\",\"isPartOf\":{\"@id\":\"https:\/\/kapitalis.com\/tunisie\/2022\/05\/25\/tunisie-isie-une-equipe-externe-fera-laudit-du-registre-electoral\/\"},\"author\":{\"name\":\"Cherif Benyounes\",\"@id\":\"https:\/\/kapitalis.com\/tunisie\/#\/schema\/person\/b35b8d631961131107263178aeb8019e\"},\"headline\":\"Tunisie &#8211; Isie : Une \u00e9quipe externe fera l&rsquo;audit du registre \u00e9lectoral\",\"datePublished\":\"2022-05-25T15:44:57+00:00\",\"dateModified\":\"2022-05-25T15:44:58+00:00\",\"mainEntityOfPage\":{\"@id\":\"https:\/\/kapitalis.com\/tunisie\/2022\/05\/25\/tunisie-isie-une-equipe-externe-fera-laudit-du-registre-electoral\/\"},\"wordCount\":250,\"commentCount\":1,\"publisher\":{\"@id\":\"https:\/\/kapitalis.com\/tunisie\/#organization\"},\"image\":{\"@id\":\"https:\/\/kapitalis.com\/tunisie\/2022\/05\/25\/tunisie-isie-une-equipe-externe-fera-laudit-du-registre-electoral\/#primaryimage\"},\"thumbnailUrl\":\"https:\/\/kapitalis.com\/tunisie\/wp-content\/uploads\/2022\/05\/reunion-isie.jpg\",\"keywords\":[\"audit du registre \u00e9lectoral\",\"CNI\",\"INPDP\",\"Isie\"],\"articleSection\":[\"POLITIQUE\",\"Tunisie\"],\"inLanguage\":\"fr-FR\",\"potentialAction\":[{\"@type\":\"CommentAction\",\"name\":\"Comment\",\"target\":[\"https:\/\/kapitalis.com\/tunisie\/2022\/05\/25\/tunisie-isie-une-equipe-externe-fera-laudit-du-registre-electoral\/#respond\"]}]},{\"@type\":\"WebPage\",\"@id\":\"https:\/\/kapitalis.com\/tunisie\/2022\/05\/25\/tunisie-isie-une-equipe-externe-fera-laudit-du-registre-electoral\/\",\"url\":\"https:\/\/kapitalis.com\/tunisie\/2022\/05\/25\/tunisie-isie-une-equipe-externe-fera-laudit-du-registre-electoral\/\",\"name\":\"Tunisie - Isie : Une \u00e9quipe externe fera l'audit du registre \u00e9lectoral - Kapitalis\",\"isPartOf\":{\"@id\":\"https:\/\/kapitalis.com\/tunisie\/#website\"},\"primaryImageOfPage\":{\"@id\":\"https:\/\/kapitalis.com\/tunisie\/2022\/05\/25\/tunisie-isie-une-equipe-externe-fera-laudit-du-registre-electoral\/#primaryimage\"},\"image\":{\"@id\":\"https:\/\/kapitalis.com\/tunisie\/2022\/05\/25\/tunisie-isie-une-equipe-externe-fera-laudit-du-registre-electoral\/#primaryimage\"},\"thumbnailUrl\":\"https:\/\/kapitalis.com\/tunisie\/wp-content\/uploads\/2022\/05\/reunion-isie.jpg\",\"datePublished\":\"2022-05-25T15:44:57+00:00\",\"dateModified\":\"2022-05-25T15:44:58+00:00\",\"breadcrumb\":{\"@id\":\"https:\/\/kapitalis.com\/tunisie\/2022\/05\/25\/tunisie-isie-une-equipe-externe-fera-laudit-du-registre-electoral\/#breadcrumb\"},\"inLanguage\":\"fr-FR\",\"potentialAction\":[{\"@type\":\"ReadAction\",\"target\":[\"https:\/\/kapitalis.com\/tunisie\/2022\/05\/25\/tunisie-isie-une-equipe-externe-fera-laudit-du-registre-electoral\/\"]}]},{\"@type\":\"ImageObject\",\"inLanguage\":\"fr-FR\",\"@id\":\"https:\/\/kapitalis.com\/tunisie\/2022\/05\/25\/tunisie-isie-une-equipe-externe-fera-laudit-du-registre-electoral\/#primaryimage\",\"url\":\"https:\/\/kapitalis.com\/tunisie\/wp-content\/uploads\/2022\/05\/reunion-isie.jpg\",\"contentUrl\":\"https:\/\/kapitalis.com\/tunisie\/wp-content\/uploads\/2022\/05\/reunion-isie.jpg\",\"width\":1200,\"height\":630},{\"@type\":\"BreadcrumbList\",\"@id\":\"https:\/\/kapitalis.com\/tunisie\/2022\/05\/25\/tunisie-isie-une-equipe-externe-fera-laudit-du-registre-electoral\/#breadcrumb\",\"itemListElement\":[{\"@type\":\"ListItem\",\"position\":1,\"name\":\"Accueil\",\"item\":\"https:\/\/kapitalis.com\/tunisie\/\"},{\"@type\":\"ListItem\",\"position\":2,\"name\":\"Tunisie &#8211; Isie : Une \u00e9quipe externe fera l&rsquo;audit du registre \u00e9lectoral\"}]},{\"@type\":\"WebSite\",\"@id\":\"https:\/\/kapitalis.com\/tunisie\/#website\",\"url\":\"https:\/\/kapitalis.com\/tunisie\/\",\"name\":\"Kapitalis\",\"description\":\"L&#039;actualit\u00e9 en Tunisie et dans le monde\",\"publisher\":{\"@id\":\"https:\/\/kapitalis.com\/tunisie\/#organization\"},\"potentialAction\":[{\"@type\":\"SearchAction\",\"target\":{\"@type\":\"EntryPoint\",\"urlTemplate\":\"https:\/\/kapitalis.com\/tunisie\/?s={search_term_string}\"},\"query-input\":{\"@type\":\"PropertyValueSpecification\",\"valueRequired\":true,\"valueName\":\"search_term_string\"}}],\"inLanguage\":\"fr-FR\"},{\"@type\":\"Organization\",\"@id\":\"https:\/\/kapitalis.com\/tunisie\/#organization\",\"name\":\"Kapitalis\",\"url\":\"https:\/\/kapitalis.com\/tunisie\/\",\"logo\":{\"@type\":\"ImageObject\",\"inLanguage\":\"fr-FR\",\"@id\":\"https:\/\/kapitalis.com\/tunisie\/#\/schema\/logo\/image\/\",\"url\":\"https:\/\/kapitalis.com\/tunisie\/wp-content\/uploads\/2022\/05\/Kapitalis-big-size.png\",\"contentUrl\":\"https:\/\/kapitalis.com\/tunisie\/wp-content\/uploads\/2022\/05\/Kapitalis-big-size.png\",\"width\":5000,\"height\":1500,\"caption\":\"Kapitalis\"},\"image\":{\"@id\":\"https:\/\/kapitalis.com\/tunisie\/#\/schema\/logo\/image\/\"},\"sameAs\":[\"https:\/\/www.facebook.com\/KapitalisInfo\/\",\"https:\/\/x.com\/KapitalisInfo\",\"https:\/\/www.youtube.com\/channel\/UC-yDYrHyfFBWWZaOw3FPg9Q\"]},{\"@type\":\"Person\",\"@id\":\"https:\/\/kapitalis.com\/tunisie\/#\/schema\/person\/b35b8d631961131107263178aeb8019e\",\"name\":\"Cherif Benyounes\",\"url\":\"https:\/\/kapitalis.com\/tunisie\/author\/cherif\/\"}]}<\/script>\n<!-- \/ Yoast SEO plugin. -->","yoast_head_json":{"title":"Tunisie - Isie : Une \u00e9quipe externe fera l'audit du registre \u00e9lectoral - Kapitalis","robots":{"index":"index","follow":"follow","max-snippet":"max-snippet:-1","max-image-preview":"max-image-preview:large","max-video-preview":"max-video-preview:-1"},"canonical":"https:\/\/kapitalis.com\/tunisie\/2022\/05\/25\/tunisie-isie-une-equipe-externe-fera-laudit-du-registre-electoral\/","og_locale":"fr_FR","og_type":"article","og_title":"Tunisie - Isie : Une \u00e9quipe externe fera l'audit du registre \u00e9lectoral - Kapitalis","og_description":"L\u2019Instance sup\u00e9rieure ind\u00e9pendante pour les \u00e9lections (Isie) a approuv\u00e9 \u00e0 l\u2019unanimit\u00e9, ce mercredi 25 mai 2022, la proposition pr\u00e9sent\u00e9e par l\u2019un des membres de charger une \u00e9quipe externe de l\u2019audit du registre \u00e9lectoral, dont le but est d&rsquo;assurer plus de transparence \u00e0 l\u2019op\u00e9ration d\u2019inscription.","og_url":"https:\/\/kapitalis.com\/tunisie\/2022\/05\/25\/tunisie-isie-une-equipe-externe-fera-laudit-du-registre-electoral\/","og_site_name":"Kapitalis","article_publisher":"https:\/\/www.facebook.com\/KapitalisInfo\/","article_published_time":"2022-05-25T15:44:57+00:00","article_modified_time":"2022-05-25T15:44:58+00:00","og_image":[{"width":1200,"height":630,"url":"https:\/\/kapitalis.com\/tunisie\/wp-content\/uploads\/2022\/05\/reunion-isie.jpg","type":"image\/jpeg"}],"author":"Cherif Benyounes","twitter_card":"summary_large_image","twitter_creator":"@KapitalisInfo","twitter_site":"@KapitalisInfo","twitter_misc":{"\u00c9crit par":"Cherif Benyounes","Dur\u00e9e de lecture estim\u00e9e":"2 minutes"},"schema":{"@context":"https:\/\/schema.org","@graph":[{"@type":"Article","@id":"https:\/\/kapitalis.com\/tunisie\/2022\/05\/25\/tunisie-isie-une-equipe-externe-fera-laudit-du-registre-electoral\/#article","isPartOf":{"@id":"https:\/\/kapitalis.com\/tunisie\/2022\/05\/25\/tunisie-isie-une-equipe-externe-fera-laudit-du-registre-electoral\/"},"author":{"name":"Cherif Benyounes","@id":"https:\/\/kapitalis.com\/tunisie\/#\/schema\/person\/b35b8d631961131107263178aeb8019e"},"headline":"Tunisie &#8211; Isie : Une \u00e9quipe externe fera l&rsquo;audit du registre \u00e9lectoral","datePublished":"2022-05-25T15:44:57+00:00","dateModified":"2022-05-25T15:44:58+00:00","mainEntityOfPage":{"@id":"https:\/\/kapitalis.com\/tunisie\/2022\/05\/25\/tunisie-isie-une-equipe-externe-fera-laudit-du-registre-electoral\/"},"wordCount":250,"commentCount":1,"publisher":{"@id":"https:\/\/kapitalis.com\/tunisie\/#organization"},"image":{"@id":"https:\/\/kapitalis.com\/tunisie\/2022\/05\/25\/tunisie-isie-une-equipe-externe-fera-laudit-du-registre-electoral\/#primaryimage"},"thumbnailUrl":"https:\/\/kapitalis.com\/tunisie\/wp-content\/uploads\/2022\/05\/reunion-isie.jpg","keywords":["audit du registre \u00e9lectoral","CNI","INPDP","Isie"],"articleSection":["POLITIQUE","Tunisie"],"inLanguage":"fr-FR","potentialAction":[{"@type":"CommentAction","name":"Comment","target":["https:\/\/kapitalis.com\/tunisie\/2022\/05\/25\/tunisie-isie-une-equipe-externe-fera-laudit-du-registre-electoral\/#respond"]}]},{"@type":"WebPage","@id":"https:\/\/kapitalis.com\/tunisie\/2022\/05\/25\/tunisie-isie-une-equipe-externe-fera-laudit-du-registre-electoral\/","url":"https:\/\/kapitalis.com\/tunisie\/2022\/05\/25\/tunisie-isie-une-equipe-externe-fera-laudit-du-registre-electoral\/","name":"Tunisie - Isie : Une \u00e9quipe externe fera l'audit du registre \u00e9lectoral - Kapitalis","isPartOf":{"@id":"https:\/\/kapitalis.com\/tunisie\/#website"},"primaryImageOfPage":{"@id":"https:\/\/kapitalis.com\/tunisie\/2022\/05\/25\/tunisie-isie-une-equipe-externe-fera-laudit-du-registre-electoral\/#primaryimage"},"image":{"@id":"https:\/\/kapitalis.com\/tunisie\/2022\/05\/25\/tunisie-isie-une-equipe-externe-fera-laudit-du-registre-electoral\/#primaryimage"},"thumbnailUrl":"https:\/\/kapitalis.com\/tunisie\/wp-content\/uploads\/2022\/05\/reunion-isie.jpg","datePublished":"2022-05-25T15:44:57+00:00","dateModified":"2022-05-25T15:44:58+00:00","breadcrumb":{"@id":"https:\/\/kapitalis.com\/tunisie\/2022\/05\/25\/tunisie-isie-une-equipe-externe-fera-laudit-du-registre-electoral\/#breadcrumb"},"inLanguage":"fr-FR","potentialAction":[{"@type":"ReadAction","target":["https:\/\/kapitalis.com\/tunisie\/2022\/05\/25\/tunisie-isie-une-equipe-externe-fera-laudit-du-registre-electoral\/"]}]},{"@type":"ImageObject","inLanguage":"fr-FR","@id":"https:\/\/kapitalis.com\/tunisie\/2022\/05\/25\/tunisie-isie-une-equipe-externe-fera-laudit-du-registre-electoral\/#primaryimage","url":"https:\/\/kapitalis.com\/tunisie\/wp-content\/uploads\/2022\/05\/reunion-isie.jpg","contentUrl":"https:\/\/kapitalis.com\/tunisie\/wp-content\/uploads\/2022\/05\/reunion-isie.jpg","width":1200,"height":630},{"@type":"BreadcrumbList","@id":"https:\/\/kapitalis.com\/tunisie\/2022\/05\/25\/tunisie-isie-une-equipe-externe-fera-laudit-du-registre-electoral\/#breadcrumb","itemListElement":[{"@type":"ListItem","position":1,"name":"Accueil","item":"https:\/\/kapitalis.com\/tunisie\/"},{"@type":"ListItem","position":2,"name":"Tunisie &#8211; Isie : Une \u00e9quipe externe fera l&rsquo;audit du registre \u00e9lectoral"}]},{"@type":"WebSite","@id":"https:\/\/kapitalis.com\/tunisie\/#website","url":"https:\/\/kapitalis.com\/tunisie\/","name":"Kapitalis","description":"L&#039;actualit\u00e9 en Tunisie et dans le monde","publisher":{"@id":"https:\/\/kapitalis.com\/tunisie\/#organization"},"potentialAction":[{"@type":"SearchAction","target":{"@type":"EntryPoint","urlTemplate":"https:\/\/kapitalis.com\/tunisie\/?s={search_term_string}"},"query-input":{"@type":"PropertyValueSpecification","valueRequired":true,"valueName":"search_term_string"}}],"inLanguage":"fr-FR"},{"@type":"Organization","@id":"https:\/\/kapitalis.com\/tunisie\/#organization","name":"Kapitalis","url":"https:\/\/kapitalis.com\/tunisie\/","logo":{"@type":"ImageObject","inLanguage":"fr-FR","@id":"https:\/\/kapitalis.com\/tunisie\/#\/schema\/logo\/image\/","url":"https:\/\/kapitalis.com\/tunisie\/wp-content\/uploads\/2022\/05\/Kapitalis-big-size.png","contentUrl":"https:\/\/kapitalis.com\/tunisie\/wp-content\/uploads\/2022\/05\/Kapitalis-big-size.png","width":5000,"height":1500,"caption":"Kapitalis"},"image":{"@id":"https:\/\/kapitalis.com\/tunisie\/#\/schema\/logo\/image\/"},"sameAs":["https:\/\/www.facebook.com\/KapitalisInfo\/","https:\/\/x.com\/KapitalisInfo","https:\/\/www.youtube.com\/channel\/UC-yDYrHyfFBWWZaOw3FPg9Q"]},{"@type":"Person","@id":"https:\/\/kapitalis.com\/tunisie\/#\/schema\/person\/b35b8d631961131107263178aeb8019e","name":"Cherif Benyounes","url":"https:\/\/kapitalis.com\/tunisie\/author\/cherif\/"}]}},"_links":{"self":[{"href":"https:\/\/kapitalis.com\/tunisie\/wp-json\/wp\/v2\/posts\/959070","targetHints":{"allow":["GET"]}}],"collection":[{"href":"https:\/\/kapitalis.com\/tunisie\/wp-json\/wp\/v2\/posts"}],"about":[{"href":"https:\/\/kapitalis.com\/tunisie\/wp-json\/wp\/v2\/types\/post"}],"author":[{"embeddable":true,"href":"https:\/\/kapitalis.com\/tunisie\/wp-json\/wp\/v2\/users\/24"}],"replies":[{"embeddable":true,"href":"https:\/\/kapitalis.com\/tunisie\/wp-json\/wp\/v2\/comments?post=959070"}],"version-history":[{"count":0,"href":"https:\/\/kapitalis.com\/tunisie\/wp-json\/wp\/v2\/posts\/959070\/revisions"}],"wp:featuredmedia":[{"embeddable":true,"href":"https:\/\/kapitalis.com\/tunisie\/wp-json\/wp\/v2\/media\/959553"}],"wp:attachment":[{"href":"https:\/\/kapitalis.com\/tunisie\/wp-json\/wp\/v2\/media?parent=959070"}],"wp:term":[{"taxonomy":"category","embeddable":true,"href":"https:\/\/kapitalis.com\/tunisie\/wp-json\/wp\/v2\/categories?post=959070"},{"taxonomy":"post_tag","embeddable":true,"href":"https:\/\/kapitalis.com\/tunisie\/wp-json\/wp\/v2\/tags?post=959070"}],"curies":[{"name":"wp","href":"https:\/\/api.w.org\/{rel}","templated":true}]}}