{"id":9599347,"date":"2023-09-01T06:38:27","date_gmt":"2023-09-01T05:38:27","guid":{"rendered":"https:\/\/kapitalis.com\/tunisie\/?p=9599347"},"modified":"2023-09-01T06:38:28","modified_gmt":"2023-09-01T05:38:28","slug":"football-equipe-tunisie-les-26-joueurs-convoques-par-jalel-kadri","status":"publish","type":"post","link":"https:\/\/kapitalis.com\/tunisie\/2023\/09\/01\/football-equipe-tunisie-les-26-joueurs-convoques-par-jalel-kadri\/","title":{"rendered":"Football\u00a0: Equipe Tunisie\u00a0: les 26 joueurs convoqu\u00e9s par Jalel Kadri"},"content":{"rendered":"\n<p><strong><em>La F\u00e9d\u00e9ration tunisienne de football a d\u00e9voil\u00e9 jeudi 31 ao\u00fbt 2023 la liste des 26 joueurs convoqu\u00e9s par le s\u00e9lectionneur national, Jalel Kadri, en pr\u00e9vision de la derni\u00e8re journ\u00e9e (Groupe J) des qualifications pour la Coupe d&rsquo;Afrique des Nations C\u00f4te d&rsquo;Ivoire 2024, pr\u00e9vue le 7 septembre au stade de Rad\u00e8s \u00e0 partir de 20h.<\/em><\/strong><\/p>\n\n\n\n<!--more-->\n\n\n\n<p>Pour rappel, le Groupe J compte les s\u00e9lections de Tunisie, de Libye, de la Guin\u00e9e \u00e9quatoriale et du Botswana.<\/p>\n\n\n\n<p>Le onze national disputera, en outre, un match en amical contre son homologue \u00e9gyptien, le 12 septembre au Caire.<\/p>\n\n\n\n<p>Voici la liste des convoqu\u00e9s:<\/p>\n\n\n\n<p><strong><em>Gardiens de but<\/em><\/strong> : Aymen Dahmene (Al Hazem), Bechir Ben Said (US Monastirienne), Mouez Hassen (Club Africain).<\/p>\n\n\n\n<p><strong><em>D\u00e9fenseurs<\/em><\/strong> : Alaa Ghram (CS Sfaxien), Ali Abdi (Caen), Ali Maaloul (Al Ahly), Montassar Talbi (Lorient), Nader Ghandri (Ajman), Oussema Haddadi (Greuther F\u00fcrth), Wajdi Kechrida (Atromitos), Yassine Meriah (Esp\u00e9rance de Tunis), Yann Valery (Angers).<\/p>\n\n\n\n<p><strong><em>Milieux de terrain <\/em><\/strong>: Ellyes Skhiri (Eintracht Francfort), Hannibal Mejbri (Manchester United), Hamza Rafia (Lecce), Aissa Laidouni (Union Berlin), Mohamed Ali Ben Romdhane (Ferencvaros), Samy Chouchane (Brighton). <\/p>\n\n\n\n<p><strong><em>Attaquants<\/em><\/strong> : Ali Youssef (BK H\u00e4cken), Anas Haj Mohamed (Parma), Elias Achouri (FC Copenhague), Elias Saad (St. Pauli), Haythem Jouini (Stade Tunisien), Omar Layouni (BK H\u00e4cken), Sayfallah Ltaief (Winterthour), Youssef Msakni (Al Arabi).<\/p>\n","protected":false},"excerpt":{"rendered":"<p> liste des 26 joueurs de ka s\u00e9lection Tunisie convoqu\u00e9s par Jalel Kadri,<\/p>\n","protected":false},"author":8,"featured_media":5256341,"comment_status":"open","ping_status":"open","sticky":false,"template":"","format":"standard","meta":{"footnotes":""},"categories":[999,2433],"tags":[240,5452,33965,390,81537],"class_list":["post-9599347","post","type-post","status-publish","format-standard","has-post-thumbnail","hentry","category-sport","category-tunisie","tag-cote-divoire","tag-coupe-dafrique-des-nations","tag-equipe-de-tunisie","tag-football","tag-jalel-kadri"],"yoast_head":"<!-- This site is optimized with the Yoast SEO plugin v26.6 - https:\/\/yoast.com\/wordpress\/plugins\/seo\/ -->\n<title>Football\u00a0: Equipe Tunisie\u00a0: les 26 joueurs convoqu\u00e9s par Jalel Kadri - Kapitalis<\/title>\n<meta name=\"robots\" content=\"index, follow, max-snippet:-1, max-image-preview:large, max-video-preview:-1\" \/>\n<link rel=\"canonical\" href=\"https:\/\/kapitalis.com\/tunisie\/2023\/09\/01\/football-equipe-tunisie-les-26-joueurs-convoques-par-jalel-kadri\/\" \/>\n<meta property=\"og:locale\" content=\"fr_FR\" \/>\n<meta property=\"og:type\" content=\"article\" \/>\n<meta property=\"og:title\" content=\"Football\u00a0: Equipe Tunisie\u00a0: les 26 joueurs convoqu\u00e9s par Jalel Kadri - Kapitalis\" \/>\n<meta property=\"og:description\" content=\"liste des 26 joueurs de ka s\u00e9lection Tunisie convoqu\u00e9s par Jalel Kadri,\" \/>\n<meta property=\"og:url\" content=\"https:\/\/kapitalis.com\/tunisie\/2023\/09\/01\/football-equipe-tunisie-les-26-joueurs-convoques-par-jalel-kadri\/\" \/>\n<meta property=\"og:site_name\" content=\"Kapitalis\" \/>\n<meta property=\"article:publisher\" content=\"https:\/\/www.facebook.com\/KapitalisInfo\/\" \/>\n<meta property=\"article:published_time\" content=\"2023-09-01T05:38:27+00:00\" \/>\n<meta property=\"article:modified_time\" content=\"2023-09-01T05:38:28+00:00\" \/>\n<meta property=\"og:image\" content=\"https:\/\/kapitalis.com\/tunisie\/wp-content\/uploads\/2022\/11\/Jalel-Kadri-1.jpg\" \/>\n\t<meta property=\"og:image:width\" content=\"1200\" \/>\n\t<meta property=\"og:image:height\" content=\"630\" \/>\n\t<meta property=\"og:image:type\" content=\"image\/jpeg\" \/>\n<meta name=\"author\" content=\"webmaster kapitalis\" \/>\n<meta name=\"twitter:card\" content=\"summary_large_image\" \/>\n<meta name=\"twitter:creator\" content=\"@KapitalisInfo\" \/>\n<meta name=\"twitter:site\" content=\"@KapitalisInfo\" \/>\n<meta name=\"twitter:label1\" content=\"\u00c9crit par\" \/>\n\t<meta name=\"twitter:data1\" content=\"webmaster kapitalis\" \/>\n\t<meta name=\"twitter:label2\" content=\"Dur\u00e9e de lecture estim\u00e9e\" \/>\n\t<meta name=\"twitter:data2\" content=\"2 minutes\" \/>\n<script type=\"application\/ld+json\" class=\"yoast-schema-graph\">{\"@context\":\"https:\/\/schema.org\",\"@graph\":[{\"@type\":\"Article\",\"@id\":\"https:\/\/kapitalis.com\/tunisie\/2023\/09\/01\/football-equipe-tunisie-les-26-joueurs-convoques-par-jalel-kadri\/#article\",\"isPartOf\":{\"@id\":\"https:\/\/kapitalis.com\/tunisie\/2023\/09\/01\/football-equipe-tunisie-les-26-joueurs-convoques-par-jalel-kadri\/\"},\"author\":{\"name\":\"webmaster kapitalis\",\"@id\":\"https:\/\/kapitalis.com\/tunisie\/#\/schema\/person\/d71f33a9ca44f7bad4698210b480c8e9\"},\"headline\":\"Football\u00a0: Equipe Tunisie\u00a0: les 26 joueurs convoqu\u00e9s par Jalel Kadri\",\"datePublished\":\"2023-09-01T05:38:27+00:00\",\"dateModified\":\"2023-09-01T05:38:28+00:00\",\"mainEntityOfPage\":{\"@id\":\"https:\/\/kapitalis.com\/tunisie\/2023\/09\/01\/football-equipe-tunisie-les-26-joueurs-convoques-par-jalel-kadri\/\"},\"wordCount\":227,\"commentCount\":0,\"publisher\":{\"@id\":\"https:\/\/kapitalis.com\/tunisie\/#organization\"},\"image\":{\"@id\":\"https:\/\/kapitalis.com\/tunisie\/2023\/09\/01\/football-equipe-tunisie-les-26-joueurs-convoques-par-jalel-kadri\/#primaryimage\"},\"thumbnailUrl\":\"https:\/\/kapitalis.com\/tunisie\/wp-content\/uploads\/2022\/11\/Jalel-Kadri-1.jpg\",\"keywords\":[\"C\u00f4te d'Ivoire\",\"Coupe d\u2019Afrique des Nations\",\"\u00e9quipe de Tunisie\",\"Football\",\"Jalel Kadri\"],\"articleSection\":[\"SPORT\",\"Tunisie\"],\"inLanguage\":\"fr-FR\",\"potentialAction\":[{\"@type\":\"CommentAction\",\"name\":\"Comment\",\"target\":[\"https:\/\/kapitalis.com\/tunisie\/2023\/09\/01\/football-equipe-tunisie-les-26-joueurs-convoques-par-jalel-kadri\/#respond\"]}]},{\"@type\":\"WebPage\",\"@id\":\"https:\/\/kapitalis.com\/tunisie\/2023\/09\/01\/football-equipe-tunisie-les-26-joueurs-convoques-par-jalel-kadri\/\",\"url\":\"https:\/\/kapitalis.com\/tunisie\/2023\/09\/01\/football-equipe-tunisie-les-26-joueurs-convoques-par-jalel-kadri\/\",\"name\":\"Football\u00a0: Equipe Tunisie\u00a0: les 26 joueurs convoqu\u00e9s par Jalel Kadri - Kapitalis\",\"isPartOf\":{\"@id\":\"https:\/\/kapitalis.com\/tunisie\/#website\"},\"primaryImageOfPage\":{\"@id\":\"https:\/\/kapitalis.com\/tunisie\/2023\/09\/01\/football-equipe-tunisie-les-26-joueurs-convoques-par-jalel-kadri\/#primaryimage\"},\"image\":{\"@id\":\"https:\/\/kapitalis.com\/tunisie\/2023\/09\/01\/football-equipe-tunisie-les-26-joueurs-convoques-par-jalel-kadri\/#primaryimage\"},\"thumbnailUrl\":\"https:\/\/kapitalis.com\/tunisie\/wp-content\/uploads\/2022\/11\/Jalel-Kadri-1.jpg\",\"datePublished\":\"2023-09-01T05:38:27+00:00\",\"dateModified\":\"2023-09-01T05:38:28+00:00\",\"breadcrumb\":{\"@id\":\"https:\/\/kapitalis.com\/tunisie\/2023\/09\/01\/football-equipe-tunisie-les-26-joueurs-convoques-par-jalel-kadri\/#breadcrumb\"},\"inLanguage\":\"fr-FR\",\"potentialAction\":[{\"@type\":\"ReadAction\",\"target\":[\"https:\/\/kapitalis.com\/tunisie\/2023\/09\/01\/football-equipe-tunisie-les-26-joueurs-convoques-par-jalel-kadri\/\"]}]},{\"@type\":\"ImageObject\",\"inLanguage\":\"fr-FR\",\"@id\":\"https:\/\/kapitalis.com\/tunisie\/2023\/09\/01\/football-equipe-tunisie-les-26-joueurs-convoques-par-jalel-kadri\/#primaryimage\",\"url\":\"https:\/\/kapitalis.com\/tunisie\/wp-content\/uploads\/2022\/11\/Jalel-Kadri-1.jpg\",\"contentUrl\":\"https:\/\/kapitalis.com\/tunisie\/wp-content\/uploads\/2022\/11\/Jalel-Kadri-1.jpg\",\"width\":1200,\"height\":630},{\"@type\":\"BreadcrumbList\",\"@id\":\"https:\/\/kapitalis.com\/tunisie\/2023\/09\/01\/football-equipe-tunisie-les-26-joueurs-convoques-par-jalel-kadri\/#breadcrumb\",\"itemListElement\":[{\"@type\":\"ListItem\",\"position\":1,\"name\":\"Accueil\",\"item\":\"https:\/\/kapitalis.com\/tunisie\/\"},{\"@type\":\"ListItem\",\"position\":2,\"name\":\"Football\u00a0: Equipe Tunisie\u00a0: les 26 joueurs convoqu\u00e9s par Jalel Kadri\"}]},{\"@type\":\"WebSite\",\"@id\":\"https:\/\/kapitalis.com\/tunisie\/#website\",\"url\":\"https:\/\/kapitalis.com\/tunisie\/\",\"name\":\"Kapitalis\",\"description\":\"L&#039;actualit\u00e9 en Tunisie et dans le monde\",\"publisher\":{\"@id\":\"https:\/\/kapitalis.com\/tunisie\/#organization\"},\"potentialAction\":[{\"@type\":\"SearchAction\",\"target\":{\"@type\":\"EntryPoint\",\"urlTemplate\":\"https:\/\/kapitalis.com\/tunisie\/?s={search_term_string}\"},\"query-input\":{\"@type\":\"PropertyValueSpecification\",\"valueRequired\":true,\"valueName\":\"search_term_string\"}}],\"inLanguage\":\"fr-FR\"},{\"@type\":\"Organization\",\"@id\":\"https:\/\/kapitalis.com\/tunisie\/#organization\",\"name\":\"Kapitalis\",\"url\":\"https:\/\/kapitalis.com\/tunisie\/\",\"logo\":{\"@type\":\"ImageObject\",\"inLanguage\":\"fr-FR\",\"@id\":\"https:\/\/kapitalis.com\/tunisie\/#\/schema\/logo\/image\/\",\"url\":\"https:\/\/kapitalis.com\/tunisie\/wp-content\/uploads\/2022\/05\/Kapitalis-big-size.png\",\"contentUrl\":\"https:\/\/kapitalis.com\/tunisie\/wp-content\/uploads\/2022\/05\/Kapitalis-big-size.png\",\"width\":5000,\"height\":1500,\"caption\":\"Kapitalis\"},\"image\":{\"@id\":\"https:\/\/kapitalis.com\/tunisie\/#\/schema\/logo\/image\/\"},\"sameAs\":[\"https:\/\/www.facebook.com\/KapitalisInfo\/\",\"https:\/\/x.com\/KapitalisInfo\",\"https:\/\/www.youtube.com\/channel\/UC-yDYrHyfFBWWZaOw3FPg9Q\"]},{\"@type\":\"Person\",\"@id\":\"https:\/\/kapitalis.com\/tunisie\/#\/schema\/person\/d71f33a9ca44f7bad4698210b480c8e9\",\"name\":\"webmaster kapitalis\",\"url\":\"https:\/\/kapitalis.com\/tunisie\/author\/webmaster-kapitalis\/\"}]}<\/script>\n<!-- \/ Yoast SEO plugin. -->","yoast_head_json":{"title":"Football\u00a0: Equipe Tunisie\u00a0: les 26 joueurs convoqu\u00e9s par Jalel Kadri - Kapitalis","robots":{"index":"index","follow":"follow","max-snippet":"max-snippet:-1","max-image-preview":"max-image-preview:large","max-video-preview":"max-video-preview:-1"},"canonical":"https:\/\/kapitalis.com\/tunisie\/2023\/09\/01\/football-equipe-tunisie-les-26-joueurs-convoques-par-jalel-kadri\/","og_locale":"fr_FR","og_type":"article","og_title":"Football\u00a0: Equipe Tunisie\u00a0: les 26 joueurs convoqu\u00e9s par Jalel Kadri - Kapitalis","og_description":"liste des 26 joueurs de ka s\u00e9lection Tunisie convoqu\u00e9s par Jalel Kadri,","og_url":"https:\/\/kapitalis.com\/tunisie\/2023\/09\/01\/football-equipe-tunisie-les-26-joueurs-convoques-par-jalel-kadri\/","og_site_name":"Kapitalis","article_publisher":"https:\/\/www.facebook.com\/KapitalisInfo\/","article_published_time":"2023-09-01T05:38:27+00:00","article_modified_time":"2023-09-01T05:38:28+00:00","og_image":[{"width":1200,"height":630,"url":"https:\/\/kapitalis.com\/tunisie\/wp-content\/uploads\/2022\/11\/Jalel-Kadri-1.jpg","type":"image\/jpeg"}],"author":"webmaster kapitalis","twitter_card":"summary_large_image","twitter_creator":"@KapitalisInfo","twitter_site":"@KapitalisInfo","twitter_misc":{"\u00c9crit par":"webmaster kapitalis","Dur\u00e9e de lecture estim\u00e9e":"2 minutes"},"schema":{"@context":"https:\/\/schema.org","@graph":[{"@type":"Article","@id":"https:\/\/kapitalis.com\/tunisie\/2023\/09\/01\/football-equipe-tunisie-les-26-joueurs-convoques-par-jalel-kadri\/#article","isPartOf":{"@id":"https:\/\/kapitalis.com\/tunisie\/2023\/09\/01\/football-equipe-tunisie-les-26-joueurs-convoques-par-jalel-kadri\/"},"author":{"name":"webmaster kapitalis","@id":"https:\/\/kapitalis.com\/tunisie\/#\/schema\/person\/d71f33a9ca44f7bad4698210b480c8e9"},"headline":"Football\u00a0: Equipe Tunisie\u00a0: les 26 joueurs convoqu\u00e9s par Jalel Kadri","datePublished":"2023-09-01T05:38:27+00:00","dateModified":"2023-09-01T05:38:28+00:00","mainEntityOfPage":{"@id":"https:\/\/kapitalis.com\/tunisie\/2023\/09\/01\/football-equipe-tunisie-les-26-joueurs-convoques-par-jalel-kadri\/"},"wordCount":227,"commentCount":0,"publisher":{"@id":"https:\/\/kapitalis.com\/tunisie\/#organization"},"image":{"@id":"https:\/\/kapitalis.com\/tunisie\/2023\/09\/01\/football-equipe-tunisie-les-26-joueurs-convoques-par-jalel-kadri\/#primaryimage"},"thumbnailUrl":"https:\/\/kapitalis.com\/tunisie\/wp-content\/uploads\/2022\/11\/Jalel-Kadri-1.jpg","keywords":["C\u00f4te d'Ivoire","Coupe d\u2019Afrique des Nations","\u00e9quipe de Tunisie","Football","Jalel Kadri"],"articleSection":["SPORT","Tunisie"],"inLanguage":"fr-FR","potentialAction":[{"@type":"CommentAction","name":"Comment","target":["https:\/\/kapitalis.com\/tunisie\/2023\/09\/01\/football-equipe-tunisie-les-26-joueurs-convoques-par-jalel-kadri\/#respond"]}]},{"@type":"WebPage","@id":"https:\/\/kapitalis.com\/tunisie\/2023\/09\/01\/football-equipe-tunisie-les-26-joueurs-convoques-par-jalel-kadri\/","url":"https:\/\/kapitalis.com\/tunisie\/2023\/09\/01\/football-equipe-tunisie-les-26-joueurs-convoques-par-jalel-kadri\/","name":"Football\u00a0: Equipe Tunisie\u00a0: les 26 joueurs convoqu\u00e9s par Jalel Kadri - Kapitalis","isPartOf":{"@id":"https:\/\/kapitalis.com\/tunisie\/#website"},"primaryImageOfPage":{"@id":"https:\/\/kapitalis.com\/tunisie\/2023\/09\/01\/football-equipe-tunisie-les-26-joueurs-convoques-par-jalel-kadri\/#primaryimage"},"image":{"@id":"https:\/\/kapitalis.com\/tunisie\/2023\/09\/01\/football-equipe-tunisie-les-26-joueurs-convoques-par-jalel-kadri\/#primaryimage"},"thumbnailUrl":"https:\/\/kapitalis.com\/tunisie\/wp-content\/uploads\/2022\/11\/Jalel-Kadri-1.jpg","datePublished":"2023-09-01T05:38:27+00:00","dateModified":"2023-09-01T05:38:28+00:00","breadcrumb":{"@id":"https:\/\/kapitalis.com\/tunisie\/2023\/09\/01\/football-equipe-tunisie-les-26-joueurs-convoques-par-jalel-kadri\/#breadcrumb"},"inLanguage":"fr-FR","potentialAction":[{"@type":"ReadAction","target":["https:\/\/kapitalis.com\/tunisie\/2023\/09\/01\/football-equipe-tunisie-les-26-joueurs-convoques-par-jalel-kadri\/"]}]},{"@type":"ImageObject","inLanguage":"fr-FR","@id":"https:\/\/kapitalis.com\/tunisie\/2023\/09\/01\/football-equipe-tunisie-les-26-joueurs-convoques-par-jalel-kadri\/#primaryimage","url":"https:\/\/kapitalis.com\/tunisie\/wp-content\/uploads\/2022\/11\/Jalel-Kadri-1.jpg","contentUrl":"https:\/\/kapitalis.com\/tunisie\/wp-content\/uploads\/2022\/11\/Jalel-Kadri-1.jpg","width":1200,"height":630},{"@type":"BreadcrumbList","@id":"https:\/\/kapitalis.com\/tunisie\/2023\/09\/01\/football-equipe-tunisie-les-26-joueurs-convoques-par-jalel-kadri\/#breadcrumb","itemListElement":[{"@type":"ListItem","position":1,"name":"Accueil","item":"https:\/\/kapitalis.com\/tunisie\/"},{"@type":"ListItem","position":2,"name":"Football\u00a0: Equipe Tunisie\u00a0: les 26 joueurs convoqu\u00e9s par Jalel Kadri"}]},{"@type":"WebSite","@id":"https:\/\/kapitalis.com\/tunisie\/#website","url":"https:\/\/kapitalis.com\/tunisie\/","name":"Kapitalis","description":"L&#039;actualit\u00e9 en Tunisie et dans le monde","publisher":{"@id":"https:\/\/kapitalis.com\/tunisie\/#organization"},"potentialAction":[{"@type":"SearchAction","target":{"@type":"EntryPoint","urlTemplate":"https:\/\/kapitalis.com\/tunisie\/?s={search_term_string}"},"query-input":{"@type":"PropertyValueSpecification","valueRequired":true,"valueName":"search_term_string"}}],"inLanguage":"fr-FR"},{"@type":"Organization","@id":"https:\/\/kapitalis.com\/tunisie\/#organization","name":"Kapitalis","url":"https:\/\/kapitalis.com\/tunisie\/","logo":{"@type":"ImageObject","inLanguage":"fr-FR","@id":"https:\/\/kapitalis.com\/tunisie\/#\/schema\/logo\/image\/","url":"https:\/\/kapitalis.com\/tunisie\/wp-content\/uploads\/2022\/05\/Kapitalis-big-size.png","contentUrl":"https:\/\/kapitalis.com\/tunisie\/wp-content\/uploads\/2022\/05\/Kapitalis-big-size.png","width":5000,"height":1500,"caption":"Kapitalis"},"image":{"@id":"https:\/\/kapitalis.com\/tunisie\/#\/schema\/logo\/image\/"},"sameAs":["https:\/\/www.facebook.com\/KapitalisInfo\/","https:\/\/x.com\/KapitalisInfo","https:\/\/www.youtube.com\/channel\/UC-yDYrHyfFBWWZaOw3FPg9Q"]},{"@type":"Person","@id":"https:\/\/kapitalis.com\/tunisie\/#\/schema\/person\/d71f33a9ca44f7bad4698210b480c8e9","name":"webmaster kapitalis","url":"https:\/\/kapitalis.com\/tunisie\/author\/webmaster-kapitalis\/"}]}},"_links":{"self":[{"href":"https:\/\/kapitalis.com\/tunisie\/wp-json\/wp\/v2\/posts\/9599347","targetHints":{"allow":["GET"]}}],"collection":[{"href":"https:\/\/kapitalis.com\/tunisie\/wp-json\/wp\/v2\/posts"}],"about":[{"href":"https:\/\/kapitalis.com\/tunisie\/wp-json\/wp\/v2\/types\/post"}],"author":[{"embeddable":true,"href":"https:\/\/kapitalis.com\/tunisie\/wp-json\/wp\/v2\/users\/8"}],"replies":[{"embeddable":true,"href":"https:\/\/kapitalis.com\/tunisie\/wp-json\/wp\/v2\/comments?post=9599347"}],"version-history":[{"count":1,"href":"https:\/\/kapitalis.com\/tunisie\/wp-json\/wp\/v2\/posts\/9599347\/revisions"}],"predecessor-version":[{"id":9599380,"href":"https:\/\/kapitalis.com\/tunisie\/wp-json\/wp\/v2\/posts\/9599347\/revisions\/9599380"}],"wp:featuredmedia":[{"embeddable":true,"href":"https:\/\/kapitalis.com\/tunisie\/wp-json\/wp\/v2\/media\/5256341"}],"wp:attachment":[{"href":"https:\/\/kapitalis.com\/tunisie\/wp-json\/wp\/v2\/media?parent=9599347"}],"wp:term":[{"taxonomy":"category","embeddable":true,"href":"https:\/\/kapitalis.com\/tunisie\/wp-json\/wp\/v2\/categories?post=9599347"},{"taxonomy":"post_tag","embeddable":true,"href":"https:\/\/kapitalis.com\/tunisie\/wp-json\/wp\/v2\/tags?post=9599347"}],"curies":[{"name":"wp","href":"https:\/\/api.w.org\/{rel}","templated":true}]}}