{"id":9599504,"date":"2023-09-01T06:55:49","date_gmt":"2023-09-01T05:55:49","guid":{"rendered":"https:\/\/kapitalis.com\/tunisie\/?p=9599504"},"modified":"2023-09-01T06:55:50","modified_gmt":"2023-09-01T05:55:50","slug":"tunisie-les-deux-tiers-des-dechets-industriels-dangereux-ne-sont-pas-traites","status":"publish","type":"post","link":"https:\/\/kapitalis.com\/tunisie\/2023\/09\/01\/tunisie-les-deux-tiers-des-dechets-industriels-dangereux-ne-sont-pas-traites\/","title":{"rendered":"Tunisie\u00a0: les deux-tiers des d\u00e9chets industriels dangereux ne sont pas trait\u00e9s"},"content":{"rendered":"\n<p><strong><em>Seuls 8% des d\u00e9chets m\u00e9nagers et assimil\u00e9s sont recycl\u00e9s et valoris\u00e9s en Tunisie, tandis que 20% sont d\u00e9vers\u00e9s dans la nature et 70% sont enfouis dans des d\u00e9charges qualifi\u00e9es de \u00abcontr\u00f4l\u00e9es\u00bb, selon les donn\u00e9es publi\u00e9es par le Forum Ibn Khaldun pour le d\u00e9veloppement (FIKD).<\/em><\/strong><\/p>\n\n\n\n<!--more-->\n\n\n\n<p>Ces chiffres illustrent la mauvaise gestion des d\u00e9chets, malgr\u00e9 leur importance \u00e9conomique, notamment en termes de production d\u2019\u00e9nergie renouvelable.<\/p>\n\n\n\n<p>La Tunisie produit pr\u00e8s de 2,8 millions de tonnes de d\u00e9chets m\u00e9nagers et assimil\u00e9s et pr\u00e8s de 350 000 tonnes de d\u00e9chets industriels class\u00e9s dangereux. Un tiers de ces d\u00e9chets est trait\u00e9 de mani\u00e8re \u00e9cologiquement rationnelle. Selon le document, le reste de ces d\u00e9chets industriels est en grande partie stock\u00e9 \u00e0 proximit\u00e9 des usines.<\/p>\n\n\n\n<p>Le Centre de traitement des d\u00e9chets dangereux de Jradou (gouvernorat de Zaghouan) est ferm\u00e9 depuis la r\u00e9volution de 2011 en raison du refus de la population locale.<\/p>\n\n\n\n<p>Les d\u00e9chets m\u00e9nagers et industriels continuent d\u2019\u00eatre une source majeure de conditions insalubres dans les zones urbaines et rurales, ainsi que de d\u00e9t\u00e9rioration de l\u2019environnement et de la qualit\u00e9 de vie.<\/p>\n\n\n\n<p>Le FIKD s\u2019est concentr\u00e9 sur le manque de syst\u00e8mes de quantification, de caract\u00e9risation et d\u2019analyse des d\u00e9chets, tant au niveau national qu\u2019au sein des municipalit\u00e9s, malgr\u00e9 d\u2019\u00e9normes efforts. Il a ajout\u00e9 que la gestion des d\u00e9chets telle qu\u2019elle est actuellement pratiqu\u00e9e, notamment au niveau institutionnel et organisationnel, constitue l\u2019un des principaux obstacles \u00e0 la promotion d\u2019une gestion efficace des d\u00e9chets.<\/p>\n\n\n\n<p>La FIKD a propos\u00e9 l\u2019\u00e9laboration et la mise en \u0153uvre d\u2019une strat\u00e9gie globale de gestion int\u00e9gr\u00e9e qui favoriserait la r\u00e9duction et la valorisation des d\u00e9chets et qui impliquerait efficacement toutes les parties prenantes, \u00e0 savoir les municipalit\u00e9s, les structures environnementales, la population, les entreprises, les consommateurs, les m\u00e9dias et les instituts de recherche. Il a \u00e9galement recommand\u00e9 l\u2019instauration d\u2019une redevance de gestion des d\u00e9chets pour tous les producteurs, bas\u00e9e sur les quantit\u00e9s et les qualit\u00e9s produites. <\/p>\n\n\n\n<p><strong><em>Source<\/em><\/strong>\u00a0: Tap.<\/p>\n","protected":false},"excerpt":{"rendered":"<p>Seuls 8% des d\u00e9chets m\u00e9nagers et assimil\u00e9s sont recycl\u00e9s et valoris\u00e9s en Tunisie. <\/p>\n","protected":false},"author":8,"featured_media":5020245,"comment_status":"open","ping_status":"open","sticky":false,"template":"","format":"standard","meta":{"footnotes":""},"categories":[995,2433],"tags":[104838,85387,110683,110682,86772,62643,2066],"class_list":["post-9599504","post","type-post","status-publish","format-standard","has-post-thumbnail","hentry","category-economie","category-tunisie","tag-dechets-industriels","tag-dechets-menagers","tag-fikd","tag-forum-ibn-khaldun","tag-jradou","tag-tunisie","tag-zaghouan"],"yoast_head":"<!-- This site is optimized with the Yoast SEO plugin v26.6 - https:\/\/yoast.com\/wordpress\/plugins\/seo\/ -->\n<title>Tunisie\u00a0: les deux-tiers des d\u00e9chets industriels dangereux ne sont pas trait\u00e9s - Kapitalis<\/title>\n<meta name=\"robots\" content=\"index, follow, max-snippet:-1, max-image-preview:large, max-video-preview:-1\" \/>\n<link rel=\"canonical\" href=\"https:\/\/kapitalis.com\/tunisie\/2023\/09\/01\/tunisie-les-deux-tiers-des-dechets-industriels-dangereux-ne-sont-pas-traites\/\" \/>\n<meta property=\"og:locale\" content=\"fr_FR\" \/>\n<meta property=\"og:type\" content=\"article\" \/>\n<meta property=\"og:title\" content=\"Tunisie\u00a0: les deux-tiers des d\u00e9chets industriels dangereux ne sont pas trait\u00e9s - Kapitalis\" \/>\n<meta property=\"og:description\" content=\"Seuls 8% des d\u00e9chets m\u00e9nagers et assimil\u00e9s sont recycl\u00e9s et valoris\u00e9s en Tunisie.\" \/>\n<meta property=\"og:url\" content=\"https:\/\/kapitalis.com\/tunisie\/2023\/09\/01\/tunisie-les-deux-tiers-des-dechets-industriels-dangereux-ne-sont-pas-traites\/\" \/>\n<meta property=\"og:site_name\" content=\"Kapitalis\" \/>\n<meta property=\"article:publisher\" content=\"https:\/\/www.facebook.com\/KapitalisInfo\/\" \/>\n<meta property=\"article:published_time\" content=\"2023-09-01T05:55:49+00:00\" \/>\n<meta property=\"article:modified_time\" content=\"2023-09-01T05:55:50+00:00\" \/>\n<meta property=\"og:image\" content=\"https:\/\/kapitalis.com\/tunisie\/wp-content\/uploads\/2022\/11\/Sfax-dechets.jpg\" \/>\n\t<meta property=\"og:image:width\" content=\"1200\" \/>\n\t<meta property=\"og:image:height\" content=\"630\" \/>\n\t<meta property=\"og:image:type\" content=\"image\/jpeg\" \/>\n<meta name=\"author\" content=\"webmaster kapitalis\" \/>\n<meta name=\"twitter:card\" content=\"summary_large_image\" \/>\n<meta name=\"twitter:creator\" content=\"@KapitalisInfo\" \/>\n<meta name=\"twitter:site\" content=\"@KapitalisInfo\" \/>\n<meta name=\"twitter:label1\" content=\"\u00c9crit par\" \/>\n\t<meta name=\"twitter:data1\" content=\"webmaster kapitalis\" \/>\n\t<meta name=\"twitter:label2\" content=\"Dur\u00e9e de lecture estim\u00e9e\" \/>\n\t<meta name=\"twitter:data2\" content=\"2 minutes\" \/>\n<script type=\"application\/ld+json\" class=\"yoast-schema-graph\">{\"@context\":\"https:\/\/schema.org\",\"@graph\":[{\"@type\":\"Article\",\"@id\":\"https:\/\/kapitalis.com\/tunisie\/2023\/09\/01\/tunisie-les-deux-tiers-des-dechets-industriels-dangereux-ne-sont-pas-traites\/#article\",\"isPartOf\":{\"@id\":\"https:\/\/kapitalis.com\/tunisie\/2023\/09\/01\/tunisie-les-deux-tiers-des-dechets-industriels-dangereux-ne-sont-pas-traites\/\"},\"author\":{\"name\":\"webmaster kapitalis\",\"@id\":\"https:\/\/kapitalis.com\/tunisie\/#\/schema\/person\/d71f33a9ca44f7bad4698210b480c8e9\"},\"headline\":\"Tunisie\u00a0: les deux-tiers des d\u00e9chets industriels dangereux ne sont pas trait\u00e9s\",\"datePublished\":\"2023-09-01T05:55:49+00:00\",\"dateModified\":\"2023-09-01T05:55:50+00:00\",\"mainEntityOfPage\":{\"@id\":\"https:\/\/kapitalis.com\/tunisie\/2023\/09\/01\/tunisie-les-deux-tiers-des-dechets-industriels-dangereux-ne-sont-pas-traites\/\"},\"wordCount\":379,\"commentCount\":3,\"publisher\":{\"@id\":\"https:\/\/kapitalis.com\/tunisie\/#organization\"},\"image\":{\"@id\":\"https:\/\/kapitalis.com\/tunisie\/2023\/09\/01\/tunisie-les-deux-tiers-des-dechets-industriels-dangereux-ne-sont-pas-traites\/#primaryimage\"},\"thumbnailUrl\":\"https:\/\/kapitalis.com\/tunisie\/wp-content\/uploads\/2022\/11\/Sfax-dechets.jpg\",\"keywords\":[\"d\u00e9chets industriels\",\"d\u00e9chets m\u00e9nagers\",\"FIKD\",\"Forum Ibn Khaldun\",\"Jradou\",\"Tunisie\",\"Zaghouan\"],\"articleSection\":[\"ECONOMIE\",\"Tunisie\"],\"inLanguage\":\"fr-FR\",\"potentialAction\":[{\"@type\":\"CommentAction\",\"name\":\"Comment\",\"target\":[\"https:\/\/kapitalis.com\/tunisie\/2023\/09\/01\/tunisie-les-deux-tiers-des-dechets-industriels-dangereux-ne-sont-pas-traites\/#respond\"]}]},{\"@type\":\"WebPage\",\"@id\":\"https:\/\/kapitalis.com\/tunisie\/2023\/09\/01\/tunisie-les-deux-tiers-des-dechets-industriels-dangereux-ne-sont-pas-traites\/\",\"url\":\"https:\/\/kapitalis.com\/tunisie\/2023\/09\/01\/tunisie-les-deux-tiers-des-dechets-industriels-dangereux-ne-sont-pas-traites\/\",\"name\":\"Tunisie\u00a0: les deux-tiers des d\u00e9chets industriels dangereux ne sont pas trait\u00e9s - Kapitalis\",\"isPartOf\":{\"@id\":\"https:\/\/kapitalis.com\/tunisie\/#website\"},\"primaryImageOfPage\":{\"@id\":\"https:\/\/kapitalis.com\/tunisie\/2023\/09\/01\/tunisie-les-deux-tiers-des-dechets-industriels-dangereux-ne-sont-pas-traites\/#primaryimage\"},\"image\":{\"@id\":\"https:\/\/kapitalis.com\/tunisie\/2023\/09\/01\/tunisie-les-deux-tiers-des-dechets-industriels-dangereux-ne-sont-pas-traites\/#primaryimage\"},\"thumbnailUrl\":\"https:\/\/kapitalis.com\/tunisie\/wp-content\/uploads\/2022\/11\/Sfax-dechets.jpg\",\"datePublished\":\"2023-09-01T05:55:49+00:00\",\"dateModified\":\"2023-09-01T05:55:50+00:00\",\"breadcrumb\":{\"@id\":\"https:\/\/kapitalis.com\/tunisie\/2023\/09\/01\/tunisie-les-deux-tiers-des-dechets-industriels-dangereux-ne-sont-pas-traites\/#breadcrumb\"},\"inLanguage\":\"fr-FR\",\"potentialAction\":[{\"@type\":\"ReadAction\",\"target\":[\"https:\/\/kapitalis.com\/tunisie\/2023\/09\/01\/tunisie-les-deux-tiers-des-dechets-industriels-dangereux-ne-sont-pas-traites\/\"]}]},{\"@type\":\"ImageObject\",\"inLanguage\":\"fr-FR\",\"@id\":\"https:\/\/kapitalis.com\/tunisie\/2023\/09\/01\/tunisie-les-deux-tiers-des-dechets-industriels-dangereux-ne-sont-pas-traites\/#primaryimage\",\"url\":\"https:\/\/kapitalis.com\/tunisie\/wp-content\/uploads\/2022\/11\/Sfax-dechets.jpg\",\"contentUrl\":\"https:\/\/kapitalis.com\/tunisie\/wp-content\/uploads\/2022\/11\/Sfax-dechets.jpg\",\"width\":1200,\"height\":630},{\"@type\":\"BreadcrumbList\",\"@id\":\"https:\/\/kapitalis.com\/tunisie\/2023\/09\/01\/tunisie-les-deux-tiers-des-dechets-industriels-dangereux-ne-sont-pas-traites\/#breadcrumb\",\"itemListElement\":[{\"@type\":\"ListItem\",\"position\":1,\"name\":\"Accueil\",\"item\":\"https:\/\/kapitalis.com\/tunisie\/\"},{\"@type\":\"ListItem\",\"position\":2,\"name\":\"Tunisie\u00a0: les deux-tiers des d\u00e9chets industriels dangereux ne sont pas trait\u00e9s\"}]},{\"@type\":\"WebSite\",\"@id\":\"https:\/\/kapitalis.com\/tunisie\/#website\",\"url\":\"https:\/\/kapitalis.com\/tunisie\/\",\"name\":\"Kapitalis\",\"description\":\"L&#039;actualit\u00e9 en Tunisie et dans le monde\",\"publisher\":{\"@id\":\"https:\/\/kapitalis.com\/tunisie\/#organization\"},\"potentialAction\":[{\"@type\":\"SearchAction\",\"target\":{\"@type\":\"EntryPoint\",\"urlTemplate\":\"https:\/\/kapitalis.com\/tunisie\/?s={search_term_string}\"},\"query-input\":{\"@type\":\"PropertyValueSpecification\",\"valueRequired\":true,\"valueName\":\"search_term_string\"}}],\"inLanguage\":\"fr-FR\"},{\"@type\":\"Organization\",\"@id\":\"https:\/\/kapitalis.com\/tunisie\/#organization\",\"name\":\"Kapitalis\",\"url\":\"https:\/\/kapitalis.com\/tunisie\/\",\"logo\":{\"@type\":\"ImageObject\",\"inLanguage\":\"fr-FR\",\"@id\":\"https:\/\/kapitalis.com\/tunisie\/#\/schema\/logo\/image\/\",\"url\":\"https:\/\/kapitalis.com\/tunisie\/wp-content\/uploads\/2022\/05\/Kapitalis-big-size.png\",\"contentUrl\":\"https:\/\/kapitalis.com\/tunisie\/wp-content\/uploads\/2022\/05\/Kapitalis-big-size.png\",\"width\":5000,\"height\":1500,\"caption\":\"Kapitalis\"},\"image\":{\"@id\":\"https:\/\/kapitalis.com\/tunisie\/#\/schema\/logo\/image\/\"},\"sameAs\":[\"https:\/\/www.facebook.com\/KapitalisInfo\/\",\"https:\/\/x.com\/KapitalisInfo\",\"https:\/\/www.youtube.com\/channel\/UC-yDYrHyfFBWWZaOw3FPg9Q\"]},{\"@type\":\"Person\",\"@id\":\"https:\/\/kapitalis.com\/tunisie\/#\/schema\/person\/d71f33a9ca44f7bad4698210b480c8e9\",\"name\":\"webmaster kapitalis\",\"url\":\"https:\/\/kapitalis.com\/tunisie\/author\/webmaster-kapitalis\/\"}]}<\/script>\n<!-- \/ Yoast SEO plugin. -->","yoast_head_json":{"title":"Tunisie\u00a0: les deux-tiers des d\u00e9chets industriels dangereux ne sont pas trait\u00e9s - Kapitalis","robots":{"index":"index","follow":"follow","max-snippet":"max-snippet:-1","max-image-preview":"max-image-preview:large","max-video-preview":"max-video-preview:-1"},"canonical":"https:\/\/kapitalis.com\/tunisie\/2023\/09\/01\/tunisie-les-deux-tiers-des-dechets-industriels-dangereux-ne-sont-pas-traites\/","og_locale":"fr_FR","og_type":"article","og_title":"Tunisie\u00a0: les deux-tiers des d\u00e9chets industriels dangereux ne sont pas trait\u00e9s - Kapitalis","og_description":"Seuls 8% des d\u00e9chets m\u00e9nagers et assimil\u00e9s sont recycl\u00e9s et valoris\u00e9s en Tunisie.","og_url":"https:\/\/kapitalis.com\/tunisie\/2023\/09\/01\/tunisie-les-deux-tiers-des-dechets-industriels-dangereux-ne-sont-pas-traites\/","og_site_name":"Kapitalis","article_publisher":"https:\/\/www.facebook.com\/KapitalisInfo\/","article_published_time":"2023-09-01T05:55:49+00:00","article_modified_time":"2023-09-01T05:55:50+00:00","og_image":[{"width":1200,"height":630,"url":"https:\/\/kapitalis.com\/tunisie\/wp-content\/uploads\/2022\/11\/Sfax-dechets.jpg","type":"image\/jpeg"}],"author":"webmaster kapitalis","twitter_card":"summary_large_image","twitter_creator":"@KapitalisInfo","twitter_site":"@KapitalisInfo","twitter_misc":{"\u00c9crit par":"webmaster kapitalis","Dur\u00e9e de lecture estim\u00e9e":"2 minutes"},"schema":{"@context":"https:\/\/schema.org","@graph":[{"@type":"Article","@id":"https:\/\/kapitalis.com\/tunisie\/2023\/09\/01\/tunisie-les-deux-tiers-des-dechets-industriels-dangereux-ne-sont-pas-traites\/#article","isPartOf":{"@id":"https:\/\/kapitalis.com\/tunisie\/2023\/09\/01\/tunisie-les-deux-tiers-des-dechets-industriels-dangereux-ne-sont-pas-traites\/"},"author":{"name":"webmaster kapitalis","@id":"https:\/\/kapitalis.com\/tunisie\/#\/schema\/person\/d71f33a9ca44f7bad4698210b480c8e9"},"headline":"Tunisie\u00a0: les deux-tiers des d\u00e9chets industriels dangereux ne sont pas trait\u00e9s","datePublished":"2023-09-01T05:55:49+00:00","dateModified":"2023-09-01T05:55:50+00:00","mainEntityOfPage":{"@id":"https:\/\/kapitalis.com\/tunisie\/2023\/09\/01\/tunisie-les-deux-tiers-des-dechets-industriels-dangereux-ne-sont-pas-traites\/"},"wordCount":379,"commentCount":3,"publisher":{"@id":"https:\/\/kapitalis.com\/tunisie\/#organization"},"image":{"@id":"https:\/\/kapitalis.com\/tunisie\/2023\/09\/01\/tunisie-les-deux-tiers-des-dechets-industriels-dangereux-ne-sont-pas-traites\/#primaryimage"},"thumbnailUrl":"https:\/\/kapitalis.com\/tunisie\/wp-content\/uploads\/2022\/11\/Sfax-dechets.jpg","keywords":["d\u00e9chets industriels","d\u00e9chets m\u00e9nagers","FIKD","Forum Ibn Khaldun","Jradou","Tunisie","Zaghouan"],"articleSection":["ECONOMIE","Tunisie"],"inLanguage":"fr-FR","potentialAction":[{"@type":"CommentAction","name":"Comment","target":["https:\/\/kapitalis.com\/tunisie\/2023\/09\/01\/tunisie-les-deux-tiers-des-dechets-industriels-dangereux-ne-sont-pas-traites\/#respond"]}]},{"@type":"WebPage","@id":"https:\/\/kapitalis.com\/tunisie\/2023\/09\/01\/tunisie-les-deux-tiers-des-dechets-industriels-dangereux-ne-sont-pas-traites\/","url":"https:\/\/kapitalis.com\/tunisie\/2023\/09\/01\/tunisie-les-deux-tiers-des-dechets-industriels-dangereux-ne-sont-pas-traites\/","name":"Tunisie\u00a0: les deux-tiers des d\u00e9chets industriels dangereux ne sont pas trait\u00e9s - Kapitalis","isPartOf":{"@id":"https:\/\/kapitalis.com\/tunisie\/#website"},"primaryImageOfPage":{"@id":"https:\/\/kapitalis.com\/tunisie\/2023\/09\/01\/tunisie-les-deux-tiers-des-dechets-industriels-dangereux-ne-sont-pas-traites\/#primaryimage"},"image":{"@id":"https:\/\/kapitalis.com\/tunisie\/2023\/09\/01\/tunisie-les-deux-tiers-des-dechets-industriels-dangereux-ne-sont-pas-traites\/#primaryimage"},"thumbnailUrl":"https:\/\/kapitalis.com\/tunisie\/wp-content\/uploads\/2022\/11\/Sfax-dechets.jpg","datePublished":"2023-09-01T05:55:49+00:00","dateModified":"2023-09-01T05:55:50+00:00","breadcrumb":{"@id":"https:\/\/kapitalis.com\/tunisie\/2023\/09\/01\/tunisie-les-deux-tiers-des-dechets-industriels-dangereux-ne-sont-pas-traites\/#breadcrumb"},"inLanguage":"fr-FR","potentialAction":[{"@type":"ReadAction","target":["https:\/\/kapitalis.com\/tunisie\/2023\/09\/01\/tunisie-les-deux-tiers-des-dechets-industriels-dangereux-ne-sont-pas-traites\/"]}]},{"@type":"ImageObject","inLanguage":"fr-FR","@id":"https:\/\/kapitalis.com\/tunisie\/2023\/09\/01\/tunisie-les-deux-tiers-des-dechets-industriels-dangereux-ne-sont-pas-traites\/#primaryimage","url":"https:\/\/kapitalis.com\/tunisie\/wp-content\/uploads\/2022\/11\/Sfax-dechets.jpg","contentUrl":"https:\/\/kapitalis.com\/tunisie\/wp-content\/uploads\/2022\/11\/Sfax-dechets.jpg","width":1200,"height":630},{"@type":"BreadcrumbList","@id":"https:\/\/kapitalis.com\/tunisie\/2023\/09\/01\/tunisie-les-deux-tiers-des-dechets-industriels-dangereux-ne-sont-pas-traites\/#breadcrumb","itemListElement":[{"@type":"ListItem","position":1,"name":"Accueil","item":"https:\/\/kapitalis.com\/tunisie\/"},{"@type":"ListItem","position":2,"name":"Tunisie\u00a0: les deux-tiers des d\u00e9chets industriels dangereux ne sont pas trait\u00e9s"}]},{"@type":"WebSite","@id":"https:\/\/kapitalis.com\/tunisie\/#website","url":"https:\/\/kapitalis.com\/tunisie\/","name":"Kapitalis","description":"L&#039;actualit\u00e9 en Tunisie et dans le monde","publisher":{"@id":"https:\/\/kapitalis.com\/tunisie\/#organization"},"potentialAction":[{"@type":"SearchAction","target":{"@type":"EntryPoint","urlTemplate":"https:\/\/kapitalis.com\/tunisie\/?s={search_term_string}"},"query-input":{"@type":"PropertyValueSpecification","valueRequired":true,"valueName":"search_term_string"}}],"inLanguage":"fr-FR"},{"@type":"Organization","@id":"https:\/\/kapitalis.com\/tunisie\/#organization","name":"Kapitalis","url":"https:\/\/kapitalis.com\/tunisie\/","logo":{"@type":"ImageObject","inLanguage":"fr-FR","@id":"https:\/\/kapitalis.com\/tunisie\/#\/schema\/logo\/image\/","url":"https:\/\/kapitalis.com\/tunisie\/wp-content\/uploads\/2022\/05\/Kapitalis-big-size.png","contentUrl":"https:\/\/kapitalis.com\/tunisie\/wp-content\/uploads\/2022\/05\/Kapitalis-big-size.png","width":5000,"height":1500,"caption":"Kapitalis"},"image":{"@id":"https:\/\/kapitalis.com\/tunisie\/#\/schema\/logo\/image\/"},"sameAs":["https:\/\/www.facebook.com\/KapitalisInfo\/","https:\/\/x.com\/KapitalisInfo","https:\/\/www.youtube.com\/channel\/UC-yDYrHyfFBWWZaOw3FPg9Q"]},{"@type":"Person","@id":"https:\/\/kapitalis.com\/tunisie\/#\/schema\/person\/d71f33a9ca44f7bad4698210b480c8e9","name":"webmaster kapitalis","url":"https:\/\/kapitalis.com\/tunisie\/author\/webmaster-kapitalis\/"}]}},"_links":{"self":[{"href":"https:\/\/kapitalis.com\/tunisie\/wp-json\/wp\/v2\/posts\/9599504","targetHints":{"allow":["GET"]}}],"collection":[{"href":"https:\/\/kapitalis.com\/tunisie\/wp-json\/wp\/v2\/posts"}],"about":[{"href":"https:\/\/kapitalis.com\/tunisie\/wp-json\/wp\/v2\/types\/post"}],"author":[{"embeddable":true,"href":"https:\/\/kapitalis.com\/tunisie\/wp-json\/wp\/v2\/users\/8"}],"replies":[{"embeddable":true,"href":"https:\/\/kapitalis.com\/tunisie\/wp-json\/wp\/v2\/comments?post=9599504"}],"version-history":[{"count":1,"href":"https:\/\/kapitalis.com\/tunisie\/wp-json\/wp\/v2\/posts\/9599504\/revisions"}],"predecessor-version":[{"id":9599526,"href":"https:\/\/kapitalis.com\/tunisie\/wp-json\/wp\/v2\/posts\/9599504\/revisions\/9599526"}],"wp:featuredmedia":[{"embeddable":true,"href":"https:\/\/kapitalis.com\/tunisie\/wp-json\/wp\/v2\/media\/5020245"}],"wp:attachment":[{"href":"https:\/\/kapitalis.com\/tunisie\/wp-json\/wp\/v2\/media?parent=9599504"}],"wp:term":[{"taxonomy":"category","embeddable":true,"href":"https:\/\/kapitalis.com\/tunisie\/wp-json\/wp\/v2\/categories?post=9599504"},{"taxonomy":"post_tag","embeddable":true,"href":"https:\/\/kapitalis.com\/tunisie\/wp-json\/wp\/v2\/tags?post=9599504"}],"curies":[{"name":"wp","href":"https:\/\/api.w.org\/{rel}","templated":true}]}}