{"id":96041,"date":"2017-05-13T09:58:20","date_gmt":"2017-05-13T09:28:20","guid":{"rendered":"http:\/\/kapitalis.com\/tunisie\/?p=96041"},"modified":"2017-05-13T09:58:20","modified_gmt":"2017-05-13T09:28:20","slug":"horchani-larmee-nentravera-pas-les-manifestations","status":"publish","type":"post","link":"https:\/\/kapitalis.com\/tunisie\/2017\/05\/13\/horchani-larmee-nentravera-pas-les-manifestations\/","title":{"rendered":"Horchani : \u00abL&rsquo;arm\u00e9e n&rsquo;entravera pas les manifestations\u00bb"},"content":{"rendered":"<p style=\"text-align: center;\"><img loading=\"lazy\" decoding=\"async\" class=\"alignnone size-full wp-image-8214\" src=\"http:\/\/kapitalis.com\/tunisie\/wp-content\/uploads\/2015\/07\/Farhat-Horchani.jpg\" alt=\"\" width=\"626\" height=\"380\" \/><\/p>\n<p><em><strong>Farhat Horchani a fait savoir que l&rsquo;arm\u00e9e nationale prot\u00e9gera les ressources naturelles du pays tout en restant neutre lors des\u00a0manifestations sociales.<\/strong><\/em><br \/>\n<!--more--><\/p>\n<p>Le ministre de la D\u00e9fense nationale a indiqu\u00e9 dans une interview \u00e0 l&rsquo;agence <a href=\"https:\/\/www.tap.info.tn\/fr\/Portail-\u00e0-la-Une-FR-top\/9010930-farhat-horchani-\">Tunis Afrique Presse<\/a> (Tap), vendredi 12 mai 2017, que l&rsquo;arm\u00e9e n&rsquo;entrera pas en conflit avec les manifestants lors des mouvements sociaux, sauf en cas d&rsquo;attaque ou de menace sur les sites de production qu&rsquo;elle prot\u00e8ge, conform\u00e9ment aux directives du pr\u00e9sident de la r\u00e9publique, B\u00e9ji Caid Essebsi, dans son discours au peuple prononc\u00e9, mercredi 10 mai, au Palais des congr\u00e8s de Tunis.<\/p>\n<p>M. Horchani a, par ailleurs, d\u00e9clar\u00e9 que la d\u00e9cision du chef de l&rsquo;\u00c9tat n&rsquo;affectera en aucun cas les libert\u00e9s individuelles et collectives, ajoutant que son d\u00e9partement est en train de pr\u00e9parer, en coordination avec le minist\u00e8re de l&rsquo;Int\u00e9rieur, un cadre juridique ad\u00e9quat portant sur la s\u00e9curisation des ressources naturelles.<\/p>\n<p>Rappelons que certains dirigeants politiques ont qualifi\u00e9 la d\u00e9cision du pr\u00e9sident Caid Essebsi d&rsquo;<a href=\"http:\/\/kapitalis.com\/tunisie\/2017\/05\/11\/reaction-mitigee-de-lugtt-au-discours-du-president-caid-essebsi\/\">entrave claire \u00e0 la libert\u00e9 de manifester<\/a>,\u00a0un <a href=\"http:\/\/kapitalis.com\/tunisie\/2017\/05\/10\/el-kamour-les-manifestants-rejettent-les-propos-de-caid-essebsi\/\">pr\u00e9texte pour\u00a0prot\u00e9ger les int\u00e9r\u00eats des soci\u00e9t\u00e9s \u00e9trang\u00e8res<\/a> et une <a href=\"http:\/\/kapitalis.com\/tunisie\/2017\/05\/11\/mehdi-jomaa-le-discours-de-caid-essebsi-a-decu-les-tunisiens\/\">d\u00e9ception pour les Tunisiens<\/a>.<\/p>\n<p style=\"text-align: right;\"><strong>E. B. A.<\/strong><\/p>\n<p>&nbsp;<\/p>\n<p>&nbsp;<\/p>\n","protected":false},"excerpt":{"rendered":"<p>Farhat Horchani a fait savoir que l&rsquo;arm\u00e9e nationale prot\u00e9gera les ressources naturelles du pays tout en restant neutre lors des\u00a0manifestations sociales.<\/p>\n","protected":false},"author":16,"featured_media":0,"comment_status":"open","ping_status":"open","sticky":false,"template":"","format":"standard","meta":{"footnotes":""},"categories":[997,2433],"tags":[1570,371],"class_list":["post-96041","post","type-post","status-publish","format-standard","hentry","category-politique","category-tunisie","tag-armee-nationale","tag-farhat-horchani"],"yoast_head":"<!-- This site is optimized with the Yoast SEO plugin v26.6 - https:\/\/yoast.com\/wordpress\/plugins\/seo\/ -->\n<title>Horchani : \u00abL&#039;arm\u00e9e n&#039;entravera pas les manifestations\u00bb - Kapitalis<\/title>\n<meta name=\"robots\" content=\"index, follow, max-snippet:-1, max-image-preview:large, max-video-preview:-1\" \/>\n<link rel=\"canonical\" href=\"https:\/\/kapitalis.com\/tunisie\/2017\/05\/13\/horchani-larmee-nentravera-pas-les-manifestations\/\" \/>\n<meta property=\"og:locale\" content=\"fr_FR\" \/>\n<meta property=\"og:type\" content=\"article\" \/>\n<meta property=\"og:title\" content=\"Horchani : \u00abL&#039;arm\u00e9e n&#039;entravera pas les manifestations\u00bb - Kapitalis\" \/>\n<meta property=\"og:description\" content=\"Farhat Horchani a fait savoir que l&rsquo;arm\u00e9e nationale prot\u00e9gera les ressources naturelles du pays tout en restant neutre lors des\u00a0manifestations sociales.\" \/>\n<meta property=\"og:url\" content=\"https:\/\/kapitalis.com\/tunisie\/2017\/05\/13\/horchani-larmee-nentravera-pas-les-manifestations\/\" \/>\n<meta property=\"og:site_name\" content=\"Kapitalis\" \/>\n<meta property=\"article:publisher\" content=\"https:\/\/www.facebook.com\/KapitalisInfo\/\" \/>\n<meta property=\"article:published_time\" content=\"2017-05-13T09:28:20+00:00\" \/>\n<meta property=\"og:image\" content=\"http:\/\/kapitalis.com\/tunisie\/wp-content\/uploads\/2015\/07\/Farhat-Horchani.jpg\" \/>\n<meta name=\"author\" content=\"emna benabdallah\" \/>\n<meta name=\"twitter:card\" content=\"summary_large_image\" \/>\n<meta name=\"twitter:creator\" content=\"@KapitalisInfo\" \/>\n<meta name=\"twitter:site\" content=\"@KapitalisInfo\" \/>\n<meta name=\"twitter:label1\" content=\"\u00c9crit par\" \/>\n\t<meta name=\"twitter:data1\" content=\"emna benabdallah\" \/>\n\t<meta name=\"twitter:label2\" content=\"Dur\u00e9e de lecture estim\u00e9e\" \/>\n\t<meta name=\"twitter:data2\" content=\"1 minute\" \/>\n<script type=\"application\/ld+json\" class=\"yoast-schema-graph\">{\"@context\":\"https:\/\/schema.org\",\"@graph\":[{\"@type\":\"Article\",\"@id\":\"https:\/\/kapitalis.com\/tunisie\/2017\/05\/13\/horchani-larmee-nentravera-pas-les-manifestations\/#article\",\"isPartOf\":{\"@id\":\"https:\/\/kapitalis.com\/tunisie\/2017\/05\/13\/horchani-larmee-nentravera-pas-les-manifestations\/\"},\"author\":{\"name\":\"emna benabdallah\",\"@id\":\"https:\/\/kapitalis.com\/tunisie\/#\/schema\/person\/2c6e134b2f3369dffcd1daf5f087d28b\"},\"headline\":\"Horchani : \u00abL&rsquo;arm\u00e9e n&rsquo;entravera pas les manifestations\u00bb\",\"datePublished\":\"2017-05-13T09:28:20+00:00\",\"mainEntityOfPage\":{\"@id\":\"https:\/\/kapitalis.com\/tunisie\/2017\/05\/13\/horchani-larmee-nentravera-pas-les-manifestations\/\"},\"wordCount\":217,\"commentCount\":1,\"publisher\":{\"@id\":\"https:\/\/kapitalis.com\/tunisie\/#organization\"},\"image\":{\"@id\":\"https:\/\/kapitalis.com\/tunisie\/2017\/05\/13\/horchani-larmee-nentravera-pas-les-manifestations\/#primaryimage\"},\"thumbnailUrl\":\"http:\/\/kapitalis.com\/tunisie\/wp-content\/uploads\/2015\/07\/Farhat-Horchani.jpg\",\"keywords\":[\"arm\u00e9e nationale\",\"Farhat Horchani\"],\"articleSection\":[\"POLITIQUE\",\"Tunisie\"],\"inLanguage\":\"fr-FR\",\"potentialAction\":[{\"@type\":\"CommentAction\",\"name\":\"Comment\",\"target\":[\"https:\/\/kapitalis.com\/tunisie\/2017\/05\/13\/horchani-larmee-nentravera-pas-les-manifestations\/#respond\"]}]},{\"@type\":\"WebPage\",\"@id\":\"https:\/\/kapitalis.com\/tunisie\/2017\/05\/13\/horchani-larmee-nentravera-pas-les-manifestations\/\",\"url\":\"https:\/\/kapitalis.com\/tunisie\/2017\/05\/13\/horchani-larmee-nentravera-pas-les-manifestations\/\",\"name\":\"Horchani : \u00abL'arm\u00e9e n'entravera pas les manifestations\u00bb - Kapitalis\",\"isPartOf\":{\"@id\":\"https:\/\/kapitalis.com\/tunisie\/#website\"},\"primaryImageOfPage\":{\"@id\":\"https:\/\/kapitalis.com\/tunisie\/2017\/05\/13\/horchani-larmee-nentravera-pas-les-manifestations\/#primaryimage\"},\"image\":{\"@id\":\"https:\/\/kapitalis.com\/tunisie\/2017\/05\/13\/horchani-larmee-nentravera-pas-les-manifestations\/#primaryimage\"},\"thumbnailUrl\":\"http:\/\/kapitalis.com\/tunisie\/wp-content\/uploads\/2015\/07\/Farhat-Horchani.jpg\",\"datePublished\":\"2017-05-13T09:28:20+00:00\",\"breadcrumb\":{\"@id\":\"https:\/\/kapitalis.com\/tunisie\/2017\/05\/13\/horchani-larmee-nentravera-pas-les-manifestations\/#breadcrumb\"},\"inLanguage\":\"fr-FR\",\"potentialAction\":[{\"@type\":\"ReadAction\",\"target\":[\"https:\/\/kapitalis.com\/tunisie\/2017\/05\/13\/horchani-larmee-nentravera-pas-les-manifestations\/\"]}]},{\"@type\":\"ImageObject\",\"inLanguage\":\"fr-FR\",\"@id\":\"https:\/\/kapitalis.com\/tunisie\/2017\/05\/13\/horchani-larmee-nentravera-pas-les-manifestations\/#primaryimage\",\"url\":\"http:\/\/kapitalis.com\/tunisie\/wp-content\/uploads\/2015\/07\/Farhat-Horchani.jpg\",\"contentUrl\":\"http:\/\/kapitalis.com\/tunisie\/wp-content\/uploads\/2015\/07\/Farhat-Horchani.jpg\"},{\"@type\":\"BreadcrumbList\",\"@id\":\"https:\/\/kapitalis.com\/tunisie\/2017\/05\/13\/horchani-larmee-nentravera-pas-les-manifestations\/#breadcrumb\",\"itemListElement\":[{\"@type\":\"ListItem\",\"position\":1,\"name\":\"Accueil\",\"item\":\"https:\/\/kapitalis.com\/tunisie\/\"},{\"@type\":\"ListItem\",\"position\":2,\"name\":\"Horchani : \u00abL&rsquo;arm\u00e9e n&rsquo;entravera pas les manifestations\u00bb\"}]},{\"@type\":\"WebSite\",\"@id\":\"https:\/\/kapitalis.com\/tunisie\/#website\",\"url\":\"https:\/\/kapitalis.com\/tunisie\/\",\"name\":\"Kapitalis\",\"description\":\"L&#039;actualit\u00e9 en Tunisie et dans le monde\",\"publisher\":{\"@id\":\"https:\/\/kapitalis.com\/tunisie\/#organization\"},\"potentialAction\":[{\"@type\":\"SearchAction\",\"target\":{\"@type\":\"EntryPoint\",\"urlTemplate\":\"https:\/\/kapitalis.com\/tunisie\/?s={search_term_string}\"},\"query-input\":{\"@type\":\"PropertyValueSpecification\",\"valueRequired\":true,\"valueName\":\"search_term_string\"}}],\"inLanguage\":\"fr-FR\"},{\"@type\":\"Organization\",\"@id\":\"https:\/\/kapitalis.com\/tunisie\/#organization\",\"name\":\"Kapitalis\",\"url\":\"https:\/\/kapitalis.com\/tunisie\/\",\"logo\":{\"@type\":\"ImageObject\",\"inLanguage\":\"fr-FR\",\"@id\":\"https:\/\/kapitalis.com\/tunisie\/#\/schema\/logo\/image\/\",\"url\":\"https:\/\/kapitalis.com\/tunisie\/wp-content\/uploads\/2022\/05\/Kapitalis-big-size.png\",\"contentUrl\":\"https:\/\/kapitalis.com\/tunisie\/wp-content\/uploads\/2022\/05\/Kapitalis-big-size.png\",\"width\":5000,\"height\":1500,\"caption\":\"Kapitalis\"},\"image\":{\"@id\":\"https:\/\/kapitalis.com\/tunisie\/#\/schema\/logo\/image\/\"},\"sameAs\":[\"https:\/\/www.facebook.com\/KapitalisInfo\/\",\"https:\/\/x.com\/KapitalisInfo\",\"https:\/\/www.youtube.com\/channel\/UC-yDYrHyfFBWWZaOw3FPg9Q\"]},{\"@type\":\"Person\",\"@id\":\"https:\/\/kapitalis.com\/tunisie\/#\/schema\/person\/2c6e134b2f3369dffcd1daf5f087d28b\",\"name\":\"emna benabdallah\",\"url\":\"https:\/\/kapitalis.com\/tunisie\/author\/emna\/\"}]}<\/script>\n<!-- \/ Yoast SEO plugin. -->","yoast_head_json":{"title":"Horchani : \u00abL'arm\u00e9e n'entravera pas les manifestations\u00bb - Kapitalis","robots":{"index":"index","follow":"follow","max-snippet":"max-snippet:-1","max-image-preview":"max-image-preview:large","max-video-preview":"max-video-preview:-1"},"canonical":"https:\/\/kapitalis.com\/tunisie\/2017\/05\/13\/horchani-larmee-nentravera-pas-les-manifestations\/","og_locale":"fr_FR","og_type":"article","og_title":"Horchani : \u00abL'arm\u00e9e n'entravera pas les manifestations\u00bb - Kapitalis","og_description":"Farhat Horchani a fait savoir que l&rsquo;arm\u00e9e nationale prot\u00e9gera les ressources naturelles du pays tout en restant neutre lors des\u00a0manifestations sociales.","og_url":"https:\/\/kapitalis.com\/tunisie\/2017\/05\/13\/horchani-larmee-nentravera-pas-les-manifestations\/","og_site_name":"Kapitalis","article_publisher":"https:\/\/www.facebook.com\/KapitalisInfo\/","article_published_time":"2017-05-13T09:28:20+00:00","og_image":[{"url":"http:\/\/kapitalis.com\/tunisie\/wp-content\/uploads\/2015\/07\/Farhat-Horchani.jpg","type":"","width":"","height":""}],"author":"emna benabdallah","twitter_card":"summary_large_image","twitter_creator":"@KapitalisInfo","twitter_site":"@KapitalisInfo","twitter_misc":{"\u00c9crit par":"emna benabdallah","Dur\u00e9e de lecture estim\u00e9e":"1 minute"},"schema":{"@context":"https:\/\/schema.org","@graph":[{"@type":"Article","@id":"https:\/\/kapitalis.com\/tunisie\/2017\/05\/13\/horchani-larmee-nentravera-pas-les-manifestations\/#article","isPartOf":{"@id":"https:\/\/kapitalis.com\/tunisie\/2017\/05\/13\/horchani-larmee-nentravera-pas-les-manifestations\/"},"author":{"name":"emna benabdallah","@id":"https:\/\/kapitalis.com\/tunisie\/#\/schema\/person\/2c6e134b2f3369dffcd1daf5f087d28b"},"headline":"Horchani : \u00abL&rsquo;arm\u00e9e n&rsquo;entravera pas les manifestations\u00bb","datePublished":"2017-05-13T09:28:20+00:00","mainEntityOfPage":{"@id":"https:\/\/kapitalis.com\/tunisie\/2017\/05\/13\/horchani-larmee-nentravera-pas-les-manifestations\/"},"wordCount":217,"commentCount":1,"publisher":{"@id":"https:\/\/kapitalis.com\/tunisie\/#organization"},"image":{"@id":"https:\/\/kapitalis.com\/tunisie\/2017\/05\/13\/horchani-larmee-nentravera-pas-les-manifestations\/#primaryimage"},"thumbnailUrl":"http:\/\/kapitalis.com\/tunisie\/wp-content\/uploads\/2015\/07\/Farhat-Horchani.jpg","keywords":["arm\u00e9e nationale","Farhat Horchani"],"articleSection":["POLITIQUE","Tunisie"],"inLanguage":"fr-FR","potentialAction":[{"@type":"CommentAction","name":"Comment","target":["https:\/\/kapitalis.com\/tunisie\/2017\/05\/13\/horchani-larmee-nentravera-pas-les-manifestations\/#respond"]}]},{"@type":"WebPage","@id":"https:\/\/kapitalis.com\/tunisie\/2017\/05\/13\/horchani-larmee-nentravera-pas-les-manifestations\/","url":"https:\/\/kapitalis.com\/tunisie\/2017\/05\/13\/horchani-larmee-nentravera-pas-les-manifestations\/","name":"Horchani : \u00abL'arm\u00e9e n'entravera pas les manifestations\u00bb - Kapitalis","isPartOf":{"@id":"https:\/\/kapitalis.com\/tunisie\/#website"},"primaryImageOfPage":{"@id":"https:\/\/kapitalis.com\/tunisie\/2017\/05\/13\/horchani-larmee-nentravera-pas-les-manifestations\/#primaryimage"},"image":{"@id":"https:\/\/kapitalis.com\/tunisie\/2017\/05\/13\/horchani-larmee-nentravera-pas-les-manifestations\/#primaryimage"},"thumbnailUrl":"http:\/\/kapitalis.com\/tunisie\/wp-content\/uploads\/2015\/07\/Farhat-Horchani.jpg","datePublished":"2017-05-13T09:28:20+00:00","breadcrumb":{"@id":"https:\/\/kapitalis.com\/tunisie\/2017\/05\/13\/horchani-larmee-nentravera-pas-les-manifestations\/#breadcrumb"},"inLanguage":"fr-FR","potentialAction":[{"@type":"ReadAction","target":["https:\/\/kapitalis.com\/tunisie\/2017\/05\/13\/horchani-larmee-nentravera-pas-les-manifestations\/"]}]},{"@type":"ImageObject","inLanguage":"fr-FR","@id":"https:\/\/kapitalis.com\/tunisie\/2017\/05\/13\/horchani-larmee-nentravera-pas-les-manifestations\/#primaryimage","url":"http:\/\/kapitalis.com\/tunisie\/wp-content\/uploads\/2015\/07\/Farhat-Horchani.jpg","contentUrl":"http:\/\/kapitalis.com\/tunisie\/wp-content\/uploads\/2015\/07\/Farhat-Horchani.jpg"},{"@type":"BreadcrumbList","@id":"https:\/\/kapitalis.com\/tunisie\/2017\/05\/13\/horchani-larmee-nentravera-pas-les-manifestations\/#breadcrumb","itemListElement":[{"@type":"ListItem","position":1,"name":"Accueil","item":"https:\/\/kapitalis.com\/tunisie\/"},{"@type":"ListItem","position":2,"name":"Horchani : \u00abL&rsquo;arm\u00e9e n&rsquo;entravera pas les manifestations\u00bb"}]},{"@type":"WebSite","@id":"https:\/\/kapitalis.com\/tunisie\/#website","url":"https:\/\/kapitalis.com\/tunisie\/","name":"Kapitalis","description":"L&#039;actualit\u00e9 en Tunisie et dans le monde","publisher":{"@id":"https:\/\/kapitalis.com\/tunisie\/#organization"},"potentialAction":[{"@type":"SearchAction","target":{"@type":"EntryPoint","urlTemplate":"https:\/\/kapitalis.com\/tunisie\/?s={search_term_string}"},"query-input":{"@type":"PropertyValueSpecification","valueRequired":true,"valueName":"search_term_string"}}],"inLanguage":"fr-FR"},{"@type":"Organization","@id":"https:\/\/kapitalis.com\/tunisie\/#organization","name":"Kapitalis","url":"https:\/\/kapitalis.com\/tunisie\/","logo":{"@type":"ImageObject","inLanguage":"fr-FR","@id":"https:\/\/kapitalis.com\/tunisie\/#\/schema\/logo\/image\/","url":"https:\/\/kapitalis.com\/tunisie\/wp-content\/uploads\/2022\/05\/Kapitalis-big-size.png","contentUrl":"https:\/\/kapitalis.com\/tunisie\/wp-content\/uploads\/2022\/05\/Kapitalis-big-size.png","width":5000,"height":1500,"caption":"Kapitalis"},"image":{"@id":"https:\/\/kapitalis.com\/tunisie\/#\/schema\/logo\/image\/"},"sameAs":["https:\/\/www.facebook.com\/KapitalisInfo\/","https:\/\/x.com\/KapitalisInfo","https:\/\/www.youtube.com\/channel\/UC-yDYrHyfFBWWZaOw3FPg9Q"]},{"@type":"Person","@id":"https:\/\/kapitalis.com\/tunisie\/#\/schema\/person\/2c6e134b2f3369dffcd1daf5f087d28b","name":"emna benabdallah","url":"https:\/\/kapitalis.com\/tunisie\/author\/emna\/"}]}},"_links":{"self":[{"href":"https:\/\/kapitalis.com\/tunisie\/wp-json\/wp\/v2\/posts\/96041","targetHints":{"allow":["GET"]}}],"collection":[{"href":"https:\/\/kapitalis.com\/tunisie\/wp-json\/wp\/v2\/posts"}],"about":[{"href":"https:\/\/kapitalis.com\/tunisie\/wp-json\/wp\/v2\/types\/post"}],"author":[{"embeddable":true,"href":"https:\/\/kapitalis.com\/tunisie\/wp-json\/wp\/v2\/users\/16"}],"replies":[{"embeddable":true,"href":"https:\/\/kapitalis.com\/tunisie\/wp-json\/wp\/v2\/comments?post=96041"}],"version-history":[{"count":0,"href":"https:\/\/kapitalis.com\/tunisie\/wp-json\/wp\/v2\/posts\/96041\/revisions"}],"wp:attachment":[{"href":"https:\/\/kapitalis.com\/tunisie\/wp-json\/wp\/v2\/media?parent=96041"}],"wp:term":[{"taxonomy":"category","embeddable":true,"href":"https:\/\/kapitalis.com\/tunisie\/wp-json\/wp\/v2\/categories?post=96041"},{"taxonomy":"post_tag","embeddable":true,"href":"https:\/\/kapitalis.com\/tunisie\/wp-json\/wp\/v2\/tags?post=96041"}],"curies":[{"name":"wp","href":"https:\/\/api.w.org\/{rel}","templated":true}]}}