{"id":96129,"date":"2017-05-13T13:07:32","date_gmt":"2017-05-13T12:37:32","guid":{"rendered":"http:\/\/kapitalis.com\/tunisie\/?p=96129"},"modified":"2017-05-13T13:16:26","modified_gmt":"2017-05-13T12:46:26","slug":"isie-les-dessous-de-la-demission-de-sarsar","status":"publish","type":"post","link":"https:\/\/kapitalis.com\/tunisie\/2017\/05\/13\/isie-les-dessous-de-la-demission-de-sarsar\/","title":{"rendered":"Isie : Les dessous de la \u00abd\u00e9mission\u00bb de Sarsar"},"content":{"rendered":"<p style=\"text-align: center;\"><img loading=\"lazy\" decoding=\"async\" class=\"alignnone size-full wp-image-16399\" src=\"http:\/\/kapitalis.com\/tunisie\/wp-content\/uploads\/2015\/09\/Elections-2014.jpg\" alt=\"\" width=\"626\" height=\"380\" \/><\/p>\n<p><em><strong>Et si la vraie fausse d\u00e9mission de Chafik Sarsar \u00e9tait un d\u00e9g\u00e2t collat\u00e9ral de la gu\u00e9guerre que se livrent Ennahdha et le CPR pour le contr\u00f4le de l\u2019Instance des \u00e9lections ?<\/strong> <\/em><\/p>\n<p>Par<strong> Sami Ben Slama<\/strong> *<\/p>\n<p><!--more--><\/p>\n<p>En utilisant un jargon militaire, on ne pourrait s\u2019emp\u00eacher de penser que la d\u00e9mission de Chafik Sarsar, le pr\u00e9sident de l\u2019Instance sup\u00e9rieure ind\u00e9pendant des \u00e9lections (Isie) et de ses assistants \u00e9tait un \u00ab<em>tir ami\u00bb<\/em>, c\u2019est-\u00e0-dire une attaque r\u00e9ussie venue de son propre camp.<\/p>\n<p>En r\u00e9alit\u00e9, cette d\u00e9mission et malgr\u00e9 toutes ses cons\u00e9quences d\u00e9sastreuses sur le processus de transition d\u00e9mocratique, ne repr\u00e9sente que la partie apparente d\u2019un iceberg, qui s\u2019est d\u00e9j\u00e0 fissur\u00e9 et qui fond. Elle n&rsquo;est pour notre malheur que le prolongement, au sein de cette institution vitale pour notre jeune d\u00e9mocratie, d&rsquo;une querelle politique, qui s&rsquo;est ouvertement d\u00e9clar\u00e9e il y a quelques mois, entre les anciens \u00ab<em>alli\u00e9s<\/em>\u00bb composant la d\u00e9funte <em>\u00abtro\u00efka<\/em>\u00bb, l\u2019ancienne coalition gouvernementale conduite par le parti islamiste Ennahdha.<\/p>\n<p><strong>La gu\u00e9guerre des anciens alli\u00e9s<\/strong><\/p>\n<p>Pour \u00eatre pr\u00e9cis, cette d\u00e9mission n\u2019est qu\u2019un d\u00e9g\u00e2t collat\u00e9ral, pour rester dans le jargon militaire, des tentatives de l\u2019ancien pr\u00e9sident provisoire Moncef Marzouki visant \u00e0 s\u2019accaparer une partie de l\u2019\u00e9lectorat naturel d\u2019Ennahdha entam\u00e9es lors des derni\u00e8res \u00e9lections en 2014.<\/p>\n<p>Au sein de l\u2019Isie, chacun, en soldat exemplaire, a sa part du combat. C\u2019est une guerre larv\u00e9e qui dure depuis la fin des \u00e9lections entre deux camps, celui des membres choisis et appuy\u00e9s par Ennahdha (M. Sarsar &amp; Cie), qui a perdu trois \u00e9l\u00e9ments par tirage au sort en f\u00e9vrier 2017, et le camp du Congr\u00e8s pour la r\u00e9publique CPR (Riadh Bouhouchi et Cie) qui reproche \u00e0 M. Sarsar la d\u00e9faite de M. Marzouki aux \u00e9lections.<\/p>\n<p>Ce dernier camp, issu d\u2019une nouvelle concorde temporaire et contre-nature entre le CPR et les rep\u00each\u00e9s de l\u2019ancienne Isie, a tr\u00e8s bien man\u0153uvr\u00e9 tactiquement. Il a m\u00eame r\u00e9ussi \u00e0 \u00e9tablir une alliance-surprise, fragile certes, mais tr\u00e8s efficace avec deux au moins des trois nouveaux membres.<\/p>\n<p>L\u2019enjeu pour les deux camps n\u2019\u00e9tant autre, et il faut le pr\u00e9ciser, que la d\u00e9fense d\u2019int\u00e9r\u00eats strictement personnels et partisans lors des prochaines \u00e9ch\u00e9ances \u00e9lectorales et n\u2019a aucun lien avec l\u2019int\u00e9r\u00eat g\u00e9n\u00e9ral.<\/p>\n<p>Ce <em>\u00abharak\u00bb<\/em> (mouvement) des membres du conseil, sans jeu de mots aucun, a essay\u00e9 d\u2019affaiblir un pr\u00e9sident d\u00e9j\u00e0 faible et sans r\u00e9elle personnalit\u00e9, et de le mettre directement sous la botte en usant judicieusement des m\u00e9canismes d\u00e9mocratiques en vigueur au sein du conseil de l\u2019Isie.<\/p>\n<p style=\"text-align: center;\"><img loading=\"lazy\" decoding=\"async\" class=\"alignnone size-full wp-image-96137\" src=\"http:\/\/kapitalis.com\/tunisie\/wp-content\/uploads\/2017\/05\/conf-isie-sarsar-1.jpg\" alt=\"\" width=\"600\" height=\"400\" \/><\/p>\n<p style=\"text-align: center;\"><em>Le trio \u00abd\u00e9missionnaire\u00bb: Mourad Ben Moula, Chafik Sarsar et Lamia Zargouni.\u00a0<\/em><\/p>\n<p><strong>Une d\u00e9mission bien ordonn\u00e9e<\/strong><\/p>\n<p>Ennahdha, consid\u00e9rant l\u2019Isie II comme sa chasse gard\u00e9e, n\u2019\u00e9tant pas en reste en mati\u00e8re d\u2019habilet\u00e9 et de r\u00e9activit\u00e9, a vu l\u2019extr\u00eame danger que repr\u00e9sentait la perte totale de son influence sur l\u2019instance. Et cela d\u00e8s la d\u00e9mission forc\u00e9e du directeur ex\u00e9cutif des op\u00e9rations infiltr\u00e9 depuis le d\u00e9but par ses soins. Elle n\u2019a pas accept\u00e9 de perdre aussi les pr\u00e9cieuses pr\u00e9rogatives de son cher bien-aim\u00e9e pr\u00e9sident et a r\u00e9pliqu\u00e9 et tr\u00e8s rapidement et tr\u00e8s adroitement.<\/p>\n<p>Elle a lui a <em>\u00abordonn\u00e9\u00bb<\/em> de d\u00e9missionner le matin de sa sortie controvers\u00e9e et de l\u2019annoncer dans le point de presse programm\u00e9 le jour m\u00eame pour pr\u00e9senter le calendrier \u00e9lectoral.<\/p>\n<p>Certains esprits mal attentionn\u00e9s affirmeraient m\u00eame que les deux autres d\u00e9missionnaires, Lamia Zargouni et Mourad Ben Moula, n\u2019\u00e9taient m\u00eame pas au courant de leur d\u00e9mission. Ils n\u2019auraient appris la mauvaise nouvelle et dans le bureau m\u00eame de M. Sarsar que 10 minutes avant de descendre rencontrer les journalistes.<\/p>\n<p>En effet, au moins un membre d\u00e9missionnaire \u00e9tait attel\u00e9 toute la matin\u00e9e \u00e0 bavarder sereinement dans le hall et \u00e9tait euphorique \u00e0 l&rsquo;id\u00e9e d\u2019enclencher \u00e0 nouveau le processus \u00e9lectoral, quelques minutes avant sa convocation subite \u00e0 rejoindre le pr\u00e9sident.<\/p>\n<p>Ennahdha a r\u00e9ussi son coup brillamment. Elle a r\u00e9ussi \u00e0 mettre l\u2019autre camp, qui se croyait gagnant, en difficult\u00e9. Les f\u00e9lons se sont vus imm\u00e9diatement accus\u00e9s de corruption, d\u2019atteinte au processus \u00e9lectoral et d\u2019\u00eatre responsables du probable report des \u00e9lections. C\u2019\u00e9tait un choc extr\u00eame et tellement violent qu\u2019ils en sont rest\u00e9s bouche-b\u00e9e, eux qui arpentaient les couloirs des plateaux t\u00e9l\u00e9s tout le long de la semaine. Ils n\u2019ont m\u00eame pas r\u00e9ussi \u00e0 r\u00e9pliquer, se bornant \u00e0 s\u2019excuser platement aupr\u00e8s de l\u2019honorable pr\u00e9sident et \u00e0 le supplier de revenir.<\/p>\n<p><strong>Ennahdha fait basculer la balance<\/strong><\/p>\n<p>Ennahdha ne l\u00e2che jamais les siens m\u00eame pas ceux gagn\u00e9s par app\u00e2t du gain ou par simple calcul; et surtout pas ses b\u00e9b\u00e9s-\u00e9prouvettes sortis de son n\u00e9ant \u00e0 elle.<\/p>\n<p>La Tunisie en a vu des crises autour de ses institutions pseudo-ind\u00e9pendantes, aucune d\u2019elle n\u2019a vu la tenue d\u2019une r\u00e9union aussi rapide que celle d\u00e9cid\u00e9e par l\u2019Assembl\u00e9e des repr\u00e9sentants du peuple (ARP) pour \u00e9couter les justifications ahurissantes de M. Sarsar concernant sa d\u00e9mission.<\/p>\n<p>Il y avait p\u00e9ril en la demeure, tout \u00e9tait bon pour le mouvement pour permettre \u00e0 ces d\u00e9put\u00e9s d\u2019\u00e9taler leur savoir-faire en mati\u00e8re de propagande et de d\u00e9sinformation pour sauver un soldat unique en son genre et pour orienter l\u2019opinion publique dans la bonne direction. Elle a fait basculer la balance et a r\u00e9ussi le coup de ma\u00eetre de faire revenir le pr\u00e9sident en larmes avec les excuses de la patrie.<\/p>\n<p>En m\u00eame-temps, elle a mis l\u2019autre patrie dans de beaux draps et gageons qu\u2019elle aura d\u2019\u00e9normes difficult\u00e9s \u00e0 se remettre de ce coup vraiment g\u00e9nial. Cependant, la partie n\u2019est pas encore finie et on assistera s\u00fbrement \u00e0 quelques rebondissements.<\/p>\n<p>Quant aux opinions exprim\u00e9es \u00e7\u00e0 et l\u00e0, par solidarit\u00e9 fraternelle ou par conviction, alt\u00e9r\u00e9es par l\u2019absence d\u2019informations exactes sur un sujet aussi d\u00e9licat, par les politiques ou au sein de la soci\u00e9t\u00e9 civile, elles nous enseignent une chose : tout le monde est pr\u00eat \u00e0 s\u2019occuper de toutes les futilit\u00e9s inimaginables et pr\u00e9f\u00e8re ignorer les vrais enjeux; c\u2019est plus rassurant ! Et il n\u2019est pas si difficile ainsi de trouver les causes r\u00e9elles du si long r\u00e8gne de notre m\u00e9diocratie nationale.<\/p>\n","protected":false},"excerpt":{"rendered":"<p>Et si la vraie fausse d\u00e9mission de Chafik Sarsar \u00e9tait un d\u00e9g\u00e2t collat\u00e9ral de la gu\u00e9guerre que se livrent Ennahdha et le CPR pour le contr\u00f4le de l\u2019Instance des \u00e9lections ? Par Sami Ben Slama *<\/p>\n","protected":false},"author":8,"featured_media":96136,"comment_status":"open","ping_status":"open","sticky":false,"template":"","format":"standard","meta":{"footnotes":""},"categories":[992,1000,2433],"tags":[6161,4830,1842,499,634],"class_list":["post-96129","post","type-post","status-publish","format-standard","has-post-thumbnail","hentry","category-a-la-une","category-tribune","category-tunisie","tag-chafik-sarsar","tag-congres-pour-la-republique","tag-cpr","tag-isie","tag-moncef-marzouki"],"yoast_head":"<!-- This site is optimized with the Yoast SEO plugin v26.6 - https:\/\/yoast.com\/wordpress\/plugins\/seo\/ -->\n<title>Isie : Les dessous de la \u00abd\u00e9mission\u00bb de Sarsar - Kapitalis<\/title>\n<meta name=\"robots\" content=\"index, follow, max-snippet:-1, max-image-preview:large, max-video-preview:-1\" \/>\n<link rel=\"canonical\" href=\"https:\/\/kapitalis.com\/tunisie\/2017\/05\/13\/isie-les-dessous-de-la-demission-de-sarsar\/\" \/>\n<meta property=\"og:locale\" content=\"fr_FR\" \/>\n<meta property=\"og:type\" content=\"article\" \/>\n<meta property=\"og:title\" content=\"Isie : Les dessous de la \u00abd\u00e9mission\u00bb de Sarsar - Kapitalis\" \/>\n<meta property=\"og:description\" content=\"Et si la vraie fausse d\u00e9mission de Chafik Sarsar \u00e9tait un d\u00e9g\u00e2t collat\u00e9ral de la gu\u00e9guerre que se livrent Ennahdha et le CPR pour le contr\u00f4le de l\u2019Instance des \u00e9lections ? Par Sami Ben Slama *\" \/>\n<meta property=\"og:url\" content=\"https:\/\/kapitalis.com\/tunisie\/2017\/05\/13\/isie-les-dessous-de-la-demission-de-sarsar\/\" \/>\n<meta property=\"og:site_name\" content=\"Kapitalis\" \/>\n<meta property=\"article:publisher\" content=\"https:\/\/www.facebook.com\/KapitalisInfo\/\" \/>\n<meta property=\"article:published_time\" content=\"2017-05-13T12:37:32+00:00\" \/>\n<meta property=\"article:modified_time\" content=\"2017-05-13T12:46:26+00:00\" \/>\n<meta property=\"og:image\" content=\"https:\/\/kapitalis.com\/tunisie\/wp-content\/uploads\/2022\/05\/kapitalis-logo-fb.png\" \/>\n\t<meta property=\"og:image:width\" content=\"1200\" \/>\n\t<meta property=\"og:image:height\" content=\"630\" \/>\n\t<meta property=\"og:image:type\" content=\"image\/png\" \/>\n<meta name=\"author\" content=\"webmaster kapitalis\" \/>\n<meta name=\"twitter:card\" content=\"summary_large_image\" \/>\n<meta name=\"twitter:creator\" content=\"@KapitalisInfo\" \/>\n<meta name=\"twitter:site\" content=\"@KapitalisInfo\" \/>\n<meta name=\"twitter:label1\" content=\"\u00c9crit par\" \/>\n\t<meta name=\"twitter:data1\" content=\"webmaster kapitalis\" \/>\n\t<meta name=\"twitter:label2\" content=\"Dur\u00e9e de lecture estim\u00e9e\" \/>\n\t<meta name=\"twitter:data2\" content=\"6 minutes\" \/>\n<script type=\"application\/ld+json\" class=\"yoast-schema-graph\">{\"@context\":\"https:\/\/schema.org\",\"@graph\":[{\"@type\":\"Article\",\"@id\":\"https:\/\/kapitalis.com\/tunisie\/2017\/05\/13\/isie-les-dessous-de-la-demission-de-sarsar\/#article\",\"isPartOf\":{\"@id\":\"https:\/\/kapitalis.com\/tunisie\/2017\/05\/13\/isie-les-dessous-de-la-demission-de-sarsar\/\"},\"author\":{\"name\":\"webmaster kapitalis\",\"@id\":\"https:\/\/kapitalis.com\/tunisie\/#\/schema\/person\/d71f33a9ca44f7bad4698210b480c8e9\"},\"headline\":\"Isie : Les dessous de la \u00abd\u00e9mission\u00bb de Sarsar\",\"datePublished\":\"2017-05-13T12:37:32+00:00\",\"dateModified\":\"2017-05-13T12:46:26+00:00\",\"mainEntityOfPage\":{\"@id\":\"https:\/\/kapitalis.com\/tunisie\/2017\/05\/13\/isie-les-dessous-de-la-demission-de-sarsar\/\"},\"wordCount\":1157,\"commentCount\":11,\"publisher\":{\"@id\":\"https:\/\/kapitalis.com\/tunisie\/#organization\"},\"image\":{\"@id\":\"https:\/\/kapitalis.com\/tunisie\/2017\/05\/13\/isie-les-dessous-de-la-demission-de-sarsar\/#primaryimage\"},\"thumbnailUrl\":\"\",\"keywords\":[\"Chafik Sarsar\",\"Congr\u00e8s pour la r\u00e9publique\",\"CpR\",\"Isie\",\"Moncef Marzouki\"],\"articleSection\":[\"A LA UNE\",\"TRIBUNE\",\"Tunisie\"],\"inLanguage\":\"fr-FR\",\"potentialAction\":[{\"@type\":\"CommentAction\",\"name\":\"Comment\",\"target\":[\"https:\/\/kapitalis.com\/tunisie\/2017\/05\/13\/isie-les-dessous-de-la-demission-de-sarsar\/#respond\"]}]},{\"@type\":\"WebPage\",\"@id\":\"https:\/\/kapitalis.com\/tunisie\/2017\/05\/13\/isie-les-dessous-de-la-demission-de-sarsar\/\",\"url\":\"https:\/\/kapitalis.com\/tunisie\/2017\/05\/13\/isie-les-dessous-de-la-demission-de-sarsar\/\",\"name\":\"Isie : Les dessous de la \u00abd\u00e9mission\u00bb de Sarsar - Kapitalis\",\"isPartOf\":{\"@id\":\"https:\/\/kapitalis.com\/tunisie\/#website\"},\"primaryImageOfPage\":{\"@id\":\"https:\/\/kapitalis.com\/tunisie\/2017\/05\/13\/isie-les-dessous-de-la-demission-de-sarsar\/#primaryimage\"},\"image\":{\"@id\":\"https:\/\/kapitalis.com\/tunisie\/2017\/05\/13\/isie-les-dessous-de-la-demission-de-sarsar\/#primaryimage\"},\"thumbnailUrl\":\"\",\"datePublished\":\"2017-05-13T12:37:32+00:00\",\"dateModified\":\"2017-05-13T12:46:26+00:00\",\"breadcrumb\":{\"@id\":\"https:\/\/kapitalis.com\/tunisie\/2017\/05\/13\/isie-les-dessous-de-la-demission-de-sarsar\/#breadcrumb\"},\"inLanguage\":\"fr-FR\",\"potentialAction\":[{\"@type\":\"ReadAction\",\"target\":[\"https:\/\/kapitalis.com\/tunisie\/2017\/05\/13\/isie-les-dessous-de-la-demission-de-sarsar\/\"]}]},{\"@type\":\"ImageObject\",\"inLanguage\":\"fr-FR\",\"@id\":\"https:\/\/kapitalis.com\/tunisie\/2017\/05\/13\/isie-les-dessous-de-la-demission-de-sarsar\/#primaryimage\",\"url\":\"\",\"contentUrl\":\"\"},{\"@type\":\"BreadcrumbList\",\"@id\":\"https:\/\/kapitalis.com\/tunisie\/2017\/05\/13\/isie-les-dessous-de-la-demission-de-sarsar\/#breadcrumb\",\"itemListElement\":[{\"@type\":\"ListItem\",\"position\":1,\"name\":\"Accueil\",\"item\":\"https:\/\/kapitalis.com\/tunisie\/\"},{\"@type\":\"ListItem\",\"position\":2,\"name\":\"Isie : Les dessous de la \u00abd\u00e9mission\u00bb de Sarsar\"}]},{\"@type\":\"WebSite\",\"@id\":\"https:\/\/kapitalis.com\/tunisie\/#website\",\"url\":\"https:\/\/kapitalis.com\/tunisie\/\",\"name\":\"Kapitalis\",\"description\":\"L&#039;actualit\u00e9 en Tunisie et dans le monde\",\"publisher\":{\"@id\":\"https:\/\/kapitalis.com\/tunisie\/#organization\"},\"potentialAction\":[{\"@type\":\"SearchAction\",\"target\":{\"@type\":\"EntryPoint\",\"urlTemplate\":\"https:\/\/kapitalis.com\/tunisie\/?s={search_term_string}\"},\"query-input\":{\"@type\":\"PropertyValueSpecification\",\"valueRequired\":true,\"valueName\":\"search_term_string\"}}],\"inLanguage\":\"fr-FR\"},{\"@type\":\"Organization\",\"@id\":\"https:\/\/kapitalis.com\/tunisie\/#organization\",\"name\":\"Kapitalis\",\"url\":\"https:\/\/kapitalis.com\/tunisie\/\",\"logo\":{\"@type\":\"ImageObject\",\"inLanguage\":\"fr-FR\",\"@id\":\"https:\/\/kapitalis.com\/tunisie\/#\/schema\/logo\/image\/\",\"url\":\"https:\/\/kapitalis.com\/tunisie\/wp-content\/uploads\/2022\/05\/Kapitalis-big-size.png\",\"contentUrl\":\"https:\/\/kapitalis.com\/tunisie\/wp-content\/uploads\/2022\/05\/Kapitalis-big-size.png\",\"width\":5000,\"height\":1500,\"caption\":\"Kapitalis\"},\"image\":{\"@id\":\"https:\/\/kapitalis.com\/tunisie\/#\/schema\/logo\/image\/\"},\"sameAs\":[\"https:\/\/www.facebook.com\/KapitalisInfo\/\",\"https:\/\/x.com\/KapitalisInfo\",\"https:\/\/www.youtube.com\/channel\/UC-yDYrHyfFBWWZaOw3FPg9Q\"]},{\"@type\":\"Person\",\"@id\":\"https:\/\/kapitalis.com\/tunisie\/#\/schema\/person\/d71f33a9ca44f7bad4698210b480c8e9\",\"name\":\"webmaster kapitalis\",\"url\":\"https:\/\/kapitalis.com\/tunisie\/author\/webmaster-kapitalis\/\"}]}<\/script>\n<!-- \/ Yoast SEO plugin. -->","yoast_head_json":{"title":"Isie : Les dessous de la \u00abd\u00e9mission\u00bb de Sarsar - Kapitalis","robots":{"index":"index","follow":"follow","max-snippet":"max-snippet:-1","max-image-preview":"max-image-preview:large","max-video-preview":"max-video-preview:-1"},"canonical":"https:\/\/kapitalis.com\/tunisie\/2017\/05\/13\/isie-les-dessous-de-la-demission-de-sarsar\/","og_locale":"fr_FR","og_type":"article","og_title":"Isie : Les dessous de la \u00abd\u00e9mission\u00bb de Sarsar - Kapitalis","og_description":"Et si la vraie fausse d\u00e9mission de Chafik Sarsar \u00e9tait un d\u00e9g\u00e2t collat\u00e9ral de la gu\u00e9guerre que se livrent Ennahdha et le CPR pour le contr\u00f4le de l\u2019Instance des \u00e9lections ? Par Sami Ben Slama *","og_url":"https:\/\/kapitalis.com\/tunisie\/2017\/05\/13\/isie-les-dessous-de-la-demission-de-sarsar\/","og_site_name":"Kapitalis","article_publisher":"https:\/\/www.facebook.com\/KapitalisInfo\/","article_published_time":"2017-05-13T12:37:32+00:00","article_modified_time":"2017-05-13T12:46:26+00:00","og_image":[{"width":1200,"height":630,"url":"https:\/\/kapitalis.com\/tunisie\/wp-content\/uploads\/2022\/05\/kapitalis-logo-fb.png","type":"image\/png"}],"author":"webmaster kapitalis","twitter_card":"summary_large_image","twitter_creator":"@KapitalisInfo","twitter_site":"@KapitalisInfo","twitter_misc":{"\u00c9crit par":"webmaster kapitalis","Dur\u00e9e de lecture estim\u00e9e":"6 minutes"},"schema":{"@context":"https:\/\/schema.org","@graph":[{"@type":"Article","@id":"https:\/\/kapitalis.com\/tunisie\/2017\/05\/13\/isie-les-dessous-de-la-demission-de-sarsar\/#article","isPartOf":{"@id":"https:\/\/kapitalis.com\/tunisie\/2017\/05\/13\/isie-les-dessous-de-la-demission-de-sarsar\/"},"author":{"name":"webmaster kapitalis","@id":"https:\/\/kapitalis.com\/tunisie\/#\/schema\/person\/d71f33a9ca44f7bad4698210b480c8e9"},"headline":"Isie : Les dessous de la \u00abd\u00e9mission\u00bb de Sarsar","datePublished":"2017-05-13T12:37:32+00:00","dateModified":"2017-05-13T12:46:26+00:00","mainEntityOfPage":{"@id":"https:\/\/kapitalis.com\/tunisie\/2017\/05\/13\/isie-les-dessous-de-la-demission-de-sarsar\/"},"wordCount":1157,"commentCount":11,"publisher":{"@id":"https:\/\/kapitalis.com\/tunisie\/#organization"},"image":{"@id":"https:\/\/kapitalis.com\/tunisie\/2017\/05\/13\/isie-les-dessous-de-la-demission-de-sarsar\/#primaryimage"},"thumbnailUrl":"","keywords":["Chafik Sarsar","Congr\u00e8s pour la r\u00e9publique","CpR","Isie","Moncef Marzouki"],"articleSection":["A LA UNE","TRIBUNE","Tunisie"],"inLanguage":"fr-FR","potentialAction":[{"@type":"CommentAction","name":"Comment","target":["https:\/\/kapitalis.com\/tunisie\/2017\/05\/13\/isie-les-dessous-de-la-demission-de-sarsar\/#respond"]}]},{"@type":"WebPage","@id":"https:\/\/kapitalis.com\/tunisie\/2017\/05\/13\/isie-les-dessous-de-la-demission-de-sarsar\/","url":"https:\/\/kapitalis.com\/tunisie\/2017\/05\/13\/isie-les-dessous-de-la-demission-de-sarsar\/","name":"Isie : Les dessous de la \u00abd\u00e9mission\u00bb de Sarsar - Kapitalis","isPartOf":{"@id":"https:\/\/kapitalis.com\/tunisie\/#website"},"primaryImageOfPage":{"@id":"https:\/\/kapitalis.com\/tunisie\/2017\/05\/13\/isie-les-dessous-de-la-demission-de-sarsar\/#primaryimage"},"image":{"@id":"https:\/\/kapitalis.com\/tunisie\/2017\/05\/13\/isie-les-dessous-de-la-demission-de-sarsar\/#primaryimage"},"thumbnailUrl":"","datePublished":"2017-05-13T12:37:32+00:00","dateModified":"2017-05-13T12:46:26+00:00","breadcrumb":{"@id":"https:\/\/kapitalis.com\/tunisie\/2017\/05\/13\/isie-les-dessous-de-la-demission-de-sarsar\/#breadcrumb"},"inLanguage":"fr-FR","potentialAction":[{"@type":"ReadAction","target":["https:\/\/kapitalis.com\/tunisie\/2017\/05\/13\/isie-les-dessous-de-la-demission-de-sarsar\/"]}]},{"@type":"ImageObject","inLanguage":"fr-FR","@id":"https:\/\/kapitalis.com\/tunisie\/2017\/05\/13\/isie-les-dessous-de-la-demission-de-sarsar\/#primaryimage","url":"","contentUrl":""},{"@type":"BreadcrumbList","@id":"https:\/\/kapitalis.com\/tunisie\/2017\/05\/13\/isie-les-dessous-de-la-demission-de-sarsar\/#breadcrumb","itemListElement":[{"@type":"ListItem","position":1,"name":"Accueil","item":"https:\/\/kapitalis.com\/tunisie\/"},{"@type":"ListItem","position":2,"name":"Isie : Les dessous de la \u00abd\u00e9mission\u00bb de Sarsar"}]},{"@type":"WebSite","@id":"https:\/\/kapitalis.com\/tunisie\/#website","url":"https:\/\/kapitalis.com\/tunisie\/","name":"Kapitalis","description":"L&#039;actualit\u00e9 en Tunisie et dans le monde","publisher":{"@id":"https:\/\/kapitalis.com\/tunisie\/#organization"},"potentialAction":[{"@type":"SearchAction","target":{"@type":"EntryPoint","urlTemplate":"https:\/\/kapitalis.com\/tunisie\/?s={search_term_string}"},"query-input":{"@type":"PropertyValueSpecification","valueRequired":true,"valueName":"search_term_string"}}],"inLanguage":"fr-FR"},{"@type":"Organization","@id":"https:\/\/kapitalis.com\/tunisie\/#organization","name":"Kapitalis","url":"https:\/\/kapitalis.com\/tunisie\/","logo":{"@type":"ImageObject","inLanguage":"fr-FR","@id":"https:\/\/kapitalis.com\/tunisie\/#\/schema\/logo\/image\/","url":"https:\/\/kapitalis.com\/tunisie\/wp-content\/uploads\/2022\/05\/Kapitalis-big-size.png","contentUrl":"https:\/\/kapitalis.com\/tunisie\/wp-content\/uploads\/2022\/05\/Kapitalis-big-size.png","width":5000,"height":1500,"caption":"Kapitalis"},"image":{"@id":"https:\/\/kapitalis.com\/tunisie\/#\/schema\/logo\/image\/"},"sameAs":["https:\/\/www.facebook.com\/KapitalisInfo\/","https:\/\/x.com\/KapitalisInfo","https:\/\/www.youtube.com\/channel\/UC-yDYrHyfFBWWZaOw3FPg9Q"]},{"@type":"Person","@id":"https:\/\/kapitalis.com\/tunisie\/#\/schema\/person\/d71f33a9ca44f7bad4698210b480c8e9","name":"webmaster kapitalis","url":"https:\/\/kapitalis.com\/tunisie\/author\/webmaster-kapitalis\/"}]}},"_links":{"self":[{"href":"https:\/\/kapitalis.com\/tunisie\/wp-json\/wp\/v2\/posts\/96129","targetHints":{"allow":["GET"]}}],"collection":[{"href":"https:\/\/kapitalis.com\/tunisie\/wp-json\/wp\/v2\/posts"}],"about":[{"href":"https:\/\/kapitalis.com\/tunisie\/wp-json\/wp\/v2\/types\/post"}],"author":[{"embeddable":true,"href":"https:\/\/kapitalis.com\/tunisie\/wp-json\/wp\/v2\/users\/8"}],"replies":[{"embeddable":true,"href":"https:\/\/kapitalis.com\/tunisie\/wp-json\/wp\/v2\/comments?post=96129"}],"version-history":[{"count":0,"href":"https:\/\/kapitalis.com\/tunisie\/wp-json\/wp\/v2\/posts\/96129\/revisions"}],"wp:featuredmedia":[{"embeddable":true,"href":"https:\/\/kapitalis.com\/tunisie\/wp-json\/wp\/v2\/media\/96136"}],"wp:attachment":[{"href":"https:\/\/kapitalis.com\/tunisie\/wp-json\/wp\/v2\/media?parent=96129"}],"wp:term":[{"taxonomy":"category","embeddable":true,"href":"https:\/\/kapitalis.com\/tunisie\/wp-json\/wp\/v2\/categories?post=96129"},{"taxonomy":"post_tag","embeddable":true,"href":"https:\/\/kapitalis.com\/tunisie\/wp-json\/wp\/v2\/tags?post=96129"}],"curies":[{"name":"wp","href":"https:\/\/api.w.org\/{rel}","templated":true}]}}