{"id":9638998,"date":"2023-09-04T07:56:43","date_gmt":"2023-09-04T06:56:43","guid":{"rendered":"https:\/\/kapitalis.com\/tunisie\/?p=9638998"},"modified":"2023-09-04T07:56:45","modified_gmt":"2023-09-04T06:56:45","slug":"lafrique-face-aux-grands-bouleversements-en-cours","status":"publish","type":"post","link":"https:\/\/kapitalis.com\/tunisie\/2023\/09\/04\/lafrique-face-aux-grands-bouleversements-en-cours\/","title":{"rendered":"L\u2019Afrique face aux grands bouleversements en cours"},"content":{"rendered":"\n<p><strong><em>Les bouleversements en cours sont en train de fa\u00e7onner les \u00e9volutions politiques et \u00e9conomiques de ce 21e si\u00e8cle. Pour les pays africains, ces bouleversements ont pour la plupart des impacts inflationnistes, un alourdissement consid\u00e9rable des dettes, une baisse des financements ext\u00e9rieurs et une r\u00e9duction des revenus d\u2019exportation pouvant entretenir des tensions sociales explosives et une instabilit\u00e9 permanente.<\/em><\/strong> <em>(Ph. Raffinerie de p\u00e9trole au Nig\u00e9ria. <strong>\u00a9 <\/strong>Shutterstock\/Ikechi Ugwoeje).<\/em><\/p>\n\n\n\n<p>Par<strong> Ould Amar Yahya<\/strong> *<\/p>\n\n\n\n<!--more-->\n\n\n<div class=\"wp-block-image\">\n<figure class=\"alignleft size-full\"><img decoding=\"async\" src=\"http:\/\/kapitalis.com\/tunisie\/wp-content\/uploads\/2021\/02\/Ould-Amar-Yahya.jpg\" alt=\"\" class=\"wp-image-335526\"\/><\/figure>\n<\/div>\n\n\n<p>Dans un contexte de superposition et chevauchement de grands changements li\u00e9s aux co\u00fbts exorbitants de la transition \u00e9nerg\u00e9tique impos\u00e9e aux \u00e9conomies africaines avec l\u2019abandon \u00e0 terme de l\u2019exploitation de leurs ressources p\u00e9troli\u00e8res, \u00e0 l\u2019impact du vieillissement des populations dans les pays d\u00e9velopp\u00e9s y compris en Chine, \u00e0 la &nbsp;<em>\u00abremondialisation\u00bb<\/em> et \u00e0 l\u2019av\u00e8nement de l\u2019intelligence artificielle, les pays africains seront pouss\u00e9s pour \u00e9viter le chaos et la d\u00e9solation \u00e0 renforcer l\u2019int\u00e9gration continentale de leurs \u00e9conomies, \u00e0 d\u00e9velopper leurs industries locales et \u00e0 investir massivement dans l\u2019\u00e9ducation, la sant\u00e9 et l\u2019innovation.<\/p>\n\n\n\n<p>Ces bouleversements sont porteurs de grands risques, mais aussi d\u2019opportunit\u00e9s pour des \u00e9conomies africaines diversifi\u00e9es donnant une priorit\u00e9 \u00e0 la modernisation technologique.<\/p>\n\n\n\n<h2 class=\"wp-block-heading\">Transition \u00e9nerg\u00e9tique&nbsp;: co\u00fbts exorbitants pour l\u2019Afrique<\/h2>\n\n\n\n<p>Certes, la transition \u00e9nerg\u00e9tique vers des sources d\u2019\u00e9nergie plus propres et durables est un processus n\u00e9cessaire pour lutter contre le changement climatique, r\u00e9duire les \u00e9missions de gaz \u00e0 effet de serre et assurer la s\u00e9curit\u00e9 \u00e9nerg\u00e9tique \u00e0 long terme.<\/p>\n\n\n\n<p>Bien que cette transition \u00e9nerg\u00e9tique n\u00e9cessite des investissements colossaux, elle g\u00e9n\u00e8re \u00e9galement des avantages \u00e0 long terme, tels que des \u00e9conomies de co\u00fbts li\u00e9es \u00e0 la r\u00e9duction de la d\u00e9pendance aux \u00e9nergies fossiles, des avantages environnementaux, la cr\u00e9ation d\u2019emplois dans le secteur des \u00e9nergies renouvelables, et la stimulation de l\u2019innovation technologique.<\/p>\n\n\n\n<p>Les co\u00fbts de production des \u00e9nergies renouvelables continueront aussi de baisser \u00e0 mesure que la technologie s\u2019am\u00e9liore et que l\u2019\u00e9chelle de production augmente, ce qui rend la transition \u00e9nerg\u00e9tique de plus en plus \u00e9conomiquement viable, mais \u00e0 long terme.<\/p>\n\n\n\n<p>Cependant, pour l\u2019Afrique, avant d\u2019arriver \u00e0 ce long terme prometteur, il y a des risques r\u00e9els d\u2019\u00e9croulement des \u00e9tats cons\u00e9quence des difficult\u00e9s structurelles intrins\u00e8ques au sous-d\u00e9veloppement, amplifi\u00e9es par les crises \u00e9conomiques successives, qui obligent les pays africains \u00e0 prioriser la gestion du court et moyen terme, voire m\u00eame du quotidien.<\/p>\n\n\n\n<p>L\u2019Afrique a-t-elle les moyens de mener cette couteuse transition \u00e9nerg\u00e9tique, en s\u2019endettant davantage et s\u2019engageant sur des normes destin\u00e9es aux pollueurs dont elle n\u2019a jamais fait partie, engagement la privant de ses richesses p\u00e9troli\u00e8res \u00e0 un moment o\u00f9 le continent croule sous le poids de la dette, menac\u00e9 de famine, d\u2019instabilit\u00e9 voire de chaos, dans l\u2019indiff\u00e9rence des promoteurs de cette m\u00eame transition. La pand\u00e9mie de la Covid a montr\u00e9 aux Africains les limites de la coop\u00e9ration internationale.<\/p>\n\n\n\n<figure class=\"wp-block-embed is-type-wp-embed is-provider-kapitalis wp-block-embed-kapitalis\"><div class=\"wp-block-embed__wrapper\">\n<blockquote class=\"wp-embedded-content\" data-secret=\"xZI50OAFKD\"><a href=\"https:\/\/kapitalis.com\/tunisie\/2023\/02\/17\/lafrique-face-a-lhandicap-des-souverainetes-nationales\/\">L\u2019Afrique face au handicap des souverainet\u00e9s nationales<\/a><\/blockquote><iframe loading=\"lazy\" class=\"wp-embedded-content\" sandbox=\"allow-scripts\" security=\"restricted\" style=\"position: absolute; clip: rect(1px, 1px, 1px, 1px);\" title=\"\u00ab\u00a0L\u2019Afrique face au handicap des souverainet\u00e9s nationales\u00a0\u00bb &#8212; Kapitalis\" src=\"https:\/\/kapitalis.com\/tunisie\/2023\/02\/17\/lafrique-face-a-lhandicap-des-souverainetes-nationales\/embed\/#?secret=aGAjg7uwf9#?secret=xZI50OAFKD\" data-secret=\"xZI50OAFKD\" width=\"600\" height=\"338\" frameborder=\"0\" marginwidth=\"0\" marginheight=\"0\" scrolling=\"no\"><\/iframe>\n<\/div><\/figure>\n\n\n\n<p>Il s\u2019agit pour l\u2019Afrique d\u2019un choix qui n\u2019est pas neutre sur le quotidien de ses populations et d\u2019un agenda de transition qu\u2019elle ne peut respecter sans une solidarit\u00e9 internationale concr\u00e8te et des compensations financi\u00e8res \u00e9quitables. De dures n\u00e9gociations en perspectives, que seule l\u2019Union africaine pourrait mener au nom de tous.<\/p>\n\n\n\n<p>L\u2019agenda des pays africains depuis leurs ind\u00e9pendances demeure la transition vers le d\u00e9veloppement \u00e9conomique dont ils n\u2019ont jamais pu obtenir le financement suffisant.<\/p>\n\n\n\n<p>Cette transition va co\u00fbter cher \u00e0 l\u2019Afrique, pour plusieurs raisons :<\/p>\n\n\n\n<ul class=\"wp-block-list\">\n<li>Des investissements initiaux colossaux relatifs \u00e0 la mise en place de nouvelles infrastructures \u00e9nerg\u00e9tiques propres et durables, telles que les parcs \u00e9oliens, les centrales solaires, les r\u00e9seaux \u00e9lectriques intelligents et les syst\u00e8mes de stockage d&rsquo;\u00e9nergie;<\/li>\n\n\n\n<li>Des co\u00fbts de technologie et de production plus \u00e9lev\u00e9s que les \u00e9nergies fossiles traditionnelles;<\/li>\n\n\n\n<li>Une int\u00e9gration couteuse aux r\u00e9seaux \u00e9lectriques existants. Des investissements sont n\u00e9cessaires pour mettre \u00e0 niveau et adapter les r\u00e9seaux \u00e9lectriques afin de g\u00e9rer efficacement la variabilit\u00e9 des sources d&rsquo;\u00e9nergie;<\/li>\n\n\n\n<li>&nbsp;Des subventions et incitations fiscales aux entreprises et aux particuliers qui adoptent des technologies propres, pour encourager la transition \u00e9nerg\u00e9tique. Ce qui entra\u00eenera des co\u00fbts budg\u00e9taires importants pour les Etats;<\/li>\n\n\n\n<li>Un d\u00e9veloppement de nouvelles comp\u00e9tences pour la conception, la construction, l\u2019exploitation et la maintenance des nouvelles infrastructures et technologies. La formation de cette main-d\u2019\u0153uvre engendrera des co\u00fbts suppl\u00e9mentaires;<\/li>\n\n\n\n<li>Une r\u00e9novation et\/ou remplacement d\u2019infrastructures existantes pour les rendre plus \u00e9conomes en \u00e9nergie et moins polluantes. Cela entra\u00eenera \u00e9galement des co\u00fbts importants.<\/li>\n\n\n\n<li>Des co\u00fbts de r\u00e9glementations environnementales et de conformit\u00e9 obligeront les entreprises \u00e0 investir dans des technologies plus propres et \u00e0 se conformer \u00e0 des normes environnementales, ce qui entra\u00eenera des co\u00fbts suppl\u00e9mentaires.<\/li>\n<\/ul>\n\n\n\n<h2 class=\"wp-block-heading\">Vieillissement de la population dans les \u00e9conomies d\u00e9velopp\u00e9es et en Chine&nbsp;: impact sur les \u00e9conomies africaines&nbsp;<\/h2>\n\n\n\n<p>Le vieillissement de la population dans les pays d\u00e9velopp\u00e9s et en Chine entra\u00eenera, une baisse du nombre d\u2019actifs, des p\u00e9nuries de main-d\u2019\u0153uvre, une hausse des d\u00e9penses publiques&nbsp;li\u00e9e aux soins m\u00e9dicaux et retraites, une baisse de recettes budg\u00e9taires par habitant, un endettement dans un contexte de hausse de taux d\u2019int\u00e9r\u00eat. La contrainte cl\u00e9 de p\u00e9nuries de main-d&rsquo;\u0153uvre et autres alimente aujourd\u2019hui l\u2019inflation aux \u00c9tats-Unis, puisqu\u2019un march\u00e9 du travail tendu maintient la croissance des salaires \u00e0 un niveau \u00e9lev\u00e9.&nbsp;<\/p>\n\n\n\n<p>Une probable et in\u00e9dite <em>\u00abr\u00e9cession de plein emploi\u00bb<\/em> n\u2019est plus exclue dans les pays d\u00e9velopp\u00e9s \u2013 en raison du vieillissement de la population \u2013 entra\u00eenant une d\u00e9gradation importante&nbsp; de la productivit\u00e9 et des marges b\u00e9n\u00e9ficiaires des entreprises avec des difficult\u00e9s pour les banques centrales pour mettre en place des politiques mon\u00e9taires efficaces en vue de faire face aux cons\u00e9quences de choix politiques li\u00e9s au vieillissement.<\/p>\n\n\n\n<p>Pour l\u2019Afrique, le vieillissement dans les \u00e9conomies d\u00e9velopp\u00e9es va entra\u00eener&nbsp;:<\/p>\n\n\n\n<ul class=\"wp-block-list\">\n<li>une diminution de l&rsquo;aide au d\u00e9veloppement puisque les \u00e9conomies d\u00e9velopp\u00e9es seront confront\u00e9es \u00e0 des pressions budg\u00e9taires accrues en raison des co\u00fbts croissants li\u00e9s au vieillissement de leurs populations;<\/li>\n\n\n\n<li>et une baisse de la demande de mati\u00e8res premi\u00e8res en raison de la faiblesse de la croissance \u00e9conomique cons\u00e9quence du vieillissement de la population, ce qui aura un impact n\u00e9gatif sur les exportations et les recettes budg\u00e9taires dans de nombreux pays du continent.<\/li>\n<\/ul>\n\n\n\n<figure class=\"wp-block-embed is-type-wp-embed is-provider-kapitalis wp-block-embed-kapitalis\"><div class=\"wp-block-embed__wrapper\">\n<blockquote class=\"wp-embedded-content\" data-secret=\"rjHbLHmvHa\"><a href=\"https:\/\/kapitalis.com\/tunisie\/2022\/12\/14\/que-peut-attendre-lafrique-du-partenariat-avec-les-etats-unis\/\">Que peut attendre l\u2019Afrique du partenariat avec les Etats-Unis\u00a0?<\/a><\/blockquote><iframe loading=\"lazy\" class=\"wp-embedded-content\" sandbox=\"allow-scripts\" security=\"restricted\" style=\"position: absolute; clip: rect(1px, 1px, 1px, 1px);\" title=\"\u00ab\u00a0Que peut attendre l\u2019Afrique du partenariat avec les Etats-Unis\u00a0?\u00a0\u00bb &#8212; Kapitalis\" src=\"https:\/\/kapitalis.com\/tunisie\/2022\/12\/14\/que-peut-attendre-lafrique-du-partenariat-avec-les-etats-unis\/embed\/#?secret=57mcKX0wV5#?secret=rjHbLHmvHa\" data-secret=\"rjHbLHmvHa\" width=\"600\" height=\"338\" frameborder=\"0\" marginwidth=\"0\" marginheight=\"0\" scrolling=\"no\"><\/iframe>\n<\/div><\/figure>\n\n\n\n<p>Comment l\u2019Afrique pourrait g\u00e9rer l\u2019impact du vieillissement dans les \u00e9conomies d\u00e9velopp\u00e9es, elle dont la jeunesse entre 15 et 35 ans repr\u00e9sente 77% de sa population\u00a0?<\/p>\n\n\n\n<p>La chert\u00e9 des produits fabriqu\u00e9s dans ces \u00e9conomies vieillissantes dont la Chine sera telle que l\u2019Afrique n\u2019aura de choix que de produire localement les besoins de ses march\u00e9s.<\/p>\n\n\n\n<p>Il est donc essentiel que les pays africains d\u00e9veloppent des politiques ax\u00e9es sur&nbsp; l\u2019investissement dans l\u2019\u00e9ducation et la formation pour am\u00e9liorer la qualit\u00e9 de la main-d\u2019\u0153uvre, la promotion de l\u2019innovation et de la diversification \u00e9conomique.<\/p>\n\n\n\n<h2 class=\"wp-block-heading\">\u00abRemondialisation\u00bb&nbsp;: impact sur les \u00e9conomies africaines<\/h2>\n\n\n\n<p>La fragmentation de la mondialisation est en train de se produire dans les secteurs strat\u00e9giques de confrontation g\u00e9opolitique, tels que la technologie, la s\u00e9curit\u00e9 et la d\u00e9fense.<\/p>\n\n\n\n<p>La mondialisation change de nature \u00e0 travers l\u2019accent mis par les pays sur le renforcement des liens r\u00e9gionaux et la formation de blocs \u00e9conomiques pour les secteurs sensibles et strat\u00e9giquement importants.<\/p>\n\n\n\n<p>Les \u00e9conomies d\u00e9velopp\u00e9es ne peuvent plus produire autant, sans d\u00e9clencher une inflation plus \u00e9lev\u00e9e. Les contraintes d\u2019approvisionnement seront une caract\u00e9ristique permanente en raison des bouleversements en cours. La fragmentation g\u00e9opolitique et celle des cha\u00eenes d\u2019approvisionnement mondiales devraient faire grimper les co\u00fbts de production.<\/p>\n\n\n\n<p>Un d\u00e9couplage \u00e0 grande \u00e9chelle de la Chine est inconcevable afin de renforcer la r\u00e9silience des cha\u00eenes d\u2019approvisionnement et permettre au monde entier de b\u00e9n\u00e9ficier de la double transition vers les \u00e9conomies vertes et num\u00e9riques.<\/p>\n\n\n\n<p>Cette<em> \u00abremondialisation\u00bb<\/em> entra\u00eenera :<\/p>\n\n\n\n<ul class=\"wp-block-list\">\n<li>Un ralentissement de la croissance \u00e9conomique cons\u00e9quence de la diminution des \u00e9changes commerciaux, de l\u2019investissement transfrontalier et de la coop\u00e9ration \u00e9conomique&nbsp;; ce qui limiterait la croissance \u00e9conomique mondiale;<\/li>\n\n\n\n<li>Des perturbations sur les cha\u00eenes d\u2019approvisionnement eu \u00e9gard aux interconnections des \u00e9conomies, entra\u00eenant des retards de production, une augmentation des co\u00fbts et une diminution de l\u2019efficacit\u00e9 \u00e9conomique;<\/li>\n\n\n\n<li>Une Incertitude pour les entreprises en raison de la volatilit\u00e9 politique et \u00e9conomique associ\u00e9e \u00e0 la fragmentation, rendant plus difficile toute planification \u00e0 long terme et d\u00e9cision d&rsquo;investissement;<\/li>\n\n\n\n<li>Une diminution de l\u2019efficacit\u00e9 \u00e9conomique li\u00e9e \u00e0 la remise en cause de la sp\u00e9cialisation \u00e9conomique des pays qui r\u00e9sultait d\u2019une allocation plus efficace des ressources.<\/li>\n<\/ul>\n\n\n\n<p>Les \u00e9conomies africaines doivent s\u2019attendre \u00e0 :<\/p>\n\n\n\n<ul class=\"wp-block-list\">\n<li>Une baisse de leurs exportations entra\u00een\u00e9es par celle du commerce international ou des barri\u00e8res commerciales accrues;<\/li>\n\n\n\n<li>Une diminution de l&rsquo;investissement direct \u00e9tranger, cons\u00e9quence des incertitudes li\u00e9es \u00e0 la fragmentation mondiale pouvant dissuader les investisseurs \u00e9trangers d\u2019injecter des capitaux dans les \u00e9conomies africaines;<\/li>\n\n\n\n<li>Une r\u00e9duction de l\u2019aide au d\u00e9veloppement en raison des priorit\u00e9s \u00e9conomiques internes croissantes, dans les \u00e9conomies d\u00e9velopp\u00e9es;<\/li>\n\n\n\n<li>Des fluctuations des prix des mati\u00e8res premi\u00e8res exacerb\u00e9es par la fragmentation de la mondialisation.<\/li>\n<\/ul>\n\n\n\n<p>L\u2019Afrique sera pouss\u00e9e&nbsp;:<\/p>\n\n\n\n<ul class=\"wp-block-list\">\n<li>Au d\u00e9veloppement de son industrie locale et \u00e0 sa diversification \u00e9conomique pour r\u00e9duire ses d\u00e9pendances \u00e0 l&rsquo;\u00e9gard des march\u00e9s mondiaux, notamment celles li\u00e9es \u00e0 la production alimentaire, aux technologies et \u00e0 la sant\u00e9;<\/li>\n\n\n\n<li>A l\u2019int\u00e9gration \u00e9conomique continentale en d\u00e9veloppant des partenariats commerciaux et en favorisant les \u00e9changes intra-africains, stimulant ainsi la croissance \u00e9conomique au sein du continent;<\/li>\n\n\n\n<li>&nbsp;A la diversification des partenaires commerciaux pour explorer de nouveaux march\u00e9s au-del\u00e0 des \u00e9conomies d\u00e9velopp\u00e9es.<\/li>\n<\/ul>\n\n\n\n<h2 class=\"wp-block-heading\">L\u2019av\u00e8nement de l\u2019intelligence artificielle<\/h2>\n\n\n\n<p>Le d\u00e9veloppement de l\u2019intelligence artificielle remod\u00e8lera les secteurs d\u2019activit\u00e9 et les entreprises \u00e0 travers le monde entra\u00eenant une augmentation des marges b\u00e9n\u00e9ficiaires, en particulier pour les entreprises ayant des co\u00fbts de personnel \u00e9lev\u00e9s ou une grande partie des t\u00e2ches pouvant \u00eatre automatis\u00e9es, cr\u00e9ant de nouveaux produits, de nouveaux besoins, de nouvelles activit\u00e9s\u2026 Cependant, les retomb\u00e9es positives de ce d\u00e9veloppement ne se feront pas sentir avant les quinze prochaines ann\u00e9es.<\/p>\n\n\n\n<p>En conclusion, le monde vivra \u00e0 court et moyen termes avec une inflation persistante, cons\u00e9quence des bouleversements en cours. La d\u00e9gradation des pouvoirs d\u2019achat qui en r\u00e9sultera se traduirait vraisemblablement par une mont\u00e9e des troubles sociaux et des protestations populaires notamment en Afrique, \u00e0 moins de mise en place de politiques budg\u00e9taires appropri\u00e9es.<\/p>\n\n\n\n<p>* <em>Economiste, banquier, financier.<\/em><\/p>\n\n\n\n<figure class=\"wp-block-embed is-type-wp-embed is-provider-kapitalis wp-block-embed-kapitalis\"><div class=\"wp-block-embed__wrapper\">\n<blockquote class=\"wp-embedded-content\" data-secret=\"gx34jWpazf\"><a href=\"https:\/\/kapitalis.com\/tunisie\/2022\/03\/25\/lafrique-entre-reve-chinois-et-reve-americain\/\">L\u2019Afrique entre r\u00eave chinois et r\u00eave am\u00e9ricain<\/a><\/blockquote><iframe loading=\"lazy\" class=\"wp-embedded-content\" sandbox=\"allow-scripts\" security=\"restricted\" style=\"position: absolute; clip: rect(1px, 1px, 1px, 1px);\" title=\"\u00ab\u00a0L\u2019Afrique entre r\u00eave chinois et r\u00eave am\u00e9ricain\u00a0\u00bb &#8212; Kapitalis\" src=\"https:\/\/kapitalis.com\/tunisie\/2022\/03\/25\/lafrique-entre-reve-chinois-et-reve-americain\/embed\/#?secret=zLDue8VHZI#?secret=gx34jWpazf\" data-secret=\"gx34jWpazf\" width=\"600\" height=\"338\" frameborder=\"0\" marginwidth=\"0\" marginheight=\"0\" scrolling=\"no\"><\/iframe>\n<\/div><\/figure>\n","protected":false},"excerpt":{"rendered":"<p>Le monde vivra \u00e0 court et moyen termes avec une inflation persistante? La d\u00e9gradation des pouvoirs d\u2019achat qui en r\u00e9sultera se traduirait par une mont\u00e9e des troubles sociaux en Afrique. <\/p>\n","protected":false},"author":8,"featured_media":9639266,"comment_status":"open","ping_status":"open","sticky":false,"template":"","format":"standard","meta":{"footnotes":""},"categories":[992,997,1000,2433],"tags":[41,24073,3016,3891,90381,110728,80209,102326],"class_list":["post-9638998","post","type-post","status-publish","format-standard","has-post-thumbnail","hentry","category-a-la-une","category-politique","category-tribune","category-tunisie","tag-afrique","tag-changement-climatique","tag-chine","tag-economie-verte","tag-ould-amar-yahya","tag-remondialisation","tag-transition-energetique","tag-vieillissement-de-la-population"],"yoast_head":"<!-- This site is optimized with the Yoast SEO plugin v26.6 - https:\/\/yoast.com\/wordpress\/plugins\/seo\/ -->\n<title>L\u2019Afrique face aux grands bouleversements en cours - Kapitalis<\/title>\n<meta name=\"robots\" content=\"index, follow, max-snippet:-1, max-image-preview:large, max-video-preview:-1\" \/>\n<link rel=\"canonical\" href=\"https:\/\/kapitalis.com\/tunisie\/2023\/09\/04\/lafrique-face-aux-grands-bouleversements-en-cours\/\" \/>\n<meta property=\"og:locale\" content=\"fr_FR\" \/>\n<meta property=\"og:type\" content=\"article\" \/>\n<meta property=\"og:title\" content=\"L\u2019Afrique face aux grands bouleversements en cours - Kapitalis\" \/>\n<meta property=\"og:description\" content=\"Le monde vivra \u00e0 court et moyen termes avec une inflation persistante? La d\u00e9gradation des pouvoirs d\u2019achat qui en r\u00e9sultera se traduirait par une mont\u00e9e des troubles sociaux en Afrique.\" \/>\n<meta property=\"og:url\" content=\"https:\/\/kapitalis.com\/tunisie\/2023\/09\/04\/lafrique-face-aux-grands-bouleversements-en-cours\/\" \/>\n<meta property=\"og:site_name\" content=\"Kapitalis\" \/>\n<meta property=\"article:publisher\" content=\"https:\/\/www.facebook.com\/KapitalisInfo\/\" \/>\n<meta property=\"article:published_time\" content=\"2023-09-04T06:56:43+00:00\" \/>\n<meta property=\"article:modified_time\" content=\"2023-09-04T06:56:45+00:00\" \/>\n<meta property=\"og:image\" content=\"https:\/\/kapitalis.com\/tunisie\/wp-content\/uploads\/2023\/09\/Raffinerie-de-petrole-Nigeria.jpg\" \/>\n\t<meta property=\"og:image:width\" content=\"1200\" \/>\n\t<meta property=\"og:image:height\" content=\"630\" \/>\n\t<meta property=\"og:image:type\" content=\"image\/jpeg\" \/>\n<meta name=\"author\" content=\"webmaster kapitalis\" \/>\n<meta name=\"twitter:card\" content=\"summary_large_image\" \/>\n<meta name=\"twitter:creator\" content=\"@KapitalisInfo\" \/>\n<meta name=\"twitter:site\" content=\"@KapitalisInfo\" \/>\n<meta name=\"twitter:label1\" content=\"\u00c9crit par\" \/>\n\t<meta name=\"twitter:data1\" content=\"webmaster kapitalis\" \/>\n\t<meta name=\"twitter:label2\" content=\"Dur\u00e9e de lecture estim\u00e9e\" \/>\n\t<meta name=\"twitter:data2\" content=\"9 minutes\" \/>\n<script type=\"application\/ld+json\" class=\"yoast-schema-graph\">{\"@context\":\"https:\/\/schema.org\",\"@graph\":[{\"@type\":\"Article\",\"@id\":\"https:\/\/kapitalis.com\/tunisie\/2023\/09\/04\/lafrique-face-aux-grands-bouleversements-en-cours\/#article\",\"isPartOf\":{\"@id\":\"https:\/\/kapitalis.com\/tunisie\/2023\/09\/04\/lafrique-face-aux-grands-bouleversements-en-cours\/\"},\"author\":{\"name\":\"webmaster kapitalis\",\"@id\":\"https:\/\/kapitalis.com\/tunisie\/#\/schema\/person\/d71f33a9ca44f7bad4698210b480c8e9\"},\"headline\":\"L\u2019Afrique face aux grands bouleversements en cours\",\"datePublished\":\"2023-09-04T06:56:43+00:00\",\"dateModified\":\"2023-09-04T06:56:45+00:00\",\"mainEntityOfPage\":{\"@id\":\"https:\/\/kapitalis.com\/tunisie\/2023\/09\/04\/lafrique-face-aux-grands-bouleversements-en-cours\/\"},\"wordCount\":1864,\"commentCount\":1,\"publisher\":{\"@id\":\"https:\/\/kapitalis.com\/tunisie\/#organization\"},\"image\":{\"@id\":\"https:\/\/kapitalis.com\/tunisie\/2023\/09\/04\/lafrique-face-aux-grands-bouleversements-en-cours\/#primaryimage\"},\"thumbnailUrl\":\"https:\/\/kapitalis.com\/tunisie\/wp-content\/uploads\/2023\/09\/Raffinerie-de-petrole-Nigeria.jpg\",\"keywords\":[\"Afrique\",\"changement climatique\",\"Chine\",\"\u00e9conomie verte\",\"Ould Amar Yahya\",\"remondialisation\",\"Transition \u00e9nerg\u00e9tique\",\"vieillissement de la population\"],\"articleSection\":[\"A LA UNE\",\"POLITIQUE\",\"TRIBUNE\",\"Tunisie\"],\"inLanguage\":\"fr-FR\",\"potentialAction\":[{\"@type\":\"CommentAction\",\"name\":\"Comment\",\"target\":[\"https:\/\/kapitalis.com\/tunisie\/2023\/09\/04\/lafrique-face-aux-grands-bouleversements-en-cours\/#respond\"]}]},{\"@type\":\"WebPage\",\"@id\":\"https:\/\/kapitalis.com\/tunisie\/2023\/09\/04\/lafrique-face-aux-grands-bouleversements-en-cours\/\",\"url\":\"https:\/\/kapitalis.com\/tunisie\/2023\/09\/04\/lafrique-face-aux-grands-bouleversements-en-cours\/\",\"name\":\"L\u2019Afrique face aux grands bouleversements en cours - Kapitalis\",\"isPartOf\":{\"@id\":\"https:\/\/kapitalis.com\/tunisie\/#website\"},\"primaryImageOfPage\":{\"@id\":\"https:\/\/kapitalis.com\/tunisie\/2023\/09\/04\/lafrique-face-aux-grands-bouleversements-en-cours\/#primaryimage\"},\"image\":{\"@id\":\"https:\/\/kapitalis.com\/tunisie\/2023\/09\/04\/lafrique-face-aux-grands-bouleversements-en-cours\/#primaryimage\"},\"thumbnailUrl\":\"https:\/\/kapitalis.com\/tunisie\/wp-content\/uploads\/2023\/09\/Raffinerie-de-petrole-Nigeria.jpg\",\"datePublished\":\"2023-09-04T06:56:43+00:00\",\"dateModified\":\"2023-09-04T06:56:45+00:00\",\"breadcrumb\":{\"@id\":\"https:\/\/kapitalis.com\/tunisie\/2023\/09\/04\/lafrique-face-aux-grands-bouleversements-en-cours\/#breadcrumb\"},\"inLanguage\":\"fr-FR\",\"potentialAction\":[{\"@type\":\"ReadAction\",\"target\":[\"https:\/\/kapitalis.com\/tunisie\/2023\/09\/04\/lafrique-face-aux-grands-bouleversements-en-cours\/\"]}]},{\"@type\":\"ImageObject\",\"inLanguage\":\"fr-FR\",\"@id\":\"https:\/\/kapitalis.com\/tunisie\/2023\/09\/04\/lafrique-face-aux-grands-bouleversements-en-cours\/#primaryimage\",\"url\":\"https:\/\/kapitalis.com\/tunisie\/wp-content\/uploads\/2023\/09\/Raffinerie-de-petrole-Nigeria.jpg\",\"contentUrl\":\"https:\/\/kapitalis.com\/tunisie\/wp-content\/uploads\/2023\/09\/Raffinerie-de-petrole-Nigeria.jpg\",\"width\":1200,\"height\":630},{\"@type\":\"BreadcrumbList\",\"@id\":\"https:\/\/kapitalis.com\/tunisie\/2023\/09\/04\/lafrique-face-aux-grands-bouleversements-en-cours\/#breadcrumb\",\"itemListElement\":[{\"@type\":\"ListItem\",\"position\":1,\"name\":\"Accueil\",\"item\":\"https:\/\/kapitalis.com\/tunisie\/\"},{\"@type\":\"ListItem\",\"position\":2,\"name\":\"L\u2019Afrique face aux grands bouleversements en cours\"}]},{\"@type\":\"WebSite\",\"@id\":\"https:\/\/kapitalis.com\/tunisie\/#website\",\"url\":\"https:\/\/kapitalis.com\/tunisie\/\",\"name\":\"Kapitalis\",\"description\":\"L&#039;actualit\u00e9 en Tunisie et dans le monde\",\"publisher\":{\"@id\":\"https:\/\/kapitalis.com\/tunisie\/#organization\"},\"potentialAction\":[{\"@type\":\"SearchAction\",\"target\":{\"@type\":\"EntryPoint\",\"urlTemplate\":\"https:\/\/kapitalis.com\/tunisie\/?s={search_term_string}\"},\"query-input\":{\"@type\":\"PropertyValueSpecification\",\"valueRequired\":true,\"valueName\":\"search_term_string\"}}],\"inLanguage\":\"fr-FR\"},{\"@type\":\"Organization\",\"@id\":\"https:\/\/kapitalis.com\/tunisie\/#organization\",\"name\":\"Kapitalis\",\"url\":\"https:\/\/kapitalis.com\/tunisie\/\",\"logo\":{\"@type\":\"ImageObject\",\"inLanguage\":\"fr-FR\",\"@id\":\"https:\/\/kapitalis.com\/tunisie\/#\/schema\/logo\/image\/\",\"url\":\"https:\/\/kapitalis.com\/tunisie\/wp-content\/uploads\/2022\/05\/Kapitalis-big-size.png\",\"contentUrl\":\"https:\/\/kapitalis.com\/tunisie\/wp-content\/uploads\/2022\/05\/Kapitalis-big-size.png\",\"width\":5000,\"height\":1500,\"caption\":\"Kapitalis\"},\"image\":{\"@id\":\"https:\/\/kapitalis.com\/tunisie\/#\/schema\/logo\/image\/\"},\"sameAs\":[\"https:\/\/www.facebook.com\/KapitalisInfo\/\",\"https:\/\/x.com\/KapitalisInfo\",\"https:\/\/www.youtube.com\/channel\/UC-yDYrHyfFBWWZaOw3FPg9Q\"]},{\"@type\":\"Person\",\"@id\":\"https:\/\/kapitalis.com\/tunisie\/#\/schema\/person\/d71f33a9ca44f7bad4698210b480c8e9\",\"name\":\"webmaster kapitalis\",\"url\":\"https:\/\/kapitalis.com\/tunisie\/author\/webmaster-kapitalis\/\"}]}<\/script>\n<!-- \/ Yoast SEO plugin. -->","yoast_head_json":{"title":"L\u2019Afrique face aux grands bouleversements en cours - Kapitalis","robots":{"index":"index","follow":"follow","max-snippet":"max-snippet:-1","max-image-preview":"max-image-preview:large","max-video-preview":"max-video-preview:-1"},"canonical":"https:\/\/kapitalis.com\/tunisie\/2023\/09\/04\/lafrique-face-aux-grands-bouleversements-en-cours\/","og_locale":"fr_FR","og_type":"article","og_title":"L\u2019Afrique face aux grands bouleversements en cours - Kapitalis","og_description":"Le monde vivra \u00e0 court et moyen termes avec une inflation persistante? La d\u00e9gradation des pouvoirs d\u2019achat qui en r\u00e9sultera se traduirait par une mont\u00e9e des troubles sociaux en Afrique.","og_url":"https:\/\/kapitalis.com\/tunisie\/2023\/09\/04\/lafrique-face-aux-grands-bouleversements-en-cours\/","og_site_name":"Kapitalis","article_publisher":"https:\/\/www.facebook.com\/KapitalisInfo\/","article_published_time":"2023-09-04T06:56:43+00:00","article_modified_time":"2023-09-04T06:56:45+00:00","og_image":[{"width":1200,"height":630,"url":"https:\/\/kapitalis.com\/tunisie\/wp-content\/uploads\/2023\/09\/Raffinerie-de-petrole-Nigeria.jpg","type":"image\/jpeg"}],"author":"webmaster kapitalis","twitter_card":"summary_large_image","twitter_creator":"@KapitalisInfo","twitter_site":"@KapitalisInfo","twitter_misc":{"\u00c9crit par":"webmaster kapitalis","Dur\u00e9e de lecture estim\u00e9e":"9 minutes"},"schema":{"@context":"https:\/\/schema.org","@graph":[{"@type":"Article","@id":"https:\/\/kapitalis.com\/tunisie\/2023\/09\/04\/lafrique-face-aux-grands-bouleversements-en-cours\/#article","isPartOf":{"@id":"https:\/\/kapitalis.com\/tunisie\/2023\/09\/04\/lafrique-face-aux-grands-bouleversements-en-cours\/"},"author":{"name":"webmaster kapitalis","@id":"https:\/\/kapitalis.com\/tunisie\/#\/schema\/person\/d71f33a9ca44f7bad4698210b480c8e9"},"headline":"L\u2019Afrique face aux grands bouleversements en cours","datePublished":"2023-09-04T06:56:43+00:00","dateModified":"2023-09-04T06:56:45+00:00","mainEntityOfPage":{"@id":"https:\/\/kapitalis.com\/tunisie\/2023\/09\/04\/lafrique-face-aux-grands-bouleversements-en-cours\/"},"wordCount":1864,"commentCount":1,"publisher":{"@id":"https:\/\/kapitalis.com\/tunisie\/#organization"},"image":{"@id":"https:\/\/kapitalis.com\/tunisie\/2023\/09\/04\/lafrique-face-aux-grands-bouleversements-en-cours\/#primaryimage"},"thumbnailUrl":"https:\/\/kapitalis.com\/tunisie\/wp-content\/uploads\/2023\/09\/Raffinerie-de-petrole-Nigeria.jpg","keywords":["Afrique","changement climatique","Chine","\u00e9conomie verte","Ould Amar Yahya","remondialisation","Transition \u00e9nerg\u00e9tique","vieillissement de la population"],"articleSection":["A LA UNE","POLITIQUE","TRIBUNE","Tunisie"],"inLanguage":"fr-FR","potentialAction":[{"@type":"CommentAction","name":"Comment","target":["https:\/\/kapitalis.com\/tunisie\/2023\/09\/04\/lafrique-face-aux-grands-bouleversements-en-cours\/#respond"]}]},{"@type":"WebPage","@id":"https:\/\/kapitalis.com\/tunisie\/2023\/09\/04\/lafrique-face-aux-grands-bouleversements-en-cours\/","url":"https:\/\/kapitalis.com\/tunisie\/2023\/09\/04\/lafrique-face-aux-grands-bouleversements-en-cours\/","name":"L\u2019Afrique face aux grands bouleversements en cours - Kapitalis","isPartOf":{"@id":"https:\/\/kapitalis.com\/tunisie\/#website"},"primaryImageOfPage":{"@id":"https:\/\/kapitalis.com\/tunisie\/2023\/09\/04\/lafrique-face-aux-grands-bouleversements-en-cours\/#primaryimage"},"image":{"@id":"https:\/\/kapitalis.com\/tunisie\/2023\/09\/04\/lafrique-face-aux-grands-bouleversements-en-cours\/#primaryimage"},"thumbnailUrl":"https:\/\/kapitalis.com\/tunisie\/wp-content\/uploads\/2023\/09\/Raffinerie-de-petrole-Nigeria.jpg","datePublished":"2023-09-04T06:56:43+00:00","dateModified":"2023-09-04T06:56:45+00:00","breadcrumb":{"@id":"https:\/\/kapitalis.com\/tunisie\/2023\/09\/04\/lafrique-face-aux-grands-bouleversements-en-cours\/#breadcrumb"},"inLanguage":"fr-FR","potentialAction":[{"@type":"ReadAction","target":["https:\/\/kapitalis.com\/tunisie\/2023\/09\/04\/lafrique-face-aux-grands-bouleversements-en-cours\/"]}]},{"@type":"ImageObject","inLanguage":"fr-FR","@id":"https:\/\/kapitalis.com\/tunisie\/2023\/09\/04\/lafrique-face-aux-grands-bouleversements-en-cours\/#primaryimage","url":"https:\/\/kapitalis.com\/tunisie\/wp-content\/uploads\/2023\/09\/Raffinerie-de-petrole-Nigeria.jpg","contentUrl":"https:\/\/kapitalis.com\/tunisie\/wp-content\/uploads\/2023\/09\/Raffinerie-de-petrole-Nigeria.jpg","width":1200,"height":630},{"@type":"BreadcrumbList","@id":"https:\/\/kapitalis.com\/tunisie\/2023\/09\/04\/lafrique-face-aux-grands-bouleversements-en-cours\/#breadcrumb","itemListElement":[{"@type":"ListItem","position":1,"name":"Accueil","item":"https:\/\/kapitalis.com\/tunisie\/"},{"@type":"ListItem","position":2,"name":"L\u2019Afrique face aux grands bouleversements en cours"}]},{"@type":"WebSite","@id":"https:\/\/kapitalis.com\/tunisie\/#website","url":"https:\/\/kapitalis.com\/tunisie\/","name":"Kapitalis","description":"L&#039;actualit\u00e9 en Tunisie et dans le monde","publisher":{"@id":"https:\/\/kapitalis.com\/tunisie\/#organization"},"potentialAction":[{"@type":"SearchAction","target":{"@type":"EntryPoint","urlTemplate":"https:\/\/kapitalis.com\/tunisie\/?s={search_term_string}"},"query-input":{"@type":"PropertyValueSpecification","valueRequired":true,"valueName":"search_term_string"}}],"inLanguage":"fr-FR"},{"@type":"Organization","@id":"https:\/\/kapitalis.com\/tunisie\/#organization","name":"Kapitalis","url":"https:\/\/kapitalis.com\/tunisie\/","logo":{"@type":"ImageObject","inLanguage":"fr-FR","@id":"https:\/\/kapitalis.com\/tunisie\/#\/schema\/logo\/image\/","url":"https:\/\/kapitalis.com\/tunisie\/wp-content\/uploads\/2022\/05\/Kapitalis-big-size.png","contentUrl":"https:\/\/kapitalis.com\/tunisie\/wp-content\/uploads\/2022\/05\/Kapitalis-big-size.png","width":5000,"height":1500,"caption":"Kapitalis"},"image":{"@id":"https:\/\/kapitalis.com\/tunisie\/#\/schema\/logo\/image\/"},"sameAs":["https:\/\/www.facebook.com\/KapitalisInfo\/","https:\/\/x.com\/KapitalisInfo","https:\/\/www.youtube.com\/channel\/UC-yDYrHyfFBWWZaOw3FPg9Q"]},{"@type":"Person","@id":"https:\/\/kapitalis.com\/tunisie\/#\/schema\/person\/d71f33a9ca44f7bad4698210b480c8e9","name":"webmaster kapitalis","url":"https:\/\/kapitalis.com\/tunisie\/author\/webmaster-kapitalis\/"}]}},"_links":{"self":[{"href":"https:\/\/kapitalis.com\/tunisie\/wp-json\/wp\/v2\/posts\/9638998","targetHints":{"allow":["GET"]}}],"collection":[{"href":"https:\/\/kapitalis.com\/tunisie\/wp-json\/wp\/v2\/posts"}],"about":[{"href":"https:\/\/kapitalis.com\/tunisie\/wp-json\/wp\/v2\/types\/post"}],"author":[{"embeddable":true,"href":"https:\/\/kapitalis.com\/tunisie\/wp-json\/wp\/v2\/users\/8"}],"replies":[{"embeddable":true,"href":"https:\/\/kapitalis.com\/tunisie\/wp-json\/wp\/v2\/comments?post=9638998"}],"version-history":[{"count":2,"href":"https:\/\/kapitalis.com\/tunisie\/wp-json\/wp\/v2\/posts\/9638998\/revisions"}],"predecessor-version":[{"id":9639287,"href":"https:\/\/kapitalis.com\/tunisie\/wp-json\/wp\/v2\/posts\/9638998\/revisions\/9639287"}],"wp:featuredmedia":[{"embeddable":true,"href":"https:\/\/kapitalis.com\/tunisie\/wp-json\/wp\/v2\/media\/9639266"}],"wp:attachment":[{"href":"https:\/\/kapitalis.com\/tunisie\/wp-json\/wp\/v2\/media?parent=9638998"}],"wp:term":[{"taxonomy":"category","embeddable":true,"href":"https:\/\/kapitalis.com\/tunisie\/wp-json\/wp\/v2\/categories?post=9638998"},{"taxonomy":"post_tag","embeddable":true,"href":"https:\/\/kapitalis.com\/tunisie\/wp-json\/wp\/v2\/tags?post=9638998"}],"curies":[{"name":"wp","href":"https:\/\/api.w.org\/{rel}","templated":true}]}}