{"id":96419,"date":"2017-05-15T17:32:36","date_gmt":"2017-05-15T17:02:36","guid":{"rendered":"http:\/\/kapitalis.com\/tunisie\/?p=96419"},"modified":"2017-05-15T17:32:36","modified_gmt":"2017-05-15T17:02:36","slug":"reconciliation-nationale-ennahdha-souffle-le-chaud-et-le-droit","status":"publish","type":"post","link":"https:\/\/kapitalis.com\/tunisie\/2017\/05\/15\/reconciliation-nationale-ennahdha-souffle-le-chaud-et-le-droit\/","title":{"rendered":"R\u00e9conciliation nationale : Ennahdha souffle le chaud et le droit"},"content":{"rendered":"<p style=\"text-align: center;\"><img loading=\"lazy\" decoding=\"async\" class=\"alignnone size-full wp-image-2654\" src=\"http:\/\/kapitalis.com\/tunisie\/wp-content\/uploads\/2015\/05\/Rached-Ghannouchi2.jpg\" alt=\"\" width=\"626\" height=\"380\" \/><\/p>\n<p><em><strong>Fid\u00e8le \u00e0 sa duplicit\u00e9 l\u00e9gendaire, le parti islamiste Ennahdha est \u00e0 la fois pour et contre le projet de loi sur la r\u00e9conciliation \u00e9conomique et financi\u00e8re.<\/strong> <\/em><\/p>\n<p><!--more--><\/p>\n<p>Ce projet de loi, actuellement examin\u00e9 \u00e0 l\u2019Assembl\u00e9e des repr\u00e9sentants du peuple (ARP), a \u00e9t\u00e9 pr\u00e9sent\u00e9 par le pr\u00e9sident de la r\u00e9publique B\u00e9ji Ca\u00efd Essebsi et il est soutenu par le chef du gouvernement Youssef Chahed. Ils attendent sa promulgation pour que les \u00e9nergies au sein de l\u2019administration publique et de la communaut\u00e9 des affaires, qui ont besoin du retour de la confiance, se lib\u00e8rent enfin.<\/p>\n<p>Mais si la plupart des partis ont une position plus ou moins tranch\u00e9e vis-\u00e0-vis de ce projet de loi, certains le soutenant sans r\u00e9serves et les autres lui vouant une hostilit\u00e9 rageuse, Ennahdha continue de tergiverser et d\u2019envoyer des signaux contraires. Et bien qu\u2019il soit associ\u00e9 au gouvernement d\u2019union nationale et que son pr\u00e9sident, Rached Ghannouchi, continue de filer le grand amour avec le pr\u00e9sident Ca\u00efd Essebsi, le parti islamiste h\u00e9site sur la d\u00e9marche \u00e0 suivre. Aussi, et sans \u00e9mettre d\u2019objection cat\u00e9gorique et d\u00e9finitive vis-\u00e0-vis de la derni\u00e8re version de ce texte, il appelle \u00e0 y introduire des modifications consistantes.<\/p>\n<p>Les mauvaises langues disent que les Nahdhaouis veulent faire profiter leurs troupes \u2013 qui ne se sont pas encore suffisamment gav\u00e9s de l\u2019argent des Tunisiens \u2013 des fonds qui seront collect\u00e9s par les op\u00e9rations de r\u00e9conciliation.<\/p>\n<p>Dans une d\u00e9claration, dimanche 14 mai 2017, \u00e0 Jawhara FM, M. Ghannouchi a pouss\u00e9 le cynisme qui le caract\u00e9rise jusqu\u2019\u00e0 menacer de faire rejeter le projet de loi par ses troupes \u00e0 l\u2019Assembl\u00e9e si les modifications que son parti a propos\u00e9es ne sont finalement pas adopt\u00e9es.<\/p>\n<p style=\"text-align: right;\"><strong>I. B.<\/strong><\/p>\n","protected":false},"excerpt":{"rendered":"<p>Fid\u00e8le \u00e0 sa duplicit\u00e9 l\u00e9gendaire, le parti islamiste Ennahdha est \u00e0 la fois pour et contre le projet de loi sur la r\u00e9conciliation \u00e9conomique et financi\u00e8re.<\/p>\n","protected":false},"author":8,"featured_media":0,"comment_status":"open","ping_status":"open","sticky":false,"template":"","format":"standard","meta":{"footnotes":""},"categories":[997,2433],"tags":[4858,1312,5906],"class_list":["post-96419","post","type-post","status-publish","format-standard","hentry","category-politique","category-tunisie","tag-nahdhaouis","tag-parti-islamiste","tag-reconciliation-economique-et-financiere"],"yoast_head":"<!-- This site is optimized with the Yoast SEO plugin v26.6 - https:\/\/yoast.com\/wordpress\/plugins\/seo\/ -->\n<title>R\u00e9conciliation nationale : Ennahdha souffle le chaud et le droit - Kapitalis<\/title>\n<meta name=\"robots\" content=\"index, follow, max-snippet:-1, max-image-preview:large, max-video-preview:-1\" \/>\n<link rel=\"canonical\" href=\"https:\/\/kapitalis.com\/tunisie\/2017\/05\/15\/reconciliation-nationale-ennahdha-souffle-le-chaud-et-le-droit\/\" \/>\n<meta property=\"og:locale\" content=\"fr_FR\" \/>\n<meta property=\"og:type\" content=\"article\" \/>\n<meta property=\"og:title\" content=\"R\u00e9conciliation nationale : Ennahdha souffle le chaud et le droit - Kapitalis\" \/>\n<meta property=\"og:description\" content=\"Fid\u00e8le \u00e0 sa duplicit\u00e9 l\u00e9gendaire, le parti islamiste Ennahdha est \u00e0 la fois pour et contre le projet de loi sur la r\u00e9conciliation \u00e9conomique et financi\u00e8re.\" \/>\n<meta property=\"og:url\" content=\"https:\/\/kapitalis.com\/tunisie\/2017\/05\/15\/reconciliation-nationale-ennahdha-souffle-le-chaud-et-le-droit\/\" \/>\n<meta property=\"og:site_name\" content=\"Kapitalis\" \/>\n<meta property=\"article:publisher\" content=\"https:\/\/www.facebook.com\/KapitalisInfo\/\" \/>\n<meta property=\"article:published_time\" content=\"2017-05-15T17:02:36+00:00\" \/>\n<meta property=\"og:image\" content=\"http:\/\/kapitalis.com\/tunisie\/wp-content\/uploads\/2015\/05\/Rached-Ghannouchi2.jpg\" \/>\n<meta name=\"author\" content=\"webmaster kapitalis\" \/>\n<meta name=\"twitter:card\" content=\"summary_large_image\" \/>\n<meta name=\"twitter:creator\" content=\"@KapitalisInfo\" \/>\n<meta name=\"twitter:site\" content=\"@KapitalisInfo\" \/>\n<meta name=\"twitter:label1\" content=\"\u00c9crit par\" \/>\n\t<meta name=\"twitter:data1\" content=\"webmaster kapitalis\" \/>\n\t<meta name=\"twitter:label2\" content=\"Dur\u00e9e de lecture estim\u00e9e\" \/>\n\t<meta name=\"twitter:data2\" content=\"2 minutes\" \/>\n<script type=\"application\/ld+json\" class=\"yoast-schema-graph\">{\"@context\":\"https:\/\/schema.org\",\"@graph\":[{\"@type\":\"Article\",\"@id\":\"https:\/\/kapitalis.com\/tunisie\/2017\/05\/15\/reconciliation-nationale-ennahdha-souffle-le-chaud-et-le-droit\/#article\",\"isPartOf\":{\"@id\":\"https:\/\/kapitalis.com\/tunisie\/2017\/05\/15\/reconciliation-nationale-ennahdha-souffle-le-chaud-et-le-droit\/\"},\"author\":{\"name\":\"webmaster kapitalis\",\"@id\":\"https:\/\/kapitalis.com\/tunisie\/#\/schema\/person\/d71f33a9ca44f7bad4698210b480c8e9\"},\"headline\":\"R\u00e9conciliation nationale : Ennahdha souffle le chaud et le droit\",\"datePublished\":\"2017-05-15T17:02:36+00:00\",\"mainEntityOfPage\":{\"@id\":\"https:\/\/kapitalis.com\/tunisie\/2017\/05\/15\/reconciliation-nationale-ennahdha-souffle-le-chaud-et-le-droit\/\"},\"wordCount\":316,\"commentCount\":4,\"publisher\":{\"@id\":\"https:\/\/kapitalis.com\/tunisie\/#organization\"},\"image\":{\"@id\":\"https:\/\/kapitalis.com\/tunisie\/2017\/05\/15\/reconciliation-nationale-ennahdha-souffle-le-chaud-et-le-droit\/#primaryimage\"},\"thumbnailUrl\":\"http:\/\/kapitalis.com\/tunisie\/wp-content\/uploads\/2015\/05\/Rached-Ghannouchi2.jpg\",\"keywords\":[\"Nahdhaouis\",\"parti islamiste\",\"r\u00e9conciliation \u00e9conomique et financi\u00e8re\"],\"articleSection\":[\"POLITIQUE\",\"Tunisie\"],\"inLanguage\":\"fr-FR\",\"potentialAction\":[{\"@type\":\"CommentAction\",\"name\":\"Comment\",\"target\":[\"https:\/\/kapitalis.com\/tunisie\/2017\/05\/15\/reconciliation-nationale-ennahdha-souffle-le-chaud-et-le-droit\/#respond\"]}]},{\"@type\":\"WebPage\",\"@id\":\"https:\/\/kapitalis.com\/tunisie\/2017\/05\/15\/reconciliation-nationale-ennahdha-souffle-le-chaud-et-le-droit\/\",\"url\":\"https:\/\/kapitalis.com\/tunisie\/2017\/05\/15\/reconciliation-nationale-ennahdha-souffle-le-chaud-et-le-droit\/\",\"name\":\"R\u00e9conciliation nationale : Ennahdha souffle le chaud et le droit - Kapitalis\",\"isPartOf\":{\"@id\":\"https:\/\/kapitalis.com\/tunisie\/#website\"},\"primaryImageOfPage\":{\"@id\":\"https:\/\/kapitalis.com\/tunisie\/2017\/05\/15\/reconciliation-nationale-ennahdha-souffle-le-chaud-et-le-droit\/#primaryimage\"},\"image\":{\"@id\":\"https:\/\/kapitalis.com\/tunisie\/2017\/05\/15\/reconciliation-nationale-ennahdha-souffle-le-chaud-et-le-droit\/#primaryimage\"},\"thumbnailUrl\":\"http:\/\/kapitalis.com\/tunisie\/wp-content\/uploads\/2015\/05\/Rached-Ghannouchi2.jpg\",\"datePublished\":\"2017-05-15T17:02:36+00:00\",\"breadcrumb\":{\"@id\":\"https:\/\/kapitalis.com\/tunisie\/2017\/05\/15\/reconciliation-nationale-ennahdha-souffle-le-chaud-et-le-droit\/#breadcrumb\"},\"inLanguage\":\"fr-FR\",\"potentialAction\":[{\"@type\":\"ReadAction\",\"target\":[\"https:\/\/kapitalis.com\/tunisie\/2017\/05\/15\/reconciliation-nationale-ennahdha-souffle-le-chaud-et-le-droit\/\"]}]},{\"@type\":\"ImageObject\",\"inLanguage\":\"fr-FR\",\"@id\":\"https:\/\/kapitalis.com\/tunisie\/2017\/05\/15\/reconciliation-nationale-ennahdha-souffle-le-chaud-et-le-droit\/#primaryimage\",\"url\":\"http:\/\/kapitalis.com\/tunisie\/wp-content\/uploads\/2015\/05\/Rached-Ghannouchi2.jpg\",\"contentUrl\":\"http:\/\/kapitalis.com\/tunisie\/wp-content\/uploads\/2015\/05\/Rached-Ghannouchi2.jpg\"},{\"@type\":\"BreadcrumbList\",\"@id\":\"https:\/\/kapitalis.com\/tunisie\/2017\/05\/15\/reconciliation-nationale-ennahdha-souffle-le-chaud-et-le-droit\/#breadcrumb\",\"itemListElement\":[{\"@type\":\"ListItem\",\"position\":1,\"name\":\"Accueil\",\"item\":\"https:\/\/kapitalis.com\/tunisie\/\"},{\"@type\":\"ListItem\",\"position\":2,\"name\":\"R\u00e9conciliation nationale : Ennahdha souffle le chaud et le droit\"}]},{\"@type\":\"WebSite\",\"@id\":\"https:\/\/kapitalis.com\/tunisie\/#website\",\"url\":\"https:\/\/kapitalis.com\/tunisie\/\",\"name\":\"Kapitalis\",\"description\":\"L&#039;actualit\u00e9 en Tunisie et dans le monde\",\"publisher\":{\"@id\":\"https:\/\/kapitalis.com\/tunisie\/#organization\"},\"potentialAction\":[{\"@type\":\"SearchAction\",\"target\":{\"@type\":\"EntryPoint\",\"urlTemplate\":\"https:\/\/kapitalis.com\/tunisie\/?s={search_term_string}\"},\"query-input\":{\"@type\":\"PropertyValueSpecification\",\"valueRequired\":true,\"valueName\":\"search_term_string\"}}],\"inLanguage\":\"fr-FR\"},{\"@type\":\"Organization\",\"@id\":\"https:\/\/kapitalis.com\/tunisie\/#organization\",\"name\":\"Kapitalis\",\"url\":\"https:\/\/kapitalis.com\/tunisie\/\",\"logo\":{\"@type\":\"ImageObject\",\"inLanguage\":\"fr-FR\",\"@id\":\"https:\/\/kapitalis.com\/tunisie\/#\/schema\/logo\/image\/\",\"url\":\"https:\/\/kapitalis.com\/tunisie\/wp-content\/uploads\/2022\/05\/Kapitalis-big-size.png\",\"contentUrl\":\"https:\/\/kapitalis.com\/tunisie\/wp-content\/uploads\/2022\/05\/Kapitalis-big-size.png\",\"width\":5000,\"height\":1500,\"caption\":\"Kapitalis\"},\"image\":{\"@id\":\"https:\/\/kapitalis.com\/tunisie\/#\/schema\/logo\/image\/\"},\"sameAs\":[\"https:\/\/www.facebook.com\/KapitalisInfo\/\",\"https:\/\/x.com\/KapitalisInfo\",\"https:\/\/www.youtube.com\/channel\/UC-yDYrHyfFBWWZaOw3FPg9Q\"]},{\"@type\":\"Person\",\"@id\":\"https:\/\/kapitalis.com\/tunisie\/#\/schema\/person\/d71f33a9ca44f7bad4698210b480c8e9\",\"name\":\"webmaster kapitalis\",\"url\":\"https:\/\/kapitalis.com\/tunisie\/author\/webmaster-kapitalis\/\"}]}<\/script>\n<!-- \/ Yoast SEO plugin. -->","yoast_head_json":{"title":"R\u00e9conciliation nationale : Ennahdha souffle le chaud et le droit - Kapitalis","robots":{"index":"index","follow":"follow","max-snippet":"max-snippet:-1","max-image-preview":"max-image-preview:large","max-video-preview":"max-video-preview:-1"},"canonical":"https:\/\/kapitalis.com\/tunisie\/2017\/05\/15\/reconciliation-nationale-ennahdha-souffle-le-chaud-et-le-droit\/","og_locale":"fr_FR","og_type":"article","og_title":"R\u00e9conciliation nationale : Ennahdha souffle le chaud et le droit - Kapitalis","og_description":"Fid\u00e8le \u00e0 sa duplicit\u00e9 l\u00e9gendaire, le parti islamiste Ennahdha est \u00e0 la fois pour et contre le projet de loi sur la r\u00e9conciliation \u00e9conomique et financi\u00e8re.","og_url":"https:\/\/kapitalis.com\/tunisie\/2017\/05\/15\/reconciliation-nationale-ennahdha-souffle-le-chaud-et-le-droit\/","og_site_name":"Kapitalis","article_publisher":"https:\/\/www.facebook.com\/KapitalisInfo\/","article_published_time":"2017-05-15T17:02:36+00:00","og_image":[{"url":"http:\/\/kapitalis.com\/tunisie\/wp-content\/uploads\/2015\/05\/Rached-Ghannouchi2.jpg","type":"","width":"","height":""}],"author":"webmaster kapitalis","twitter_card":"summary_large_image","twitter_creator":"@KapitalisInfo","twitter_site":"@KapitalisInfo","twitter_misc":{"\u00c9crit par":"webmaster kapitalis","Dur\u00e9e de lecture estim\u00e9e":"2 minutes"},"schema":{"@context":"https:\/\/schema.org","@graph":[{"@type":"Article","@id":"https:\/\/kapitalis.com\/tunisie\/2017\/05\/15\/reconciliation-nationale-ennahdha-souffle-le-chaud-et-le-droit\/#article","isPartOf":{"@id":"https:\/\/kapitalis.com\/tunisie\/2017\/05\/15\/reconciliation-nationale-ennahdha-souffle-le-chaud-et-le-droit\/"},"author":{"name":"webmaster kapitalis","@id":"https:\/\/kapitalis.com\/tunisie\/#\/schema\/person\/d71f33a9ca44f7bad4698210b480c8e9"},"headline":"R\u00e9conciliation nationale : Ennahdha souffle le chaud et le droit","datePublished":"2017-05-15T17:02:36+00:00","mainEntityOfPage":{"@id":"https:\/\/kapitalis.com\/tunisie\/2017\/05\/15\/reconciliation-nationale-ennahdha-souffle-le-chaud-et-le-droit\/"},"wordCount":316,"commentCount":4,"publisher":{"@id":"https:\/\/kapitalis.com\/tunisie\/#organization"},"image":{"@id":"https:\/\/kapitalis.com\/tunisie\/2017\/05\/15\/reconciliation-nationale-ennahdha-souffle-le-chaud-et-le-droit\/#primaryimage"},"thumbnailUrl":"http:\/\/kapitalis.com\/tunisie\/wp-content\/uploads\/2015\/05\/Rached-Ghannouchi2.jpg","keywords":["Nahdhaouis","parti islamiste","r\u00e9conciliation \u00e9conomique et financi\u00e8re"],"articleSection":["POLITIQUE","Tunisie"],"inLanguage":"fr-FR","potentialAction":[{"@type":"CommentAction","name":"Comment","target":["https:\/\/kapitalis.com\/tunisie\/2017\/05\/15\/reconciliation-nationale-ennahdha-souffle-le-chaud-et-le-droit\/#respond"]}]},{"@type":"WebPage","@id":"https:\/\/kapitalis.com\/tunisie\/2017\/05\/15\/reconciliation-nationale-ennahdha-souffle-le-chaud-et-le-droit\/","url":"https:\/\/kapitalis.com\/tunisie\/2017\/05\/15\/reconciliation-nationale-ennahdha-souffle-le-chaud-et-le-droit\/","name":"R\u00e9conciliation nationale : Ennahdha souffle le chaud et le droit - Kapitalis","isPartOf":{"@id":"https:\/\/kapitalis.com\/tunisie\/#website"},"primaryImageOfPage":{"@id":"https:\/\/kapitalis.com\/tunisie\/2017\/05\/15\/reconciliation-nationale-ennahdha-souffle-le-chaud-et-le-droit\/#primaryimage"},"image":{"@id":"https:\/\/kapitalis.com\/tunisie\/2017\/05\/15\/reconciliation-nationale-ennahdha-souffle-le-chaud-et-le-droit\/#primaryimage"},"thumbnailUrl":"http:\/\/kapitalis.com\/tunisie\/wp-content\/uploads\/2015\/05\/Rached-Ghannouchi2.jpg","datePublished":"2017-05-15T17:02:36+00:00","breadcrumb":{"@id":"https:\/\/kapitalis.com\/tunisie\/2017\/05\/15\/reconciliation-nationale-ennahdha-souffle-le-chaud-et-le-droit\/#breadcrumb"},"inLanguage":"fr-FR","potentialAction":[{"@type":"ReadAction","target":["https:\/\/kapitalis.com\/tunisie\/2017\/05\/15\/reconciliation-nationale-ennahdha-souffle-le-chaud-et-le-droit\/"]}]},{"@type":"ImageObject","inLanguage":"fr-FR","@id":"https:\/\/kapitalis.com\/tunisie\/2017\/05\/15\/reconciliation-nationale-ennahdha-souffle-le-chaud-et-le-droit\/#primaryimage","url":"http:\/\/kapitalis.com\/tunisie\/wp-content\/uploads\/2015\/05\/Rached-Ghannouchi2.jpg","contentUrl":"http:\/\/kapitalis.com\/tunisie\/wp-content\/uploads\/2015\/05\/Rached-Ghannouchi2.jpg"},{"@type":"BreadcrumbList","@id":"https:\/\/kapitalis.com\/tunisie\/2017\/05\/15\/reconciliation-nationale-ennahdha-souffle-le-chaud-et-le-droit\/#breadcrumb","itemListElement":[{"@type":"ListItem","position":1,"name":"Accueil","item":"https:\/\/kapitalis.com\/tunisie\/"},{"@type":"ListItem","position":2,"name":"R\u00e9conciliation nationale : Ennahdha souffle le chaud et le droit"}]},{"@type":"WebSite","@id":"https:\/\/kapitalis.com\/tunisie\/#website","url":"https:\/\/kapitalis.com\/tunisie\/","name":"Kapitalis","description":"L&#039;actualit\u00e9 en Tunisie et dans le monde","publisher":{"@id":"https:\/\/kapitalis.com\/tunisie\/#organization"},"potentialAction":[{"@type":"SearchAction","target":{"@type":"EntryPoint","urlTemplate":"https:\/\/kapitalis.com\/tunisie\/?s={search_term_string}"},"query-input":{"@type":"PropertyValueSpecification","valueRequired":true,"valueName":"search_term_string"}}],"inLanguage":"fr-FR"},{"@type":"Organization","@id":"https:\/\/kapitalis.com\/tunisie\/#organization","name":"Kapitalis","url":"https:\/\/kapitalis.com\/tunisie\/","logo":{"@type":"ImageObject","inLanguage":"fr-FR","@id":"https:\/\/kapitalis.com\/tunisie\/#\/schema\/logo\/image\/","url":"https:\/\/kapitalis.com\/tunisie\/wp-content\/uploads\/2022\/05\/Kapitalis-big-size.png","contentUrl":"https:\/\/kapitalis.com\/tunisie\/wp-content\/uploads\/2022\/05\/Kapitalis-big-size.png","width":5000,"height":1500,"caption":"Kapitalis"},"image":{"@id":"https:\/\/kapitalis.com\/tunisie\/#\/schema\/logo\/image\/"},"sameAs":["https:\/\/www.facebook.com\/KapitalisInfo\/","https:\/\/x.com\/KapitalisInfo","https:\/\/www.youtube.com\/channel\/UC-yDYrHyfFBWWZaOw3FPg9Q"]},{"@type":"Person","@id":"https:\/\/kapitalis.com\/tunisie\/#\/schema\/person\/d71f33a9ca44f7bad4698210b480c8e9","name":"webmaster kapitalis","url":"https:\/\/kapitalis.com\/tunisie\/author\/webmaster-kapitalis\/"}]}},"_links":{"self":[{"href":"https:\/\/kapitalis.com\/tunisie\/wp-json\/wp\/v2\/posts\/96419","targetHints":{"allow":["GET"]}}],"collection":[{"href":"https:\/\/kapitalis.com\/tunisie\/wp-json\/wp\/v2\/posts"}],"about":[{"href":"https:\/\/kapitalis.com\/tunisie\/wp-json\/wp\/v2\/types\/post"}],"author":[{"embeddable":true,"href":"https:\/\/kapitalis.com\/tunisie\/wp-json\/wp\/v2\/users\/8"}],"replies":[{"embeddable":true,"href":"https:\/\/kapitalis.com\/tunisie\/wp-json\/wp\/v2\/comments?post=96419"}],"version-history":[{"count":0,"href":"https:\/\/kapitalis.com\/tunisie\/wp-json\/wp\/v2\/posts\/96419\/revisions"}],"wp:attachment":[{"href":"https:\/\/kapitalis.com\/tunisie\/wp-json\/wp\/v2\/media?parent=96419"}],"wp:term":[{"taxonomy":"category","embeddable":true,"href":"https:\/\/kapitalis.com\/tunisie\/wp-json\/wp\/v2\/categories?post=96419"},{"taxonomy":"post_tag","embeddable":true,"href":"https:\/\/kapitalis.com\/tunisie\/wp-json\/wp\/v2\/tags?post=96419"}],"curies":[{"name":"wp","href":"https:\/\/api.w.org\/{rel}","templated":true}]}}