{"id":9656017,"date":"2023-09-05T08:49:24","date_gmt":"2023-09-05T07:49:24","guid":{"rendered":"https:\/\/kapitalis.com\/tunisie\/?p=9656017"},"modified":"2023-09-05T08:49:26","modified_gmt":"2023-09-05T07:49:26","slug":"tunisie-la-commission-electorale-attend-les-decisions-du-chef-de-letat","status":"publish","type":"post","link":"https:\/\/kapitalis.com\/tunisie\/2023\/09\/05\/tunisie-la-commission-electorale-attend-les-decisions-du-chef-de-letat\/","title":{"rendered":"Tunisie : la commission \u00e9lectorale attend les d\u00e9cisions du chef de l&rsquo;Etat"},"content":{"rendered":"\n<p><strong><em>Le pourvoi des postes vacants au sein de l\u2019Instance sup\u00e9rieure ind\u00e9pendante pour les \u00e9lections (Isie) a \u00e9t\u00e9 au centre d\u2019une rencontre entre le pr\u00e9sident Ka\u00efs Sa\u00efed et le chef de l\u2019Isie, Farouk Bouasker, au palais de Carthage, lundi 4 septembre 2023.<\/em><\/strong><\/p>\n\n\n\n<!--more-->\n\n\n\n<p>Les postes vacants seront bient\u00f4t pourvus sur la base de l\u2019efficacit\u00e9 et de l\u2019int\u00e9grit\u00e9 avant la publication du d\u00e9cret relatif \u00e0 l\u2019\u00e9lection des membres du Conseil national des r\u00e9gions et des districts, a indiqu\u00e9 la pr\u00e9sidence dans un communiqu\u00e9, sans pr\u00e9ciser les crit\u00e8res et les proc\u00e9dures techniques et l\u00e9gales qui seront suivies dans le choix et la nomination des nouveaux membres. On peut cependant deviner qu&rsquo;ils seront choisis et nomm\u00e9s par le chef de l&rsquo;Etat, comme le furent du reste avant eux M. Bouasker et ses coll\u00e8gues du bureau actuel de l&rsquo;Isie. <\/p>\n\n\n\n<p>Or, il n\u2019\u00e9chappe \u00e0 personne qu\u2019en cas de nomination directe par d\u00e9cret pr\u00e9sidentiel,\u00a0c\u2019est l\u2019ind\u00e9pendance m\u00eame de l\u2019Isie et sa cr\u00e9dibilit\u00e9 qui pourraient \u00eatre contest\u00e9es et remises en question, politiquement et l\u00e9galement, surtout que le pr\u00e9sident de la r\u00e9publique pourrait \u00eatre candidat \u00e0 sa propre succession lors de la prochaine pr\u00e9sidentielle en 2024. \u00a0<\/p>\n\n\n\n<p>Le communiqu\u00e9 de la pr\u00e9sidence a, par ailleurs, soulign\u00e9 qu\u2019un projet de d\u00e9cret a \u00e9t\u00e9 pr\u00e9par\u00e9 concernant le d\u00e9coupage des circonscriptions \u00e9lectorales et la d\u00e9termination du nombre de si\u00e8ges qui leur sont attribu\u00e9s pour l\u2019\u00e9lection des membres de ce conseil.<\/p>\n\n\n\n<p>La r\u00e9union a aussi soulign\u00e9 la n\u00e9cessit\u00e9 d\u2019une application stricte de la loi pour garantir que les \u00e9lections soient une v\u00e9ritable expression de la volont\u00e9 de l\u2019\u00e9lectorat. Et pour faire face \u00e0 l\u2019argent sale qui fait une remarquable apparition lors de chaque \u00e9lection.<\/p>\n\n\n\n<p>Rappelons que les deux postes \u00e0 pourvoir sont ceux laiss\u00e9s vacants apr\u00e8s le limogeage de Sami Ben Slama et Maher Jedidi, acte qualifi\u00e9 d&rsquo;ill\u00e9gal par ces derniers.  <\/p>\n\n\n\n<p class=\"has-text-align-right\"><strong>I. B.<\/strong><\/p>\n\n\n\n<figure class=\"wp-block-embed is-type-wp-embed is-provider-kapitalis wp-block-embed-kapitalis\"><div class=\"wp-block-embed__wrapper\">\n<blockquote class=\"wp-embedded-content\" data-secret=\"rPzxUAouIM\"><a href=\"https:\/\/kapitalis.com\/tunisie\/2023\/07\/08\/tunisie-farouk-bouasker-fait-le-vide-autour-de-lui\/\">Tunisie : Farouk Bouasker fait le vide autour de lui<\/a><\/blockquote><iframe loading=\"lazy\" class=\"wp-embedded-content\" sandbox=\"allow-scripts\" security=\"restricted\" style=\"position: absolute; clip: rect(1px, 1px, 1px, 1px);\" title=\"\u00ab\u00a0Tunisie : Farouk Bouasker fait le vide autour de lui\u00a0\u00bb &#8212; Kapitalis\" src=\"https:\/\/kapitalis.com\/tunisie\/2023\/07\/08\/tunisie-farouk-bouasker-fait-le-vide-autour-de-lui\/embed\/#?secret=M5sc43oQvf#?secret=rPzxUAouIM\" data-secret=\"rPzxUAouIM\" width=\"600\" height=\"338\" frameborder=\"0\" marginwidth=\"0\" marginheight=\"0\" scrolling=\"no\"><\/iframe>\n<\/div><\/figure>\n","protected":false},"excerpt":{"rendered":"<p>Le pourvoi des postes vacants au sein de l\u2019Isie discut\u00e9 par le pr\u00e9sident de la commission \u00e9lectorale et le pr\u00e9sident de la r\u00e9publique. <\/p>\n","protected":false},"author":8,"featured_media":9656108,"comment_status":"open","ping_status":"open","sticky":false,"template":"","format":"standard","meta":{"footnotes":""},"categories":[997,2433],"tags":[110744,64353,499,76012,99923,4797,40484,62643],"class_list":["post-9656017","post","type-post","status-publish","format-standard","has-post-thumbnail","hentry","category-politique","category-tunisie","tag-conseil-national-des-regions-et-des-districts","tag-farouk-bouasker","tag-isie","tag-kais-saied-2","tag-maher-jedidi","tag-presidentielle","tag-sami-ben-slama","tag-tunisie"],"yoast_head":"<!-- This site is optimized with the Yoast SEO plugin v26.6 - https:\/\/yoast.com\/wordpress\/plugins\/seo\/ -->\n<title>Tunisie : la commission \u00e9lectorale attend les d\u00e9cisions du chef de l&#039;Etat - Kapitalis<\/title>\n<meta name=\"robots\" content=\"index, follow, max-snippet:-1, max-image-preview:large, max-video-preview:-1\" \/>\n<link rel=\"canonical\" href=\"https:\/\/kapitalis.com\/tunisie\/2023\/09\/05\/tunisie-la-commission-electorale-attend-les-decisions-du-chef-de-letat\/\" \/>\n<meta property=\"og:locale\" content=\"fr_FR\" \/>\n<meta property=\"og:type\" content=\"article\" \/>\n<meta property=\"og:title\" content=\"Tunisie : la commission \u00e9lectorale attend les d\u00e9cisions du chef de l&#039;Etat - Kapitalis\" \/>\n<meta property=\"og:description\" content=\"Le pourvoi des postes vacants au sein de l\u2019Isie discut\u00e9 par le pr\u00e9sident de la commission \u00e9lectorale et le pr\u00e9sident de la r\u00e9publique.\" \/>\n<meta property=\"og:url\" content=\"https:\/\/kapitalis.com\/tunisie\/2023\/09\/05\/tunisie-la-commission-electorale-attend-les-decisions-du-chef-de-letat\/\" \/>\n<meta property=\"og:site_name\" content=\"Kapitalis\" \/>\n<meta property=\"article:publisher\" content=\"https:\/\/www.facebook.com\/KapitalisInfo\/\" \/>\n<meta property=\"article:published_time\" content=\"2023-09-05T07:49:24+00:00\" \/>\n<meta property=\"article:modified_time\" content=\"2023-09-05T07:49:26+00:00\" \/>\n<meta property=\"og:image\" content=\"https:\/\/kapitalis.com\/tunisie\/wp-content\/uploads\/2023\/09\/Kais-Saied-Farouk-Bouasker.jpg\" \/>\n\t<meta property=\"og:image:width\" content=\"1200\" \/>\n\t<meta property=\"og:image:height\" content=\"630\" \/>\n\t<meta property=\"og:image:type\" content=\"image\/jpeg\" \/>\n<meta name=\"author\" content=\"webmaster kapitalis\" \/>\n<meta name=\"twitter:card\" content=\"summary_large_image\" \/>\n<meta name=\"twitter:creator\" content=\"@KapitalisInfo\" \/>\n<meta name=\"twitter:site\" content=\"@KapitalisInfo\" \/>\n<meta name=\"twitter:label1\" content=\"\u00c9crit par\" \/>\n\t<meta name=\"twitter:data1\" content=\"webmaster kapitalis\" \/>\n\t<meta name=\"twitter:label2\" content=\"Dur\u00e9e de lecture estim\u00e9e\" \/>\n\t<meta name=\"twitter:data2\" content=\"2 minutes\" \/>\n<script type=\"application\/ld+json\" class=\"yoast-schema-graph\">{\"@context\":\"https:\/\/schema.org\",\"@graph\":[{\"@type\":\"Article\",\"@id\":\"https:\/\/kapitalis.com\/tunisie\/2023\/09\/05\/tunisie-la-commission-electorale-attend-les-decisions-du-chef-de-letat\/#article\",\"isPartOf\":{\"@id\":\"https:\/\/kapitalis.com\/tunisie\/2023\/09\/05\/tunisie-la-commission-electorale-attend-les-decisions-du-chef-de-letat\/\"},\"author\":{\"name\":\"webmaster kapitalis\",\"@id\":\"https:\/\/kapitalis.com\/tunisie\/#\/schema\/person\/d71f33a9ca44f7bad4698210b480c8e9\"},\"headline\":\"Tunisie : la commission \u00e9lectorale attend les d\u00e9cisions du chef de l&rsquo;Etat\",\"datePublished\":\"2023-09-05T07:49:24+00:00\",\"dateModified\":\"2023-09-05T07:49:26+00:00\",\"mainEntityOfPage\":{\"@id\":\"https:\/\/kapitalis.com\/tunisie\/2023\/09\/05\/tunisie-la-commission-electorale-attend-les-decisions-du-chef-de-letat\/\"},\"wordCount\":362,\"commentCount\":0,\"publisher\":{\"@id\":\"https:\/\/kapitalis.com\/tunisie\/#organization\"},\"image\":{\"@id\":\"https:\/\/kapitalis.com\/tunisie\/2023\/09\/05\/tunisie-la-commission-electorale-attend-les-decisions-du-chef-de-letat\/#primaryimage\"},\"thumbnailUrl\":\"https:\/\/kapitalis.com\/tunisie\/wp-content\/uploads\/2023\/09\/Kais-Saied-Farouk-Bouasker.jpg\",\"keywords\":[\"Conseil national des r\u00e9gions et des districts\",\"Farouk Bouasker\",\"Isie\",\"Ka\u00efs Sa\u00efed\",\"Maher Jedidi\",\"pr\u00e9sidentielle\",\"Sami Ben Slama\",\"Tunisie\"],\"articleSection\":[\"POLITIQUE\",\"Tunisie\"],\"inLanguage\":\"fr-FR\",\"potentialAction\":[{\"@type\":\"CommentAction\",\"name\":\"Comment\",\"target\":[\"https:\/\/kapitalis.com\/tunisie\/2023\/09\/05\/tunisie-la-commission-electorale-attend-les-decisions-du-chef-de-letat\/#respond\"]}]},{\"@type\":\"WebPage\",\"@id\":\"https:\/\/kapitalis.com\/tunisie\/2023\/09\/05\/tunisie-la-commission-electorale-attend-les-decisions-du-chef-de-letat\/\",\"url\":\"https:\/\/kapitalis.com\/tunisie\/2023\/09\/05\/tunisie-la-commission-electorale-attend-les-decisions-du-chef-de-letat\/\",\"name\":\"Tunisie : la commission \u00e9lectorale attend les d\u00e9cisions du chef de l'Etat - Kapitalis\",\"isPartOf\":{\"@id\":\"https:\/\/kapitalis.com\/tunisie\/#website\"},\"primaryImageOfPage\":{\"@id\":\"https:\/\/kapitalis.com\/tunisie\/2023\/09\/05\/tunisie-la-commission-electorale-attend-les-decisions-du-chef-de-letat\/#primaryimage\"},\"image\":{\"@id\":\"https:\/\/kapitalis.com\/tunisie\/2023\/09\/05\/tunisie-la-commission-electorale-attend-les-decisions-du-chef-de-letat\/#primaryimage\"},\"thumbnailUrl\":\"https:\/\/kapitalis.com\/tunisie\/wp-content\/uploads\/2023\/09\/Kais-Saied-Farouk-Bouasker.jpg\",\"datePublished\":\"2023-09-05T07:49:24+00:00\",\"dateModified\":\"2023-09-05T07:49:26+00:00\",\"breadcrumb\":{\"@id\":\"https:\/\/kapitalis.com\/tunisie\/2023\/09\/05\/tunisie-la-commission-electorale-attend-les-decisions-du-chef-de-letat\/#breadcrumb\"},\"inLanguage\":\"fr-FR\",\"potentialAction\":[{\"@type\":\"ReadAction\",\"target\":[\"https:\/\/kapitalis.com\/tunisie\/2023\/09\/05\/tunisie-la-commission-electorale-attend-les-decisions-du-chef-de-letat\/\"]}]},{\"@type\":\"ImageObject\",\"inLanguage\":\"fr-FR\",\"@id\":\"https:\/\/kapitalis.com\/tunisie\/2023\/09\/05\/tunisie-la-commission-electorale-attend-les-decisions-du-chef-de-letat\/#primaryimage\",\"url\":\"https:\/\/kapitalis.com\/tunisie\/wp-content\/uploads\/2023\/09\/Kais-Saied-Farouk-Bouasker.jpg\",\"contentUrl\":\"https:\/\/kapitalis.com\/tunisie\/wp-content\/uploads\/2023\/09\/Kais-Saied-Farouk-Bouasker.jpg\",\"width\":1200,\"height\":630},{\"@type\":\"BreadcrumbList\",\"@id\":\"https:\/\/kapitalis.com\/tunisie\/2023\/09\/05\/tunisie-la-commission-electorale-attend-les-decisions-du-chef-de-letat\/#breadcrumb\",\"itemListElement\":[{\"@type\":\"ListItem\",\"position\":1,\"name\":\"Accueil\",\"item\":\"https:\/\/kapitalis.com\/tunisie\/\"},{\"@type\":\"ListItem\",\"position\":2,\"name\":\"Tunisie : la commission \u00e9lectorale attend les d\u00e9cisions du chef de l&rsquo;Etat\"}]},{\"@type\":\"WebSite\",\"@id\":\"https:\/\/kapitalis.com\/tunisie\/#website\",\"url\":\"https:\/\/kapitalis.com\/tunisie\/\",\"name\":\"Kapitalis\",\"description\":\"L&#039;actualit\u00e9 en Tunisie et dans le monde\",\"publisher\":{\"@id\":\"https:\/\/kapitalis.com\/tunisie\/#organization\"},\"potentialAction\":[{\"@type\":\"SearchAction\",\"target\":{\"@type\":\"EntryPoint\",\"urlTemplate\":\"https:\/\/kapitalis.com\/tunisie\/?s={search_term_string}\"},\"query-input\":{\"@type\":\"PropertyValueSpecification\",\"valueRequired\":true,\"valueName\":\"search_term_string\"}}],\"inLanguage\":\"fr-FR\"},{\"@type\":\"Organization\",\"@id\":\"https:\/\/kapitalis.com\/tunisie\/#organization\",\"name\":\"Kapitalis\",\"url\":\"https:\/\/kapitalis.com\/tunisie\/\",\"logo\":{\"@type\":\"ImageObject\",\"inLanguage\":\"fr-FR\",\"@id\":\"https:\/\/kapitalis.com\/tunisie\/#\/schema\/logo\/image\/\",\"url\":\"https:\/\/kapitalis.com\/tunisie\/wp-content\/uploads\/2022\/05\/Kapitalis-big-size.png\",\"contentUrl\":\"https:\/\/kapitalis.com\/tunisie\/wp-content\/uploads\/2022\/05\/Kapitalis-big-size.png\",\"width\":5000,\"height\":1500,\"caption\":\"Kapitalis\"},\"image\":{\"@id\":\"https:\/\/kapitalis.com\/tunisie\/#\/schema\/logo\/image\/\"},\"sameAs\":[\"https:\/\/www.facebook.com\/KapitalisInfo\/\",\"https:\/\/x.com\/KapitalisInfo\",\"https:\/\/www.youtube.com\/channel\/UC-yDYrHyfFBWWZaOw3FPg9Q\"]},{\"@type\":\"Person\",\"@id\":\"https:\/\/kapitalis.com\/tunisie\/#\/schema\/person\/d71f33a9ca44f7bad4698210b480c8e9\",\"name\":\"webmaster kapitalis\",\"url\":\"https:\/\/kapitalis.com\/tunisie\/author\/webmaster-kapitalis\/\"}]}<\/script>\n<!-- \/ Yoast SEO plugin. -->","yoast_head_json":{"title":"Tunisie : la commission \u00e9lectorale attend les d\u00e9cisions du chef de l'Etat - Kapitalis","robots":{"index":"index","follow":"follow","max-snippet":"max-snippet:-1","max-image-preview":"max-image-preview:large","max-video-preview":"max-video-preview:-1"},"canonical":"https:\/\/kapitalis.com\/tunisie\/2023\/09\/05\/tunisie-la-commission-electorale-attend-les-decisions-du-chef-de-letat\/","og_locale":"fr_FR","og_type":"article","og_title":"Tunisie : la commission \u00e9lectorale attend les d\u00e9cisions du chef de l'Etat - Kapitalis","og_description":"Le pourvoi des postes vacants au sein de l\u2019Isie discut\u00e9 par le pr\u00e9sident de la commission \u00e9lectorale et le pr\u00e9sident de la r\u00e9publique.","og_url":"https:\/\/kapitalis.com\/tunisie\/2023\/09\/05\/tunisie-la-commission-electorale-attend-les-decisions-du-chef-de-letat\/","og_site_name":"Kapitalis","article_publisher":"https:\/\/www.facebook.com\/KapitalisInfo\/","article_published_time":"2023-09-05T07:49:24+00:00","article_modified_time":"2023-09-05T07:49:26+00:00","og_image":[{"width":1200,"height":630,"url":"https:\/\/kapitalis.com\/tunisie\/wp-content\/uploads\/2023\/09\/Kais-Saied-Farouk-Bouasker.jpg","type":"image\/jpeg"}],"author":"webmaster kapitalis","twitter_card":"summary_large_image","twitter_creator":"@KapitalisInfo","twitter_site":"@KapitalisInfo","twitter_misc":{"\u00c9crit par":"webmaster kapitalis","Dur\u00e9e de lecture estim\u00e9e":"2 minutes"},"schema":{"@context":"https:\/\/schema.org","@graph":[{"@type":"Article","@id":"https:\/\/kapitalis.com\/tunisie\/2023\/09\/05\/tunisie-la-commission-electorale-attend-les-decisions-du-chef-de-letat\/#article","isPartOf":{"@id":"https:\/\/kapitalis.com\/tunisie\/2023\/09\/05\/tunisie-la-commission-electorale-attend-les-decisions-du-chef-de-letat\/"},"author":{"name":"webmaster kapitalis","@id":"https:\/\/kapitalis.com\/tunisie\/#\/schema\/person\/d71f33a9ca44f7bad4698210b480c8e9"},"headline":"Tunisie : la commission \u00e9lectorale attend les d\u00e9cisions du chef de l&rsquo;Etat","datePublished":"2023-09-05T07:49:24+00:00","dateModified":"2023-09-05T07:49:26+00:00","mainEntityOfPage":{"@id":"https:\/\/kapitalis.com\/tunisie\/2023\/09\/05\/tunisie-la-commission-electorale-attend-les-decisions-du-chef-de-letat\/"},"wordCount":362,"commentCount":0,"publisher":{"@id":"https:\/\/kapitalis.com\/tunisie\/#organization"},"image":{"@id":"https:\/\/kapitalis.com\/tunisie\/2023\/09\/05\/tunisie-la-commission-electorale-attend-les-decisions-du-chef-de-letat\/#primaryimage"},"thumbnailUrl":"https:\/\/kapitalis.com\/tunisie\/wp-content\/uploads\/2023\/09\/Kais-Saied-Farouk-Bouasker.jpg","keywords":["Conseil national des r\u00e9gions et des districts","Farouk Bouasker","Isie","Ka\u00efs Sa\u00efed","Maher Jedidi","pr\u00e9sidentielle","Sami Ben Slama","Tunisie"],"articleSection":["POLITIQUE","Tunisie"],"inLanguage":"fr-FR","potentialAction":[{"@type":"CommentAction","name":"Comment","target":["https:\/\/kapitalis.com\/tunisie\/2023\/09\/05\/tunisie-la-commission-electorale-attend-les-decisions-du-chef-de-letat\/#respond"]}]},{"@type":"WebPage","@id":"https:\/\/kapitalis.com\/tunisie\/2023\/09\/05\/tunisie-la-commission-electorale-attend-les-decisions-du-chef-de-letat\/","url":"https:\/\/kapitalis.com\/tunisie\/2023\/09\/05\/tunisie-la-commission-electorale-attend-les-decisions-du-chef-de-letat\/","name":"Tunisie : la commission \u00e9lectorale attend les d\u00e9cisions du chef de l'Etat - Kapitalis","isPartOf":{"@id":"https:\/\/kapitalis.com\/tunisie\/#website"},"primaryImageOfPage":{"@id":"https:\/\/kapitalis.com\/tunisie\/2023\/09\/05\/tunisie-la-commission-electorale-attend-les-decisions-du-chef-de-letat\/#primaryimage"},"image":{"@id":"https:\/\/kapitalis.com\/tunisie\/2023\/09\/05\/tunisie-la-commission-electorale-attend-les-decisions-du-chef-de-letat\/#primaryimage"},"thumbnailUrl":"https:\/\/kapitalis.com\/tunisie\/wp-content\/uploads\/2023\/09\/Kais-Saied-Farouk-Bouasker.jpg","datePublished":"2023-09-05T07:49:24+00:00","dateModified":"2023-09-05T07:49:26+00:00","breadcrumb":{"@id":"https:\/\/kapitalis.com\/tunisie\/2023\/09\/05\/tunisie-la-commission-electorale-attend-les-decisions-du-chef-de-letat\/#breadcrumb"},"inLanguage":"fr-FR","potentialAction":[{"@type":"ReadAction","target":["https:\/\/kapitalis.com\/tunisie\/2023\/09\/05\/tunisie-la-commission-electorale-attend-les-decisions-du-chef-de-letat\/"]}]},{"@type":"ImageObject","inLanguage":"fr-FR","@id":"https:\/\/kapitalis.com\/tunisie\/2023\/09\/05\/tunisie-la-commission-electorale-attend-les-decisions-du-chef-de-letat\/#primaryimage","url":"https:\/\/kapitalis.com\/tunisie\/wp-content\/uploads\/2023\/09\/Kais-Saied-Farouk-Bouasker.jpg","contentUrl":"https:\/\/kapitalis.com\/tunisie\/wp-content\/uploads\/2023\/09\/Kais-Saied-Farouk-Bouasker.jpg","width":1200,"height":630},{"@type":"BreadcrumbList","@id":"https:\/\/kapitalis.com\/tunisie\/2023\/09\/05\/tunisie-la-commission-electorale-attend-les-decisions-du-chef-de-letat\/#breadcrumb","itemListElement":[{"@type":"ListItem","position":1,"name":"Accueil","item":"https:\/\/kapitalis.com\/tunisie\/"},{"@type":"ListItem","position":2,"name":"Tunisie : la commission \u00e9lectorale attend les d\u00e9cisions du chef de l&rsquo;Etat"}]},{"@type":"WebSite","@id":"https:\/\/kapitalis.com\/tunisie\/#website","url":"https:\/\/kapitalis.com\/tunisie\/","name":"Kapitalis","description":"L&#039;actualit\u00e9 en Tunisie et dans le monde","publisher":{"@id":"https:\/\/kapitalis.com\/tunisie\/#organization"},"potentialAction":[{"@type":"SearchAction","target":{"@type":"EntryPoint","urlTemplate":"https:\/\/kapitalis.com\/tunisie\/?s={search_term_string}"},"query-input":{"@type":"PropertyValueSpecification","valueRequired":true,"valueName":"search_term_string"}}],"inLanguage":"fr-FR"},{"@type":"Organization","@id":"https:\/\/kapitalis.com\/tunisie\/#organization","name":"Kapitalis","url":"https:\/\/kapitalis.com\/tunisie\/","logo":{"@type":"ImageObject","inLanguage":"fr-FR","@id":"https:\/\/kapitalis.com\/tunisie\/#\/schema\/logo\/image\/","url":"https:\/\/kapitalis.com\/tunisie\/wp-content\/uploads\/2022\/05\/Kapitalis-big-size.png","contentUrl":"https:\/\/kapitalis.com\/tunisie\/wp-content\/uploads\/2022\/05\/Kapitalis-big-size.png","width":5000,"height":1500,"caption":"Kapitalis"},"image":{"@id":"https:\/\/kapitalis.com\/tunisie\/#\/schema\/logo\/image\/"},"sameAs":["https:\/\/www.facebook.com\/KapitalisInfo\/","https:\/\/x.com\/KapitalisInfo","https:\/\/www.youtube.com\/channel\/UC-yDYrHyfFBWWZaOw3FPg9Q"]},{"@type":"Person","@id":"https:\/\/kapitalis.com\/tunisie\/#\/schema\/person\/d71f33a9ca44f7bad4698210b480c8e9","name":"webmaster kapitalis","url":"https:\/\/kapitalis.com\/tunisie\/author\/webmaster-kapitalis\/"}]}},"_links":{"self":[{"href":"https:\/\/kapitalis.com\/tunisie\/wp-json\/wp\/v2\/posts\/9656017","targetHints":{"allow":["GET"]}}],"collection":[{"href":"https:\/\/kapitalis.com\/tunisie\/wp-json\/wp\/v2\/posts"}],"about":[{"href":"https:\/\/kapitalis.com\/tunisie\/wp-json\/wp\/v2\/types\/post"}],"author":[{"embeddable":true,"href":"https:\/\/kapitalis.com\/tunisie\/wp-json\/wp\/v2\/users\/8"}],"replies":[{"embeddable":true,"href":"https:\/\/kapitalis.com\/tunisie\/wp-json\/wp\/v2\/comments?post=9656017"}],"version-history":[{"count":1,"href":"https:\/\/kapitalis.com\/tunisie\/wp-json\/wp\/v2\/posts\/9656017\/revisions"}],"predecessor-version":[{"id":9656191,"href":"https:\/\/kapitalis.com\/tunisie\/wp-json\/wp\/v2\/posts\/9656017\/revisions\/9656191"}],"wp:featuredmedia":[{"embeddable":true,"href":"https:\/\/kapitalis.com\/tunisie\/wp-json\/wp\/v2\/media\/9656108"}],"wp:attachment":[{"href":"https:\/\/kapitalis.com\/tunisie\/wp-json\/wp\/v2\/media?parent=9656017"}],"wp:term":[{"taxonomy":"category","embeddable":true,"href":"https:\/\/kapitalis.com\/tunisie\/wp-json\/wp\/v2\/categories?post=9656017"},{"taxonomy":"post_tag","embeddable":true,"href":"https:\/\/kapitalis.com\/tunisie\/wp-json\/wp\/v2\/tags?post=9656017"}],"curies":[{"name":"wp","href":"https:\/\/api.w.org\/{rel}","templated":true}]}}