{"id":9658425,"date":"2023-09-05T12:04:30","date_gmt":"2023-09-05T11:04:30","guid":{"rendered":"https:\/\/kapitalis.com\/tunisie\/?p=9658425"},"modified":"2023-09-05T12:04:31","modified_gmt":"2023-09-05T11:04:31","slug":"tunisie-tarek-baccouche-a-la-tete-de-linstitut-du-patrimoine","status":"publish","type":"post","link":"https:\/\/kapitalis.com\/tunisie\/2023\/09\/05\/tunisie-tarek-baccouche-a-la-tete-de-linstitut-du-patrimoine\/","title":{"rendered":"Tunisie : Tarek Baccouche \u00e0 la t\u00eate de l&rsquo;Institut du patrimoine"},"content":{"rendered":"\n<p><strong><em>L\u2019Institut national du Patrimoine (INP) est d\u00e9sormais dirig\u00e9 par Tarek Baccouche qui occupait le poste de directeur du Patrimoine, de l\u2019Information et de la Culture, relevant du minist\u00e8re de la D\u00e9fense nationale.<\/em><\/strong><\/p>\n\n\n\n<!--more-->\n\n\n\n<p>Depuis mi-janvier dernier, l\u2019int\u00e9rim \u00e0 la t\u00eate de l\u2019INP \u00e9tait assur\u00e9 par Youssef Lachkham, secr\u00e9taire g\u00e9n\u00e9ral au sein de l\u2019Institut, en remplacement \u00e0 Faouzi Mahfoudh, parti en retraite.<\/p>\n\n\n\n<p>Tarek Baccouche a officiellement pris ses fonctions, lundi, lors d\u2019une c\u00e9r\u00e9monie officielle pr\u00e9sid\u00e9e par la ministre des Affaires Culturelles, Hayet Ketat Guermazi, qui a eu lieu au si\u00e8ge de son d\u00e9partement \u00e0 la Kasbah.<\/p>\n\n\n\n<p>Le nouveau directeur g\u00e9n\u00e9ral de l\u2019INP avait pilot\u00e9 le projet de cr\u00e9ation du Mus\u00e9e militaire national, \u00e0 la Manouba, ouvert le 24 juin 1989, qui abrite une large collection d\u2019objets historiques couvrant plus de 3000 ans d\u2019histoire. Il a son si\u00e8ge dans une ancienne demeure beylicale construite en 1793, le Palais de la rose, appel\u00e9 \u00e9galement Grand palais ou Borj El Kbir. <\/p>\n\n\n\n<p>L\u2019INP est une institution scientifique et technique charg\u00e9e d\u2019\u00e9tablir l\u2019inventaire du patrimoine culturel, arch\u00e9ologique, historique, civilisationnel et artistique, de son \u00e9tude, de sa sauvegarde et de sa mise en valeur.<\/p>\n","protected":false},"excerpt":{"rendered":"<p>Le directeur du mus\u00e9e militaire Tarek Baccouche nomm\u00e9 \u00e0 la t\u00eate de l&rsquo;Institut du patrimoine. <\/p>\n","protected":false},"author":8,"featured_media":9658476,"comment_status":"open","ping_status":"open","sticky":false,"template":"","format":"standard","meta":{"footnotes":""},"categories":[994,2433],"tags":[87594,96708,110751,571,110752,93977,62643,88583],"class_list":["post-9658425","post","type-post","status-publish","format-standard","has-post-thumbnail","hentry","category-culture","category-tunisie","tag-faouzi-mahfoudh","tag-hayet-ketat-guermazi","tag-institut-du-patrimoine","tag-manouba","tag-musee-militaire-national","tag-tarek-baccouche","tag-tunisie","tag-youssef-lachkham"],"yoast_head":"<!-- This site is optimized with the Yoast SEO plugin v26.6 - https:\/\/yoast.com\/wordpress\/plugins\/seo\/ -->\n<title>Tunisie : Tarek Baccouche \u00e0 la t\u00eate de l&#039;Institut du patrimoine - Kapitalis<\/title>\n<meta name=\"robots\" content=\"index, follow, max-snippet:-1, max-image-preview:large, max-video-preview:-1\" \/>\n<link rel=\"canonical\" href=\"https:\/\/kapitalis.com\/tunisie\/2023\/09\/05\/tunisie-tarek-baccouche-a-la-tete-de-linstitut-du-patrimoine\/\" \/>\n<meta property=\"og:locale\" content=\"fr_FR\" \/>\n<meta property=\"og:type\" content=\"article\" \/>\n<meta property=\"og:title\" content=\"Tunisie : Tarek Baccouche \u00e0 la t\u00eate de l&#039;Institut du patrimoine - Kapitalis\" \/>\n<meta property=\"og:description\" content=\"Le directeur du mus\u00e9e militaire Tarek Baccouche nomm\u00e9 \u00e0 la t\u00eate de l&#039;Institut du patrimoine.\" \/>\n<meta property=\"og:url\" content=\"https:\/\/kapitalis.com\/tunisie\/2023\/09\/05\/tunisie-tarek-baccouche-a-la-tete-de-linstitut-du-patrimoine\/\" \/>\n<meta property=\"og:site_name\" content=\"Kapitalis\" \/>\n<meta property=\"article:publisher\" content=\"https:\/\/www.facebook.com\/KapitalisInfo\/\" \/>\n<meta property=\"article:published_time\" content=\"2023-09-05T11:04:30+00:00\" \/>\n<meta property=\"article:modified_time\" content=\"2023-09-05T11:04:31+00:00\" \/>\n<meta property=\"og:image\" content=\"https:\/\/kapitalis.com\/tunisie\/wp-content\/uploads\/2023\/09\/Tarek-Baccouche-Hayet-Ketat-Guermazi.jpg\" \/>\n\t<meta property=\"og:image:width\" content=\"1200\" \/>\n\t<meta property=\"og:image:height\" content=\"630\" \/>\n\t<meta property=\"og:image:type\" content=\"image\/jpeg\" \/>\n<meta name=\"author\" content=\"webmaster kapitalis\" \/>\n<meta name=\"twitter:card\" content=\"summary_large_image\" \/>\n<meta name=\"twitter:creator\" content=\"@KapitalisInfo\" \/>\n<meta name=\"twitter:site\" content=\"@KapitalisInfo\" \/>\n<meta name=\"twitter:label1\" content=\"\u00c9crit par\" \/>\n\t<meta name=\"twitter:data1\" content=\"webmaster kapitalis\" \/>\n\t<meta name=\"twitter:label2\" content=\"Dur\u00e9e de lecture estim\u00e9e\" \/>\n\t<meta name=\"twitter:data2\" content=\"1 minute\" \/>\n<script type=\"application\/ld+json\" class=\"yoast-schema-graph\">{\"@context\":\"https:\/\/schema.org\",\"@graph\":[{\"@type\":\"Article\",\"@id\":\"https:\/\/kapitalis.com\/tunisie\/2023\/09\/05\/tunisie-tarek-baccouche-a-la-tete-de-linstitut-du-patrimoine\/#article\",\"isPartOf\":{\"@id\":\"https:\/\/kapitalis.com\/tunisie\/2023\/09\/05\/tunisie-tarek-baccouche-a-la-tete-de-linstitut-du-patrimoine\/\"},\"author\":{\"name\":\"webmaster kapitalis\",\"@id\":\"https:\/\/kapitalis.com\/tunisie\/#\/schema\/person\/d71f33a9ca44f7bad4698210b480c8e9\"},\"headline\":\"Tunisie : Tarek Baccouche \u00e0 la t\u00eate de l&rsquo;Institut du patrimoine\",\"datePublished\":\"2023-09-05T11:04:30+00:00\",\"dateModified\":\"2023-09-05T11:04:31+00:00\",\"mainEntityOfPage\":{\"@id\":\"https:\/\/kapitalis.com\/tunisie\/2023\/09\/05\/tunisie-tarek-baccouche-a-la-tete-de-linstitut-du-patrimoine\/\"},\"wordCount\":221,\"commentCount\":1,\"publisher\":{\"@id\":\"https:\/\/kapitalis.com\/tunisie\/#organization\"},\"image\":{\"@id\":\"https:\/\/kapitalis.com\/tunisie\/2023\/09\/05\/tunisie-tarek-baccouche-a-la-tete-de-linstitut-du-patrimoine\/#primaryimage\"},\"thumbnailUrl\":\"https:\/\/kapitalis.com\/tunisie\/wp-content\/uploads\/2023\/09\/Tarek-Baccouche-Hayet-Ketat-Guermazi.jpg\",\"keywords\":[\"Faouzi Mahfoudh\",\"Hayet Ketat Guermazi\",\"Institut du patrimoine\",\"Manouba\",\"Mus\u00e9e militaire national\",\"Tarek Baccouche\",\"Tunisie\",\"Youssef Lachkham\"],\"articleSection\":[\"CULTURE\",\"Tunisie\"],\"inLanguage\":\"fr-FR\",\"potentialAction\":[{\"@type\":\"CommentAction\",\"name\":\"Comment\",\"target\":[\"https:\/\/kapitalis.com\/tunisie\/2023\/09\/05\/tunisie-tarek-baccouche-a-la-tete-de-linstitut-du-patrimoine\/#respond\"]}]},{\"@type\":\"WebPage\",\"@id\":\"https:\/\/kapitalis.com\/tunisie\/2023\/09\/05\/tunisie-tarek-baccouche-a-la-tete-de-linstitut-du-patrimoine\/\",\"url\":\"https:\/\/kapitalis.com\/tunisie\/2023\/09\/05\/tunisie-tarek-baccouche-a-la-tete-de-linstitut-du-patrimoine\/\",\"name\":\"Tunisie : Tarek Baccouche \u00e0 la t\u00eate de l'Institut du patrimoine - Kapitalis\",\"isPartOf\":{\"@id\":\"https:\/\/kapitalis.com\/tunisie\/#website\"},\"primaryImageOfPage\":{\"@id\":\"https:\/\/kapitalis.com\/tunisie\/2023\/09\/05\/tunisie-tarek-baccouche-a-la-tete-de-linstitut-du-patrimoine\/#primaryimage\"},\"image\":{\"@id\":\"https:\/\/kapitalis.com\/tunisie\/2023\/09\/05\/tunisie-tarek-baccouche-a-la-tete-de-linstitut-du-patrimoine\/#primaryimage\"},\"thumbnailUrl\":\"https:\/\/kapitalis.com\/tunisie\/wp-content\/uploads\/2023\/09\/Tarek-Baccouche-Hayet-Ketat-Guermazi.jpg\",\"datePublished\":\"2023-09-05T11:04:30+00:00\",\"dateModified\":\"2023-09-05T11:04:31+00:00\",\"breadcrumb\":{\"@id\":\"https:\/\/kapitalis.com\/tunisie\/2023\/09\/05\/tunisie-tarek-baccouche-a-la-tete-de-linstitut-du-patrimoine\/#breadcrumb\"},\"inLanguage\":\"fr-FR\",\"potentialAction\":[{\"@type\":\"ReadAction\",\"target\":[\"https:\/\/kapitalis.com\/tunisie\/2023\/09\/05\/tunisie-tarek-baccouche-a-la-tete-de-linstitut-du-patrimoine\/\"]}]},{\"@type\":\"ImageObject\",\"inLanguage\":\"fr-FR\",\"@id\":\"https:\/\/kapitalis.com\/tunisie\/2023\/09\/05\/tunisie-tarek-baccouche-a-la-tete-de-linstitut-du-patrimoine\/#primaryimage\",\"url\":\"https:\/\/kapitalis.com\/tunisie\/wp-content\/uploads\/2023\/09\/Tarek-Baccouche-Hayet-Ketat-Guermazi.jpg\",\"contentUrl\":\"https:\/\/kapitalis.com\/tunisie\/wp-content\/uploads\/2023\/09\/Tarek-Baccouche-Hayet-Ketat-Guermazi.jpg\",\"width\":1200,\"height\":630},{\"@type\":\"BreadcrumbList\",\"@id\":\"https:\/\/kapitalis.com\/tunisie\/2023\/09\/05\/tunisie-tarek-baccouche-a-la-tete-de-linstitut-du-patrimoine\/#breadcrumb\",\"itemListElement\":[{\"@type\":\"ListItem\",\"position\":1,\"name\":\"Accueil\",\"item\":\"https:\/\/kapitalis.com\/tunisie\/\"},{\"@type\":\"ListItem\",\"position\":2,\"name\":\"Tunisie : Tarek Baccouche \u00e0 la t\u00eate de l&rsquo;Institut du patrimoine\"}]},{\"@type\":\"WebSite\",\"@id\":\"https:\/\/kapitalis.com\/tunisie\/#website\",\"url\":\"https:\/\/kapitalis.com\/tunisie\/\",\"name\":\"Kapitalis\",\"description\":\"L&#039;actualit\u00e9 en Tunisie et dans le monde\",\"publisher\":{\"@id\":\"https:\/\/kapitalis.com\/tunisie\/#organization\"},\"potentialAction\":[{\"@type\":\"SearchAction\",\"target\":{\"@type\":\"EntryPoint\",\"urlTemplate\":\"https:\/\/kapitalis.com\/tunisie\/?s={search_term_string}\"},\"query-input\":{\"@type\":\"PropertyValueSpecification\",\"valueRequired\":true,\"valueName\":\"search_term_string\"}}],\"inLanguage\":\"fr-FR\"},{\"@type\":\"Organization\",\"@id\":\"https:\/\/kapitalis.com\/tunisie\/#organization\",\"name\":\"Kapitalis\",\"url\":\"https:\/\/kapitalis.com\/tunisie\/\",\"logo\":{\"@type\":\"ImageObject\",\"inLanguage\":\"fr-FR\",\"@id\":\"https:\/\/kapitalis.com\/tunisie\/#\/schema\/logo\/image\/\",\"url\":\"https:\/\/kapitalis.com\/tunisie\/wp-content\/uploads\/2022\/05\/Kapitalis-big-size.png\",\"contentUrl\":\"https:\/\/kapitalis.com\/tunisie\/wp-content\/uploads\/2022\/05\/Kapitalis-big-size.png\",\"width\":5000,\"height\":1500,\"caption\":\"Kapitalis\"},\"image\":{\"@id\":\"https:\/\/kapitalis.com\/tunisie\/#\/schema\/logo\/image\/\"},\"sameAs\":[\"https:\/\/www.facebook.com\/KapitalisInfo\/\",\"https:\/\/x.com\/KapitalisInfo\",\"https:\/\/www.youtube.com\/channel\/UC-yDYrHyfFBWWZaOw3FPg9Q\"]},{\"@type\":\"Person\",\"@id\":\"https:\/\/kapitalis.com\/tunisie\/#\/schema\/person\/d71f33a9ca44f7bad4698210b480c8e9\",\"name\":\"webmaster kapitalis\",\"url\":\"https:\/\/kapitalis.com\/tunisie\/author\/webmaster-kapitalis\/\"}]}<\/script>\n<!-- \/ Yoast SEO plugin. -->","yoast_head_json":{"title":"Tunisie : Tarek Baccouche \u00e0 la t\u00eate de l'Institut du patrimoine - Kapitalis","robots":{"index":"index","follow":"follow","max-snippet":"max-snippet:-1","max-image-preview":"max-image-preview:large","max-video-preview":"max-video-preview:-1"},"canonical":"https:\/\/kapitalis.com\/tunisie\/2023\/09\/05\/tunisie-tarek-baccouche-a-la-tete-de-linstitut-du-patrimoine\/","og_locale":"fr_FR","og_type":"article","og_title":"Tunisie : Tarek Baccouche \u00e0 la t\u00eate de l'Institut du patrimoine - Kapitalis","og_description":"Le directeur du mus\u00e9e militaire Tarek Baccouche nomm\u00e9 \u00e0 la t\u00eate de l'Institut du patrimoine.","og_url":"https:\/\/kapitalis.com\/tunisie\/2023\/09\/05\/tunisie-tarek-baccouche-a-la-tete-de-linstitut-du-patrimoine\/","og_site_name":"Kapitalis","article_publisher":"https:\/\/www.facebook.com\/KapitalisInfo\/","article_published_time":"2023-09-05T11:04:30+00:00","article_modified_time":"2023-09-05T11:04:31+00:00","og_image":[{"width":1200,"height":630,"url":"https:\/\/kapitalis.com\/tunisie\/wp-content\/uploads\/2023\/09\/Tarek-Baccouche-Hayet-Ketat-Guermazi.jpg","type":"image\/jpeg"}],"author":"webmaster kapitalis","twitter_card":"summary_large_image","twitter_creator":"@KapitalisInfo","twitter_site":"@KapitalisInfo","twitter_misc":{"\u00c9crit par":"webmaster kapitalis","Dur\u00e9e de lecture estim\u00e9e":"1 minute"},"schema":{"@context":"https:\/\/schema.org","@graph":[{"@type":"Article","@id":"https:\/\/kapitalis.com\/tunisie\/2023\/09\/05\/tunisie-tarek-baccouche-a-la-tete-de-linstitut-du-patrimoine\/#article","isPartOf":{"@id":"https:\/\/kapitalis.com\/tunisie\/2023\/09\/05\/tunisie-tarek-baccouche-a-la-tete-de-linstitut-du-patrimoine\/"},"author":{"name":"webmaster kapitalis","@id":"https:\/\/kapitalis.com\/tunisie\/#\/schema\/person\/d71f33a9ca44f7bad4698210b480c8e9"},"headline":"Tunisie : Tarek Baccouche \u00e0 la t\u00eate de l&rsquo;Institut du patrimoine","datePublished":"2023-09-05T11:04:30+00:00","dateModified":"2023-09-05T11:04:31+00:00","mainEntityOfPage":{"@id":"https:\/\/kapitalis.com\/tunisie\/2023\/09\/05\/tunisie-tarek-baccouche-a-la-tete-de-linstitut-du-patrimoine\/"},"wordCount":221,"commentCount":1,"publisher":{"@id":"https:\/\/kapitalis.com\/tunisie\/#organization"},"image":{"@id":"https:\/\/kapitalis.com\/tunisie\/2023\/09\/05\/tunisie-tarek-baccouche-a-la-tete-de-linstitut-du-patrimoine\/#primaryimage"},"thumbnailUrl":"https:\/\/kapitalis.com\/tunisie\/wp-content\/uploads\/2023\/09\/Tarek-Baccouche-Hayet-Ketat-Guermazi.jpg","keywords":["Faouzi Mahfoudh","Hayet Ketat Guermazi","Institut du patrimoine","Manouba","Mus\u00e9e militaire national","Tarek Baccouche","Tunisie","Youssef Lachkham"],"articleSection":["CULTURE","Tunisie"],"inLanguage":"fr-FR","potentialAction":[{"@type":"CommentAction","name":"Comment","target":["https:\/\/kapitalis.com\/tunisie\/2023\/09\/05\/tunisie-tarek-baccouche-a-la-tete-de-linstitut-du-patrimoine\/#respond"]}]},{"@type":"WebPage","@id":"https:\/\/kapitalis.com\/tunisie\/2023\/09\/05\/tunisie-tarek-baccouche-a-la-tete-de-linstitut-du-patrimoine\/","url":"https:\/\/kapitalis.com\/tunisie\/2023\/09\/05\/tunisie-tarek-baccouche-a-la-tete-de-linstitut-du-patrimoine\/","name":"Tunisie : Tarek Baccouche \u00e0 la t\u00eate de l'Institut du patrimoine - Kapitalis","isPartOf":{"@id":"https:\/\/kapitalis.com\/tunisie\/#website"},"primaryImageOfPage":{"@id":"https:\/\/kapitalis.com\/tunisie\/2023\/09\/05\/tunisie-tarek-baccouche-a-la-tete-de-linstitut-du-patrimoine\/#primaryimage"},"image":{"@id":"https:\/\/kapitalis.com\/tunisie\/2023\/09\/05\/tunisie-tarek-baccouche-a-la-tete-de-linstitut-du-patrimoine\/#primaryimage"},"thumbnailUrl":"https:\/\/kapitalis.com\/tunisie\/wp-content\/uploads\/2023\/09\/Tarek-Baccouche-Hayet-Ketat-Guermazi.jpg","datePublished":"2023-09-05T11:04:30+00:00","dateModified":"2023-09-05T11:04:31+00:00","breadcrumb":{"@id":"https:\/\/kapitalis.com\/tunisie\/2023\/09\/05\/tunisie-tarek-baccouche-a-la-tete-de-linstitut-du-patrimoine\/#breadcrumb"},"inLanguage":"fr-FR","potentialAction":[{"@type":"ReadAction","target":["https:\/\/kapitalis.com\/tunisie\/2023\/09\/05\/tunisie-tarek-baccouche-a-la-tete-de-linstitut-du-patrimoine\/"]}]},{"@type":"ImageObject","inLanguage":"fr-FR","@id":"https:\/\/kapitalis.com\/tunisie\/2023\/09\/05\/tunisie-tarek-baccouche-a-la-tete-de-linstitut-du-patrimoine\/#primaryimage","url":"https:\/\/kapitalis.com\/tunisie\/wp-content\/uploads\/2023\/09\/Tarek-Baccouche-Hayet-Ketat-Guermazi.jpg","contentUrl":"https:\/\/kapitalis.com\/tunisie\/wp-content\/uploads\/2023\/09\/Tarek-Baccouche-Hayet-Ketat-Guermazi.jpg","width":1200,"height":630},{"@type":"BreadcrumbList","@id":"https:\/\/kapitalis.com\/tunisie\/2023\/09\/05\/tunisie-tarek-baccouche-a-la-tete-de-linstitut-du-patrimoine\/#breadcrumb","itemListElement":[{"@type":"ListItem","position":1,"name":"Accueil","item":"https:\/\/kapitalis.com\/tunisie\/"},{"@type":"ListItem","position":2,"name":"Tunisie : Tarek Baccouche \u00e0 la t\u00eate de l&rsquo;Institut du patrimoine"}]},{"@type":"WebSite","@id":"https:\/\/kapitalis.com\/tunisie\/#website","url":"https:\/\/kapitalis.com\/tunisie\/","name":"Kapitalis","description":"L&#039;actualit\u00e9 en Tunisie et dans le monde","publisher":{"@id":"https:\/\/kapitalis.com\/tunisie\/#organization"},"potentialAction":[{"@type":"SearchAction","target":{"@type":"EntryPoint","urlTemplate":"https:\/\/kapitalis.com\/tunisie\/?s={search_term_string}"},"query-input":{"@type":"PropertyValueSpecification","valueRequired":true,"valueName":"search_term_string"}}],"inLanguage":"fr-FR"},{"@type":"Organization","@id":"https:\/\/kapitalis.com\/tunisie\/#organization","name":"Kapitalis","url":"https:\/\/kapitalis.com\/tunisie\/","logo":{"@type":"ImageObject","inLanguage":"fr-FR","@id":"https:\/\/kapitalis.com\/tunisie\/#\/schema\/logo\/image\/","url":"https:\/\/kapitalis.com\/tunisie\/wp-content\/uploads\/2022\/05\/Kapitalis-big-size.png","contentUrl":"https:\/\/kapitalis.com\/tunisie\/wp-content\/uploads\/2022\/05\/Kapitalis-big-size.png","width":5000,"height":1500,"caption":"Kapitalis"},"image":{"@id":"https:\/\/kapitalis.com\/tunisie\/#\/schema\/logo\/image\/"},"sameAs":["https:\/\/www.facebook.com\/KapitalisInfo\/","https:\/\/x.com\/KapitalisInfo","https:\/\/www.youtube.com\/channel\/UC-yDYrHyfFBWWZaOw3FPg9Q"]},{"@type":"Person","@id":"https:\/\/kapitalis.com\/tunisie\/#\/schema\/person\/d71f33a9ca44f7bad4698210b480c8e9","name":"webmaster kapitalis","url":"https:\/\/kapitalis.com\/tunisie\/author\/webmaster-kapitalis\/"}]}},"_links":{"self":[{"href":"https:\/\/kapitalis.com\/tunisie\/wp-json\/wp\/v2\/posts\/9658425","targetHints":{"allow":["GET"]}}],"collection":[{"href":"https:\/\/kapitalis.com\/tunisie\/wp-json\/wp\/v2\/posts"}],"about":[{"href":"https:\/\/kapitalis.com\/tunisie\/wp-json\/wp\/v2\/types\/post"}],"author":[{"embeddable":true,"href":"https:\/\/kapitalis.com\/tunisie\/wp-json\/wp\/v2\/users\/8"}],"replies":[{"embeddable":true,"href":"https:\/\/kapitalis.com\/tunisie\/wp-json\/wp\/v2\/comments?post=9658425"}],"version-history":[{"count":1,"href":"https:\/\/kapitalis.com\/tunisie\/wp-json\/wp\/v2\/posts\/9658425\/revisions"}],"predecessor-version":[{"id":9658496,"href":"https:\/\/kapitalis.com\/tunisie\/wp-json\/wp\/v2\/posts\/9658425\/revisions\/9658496"}],"wp:featuredmedia":[{"embeddable":true,"href":"https:\/\/kapitalis.com\/tunisie\/wp-json\/wp\/v2\/media\/9658476"}],"wp:attachment":[{"href":"https:\/\/kapitalis.com\/tunisie\/wp-json\/wp\/v2\/media?parent=9658425"}],"wp:term":[{"taxonomy":"category","embeddable":true,"href":"https:\/\/kapitalis.com\/tunisie\/wp-json\/wp\/v2\/categories?post=9658425"},{"taxonomy":"post_tag","embeddable":true,"href":"https:\/\/kapitalis.com\/tunisie\/wp-json\/wp\/v2\/tags?post=9658425"}],"curies":[{"name":"wp","href":"https:\/\/api.w.org\/{rel}","templated":true}]}}