{"id":9659114,"date":"2023-09-05T12:50:38","date_gmt":"2023-09-05T11:50:38","guid":{"rendered":"https:\/\/kapitalis.com\/tunisie\/?p=9659114"},"modified":"2023-09-05T12:50:40","modified_gmt":"2023-09-05T11:50:40","slug":"le-charme-intemporel-de-la-mdhalla-tunisienne","status":"publish","type":"post","link":"https:\/\/kapitalis.com\/tunisie\/2023\/09\/05\/le-charme-intemporel-de-la-mdhalla-tunisienne\/","title":{"rendered":"Le charme intemporel de la \u00abmdhalla\u00bb tunisienne"},"content":{"rendered":"\n<p><strong><em>Protection du soleil mais aussi ic\u00f4ne de mode, d\u2019identit\u00e9 et d\u2019histoire, le chapeau tunisien appel\u00e9 \u00abmdhalla\u00bb, \u00e0 l\u2019instar de la ch\u00e9chia en laine port\u00e9e en hiver, a un charme intemporel.<\/em><\/strong><\/p>\n\n\n\n<!--more-->\n\n\n\n<p>Au c\u0153ur de la culture tunisienne se trouve une tradition transmise depuis des g\u00e9n\u00e9rations : l\u2019incontournable chapeau de soleil \u00e0 larges bords, en paille ou en feuilles de palmier tress\u00e9es, connu sous le nom de <em>\u00abmdhalla\u00bb<\/em>.<\/p>\n\n\n\n<p>Ce v\u00eatement embl\u00e9matique, que l\u2019on voit aussi souvent port\u00e9 sur la plage, surnomm\u00e9 par certains <em>\u00absombrero tunisien\u00bb<\/em>, offre non seulement une protection contre le soleil br\u00fblant de la M\u00e9diterran\u00e9e, mais repr\u00e9sente \u00e9galement un symbole ancr\u00e9 dans l\u2019identit\u00e9 et l\u2019histoire du pays.<\/p>\n\n\n\n<h2 class=\"wp-block-heading\">Structure robuste mais l\u00e9g\u00e8re<\/h2>\n\n\n\n<p>La <em>\u00abmdhalla\u00bb<\/em> est bien plus qu\u2019un simple accessoire et sa fabrication artisanale n\u00e9cessite un savoir-faire technique transmis de p\u00e8re en fils. Les feuilles de palmier s\u00e9ch\u00e9es sont habilement tiss\u00e9es pour cr\u00e9er une structure robuste mais l\u00e9g\u00e8re qui s\u2019adapte parfaitement \u00e0 la t\u00eate. Ce chapeau est devenu partie int\u00e9grante du v\u00eatement traditionnel tunisien, port\u00e9 notamment lors des journ\u00e9es chaudes o\u00f9 le soleil tape fort.<\/p>\n\n\n\n<p>Cet \u00e9t\u00e9, la <em>\u00abmdhalla\u00bb<\/em> fait son grand retour et devient l\u2019une des tendances les plus populaires de la mode tunisienne. Dans ses diff\u00e9rentes versions, elle peut \u00eatre vue port\u00e9e par des c\u00e9l\u00e9brit\u00e9s et des influenceurs des r\u00e9seaux sociaux, mais aussi par des gens ordinaires qui souhaitent afficher un look tendance.<\/p>\n\n\n\n<p>En effet, la <em>\u00abmdhalla\u00bb<\/em> prot\u00e8ge du soleil, permet aux femmes de cacher leurs cheveux et se prot\u00e9ger des regards indiscrets. Mais l\u2019importance culturelle du <em>\u00abmdhalla\u00bb<\/em> se refl\u00e8te dans ses nombreuses variantes. Chaque r\u00e9gion de Tunisie poss\u00e8de son propre style distinctif, avec des d\u00e9tails refl\u00e9tant l\u2019environnement et les traditions locales.<\/p>\n\n\n<div class=\"wp-block-image\">\n<figure class=\"aligncenter size-large is-resized\"><img decoding=\"async\" src=\"https:\/\/kapitalis.com\/tunisie\/wp-content\/uploads\/2023\/09\/Creations-Jolla-1024x538.jpg\" alt=\"\" class=\"wp-image-9659145\" style=\"width:800px\" width=\"800\" srcset=\"https:\/\/kapitalis.com\/tunisie\/wp-content\/uploads\/2023\/09\/Creations-Jolla-1024x538.jpg 1024w, https:\/\/kapitalis.com\/tunisie\/wp-content\/uploads\/2023\/09\/Creations-Jolla-300x158.jpg 300w, https:\/\/kapitalis.com\/tunisie\/wp-content\/uploads\/2023\/09\/Creations-Jolla-768x403.jpg 768w, https:\/\/kapitalis.com\/tunisie\/wp-content\/uploads\/2023\/09\/Creations-Jolla-580x305.jpg 580w, https:\/\/kapitalis.com\/tunisie\/wp-content\/uploads\/2023\/09\/Creations-Jolla-860x452.jpg 860w, https:\/\/kapitalis.com\/tunisie\/wp-content\/uploads\/2023\/09\/Creations-Jolla-1160x609.jpg 1160w, https:\/\/kapitalis.com\/tunisie\/wp-content\/uploads\/2023\/09\/Creations-Jolla.jpg 1200w\" sizes=\"(max-width: 1024px) 100vw, 1024px\" \/><\/figure>\n<\/div>\n\n\n<p class=\"has-text-align-center\"><em>Cr\u00e9ations Jolla. <\/em><\/p>\n\n\n\n<p>Cette diversit\u00e9 est le reflet de la richesse culturelle du pays et de la capacit\u00e9 de ses artisans \u00e0 pr\u00e9server et transmettre leur patrimoine.<\/p>\n\n\n\n<p>Cependant, la <em>\u00abmdhalla\u00bb<\/em> va bien au-del\u00e0 de la mode et de l\u2019artisanat. Elle raconte une histoire profonde et relie le pr\u00e9sent au pass\u00e9. Au cours des si\u00e8cles pass\u00e9s, les paysans tunisiens la portaient lorsqu\u2019ils travaillaient dans les champs sous un soleil de plomb. Elle offrait non seulement de l\u2019ombre et de la protection, mais symbolisait \u00e9galement la t\u00e9nacit\u00e9 et la r\u00e9silience d\u2019un peuple qui d\u00e9pendait de l\u2019agriculture pour sa survie.<\/p>\n\n\n\n<h2 class=\"wp-block-heading\">La mode interpr\u00e8te le chapeau classique<\/h2>\n\n\n\n<p>Aujourd\u2019hui, alors que la Tunisie est confront\u00e9e \u00e0 des d\u00e9fis et \u00e0 des changements dans son paysage g\u00e9opolitique et social, la <em>\u00abmdhalla\u00bb<\/em> persiste comme signe de continuit\u00e9 et d\u2019appartenance.<\/p>\n\n\n\n<p>\u00c0 mesure que le pays s\u2019adapte aux changements modernes, l\u2019artisanat de la <em>\u00abmdhalla\u00bb<\/em> conna\u00eet \u00e9galement un regain d\u2019int\u00e9r\u00eat, tant au niveau local qu\u2019international. Les designers contemporains r\u00e9interpr\u00e8tent le chapeau classique, en m\u00e9langeant des \u00e9l\u00e9ments traditionnels avec une touche d\u2019innovation. <\/p>\n\n\n\n<p>La <em>\u00abmdhalla\u00bb<\/em> reste donc un pilier de l\u2019identit\u00e9 tunisienne, un chapeau qui d\u00e9passe sa fonction pratique, portant avec lui des si\u00e8cles d\u2019histoire et de culture. \u00c0 mesure que les feuilles de palmier s\u00e9ch\u00e9es sont tiss\u00e9es dans un nouveau chapeau, un lien avec le pass\u00e9 se perp\u00e9tue \u00e9galement, un lien qui continue de jouer un r\u00f4le important dans la vie et la soci\u00e9t\u00e9 d&rsquo;aujourd&rsquo;hui.<\/p>\n\n\n\n<p class=\"has-text-align-right\"><em>Traduit de l<\/em><em>\u2019<\/em><em>italien.<\/em><\/p>\n\n\n\n<p><strong><em>Source<\/em><\/strong>\u00a0: <a href=\"https:\/\/www.ansa.it\/ansamed\/it\/notizie\/rubriche\/storie_dal_mediterraneo\/2023\/09\/04\/lintramontabile-fascino-del-cappello-mdhalla-in-tunisia_8ce4b16d-6f50-4599-8a5b-1e39e07cab66.html\" target=\"_blank\" rel=\"noreferrer noopener\">Ansamed<\/a>. <\/p>\n","protected":false},"excerpt":{"rendered":"<p>Protection du soleil mais aussi ic\u00f4ne de mode, la mdhalla est un marqueur de l&rsquo;identit\u00e9 tunisienne. <\/p>\n","protected":false},"author":8,"featured_media":9659142,"comment_status":"open","ping_status":"open","sticky":false,"template":"","format":"standard","meta":{"footnotes":""},"categories":[992,993,994,2433],"tags":[110754,17205,110753,62643],"class_list":["post-9659114","post","type-post","status-publish","format-standard","has-post-thumbnail","hentry","category-a-la-une","category-conso","category-culture","category-tunisie","tag-chapeau-tunisien","tag-chechia","tag-mdhalla","tag-tunisie"],"yoast_head":"<!-- This site is optimized with the Yoast SEO plugin v26.6 - https:\/\/yoast.com\/wordpress\/plugins\/seo\/ -->\n<title>Le charme intemporel de la \u00abmdhalla\u00bb tunisienne - Kapitalis<\/title>\n<meta name=\"robots\" content=\"index, follow, max-snippet:-1, max-image-preview:large, max-video-preview:-1\" \/>\n<link rel=\"canonical\" href=\"https:\/\/kapitalis.com\/tunisie\/2023\/09\/05\/le-charme-intemporel-de-la-mdhalla-tunisienne\/\" \/>\n<meta property=\"og:locale\" content=\"fr_FR\" \/>\n<meta property=\"og:type\" content=\"article\" \/>\n<meta property=\"og:title\" content=\"Le charme intemporel de la \u00abmdhalla\u00bb tunisienne - Kapitalis\" \/>\n<meta property=\"og:description\" content=\"Protection du soleil mais aussi ic\u00f4ne de mode, la mdhalla est un marqueur de l&#039;identit\u00e9 tunisienne.\" \/>\n<meta property=\"og:url\" content=\"https:\/\/kapitalis.com\/tunisie\/2023\/09\/05\/le-charme-intemporel-de-la-mdhalla-tunisienne\/\" \/>\n<meta property=\"og:site_name\" content=\"Kapitalis\" \/>\n<meta property=\"article:publisher\" content=\"https:\/\/www.facebook.com\/KapitalisInfo\/\" \/>\n<meta property=\"article:published_time\" content=\"2023-09-05T11:50:38+00:00\" \/>\n<meta property=\"article:modified_time\" content=\"2023-09-05T11:50:40+00:00\" \/>\n<meta property=\"og:image\" content=\"https:\/\/kapitalis.com\/tunisie\/wp-content\/uploads\/2023\/09\/Mdhalla-Chapeau.jpg\" \/>\n\t<meta property=\"og:image:width\" content=\"1200\" \/>\n\t<meta property=\"og:image:height\" content=\"630\" \/>\n\t<meta property=\"og:image:type\" content=\"image\/jpeg\" \/>\n<meta name=\"author\" content=\"webmaster kapitalis\" \/>\n<meta name=\"twitter:card\" content=\"summary_large_image\" \/>\n<meta name=\"twitter:creator\" content=\"@KapitalisInfo\" \/>\n<meta name=\"twitter:site\" content=\"@KapitalisInfo\" \/>\n<meta name=\"twitter:label1\" content=\"\u00c9crit par\" \/>\n\t<meta name=\"twitter:data1\" content=\"webmaster kapitalis\" \/>\n\t<meta name=\"twitter:label2\" content=\"Dur\u00e9e de lecture estim\u00e9e\" \/>\n\t<meta name=\"twitter:data2\" content=\"3 minutes\" \/>\n<script type=\"application\/ld+json\" class=\"yoast-schema-graph\">{\"@context\":\"https:\/\/schema.org\",\"@graph\":[{\"@type\":\"Article\",\"@id\":\"https:\/\/kapitalis.com\/tunisie\/2023\/09\/05\/le-charme-intemporel-de-la-mdhalla-tunisienne\/#article\",\"isPartOf\":{\"@id\":\"https:\/\/kapitalis.com\/tunisie\/2023\/09\/05\/le-charme-intemporel-de-la-mdhalla-tunisienne\/\"},\"author\":{\"name\":\"webmaster kapitalis\",\"@id\":\"https:\/\/kapitalis.com\/tunisie\/#\/schema\/person\/d71f33a9ca44f7bad4698210b480c8e9\"},\"headline\":\"Le charme intemporel de la \u00abmdhalla\u00bb tunisienne\",\"datePublished\":\"2023-09-05T11:50:38+00:00\",\"dateModified\":\"2023-09-05T11:50:40+00:00\",\"mainEntityOfPage\":{\"@id\":\"https:\/\/kapitalis.com\/tunisie\/2023\/09\/05\/le-charme-intemporel-de-la-mdhalla-tunisienne\/\"},\"wordCount\":603,\"commentCount\":0,\"publisher\":{\"@id\":\"https:\/\/kapitalis.com\/tunisie\/#organization\"},\"image\":{\"@id\":\"https:\/\/kapitalis.com\/tunisie\/2023\/09\/05\/le-charme-intemporel-de-la-mdhalla-tunisienne\/#primaryimage\"},\"thumbnailUrl\":\"https:\/\/kapitalis.com\/tunisie\/wp-content\/uploads\/2023\/09\/Mdhalla-Chapeau.jpg\",\"keywords\":[\"chapeau tunisien\",\"chechia\",\"mdhalla\",\"Tunisie\"],\"articleSection\":[\"A LA UNE\",\"CONSO\",\"CULTURE\",\"Tunisie\"],\"inLanguage\":\"fr-FR\",\"potentialAction\":[{\"@type\":\"CommentAction\",\"name\":\"Comment\",\"target\":[\"https:\/\/kapitalis.com\/tunisie\/2023\/09\/05\/le-charme-intemporel-de-la-mdhalla-tunisienne\/#respond\"]}]},{\"@type\":\"WebPage\",\"@id\":\"https:\/\/kapitalis.com\/tunisie\/2023\/09\/05\/le-charme-intemporel-de-la-mdhalla-tunisienne\/\",\"url\":\"https:\/\/kapitalis.com\/tunisie\/2023\/09\/05\/le-charme-intemporel-de-la-mdhalla-tunisienne\/\",\"name\":\"Le charme intemporel de la \u00abmdhalla\u00bb tunisienne - Kapitalis\",\"isPartOf\":{\"@id\":\"https:\/\/kapitalis.com\/tunisie\/#website\"},\"primaryImageOfPage\":{\"@id\":\"https:\/\/kapitalis.com\/tunisie\/2023\/09\/05\/le-charme-intemporel-de-la-mdhalla-tunisienne\/#primaryimage\"},\"image\":{\"@id\":\"https:\/\/kapitalis.com\/tunisie\/2023\/09\/05\/le-charme-intemporel-de-la-mdhalla-tunisienne\/#primaryimage\"},\"thumbnailUrl\":\"https:\/\/kapitalis.com\/tunisie\/wp-content\/uploads\/2023\/09\/Mdhalla-Chapeau.jpg\",\"datePublished\":\"2023-09-05T11:50:38+00:00\",\"dateModified\":\"2023-09-05T11:50:40+00:00\",\"breadcrumb\":{\"@id\":\"https:\/\/kapitalis.com\/tunisie\/2023\/09\/05\/le-charme-intemporel-de-la-mdhalla-tunisienne\/#breadcrumb\"},\"inLanguage\":\"fr-FR\",\"potentialAction\":[{\"@type\":\"ReadAction\",\"target\":[\"https:\/\/kapitalis.com\/tunisie\/2023\/09\/05\/le-charme-intemporel-de-la-mdhalla-tunisienne\/\"]}]},{\"@type\":\"ImageObject\",\"inLanguage\":\"fr-FR\",\"@id\":\"https:\/\/kapitalis.com\/tunisie\/2023\/09\/05\/le-charme-intemporel-de-la-mdhalla-tunisienne\/#primaryimage\",\"url\":\"https:\/\/kapitalis.com\/tunisie\/wp-content\/uploads\/2023\/09\/Mdhalla-Chapeau.jpg\",\"contentUrl\":\"https:\/\/kapitalis.com\/tunisie\/wp-content\/uploads\/2023\/09\/Mdhalla-Chapeau.jpg\",\"width\":1200,\"height\":630},{\"@type\":\"BreadcrumbList\",\"@id\":\"https:\/\/kapitalis.com\/tunisie\/2023\/09\/05\/le-charme-intemporel-de-la-mdhalla-tunisienne\/#breadcrumb\",\"itemListElement\":[{\"@type\":\"ListItem\",\"position\":1,\"name\":\"Accueil\",\"item\":\"https:\/\/kapitalis.com\/tunisie\/\"},{\"@type\":\"ListItem\",\"position\":2,\"name\":\"Le charme intemporel de la \u00abmdhalla\u00bb tunisienne\"}]},{\"@type\":\"WebSite\",\"@id\":\"https:\/\/kapitalis.com\/tunisie\/#website\",\"url\":\"https:\/\/kapitalis.com\/tunisie\/\",\"name\":\"Kapitalis\",\"description\":\"L&#039;actualit\u00e9 en Tunisie et dans le monde\",\"publisher\":{\"@id\":\"https:\/\/kapitalis.com\/tunisie\/#organization\"},\"potentialAction\":[{\"@type\":\"SearchAction\",\"target\":{\"@type\":\"EntryPoint\",\"urlTemplate\":\"https:\/\/kapitalis.com\/tunisie\/?s={search_term_string}\"},\"query-input\":{\"@type\":\"PropertyValueSpecification\",\"valueRequired\":true,\"valueName\":\"search_term_string\"}}],\"inLanguage\":\"fr-FR\"},{\"@type\":\"Organization\",\"@id\":\"https:\/\/kapitalis.com\/tunisie\/#organization\",\"name\":\"Kapitalis\",\"url\":\"https:\/\/kapitalis.com\/tunisie\/\",\"logo\":{\"@type\":\"ImageObject\",\"inLanguage\":\"fr-FR\",\"@id\":\"https:\/\/kapitalis.com\/tunisie\/#\/schema\/logo\/image\/\",\"url\":\"https:\/\/kapitalis.com\/tunisie\/wp-content\/uploads\/2022\/05\/Kapitalis-big-size.png\",\"contentUrl\":\"https:\/\/kapitalis.com\/tunisie\/wp-content\/uploads\/2022\/05\/Kapitalis-big-size.png\",\"width\":5000,\"height\":1500,\"caption\":\"Kapitalis\"},\"image\":{\"@id\":\"https:\/\/kapitalis.com\/tunisie\/#\/schema\/logo\/image\/\"},\"sameAs\":[\"https:\/\/www.facebook.com\/KapitalisInfo\/\",\"https:\/\/x.com\/KapitalisInfo\",\"https:\/\/www.youtube.com\/channel\/UC-yDYrHyfFBWWZaOw3FPg9Q\"]},{\"@type\":\"Person\",\"@id\":\"https:\/\/kapitalis.com\/tunisie\/#\/schema\/person\/d71f33a9ca44f7bad4698210b480c8e9\",\"name\":\"webmaster kapitalis\",\"url\":\"https:\/\/kapitalis.com\/tunisie\/author\/webmaster-kapitalis\/\"}]}<\/script>\n<!-- \/ Yoast SEO plugin. -->","yoast_head_json":{"title":"Le charme intemporel de la \u00abmdhalla\u00bb tunisienne - Kapitalis","robots":{"index":"index","follow":"follow","max-snippet":"max-snippet:-1","max-image-preview":"max-image-preview:large","max-video-preview":"max-video-preview:-1"},"canonical":"https:\/\/kapitalis.com\/tunisie\/2023\/09\/05\/le-charme-intemporel-de-la-mdhalla-tunisienne\/","og_locale":"fr_FR","og_type":"article","og_title":"Le charme intemporel de la \u00abmdhalla\u00bb tunisienne - Kapitalis","og_description":"Protection du soleil mais aussi ic\u00f4ne de mode, la mdhalla est un marqueur de l'identit\u00e9 tunisienne.","og_url":"https:\/\/kapitalis.com\/tunisie\/2023\/09\/05\/le-charme-intemporel-de-la-mdhalla-tunisienne\/","og_site_name":"Kapitalis","article_publisher":"https:\/\/www.facebook.com\/KapitalisInfo\/","article_published_time":"2023-09-05T11:50:38+00:00","article_modified_time":"2023-09-05T11:50:40+00:00","og_image":[{"width":1200,"height":630,"url":"https:\/\/kapitalis.com\/tunisie\/wp-content\/uploads\/2023\/09\/Mdhalla-Chapeau.jpg","type":"image\/jpeg"}],"author":"webmaster kapitalis","twitter_card":"summary_large_image","twitter_creator":"@KapitalisInfo","twitter_site":"@KapitalisInfo","twitter_misc":{"\u00c9crit par":"webmaster kapitalis","Dur\u00e9e de lecture estim\u00e9e":"3 minutes"},"schema":{"@context":"https:\/\/schema.org","@graph":[{"@type":"Article","@id":"https:\/\/kapitalis.com\/tunisie\/2023\/09\/05\/le-charme-intemporel-de-la-mdhalla-tunisienne\/#article","isPartOf":{"@id":"https:\/\/kapitalis.com\/tunisie\/2023\/09\/05\/le-charme-intemporel-de-la-mdhalla-tunisienne\/"},"author":{"name":"webmaster kapitalis","@id":"https:\/\/kapitalis.com\/tunisie\/#\/schema\/person\/d71f33a9ca44f7bad4698210b480c8e9"},"headline":"Le charme intemporel de la \u00abmdhalla\u00bb tunisienne","datePublished":"2023-09-05T11:50:38+00:00","dateModified":"2023-09-05T11:50:40+00:00","mainEntityOfPage":{"@id":"https:\/\/kapitalis.com\/tunisie\/2023\/09\/05\/le-charme-intemporel-de-la-mdhalla-tunisienne\/"},"wordCount":603,"commentCount":0,"publisher":{"@id":"https:\/\/kapitalis.com\/tunisie\/#organization"},"image":{"@id":"https:\/\/kapitalis.com\/tunisie\/2023\/09\/05\/le-charme-intemporel-de-la-mdhalla-tunisienne\/#primaryimage"},"thumbnailUrl":"https:\/\/kapitalis.com\/tunisie\/wp-content\/uploads\/2023\/09\/Mdhalla-Chapeau.jpg","keywords":["chapeau tunisien","chechia","mdhalla","Tunisie"],"articleSection":["A LA UNE","CONSO","CULTURE","Tunisie"],"inLanguage":"fr-FR","potentialAction":[{"@type":"CommentAction","name":"Comment","target":["https:\/\/kapitalis.com\/tunisie\/2023\/09\/05\/le-charme-intemporel-de-la-mdhalla-tunisienne\/#respond"]}]},{"@type":"WebPage","@id":"https:\/\/kapitalis.com\/tunisie\/2023\/09\/05\/le-charme-intemporel-de-la-mdhalla-tunisienne\/","url":"https:\/\/kapitalis.com\/tunisie\/2023\/09\/05\/le-charme-intemporel-de-la-mdhalla-tunisienne\/","name":"Le charme intemporel de la \u00abmdhalla\u00bb tunisienne - Kapitalis","isPartOf":{"@id":"https:\/\/kapitalis.com\/tunisie\/#website"},"primaryImageOfPage":{"@id":"https:\/\/kapitalis.com\/tunisie\/2023\/09\/05\/le-charme-intemporel-de-la-mdhalla-tunisienne\/#primaryimage"},"image":{"@id":"https:\/\/kapitalis.com\/tunisie\/2023\/09\/05\/le-charme-intemporel-de-la-mdhalla-tunisienne\/#primaryimage"},"thumbnailUrl":"https:\/\/kapitalis.com\/tunisie\/wp-content\/uploads\/2023\/09\/Mdhalla-Chapeau.jpg","datePublished":"2023-09-05T11:50:38+00:00","dateModified":"2023-09-05T11:50:40+00:00","breadcrumb":{"@id":"https:\/\/kapitalis.com\/tunisie\/2023\/09\/05\/le-charme-intemporel-de-la-mdhalla-tunisienne\/#breadcrumb"},"inLanguage":"fr-FR","potentialAction":[{"@type":"ReadAction","target":["https:\/\/kapitalis.com\/tunisie\/2023\/09\/05\/le-charme-intemporel-de-la-mdhalla-tunisienne\/"]}]},{"@type":"ImageObject","inLanguage":"fr-FR","@id":"https:\/\/kapitalis.com\/tunisie\/2023\/09\/05\/le-charme-intemporel-de-la-mdhalla-tunisienne\/#primaryimage","url":"https:\/\/kapitalis.com\/tunisie\/wp-content\/uploads\/2023\/09\/Mdhalla-Chapeau.jpg","contentUrl":"https:\/\/kapitalis.com\/tunisie\/wp-content\/uploads\/2023\/09\/Mdhalla-Chapeau.jpg","width":1200,"height":630},{"@type":"BreadcrumbList","@id":"https:\/\/kapitalis.com\/tunisie\/2023\/09\/05\/le-charme-intemporel-de-la-mdhalla-tunisienne\/#breadcrumb","itemListElement":[{"@type":"ListItem","position":1,"name":"Accueil","item":"https:\/\/kapitalis.com\/tunisie\/"},{"@type":"ListItem","position":2,"name":"Le charme intemporel de la \u00abmdhalla\u00bb tunisienne"}]},{"@type":"WebSite","@id":"https:\/\/kapitalis.com\/tunisie\/#website","url":"https:\/\/kapitalis.com\/tunisie\/","name":"Kapitalis","description":"L&#039;actualit\u00e9 en Tunisie et dans le monde","publisher":{"@id":"https:\/\/kapitalis.com\/tunisie\/#organization"},"potentialAction":[{"@type":"SearchAction","target":{"@type":"EntryPoint","urlTemplate":"https:\/\/kapitalis.com\/tunisie\/?s={search_term_string}"},"query-input":{"@type":"PropertyValueSpecification","valueRequired":true,"valueName":"search_term_string"}}],"inLanguage":"fr-FR"},{"@type":"Organization","@id":"https:\/\/kapitalis.com\/tunisie\/#organization","name":"Kapitalis","url":"https:\/\/kapitalis.com\/tunisie\/","logo":{"@type":"ImageObject","inLanguage":"fr-FR","@id":"https:\/\/kapitalis.com\/tunisie\/#\/schema\/logo\/image\/","url":"https:\/\/kapitalis.com\/tunisie\/wp-content\/uploads\/2022\/05\/Kapitalis-big-size.png","contentUrl":"https:\/\/kapitalis.com\/tunisie\/wp-content\/uploads\/2022\/05\/Kapitalis-big-size.png","width":5000,"height":1500,"caption":"Kapitalis"},"image":{"@id":"https:\/\/kapitalis.com\/tunisie\/#\/schema\/logo\/image\/"},"sameAs":["https:\/\/www.facebook.com\/KapitalisInfo\/","https:\/\/x.com\/KapitalisInfo","https:\/\/www.youtube.com\/channel\/UC-yDYrHyfFBWWZaOw3FPg9Q"]},{"@type":"Person","@id":"https:\/\/kapitalis.com\/tunisie\/#\/schema\/person\/d71f33a9ca44f7bad4698210b480c8e9","name":"webmaster kapitalis","url":"https:\/\/kapitalis.com\/tunisie\/author\/webmaster-kapitalis\/"}]}},"_links":{"self":[{"href":"https:\/\/kapitalis.com\/tunisie\/wp-json\/wp\/v2\/posts\/9659114","targetHints":{"allow":["GET"]}}],"collection":[{"href":"https:\/\/kapitalis.com\/tunisie\/wp-json\/wp\/v2\/posts"}],"about":[{"href":"https:\/\/kapitalis.com\/tunisie\/wp-json\/wp\/v2\/types\/post"}],"author":[{"embeddable":true,"href":"https:\/\/kapitalis.com\/tunisie\/wp-json\/wp\/v2\/users\/8"}],"replies":[{"embeddable":true,"href":"https:\/\/kapitalis.com\/tunisie\/wp-json\/wp\/v2\/comments?post=9659114"}],"version-history":[{"count":1,"href":"https:\/\/kapitalis.com\/tunisie\/wp-json\/wp\/v2\/posts\/9659114\/revisions"}],"predecessor-version":[{"id":9659179,"href":"https:\/\/kapitalis.com\/tunisie\/wp-json\/wp\/v2\/posts\/9659114\/revisions\/9659179"}],"wp:featuredmedia":[{"embeddable":true,"href":"https:\/\/kapitalis.com\/tunisie\/wp-json\/wp\/v2\/media\/9659142"}],"wp:attachment":[{"href":"https:\/\/kapitalis.com\/tunisie\/wp-json\/wp\/v2\/media?parent=9659114"}],"wp:term":[{"taxonomy":"category","embeddable":true,"href":"https:\/\/kapitalis.com\/tunisie\/wp-json\/wp\/v2\/categories?post=9659114"},{"taxonomy":"post_tag","embeddable":true,"href":"https:\/\/kapitalis.com\/tunisie\/wp-json\/wp\/v2\/tags?post=9659114"}],"curies":[{"name":"wp","href":"https:\/\/api.w.org\/{rel}","templated":true}]}}