{"id":96629,"date":"2017-05-16T16:58:11","date_gmt":"2017-05-16T16:28:11","guid":{"rendered":"http:\/\/kapitalis.com\/tunisie\/?p=96629"},"modified":"2017-05-16T16:59:21","modified_gmt":"2017-05-16T16:29:21","slug":"gammarth-le-2e-festival-des-jeunes-createurs-de-mode","status":"publish","type":"post","link":"https:\/\/kapitalis.com\/tunisie\/2017\/05\/16\/gammarth-le-2e-festival-des-jeunes-createurs-de-mode\/","title":{"rendered":"Gammarth : Le 2e Festival des jeunes cr\u00e9ateurs de mode"},"content":{"rendered":"<p style=\"text-align: center;\"><img loading=\"lazy\" decoding=\"async\" class=\"alignnone size-full wp-image-96631\" src=\"http:\/\/kapitalis.com\/tunisie\/wp-content\/uploads\/2017\/05\/Festival-des-Jeunes-createurs-de-mode.jpg\" alt=\"\" width=\"626\" height=\"380\" \/><\/p>\n<p><em><strong>La 2e \u00e9dition du Festival des jeunes cr\u00e9ateurs de mode s\u2019ouvrira jeudi 18 mai 2017 \u00e0 9h00 au Ramada Plaza \u00e0 Gammarth, banlieue nord de Tunis.<\/strong> <\/em><\/p>\n<p><!--more--><\/p>\n<p>Ce rendez-vous d\u00e9di\u00e9 \u00e0 l\u2019image de la mode, organis\u00e9 par le Groupement professionnel de la confection et de l\u2019habillement de la Conect, vise \u00e0 promouvoir les jeunes talents et leur ouvrir de nouveaux horizons, dont le textile tunisien a grandement besoin. Son th\u00e8me central cette ann\u00e9e: me tatouage tunisien.<\/p>\n<p>Au programme de la journ\u00e9e, une conf\u00e9rence qui regroupera d\u2019\u00e9minents intervenants, suivie de workshops th\u00e9matiques toujours autour de la mode, du secteur textile et habillement et de l\u2019accessoire et, en soir\u00e9e et en guise de cl\u00f4ture, des d\u00e9fil\u00e9s de modes.<\/p>\n<p>Le Festival constituera une occasion d\u2019\u00e9changes et de rencontres entre les diff\u00e9rents acteurs du secteur textile-habillement en Tunisie mais aussi une opportunit\u00e9 pour r\u00e9aliser des affaires avec de potentiels importateurs \u00e9trangers.<\/p>\n<p>Deux tables-rondes seront organis\u00e9es au cours de la journ\u00e9e. La premi\u00e8re portera sur l\u2019avenir de l\u2019industrie de la chaussure en Tunisie, anim\u00e9e par Fathi Boughanmi, directeur g\u00e9n\u00e9ral du Centre sectoriel de formation et des techniques appliqu\u00e9es au cuir de Megrine. La seconde est consacr\u00e9e aux opportunit\u00e9s et perspectives d\u2019un m\u00e9tier, le cr\u00e9ateur de mode, anim\u00e9e par Maryline Belieud-Vigouroux, responsable des relations publiques et m\u00e9c\u00e9nat \u00e0 la Maison M\u00e9diterran\u00e9enne des M\u00e9tiers de la Mode \u00e0 Marseille (France) et Khaled Ben Yahia, directeur g\u00e9n\u00e9ral de l\u2019Agence tunisienne de la formation professionnelle (ATFP).<\/p>\n<p>Des d\u00e9fil\u00e9s seront organis\u00e9s, en fin de journ\u00e9e, pour les jeunes cr\u00e9ateurs tunisiens de la mode ainsi que pour les cr\u00e9ateurs internationaux suivis de la remise des prix des meilleurs jeune cr\u00e9ateur de mode, mannequin et cr\u00e9ateur de joaillerie pour l\u2019ann\u00e9e 2017.<\/p>\n<p style=\"text-align: right;\"><strong>I. B.<\/strong> (avec communiqu\u00e9).<\/p>\n","protected":false},"excerpt":{"rendered":"<p>La 2e \u00e9dition du Festival des jeunes cr\u00e9ateurs de mode s\u2019ouvrira jeudi 18 mai 2017 \u00e0 9h00 au Ramada Plaza \u00e0 Gammarth, banlieue nord de Tunis.<\/p>\n","protected":false},"author":8,"featured_media":96631,"comment_status":"open","ping_status":"open","sticky":false,"template":"","format":"standard","meta":{"footnotes":""},"categories":[994,2433],"tags":[2144,1994,31437],"class_list":["post-96629","post","type-post","status-publish","format-standard","has-post-thumbnail","hentry","category-culture","category-tunisie","tag-conect","tag-gammarth","tag-khaled-ben-yahia"],"yoast_head":"<!-- This site is optimized with the Yoast SEO plugin v26.6 - https:\/\/yoast.com\/wordpress\/plugins\/seo\/ -->\n<title>Gammarth : Le 2e Festival des jeunes cr\u00e9ateurs de mode - Kapitalis<\/title>\n<meta name=\"robots\" content=\"index, follow, max-snippet:-1, max-image-preview:large, max-video-preview:-1\" \/>\n<link rel=\"canonical\" href=\"https:\/\/kapitalis.com\/tunisie\/2017\/05\/16\/gammarth-le-2e-festival-des-jeunes-createurs-de-mode\/\" \/>\n<meta property=\"og:locale\" content=\"fr_FR\" \/>\n<meta property=\"og:type\" content=\"article\" \/>\n<meta property=\"og:title\" content=\"Gammarth : Le 2e Festival des jeunes cr\u00e9ateurs de mode - Kapitalis\" \/>\n<meta property=\"og:description\" content=\"La 2e \u00e9dition du Festival des jeunes cr\u00e9ateurs de mode s\u2019ouvrira jeudi 18 mai 2017 \u00e0 9h00 au Ramada Plaza \u00e0 Gammarth, banlieue nord de Tunis.\" \/>\n<meta property=\"og:url\" content=\"https:\/\/kapitalis.com\/tunisie\/2017\/05\/16\/gammarth-le-2e-festival-des-jeunes-createurs-de-mode\/\" \/>\n<meta property=\"og:site_name\" content=\"Kapitalis\" \/>\n<meta property=\"article:publisher\" content=\"https:\/\/www.facebook.com\/KapitalisInfo\/\" \/>\n<meta property=\"article:published_time\" content=\"2017-05-16T16:28:11+00:00\" \/>\n<meta property=\"article:modified_time\" content=\"2017-05-16T16:29:21+00:00\" \/>\n<meta property=\"og:image\" content=\"https:\/\/kapitalis.com\/tunisie\/wp-content\/uploads\/2022\/05\/kapitalis-logo-fb.png\" \/>\n\t<meta property=\"og:image:width\" content=\"1200\" \/>\n\t<meta property=\"og:image:height\" content=\"630\" \/>\n\t<meta property=\"og:image:type\" content=\"image\/png\" \/>\n<meta name=\"author\" content=\"webmaster kapitalis\" \/>\n<meta name=\"twitter:card\" content=\"summary_large_image\" \/>\n<meta name=\"twitter:creator\" content=\"@KapitalisInfo\" \/>\n<meta name=\"twitter:site\" content=\"@KapitalisInfo\" \/>\n<meta name=\"twitter:label1\" content=\"\u00c9crit par\" \/>\n\t<meta name=\"twitter:data1\" content=\"webmaster kapitalis\" \/>\n\t<meta name=\"twitter:label2\" content=\"Dur\u00e9e de lecture estim\u00e9e\" \/>\n\t<meta name=\"twitter:data2\" content=\"2 minutes\" \/>\n<script type=\"application\/ld+json\" class=\"yoast-schema-graph\">{\"@context\":\"https:\/\/schema.org\",\"@graph\":[{\"@type\":\"Article\",\"@id\":\"https:\/\/kapitalis.com\/tunisie\/2017\/05\/16\/gammarth-le-2e-festival-des-jeunes-createurs-de-mode\/#article\",\"isPartOf\":{\"@id\":\"https:\/\/kapitalis.com\/tunisie\/2017\/05\/16\/gammarth-le-2e-festival-des-jeunes-createurs-de-mode\/\"},\"author\":{\"name\":\"webmaster kapitalis\",\"@id\":\"https:\/\/kapitalis.com\/tunisie\/#\/schema\/person\/d71f33a9ca44f7bad4698210b480c8e9\"},\"headline\":\"Gammarth : Le 2e Festival des jeunes cr\u00e9ateurs de mode\",\"datePublished\":\"2017-05-16T16:28:11+00:00\",\"dateModified\":\"2017-05-16T16:29:21+00:00\",\"mainEntityOfPage\":{\"@id\":\"https:\/\/kapitalis.com\/tunisie\/2017\/05\/16\/gammarth-le-2e-festival-des-jeunes-createurs-de-mode\/\"},\"wordCount\":335,\"commentCount\":0,\"publisher\":{\"@id\":\"https:\/\/kapitalis.com\/tunisie\/#organization\"},\"image\":{\"@id\":\"https:\/\/kapitalis.com\/tunisie\/2017\/05\/16\/gammarth-le-2e-festival-des-jeunes-createurs-de-mode\/#primaryimage\"},\"thumbnailUrl\":\"\",\"keywords\":[\"Conect\",\"Gammarth\",\"Khaled Ben Yahia\"],\"articleSection\":[\"CULTURE\",\"Tunisie\"],\"inLanguage\":\"fr-FR\",\"potentialAction\":[{\"@type\":\"CommentAction\",\"name\":\"Comment\",\"target\":[\"https:\/\/kapitalis.com\/tunisie\/2017\/05\/16\/gammarth-le-2e-festival-des-jeunes-createurs-de-mode\/#respond\"]}]},{\"@type\":\"WebPage\",\"@id\":\"https:\/\/kapitalis.com\/tunisie\/2017\/05\/16\/gammarth-le-2e-festival-des-jeunes-createurs-de-mode\/\",\"url\":\"https:\/\/kapitalis.com\/tunisie\/2017\/05\/16\/gammarth-le-2e-festival-des-jeunes-createurs-de-mode\/\",\"name\":\"Gammarth : Le 2e Festival des jeunes cr\u00e9ateurs de mode - Kapitalis\",\"isPartOf\":{\"@id\":\"https:\/\/kapitalis.com\/tunisie\/#website\"},\"primaryImageOfPage\":{\"@id\":\"https:\/\/kapitalis.com\/tunisie\/2017\/05\/16\/gammarth-le-2e-festival-des-jeunes-createurs-de-mode\/#primaryimage\"},\"image\":{\"@id\":\"https:\/\/kapitalis.com\/tunisie\/2017\/05\/16\/gammarth-le-2e-festival-des-jeunes-createurs-de-mode\/#primaryimage\"},\"thumbnailUrl\":\"\",\"datePublished\":\"2017-05-16T16:28:11+00:00\",\"dateModified\":\"2017-05-16T16:29:21+00:00\",\"breadcrumb\":{\"@id\":\"https:\/\/kapitalis.com\/tunisie\/2017\/05\/16\/gammarth-le-2e-festival-des-jeunes-createurs-de-mode\/#breadcrumb\"},\"inLanguage\":\"fr-FR\",\"potentialAction\":[{\"@type\":\"ReadAction\",\"target\":[\"https:\/\/kapitalis.com\/tunisie\/2017\/05\/16\/gammarth-le-2e-festival-des-jeunes-createurs-de-mode\/\"]}]},{\"@type\":\"ImageObject\",\"inLanguage\":\"fr-FR\",\"@id\":\"https:\/\/kapitalis.com\/tunisie\/2017\/05\/16\/gammarth-le-2e-festival-des-jeunes-createurs-de-mode\/#primaryimage\",\"url\":\"\",\"contentUrl\":\"\"},{\"@type\":\"BreadcrumbList\",\"@id\":\"https:\/\/kapitalis.com\/tunisie\/2017\/05\/16\/gammarth-le-2e-festival-des-jeunes-createurs-de-mode\/#breadcrumb\",\"itemListElement\":[{\"@type\":\"ListItem\",\"position\":1,\"name\":\"Accueil\",\"item\":\"https:\/\/kapitalis.com\/tunisie\/\"},{\"@type\":\"ListItem\",\"position\":2,\"name\":\"Gammarth : Le 2e Festival des jeunes cr\u00e9ateurs de mode\"}]},{\"@type\":\"WebSite\",\"@id\":\"https:\/\/kapitalis.com\/tunisie\/#website\",\"url\":\"https:\/\/kapitalis.com\/tunisie\/\",\"name\":\"Kapitalis\",\"description\":\"L&#039;actualit\u00e9 en Tunisie et dans le monde\",\"publisher\":{\"@id\":\"https:\/\/kapitalis.com\/tunisie\/#organization\"},\"potentialAction\":[{\"@type\":\"SearchAction\",\"target\":{\"@type\":\"EntryPoint\",\"urlTemplate\":\"https:\/\/kapitalis.com\/tunisie\/?s={search_term_string}\"},\"query-input\":{\"@type\":\"PropertyValueSpecification\",\"valueRequired\":true,\"valueName\":\"search_term_string\"}}],\"inLanguage\":\"fr-FR\"},{\"@type\":\"Organization\",\"@id\":\"https:\/\/kapitalis.com\/tunisie\/#organization\",\"name\":\"Kapitalis\",\"url\":\"https:\/\/kapitalis.com\/tunisie\/\",\"logo\":{\"@type\":\"ImageObject\",\"inLanguage\":\"fr-FR\",\"@id\":\"https:\/\/kapitalis.com\/tunisie\/#\/schema\/logo\/image\/\",\"url\":\"https:\/\/kapitalis.com\/tunisie\/wp-content\/uploads\/2022\/05\/Kapitalis-big-size.png\",\"contentUrl\":\"https:\/\/kapitalis.com\/tunisie\/wp-content\/uploads\/2022\/05\/Kapitalis-big-size.png\",\"width\":5000,\"height\":1500,\"caption\":\"Kapitalis\"},\"image\":{\"@id\":\"https:\/\/kapitalis.com\/tunisie\/#\/schema\/logo\/image\/\"},\"sameAs\":[\"https:\/\/www.facebook.com\/KapitalisInfo\/\",\"https:\/\/x.com\/KapitalisInfo\",\"https:\/\/www.youtube.com\/channel\/UC-yDYrHyfFBWWZaOw3FPg9Q\"]},{\"@type\":\"Person\",\"@id\":\"https:\/\/kapitalis.com\/tunisie\/#\/schema\/person\/d71f33a9ca44f7bad4698210b480c8e9\",\"name\":\"webmaster kapitalis\",\"url\":\"https:\/\/kapitalis.com\/tunisie\/author\/webmaster-kapitalis\/\"}]}<\/script>\n<!-- \/ Yoast SEO plugin. -->","yoast_head_json":{"title":"Gammarth : Le 2e Festival des jeunes cr\u00e9ateurs de mode - Kapitalis","robots":{"index":"index","follow":"follow","max-snippet":"max-snippet:-1","max-image-preview":"max-image-preview:large","max-video-preview":"max-video-preview:-1"},"canonical":"https:\/\/kapitalis.com\/tunisie\/2017\/05\/16\/gammarth-le-2e-festival-des-jeunes-createurs-de-mode\/","og_locale":"fr_FR","og_type":"article","og_title":"Gammarth : Le 2e Festival des jeunes cr\u00e9ateurs de mode - Kapitalis","og_description":"La 2e \u00e9dition du Festival des jeunes cr\u00e9ateurs de mode s\u2019ouvrira jeudi 18 mai 2017 \u00e0 9h00 au Ramada Plaza \u00e0 Gammarth, banlieue nord de Tunis.","og_url":"https:\/\/kapitalis.com\/tunisie\/2017\/05\/16\/gammarth-le-2e-festival-des-jeunes-createurs-de-mode\/","og_site_name":"Kapitalis","article_publisher":"https:\/\/www.facebook.com\/KapitalisInfo\/","article_published_time":"2017-05-16T16:28:11+00:00","article_modified_time":"2017-05-16T16:29:21+00:00","og_image":[{"width":1200,"height":630,"url":"https:\/\/kapitalis.com\/tunisie\/wp-content\/uploads\/2022\/05\/kapitalis-logo-fb.png","type":"image\/png"}],"author":"webmaster kapitalis","twitter_card":"summary_large_image","twitter_creator":"@KapitalisInfo","twitter_site":"@KapitalisInfo","twitter_misc":{"\u00c9crit par":"webmaster kapitalis","Dur\u00e9e de lecture estim\u00e9e":"2 minutes"},"schema":{"@context":"https:\/\/schema.org","@graph":[{"@type":"Article","@id":"https:\/\/kapitalis.com\/tunisie\/2017\/05\/16\/gammarth-le-2e-festival-des-jeunes-createurs-de-mode\/#article","isPartOf":{"@id":"https:\/\/kapitalis.com\/tunisie\/2017\/05\/16\/gammarth-le-2e-festival-des-jeunes-createurs-de-mode\/"},"author":{"name":"webmaster kapitalis","@id":"https:\/\/kapitalis.com\/tunisie\/#\/schema\/person\/d71f33a9ca44f7bad4698210b480c8e9"},"headline":"Gammarth : Le 2e Festival des jeunes cr\u00e9ateurs de mode","datePublished":"2017-05-16T16:28:11+00:00","dateModified":"2017-05-16T16:29:21+00:00","mainEntityOfPage":{"@id":"https:\/\/kapitalis.com\/tunisie\/2017\/05\/16\/gammarth-le-2e-festival-des-jeunes-createurs-de-mode\/"},"wordCount":335,"commentCount":0,"publisher":{"@id":"https:\/\/kapitalis.com\/tunisie\/#organization"},"image":{"@id":"https:\/\/kapitalis.com\/tunisie\/2017\/05\/16\/gammarth-le-2e-festival-des-jeunes-createurs-de-mode\/#primaryimage"},"thumbnailUrl":"","keywords":["Conect","Gammarth","Khaled Ben Yahia"],"articleSection":["CULTURE","Tunisie"],"inLanguage":"fr-FR","potentialAction":[{"@type":"CommentAction","name":"Comment","target":["https:\/\/kapitalis.com\/tunisie\/2017\/05\/16\/gammarth-le-2e-festival-des-jeunes-createurs-de-mode\/#respond"]}]},{"@type":"WebPage","@id":"https:\/\/kapitalis.com\/tunisie\/2017\/05\/16\/gammarth-le-2e-festival-des-jeunes-createurs-de-mode\/","url":"https:\/\/kapitalis.com\/tunisie\/2017\/05\/16\/gammarth-le-2e-festival-des-jeunes-createurs-de-mode\/","name":"Gammarth : Le 2e Festival des jeunes cr\u00e9ateurs de mode - Kapitalis","isPartOf":{"@id":"https:\/\/kapitalis.com\/tunisie\/#website"},"primaryImageOfPage":{"@id":"https:\/\/kapitalis.com\/tunisie\/2017\/05\/16\/gammarth-le-2e-festival-des-jeunes-createurs-de-mode\/#primaryimage"},"image":{"@id":"https:\/\/kapitalis.com\/tunisie\/2017\/05\/16\/gammarth-le-2e-festival-des-jeunes-createurs-de-mode\/#primaryimage"},"thumbnailUrl":"","datePublished":"2017-05-16T16:28:11+00:00","dateModified":"2017-05-16T16:29:21+00:00","breadcrumb":{"@id":"https:\/\/kapitalis.com\/tunisie\/2017\/05\/16\/gammarth-le-2e-festival-des-jeunes-createurs-de-mode\/#breadcrumb"},"inLanguage":"fr-FR","potentialAction":[{"@type":"ReadAction","target":["https:\/\/kapitalis.com\/tunisie\/2017\/05\/16\/gammarth-le-2e-festival-des-jeunes-createurs-de-mode\/"]}]},{"@type":"ImageObject","inLanguage":"fr-FR","@id":"https:\/\/kapitalis.com\/tunisie\/2017\/05\/16\/gammarth-le-2e-festival-des-jeunes-createurs-de-mode\/#primaryimage","url":"","contentUrl":""},{"@type":"BreadcrumbList","@id":"https:\/\/kapitalis.com\/tunisie\/2017\/05\/16\/gammarth-le-2e-festival-des-jeunes-createurs-de-mode\/#breadcrumb","itemListElement":[{"@type":"ListItem","position":1,"name":"Accueil","item":"https:\/\/kapitalis.com\/tunisie\/"},{"@type":"ListItem","position":2,"name":"Gammarth : Le 2e Festival des jeunes cr\u00e9ateurs de mode"}]},{"@type":"WebSite","@id":"https:\/\/kapitalis.com\/tunisie\/#website","url":"https:\/\/kapitalis.com\/tunisie\/","name":"Kapitalis","description":"L&#039;actualit\u00e9 en Tunisie et dans le monde","publisher":{"@id":"https:\/\/kapitalis.com\/tunisie\/#organization"},"potentialAction":[{"@type":"SearchAction","target":{"@type":"EntryPoint","urlTemplate":"https:\/\/kapitalis.com\/tunisie\/?s={search_term_string}"},"query-input":{"@type":"PropertyValueSpecification","valueRequired":true,"valueName":"search_term_string"}}],"inLanguage":"fr-FR"},{"@type":"Organization","@id":"https:\/\/kapitalis.com\/tunisie\/#organization","name":"Kapitalis","url":"https:\/\/kapitalis.com\/tunisie\/","logo":{"@type":"ImageObject","inLanguage":"fr-FR","@id":"https:\/\/kapitalis.com\/tunisie\/#\/schema\/logo\/image\/","url":"https:\/\/kapitalis.com\/tunisie\/wp-content\/uploads\/2022\/05\/Kapitalis-big-size.png","contentUrl":"https:\/\/kapitalis.com\/tunisie\/wp-content\/uploads\/2022\/05\/Kapitalis-big-size.png","width":5000,"height":1500,"caption":"Kapitalis"},"image":{"@id":"https:\/\/kapitalis.com\/tunisie\/#\/schema\/logo\/image\/"},"sameAs":["https:\/\/www.facebook.com\/KapitalisInfo\/","https:\/\/x.com\/KapitalisInfo","https:\/\/www.youtube.com\/channel\/UC-yDYrHyfFBWWZaOw3FPg9Q"]},{"@type":"Person","@id":"https:\/\/kapitalis.com\/tunisie\/#\/schema\/person\/d71f33a9ca44f7bad4698210b480c8e9","name":"webmaster kapitalis","url":"https:\/\/kapitalis.com\/tunisie\/author\/webmaster-kapitalis\/"}]}},"_links":{"self":[{"href":"https:\/\/kapitalis.com\/tunisie\/wp-json\/wp\/v2\/posts\/96629","targetHints":{"allow":["GET"]}}],"collection":[{"href":"https:\/\/kapitalis.com\/tunisie\/wp-json\/wp\/v2\/posts"}],"about":[{"href":"https:\/\/kapitalis.com\/tunisie\/wp-json\/wp\/v2\/types\/post"}],"author":[{"embeddable":true,"href":"https:\/\/kapitalis.com\/tunisie\/wp-json\/wp\/v2\/users\/8"}],"replies":[{"embeddable":true,"href":"https:\/\/kapitalis.com\/tunisie\/wp-json\/wp\/v2\/comments?post=96629"}],"version-history":[{"count":0,"href":"https:\/\/kapitalis.com\/tunisie\/wp-json\/wp\/v2\/posts\/96629\/revisions"}],"wp:featuredmedia":[{"embeddable":true,"href":"https:\/\/kapitalis.com\/tunisie\/wp-json\/wp\/v2\/media\/96631"}],"wp:attachment":[{"href":"https:\/\/kapitalis.com\/tunisie\/wp-json\/wp\/v2\/media?parent=96629"}],"wp:term":[{"taxonomy":"category","embeddable":true,"href":"https:\/\/kapitalis.com\/tunisie\/wp-json\/wp\/v2\/categories?post=96629"},{"taxonomy":"post_tag","embeddable":true,"href":"https:\/\/kapitalis.com\/tunisie\/wp-json\/wp\/v2\/tags?post=96629"}],"curies":[{"name":"wp","href":"https:\/\/api.w.org\/{rel}","templated":true}]}}