{"id":9676071,"date":"2023-09-07T10:23:11","date_gmt":"2023-09-07T09:23:11","guid":{"rendered":"https:\/\/kapitalis.com\/tunisie\/?p=9676071"},"modified":"2023-09-07T10:23:12","modified_gmt":"2023-09-07T09:23:12","slug":"des-startups-tunisiennes-vont-beneficier-du-projet-stand-up","status":"publish","type":"post","link":"https:\/\/kapitalis.com\/tunisie\/2023\/09\/07\/des-startups-tunisiennes-vont-beneficier-du-projet-stand-up\/","title":{"rendered":"Des startups tunisiennes vont b\u00e9n\u00e9ficier du projet Stand Up\u00a0!"},"content":{"rendered":"\n<p><strong><em>Quatre startups tunisiennes, Ligne 13 de Fahd Hannachi et Asma Ladjimi, Artwo de Sarra Bouchareb et Ahmed Malek, Lami Mode de Lamia Hamrouni et HakiwWear \u00a0de Mohamed Kharrat, vont b\u00e9n\u00e9ficier du soutien du projet Stand Up\u00a0!.<\/em><\/strong><\/p>\n\n\n\n<!--more-->\n\n\n\n<p>Les quatre startups ont \u00e9t\u00e9 s\u00e9lectionn\u00e9es par le Centre technique du textile (Cettex), partenaire d\u2019Action Textile Durable pour la mise en r\u00e9seau et le d\u00e9veloppement d\u2019entreprises d\u2019\u00e9conomie circulaire en M\u00e9diterran\u00e9e, projet Stand Up ! Elles vont b\u00e9n\u00e9ficier d\u2019un accompagnement technique dans le processus de protection de leur propri\u00e9t\u00e9 intellectuelle, de leurs marques et mod\u00e8les, et pour le d\u00e9p\u00f4t de brevets.<\/p>\n\n\n\n<p>Le projet Stand Up&nbsp;!, financ\u00e9 par l\u2019Union europ\u00e9enne, vise \u00e0 renforcer les entreprises d\u2019\u00e9conomie circulaire \u00e9volutives, reproductibles et inclusives en M\u00e9diterran\u00e9e en d\u00e9veloppant un \u00e9cosyst\u00e8me de soutien aux entreprises, d\u2019innovation et de transfert de technologie et de cr\u00e9ation d\u2019emplois durables pour les jeunes et les femmes.<\/p>\n","protected":false},"excerpt":{"rendered":"<p>Quatre startups tunisiennes  vont b\u00e9n\u00e9ficier du soutien du projet Stand Up\u00a0!.<\/p>\n","protected":false},"author":8,"featured_media":9676145,"comment_status":"open","ping_status":"open","sticky":false,"template":"","format":"standard","meta":{"footnotes":""},"categories":[995,2433],"tags":[110788,6009,84938,97774,91775,107607],"class_list":["post-9676071","post","type-post","status-publish","format-standard","has-post-thumbnail","hentry","category-economie","category-tunisie","tag-action-textile-durable","tag-cettex","tag-economie-circulaire","tag-projet-stand-up","tag-startups-tunisiennes","tag-union-europeeene"],"yoast_head":"<!-- This site is optimized with the Yoast SEO plugin v26.6 - https:\/\/yoast.com\/wordpress\/plugins\/seo\/ -->\n<title>Des startups tunisiennes vont b\u00e9n\u00e9ficier du projet Stand Up\u00a0! - Kapitalis<\/title>\n<meta name=\"robots\" content=\"index, follow, max-snippet:-1, max-image-preview:large, max-video-preview:-1\" \/>\n<link rel=\"canonical\" href=\"https:\/\/kapitalis.com\/tunisie\/2023\/09\/07\/des-startups-tunisiennes-vont-beneficier-du-projet-stand-up\/\" \/>\n<meta property=\"og:locale\" content=\"fr_FR\" \/>\n<meta property=\"og:type\" content=\"article\" \/>\n<meta property=\"og:title\" content=\"Des startups tunisiennes vont b\u00e9n\u00e9ficier du projet Stand Up\u00a0! - Kapitalis\" \/>\n<meta property=\"og:description\" content=\"Quatre startups tunisiennes vont b\u00e9n\u00e9ficier du soutien du projet Stand Up\u00a0!.\" \/>\n<meta property=\"og:url\" content=\"https:\/\/kapitalis.com\/tunisie\/2023\/09\/07\/des-startups-tunisiennes-vont-beneficier-du-projet-stand-up\/\" \/>\n<meta property=\"og:site_name\" content=\"Kapitalis\" \/>\n<meta property=\"article:publisher\" content=\"https:\/\/www.facebook.com\/KapitalisInfo\/\" \/>\n<meta property=\"article:published_time\" content=\"2023-09-07T09:23:11+00:00\" \/>\n<meta property=\"article:modified_time\" content=\"2023-09-07T09:23:12+00:00\" \/>\n<meta property=\"og:image\" content=\"https:\/\/kapitalis.com\/tunisie\/wp-content\/uploads\/2023\/09\/Projet-Stand-Up.jpg\" \/>\n\t<meta property=\"og:image:width\" content=\"1200\" \/>\n\t<meta property=\"og:image:height\" content=\"630\" \/>\n\t<meta property=\"og:image:type\" content=\"image\/jpeg\" \/>\n<meta name=\"author\" content=\"webmaster kapitalis\" \/>\n<meta name=\"twitter:card\" content=\"summary_large_image\" \/>\n<meta name=\"twitter:creator\" content=\"@KapitalisInfo\" \/>\n<meta name=\"twitter:site\" content=\"@KapitalisInfo\" \/>\n<meta name=\"twitter:label1\" content=\"\u00c9crit par\" \/>\n\t<meta name=\"twitter:data1\" content=\"webmaster kapitalis\" \/>\n\t<meta name=\"twitter:label2\" content=\"Dur\u00e9e de lecture estim\u00e9e\" \/>\n\t<meta name=\"twitter:data2\" content=\"1 minute\" \/>\n<script type=\"application\/ld+json\" class=\"yoast-schema-graph\">{\"@context\":\"https:\/\/schema.org\",\"@graph\":[{\"@type\":\"Article\",\"@id\":\"https:\/\/kapitalis.com\/tunisie\/2023\/09\/07\/des-startups-tunisiennes-vont-beneficier-du-projet-stand-up\/#article\",\"isPartOf\":{\"@id\":\"https:\/\/kapitalis.com\/tunisie\/2023\/09\/07\/des-startups-tunisiennes-vont-beneficier-du-projet-stand-up\/\"},\"author\":{\"name\":\"webmaster kapitalis\",\"@id\":\"https:\/\/kapitalis.com\/tunisie\/#\/schema\/person\/d71f33a9ca44f7bad4698210b480c8e9\"},\"headline\":\"Des startups tunisiennes vont b\u00e9n\u00e9ficier du projet Stand Up\u00a0!\",\"datePublished\":\"2023-09-07T09:23:11+00:00\",\"dateModified\":\"2023-09-07T09:23:12+00:00\",\"mainEntityOfPage\":{\"@id\":\"https:\/\/kapitalis.com\/tunisie\/2023\/09\/07\/des-startups-tunisiennes-vont-beneficier-du-projet-stand-up\/\"},\"wordCount\":179,\"commentCount\":0,\"publisher\":{\"@id\":\"https:\/\/kapitalis.com\/tunisie\/#organization\"},\"image\":{\"@id\":\"https:\/\/kapitalis.com\/tunisie\/2023\/09\/07\/des-startups-tunisiennes-vont-beneficier-du-projet-stand-up\/#primaryimage\"},\"thumbnailUrl\":\"https:\/\/kapitalis.com\/tunisie\/wp-content\/uploads\/2023\/09\/Projet-Stand-Up.jpg\",\"keywords\":[\"Action Textile Durable\",\"Cettex\",\"\u00e9conomie circulaire\",\"projet Stand Up!\",\"startups tunisiennes\",\"Union europ\u00e9eene\"],\"articleSection\":[\"ECONOMIE\",\"Tunisie\"],\"inLanguage\":\"fr-FR\",\"potentialAction\":[{\"@type\":\"CommentAction\",\"name\":\"Comment\",\"target\":[\"https:\/\/kapitalis.com\/tunisie\/2023\/09\/07\/des-startups-tunisiennes-vont-beneficier-du-projet-stand-up\/#respond\"]}]},{\"@type\":\"WebPage\",\"@id\":\"https:\/\/kapitalis.com\/tunisie\/2023\/09\/07\/des-startups-tunisiennes-vont-beneficier-du-projet-stand-up\/\",\"url\":\"https:\/\/kapitalis.com\/tunisie\/2023\/09\/07\/des-startups-tunisiennes-vont-beneficier-du-projet-stand-up\/\",\"name\":\"Des startups tunisiennes vont b\u00e9n\u00e9ficier du projet Stand Up\u00a0! - Kapitalis\",\"isPartOf\":{\"@id\":\"https:\/\/kapitalis.com\/tunisie\/#website\"},\"primaryImageOfPage\":{\"@id\":\"https:\/\/kapitalis.com\/tunisie\/2023\/09\/07\/des-startups-tunisiennes-vont-beneficier-du-projet-stand-up\/#primaryimage\"},\"image\":{\"@id\":\"https:\/\/kapitalis.com\/tunisie\/2023\/09\/07\/des-startups-tunisiennes-vont-beneficier-du-projet-stand-up\/#primaryimage\"},\"thumbnailUrl\":\"https:\/\/kapitalis.com\/tunisie\/wp-content\/uploads\/2023\/09\/Projet-Stand-Up.jpg\",\"datePublished\":\"2023-09-07T09:23:11+00:00\",\"dateModified\":\"2023-09-07T09:23:12+00:00\",\"breadcrumb\":{\"@id\":\"https:\/\/kapitalis.com\/tunisie\/2023\/09\/07\/des-startups-tunisiennes-vont-beneficier-du-projet-stand-up\/#breadcrumb\"},\"inLanguage\":\"fr-FR\",\"potentialAction\":[{\"@type\":\"ReadAction\",\"target\":[\"https:\/\/kapitalis.com\/tunisie\/2023\/09\/07\/des-startups-tunisiennes-vont-beneficier-du-projet-stand-up\/\"]}]},{\"@type\":\"ImageObject\",\"inLanguage\":\"fr-FR\",\"@id\":\"https:\/\/kapitalis.com\/tunisie\/2023\/09\/07\/des-startups-tunisiennes-vont-beneficier-du-projet-stand-up\/#primaryimage\",\"url\":\"https:\/\/kapitalis.com\/tunisie\/wp-content\/uploads\/2023\/09\/Projet-Stand-Up.jpg\",\"contentUrl\":\"https:\/\/kapitalis.com\/tunisie\/wp-content\/uploads\/2023\/09\/Projet-Stand-Up.jpg\",\"width\":1200,\"height\":630},{\"@type\":\"BreadcrumbList\",\"@id\":\"https:\/\/kapitalis.com\/tunisie\/2023\/09\/07\/des-startups-tunisiennes-vont-beneficier-du-projet-stand-up\/#breadcrumb\",\"itemListElement\":[{\"@type\":\"ListItem\",\"position\":1,\"name\":\"Accueil\",\"item\":\"https:\/\/kapitalis.com\/tunisie\/\"},{\"@type\":\"ListItem\",\"position\":2,\"name\":\"Des startups tunisiennes vont b\u00e9n\u00e9ficier du projet Stand Up\u00a0!\"}]},{\"@type\":\"WebSite\",\"@id\":\"https:\/\/kapitalis.com\/tunisie\/#website\",\"url\":\"https:\/\/kapitalis.com\/tunisie\/\",\"name\":\"Kapitalis\",\"description\":\"L&#039;actualit\u00e9 en Tunisie et dans le monde\",\"publisher\":{\"@id\":\"https:\/\/kapitalis.com\/tunisie\/#organization\"},\"potentialAction\":[{\"@type\":\"SearchAction\",\"target\":{\"@type\":\"EntryPoint\",\"urlTemplate\":\"https:\/\/kapitalis.com\/tunisie\/?s={search_term_string}\"},\"query-input\":{\"@type\":\"PropertyValueSpecification\",\"valueRequired\":true,\"valueName\":\"search_term_string\"}}],\"inLanguage\":\"fr-FR\"},{\"@type\":\"Organization\",\"@id\":\"https:\/\/kapitalis.com\/tunisie\/#organization\",\"name\":\"Kapitalis\",\"url\":\"https:\/\/kapitalis.com\/tunisie\/\",\"logo\":{\"@type\":\"ImageObject\",\"inLanguage\":\"fr-FR\",\"@id\":\"https:\/\/kapitalis.com\/tunisie\/#\/schema\/logo\/image\/\",\"url\":\"https:\/\/kapitalis.com\/tunisie\/wp-content\/uploads\/2022\/05\/Kapitalis-big-size.png\",\"contentUrl\":\"https:\/\/kapitalis.com\/tunisie\/wp-content\/uploads\/2022\/05\/Kapitalis-big-size.png\",\"width\":5000,\"height\":1500,\"caption\":\"Kapitalis\"},\"image\":{\"@id\":\"https:\/\/kapitalis.com\/tunisie\/#\/schema\/logo\/image\/\"},\"sameAs\":[\"https:\/\/www.facebook.com\/KapitalisInfo\/\",\"https:\/\/x.com\/KapitalisInfo\",\"https:\/\/www.youtube.com\/channel\/UC-yDYrHyfFBWWZaOw3FPg9Q\"]},{\"@type\":\"Person\",\"@id\":\"https:\/\/kapitalis.com\/tunisie\/#\/schema\/person\/d71f33a9ca44f7bad4698210b480c8e9\",\"name\":\"webmaster kapitalis\",\"url\":\"https:\/\/kapitalis.com\/tunisie\/author\/webmaster-kapitalis\/\"}]}<\/script>\n<!-- \/ Yoast SEO plugin. -->","yoast_head_json":{"title":"Des startups tunisiennes vont b\u00e9n\u00e9ficier du projet Stand Up\u00a0! - Kapitalis","robots":{"index":"index","follow":"follow","max-snippet":"max-snippet:-1","max-image-preview":"max-image-preview:large","max-video-preview":"max-video-preview:-1"},"canonical":"https:\/\/kapitalis.com\/tunisie\/2023\/09\/07\/des-startups-tunisiennes-vont-beneficier-du-projet-stand-up\/","og_locale":"fr_FR","og_type":"article","og_title":"Des startups tunisiennes vont b\u00e9n\u00e9ficier du projet Stand Up\u00a0! - Kapitalis","og_description":"Quatre startups tunisiennes vont b\u00e9n\u00e9ficier du soutien du projet Stand Up\u00a0!.","og_url":"https:\/\/kapitalis.com\/tunisie\/2023\/09\/07\/des-startups-tunisiennes-vont-beneficier-du-projet-stand-up\/","og_site_name":"Kapitalis","article_publisher":"https:\/\/www.facebook.com\/KapitalisInfo\/","article_published_time":"2023-09-07T09:23:11+00:00","article_modified_time":"2023-09-07T09:23:12+00:00","og_image":[{"width":1200,"height":630,"url":"https:\/\/kapitalis.com\/tunisie\/wp-content\/uploads\/2023\/09\/Projet-Stand-Up.jpg","type":"image\/jpeg"}],"author":"webmaster kapitalis","twitter_card":"summary_large_image","twitter_creator":"@KapitalisInfo","twitter_site":"@KapitalisInfo","twitter_misc":{"\u00c9crit par":"webmaster kapitalis","Dur\u00e9e de lecture estim\u00e9e":"1 minute"},"schema":{"@context":"https:\/\/schema.org","@graph":[{"@type":"Article","@id":"https:\/\/kapitalis.com\/tunisie\/2023\/09\/07\/des-startups-tunisiennes-vont-beneficier-du-projet-stand-up\/#article","isPartOf":{"@id":"https:\/\/kapitalis.com\/tunisie\/2023\/09\/07\/des-startups-tunisiennes-vont-beneficier-du-projet-stand-up\/"},"author":{"name":"webmaster kapitalis","@id":"https:\/\/kapitalis.com\/tunisie\/#\/schema\/person\/d71f33a9ca44f7bad4698210b480c8e9"},"headline":"Des startups tunisiennes vont b\u00e9n\u00e9ficier du projet Stand Up\u00a0!","datePublished":"2023-09-07T09:23:11+00:00","dateModified":"2023-09-07T09:23:12+00:00","mainEntityOfPage":{"@id":"https:\/\/kapitalis.com\/tunisie\/2023\/09\/07\/des-startups-tunisiennes-vont-beneficier-du-projet-stand-up\/"},"wordCount":179,"commentCount":0,"publisher":{"@id":"https:\/\/kapitalis.com\/tunisie\/#organization"},"image":{"@id":"https:\/\/kapitalis.com\/tunisie\/2023\/09\/07\/des-startups-tunisiennes-vont-beneficier-du-projet-stand-up\/#primaryimage"},"thumbnailUrl":"https:\/\/kapitalis.com\/tunisie\/wp-content\/uploads\/2023\/09\/Projet-Stand-Up.jpg","keywords":["Action Textile Durable","Cettex","\u00e9conomie circulaire","projet Stand Up!","startups tunisiennes","Union europ\u00e9eene"],"articleSection":["ECONOMIE","Tunisie"],"inLanguage":"fr-FR","potentialAction":[{"@type":"CommentAction","name":"Comment","target":["https:\/\/kapitalis.com\/tunisie\/2023\/09\/07\/des-startups-tunisiennes-vont-beneficier-du-projet-stand-up\/#respond"]}]},{"@type":"WebPage","@id":"https:\/\/kapitalis.com\/tunisie\/2023\/09\/07\/des-startups-tunisiennes-vont-beneficier-du-projet-stand-up\/","url":"https:\/\/kapitalis.com\/tunisie\/2023\/09\/07\/des-startups-tunisiennes-vont-beneficier-du-projet-stand-up\/","name":"Des startups tunisiennes vont b\u00e9n\u00e9ficier du projet Stand Up\u00a0! - Kapitalis","isPartOf":{"@id":"https:\/\/kapitalis.com\/tunisie\/#website"},"primaryImageOfPage":{"@id":"https:\/\/kapitalis.com\/tunisie\/2023\/09\/07\/des-startups-tunisiennes-vont-beneficier-du-projet-stand-up\/#primaryimage"},"image":{"@id":"https:\/\/kapitalis.com\/tunisie\/2023\/09\/07\/des-startups-tunisiennes-vont-beneficier-du-projet-stand-up\/#primaryimage"},"thumbnailUrl":"https:\/\/kapitalis.com\/tunisie\/wp-content\/uploads\/2023\/09\/Projet-Stand-Up.jpg","datePublished":"2023-09-07T09:23:11+00:00","dateModified":"2023-09-07T09:23:12+00:00","breadcrumb":{"@id":"https:\/\/kapitalis.com\/tunisie\/2023\/09\/07\/des-startups-tunisiennes-vont-beneficier-du-projet-stand-up\/#breadcrumb"},"inLanguage":"fr-FR","potentialAction":[{"@type":"ReadAction","target":["https:\/\/kapitalis.com\/tunisie\/2023\/09\/07\/des-startups-tunisiennes-vont-beneficier-du-projet-stand-up\/"]}]},{"@type":"ImageObject","inLanguage":"fr-FR","@id":"https:\/\/kapitalis.com\/tunisie\/2023\/09\/07\/des-startups-tunisiennes-vont-beneficier-du-projet-stand-up\/#primaryimage","url":"https:\/\/kapitalis.com\/tunisie\/wp-content\/uploads\/2023\/09\/Projet-Stand-Up.jpg","contentUrl":"https:\/\/kapitalis.com\/tunisie\/wp-content\/uploads\/2023\/09\/Projet-Stand-Up.jpg","width":1200,"height":630},{"@type":"BreadcrumbList","@id":"https:\/\/kapitalis.com\/tunisie\/2023\/09\/07\/des-startups-tunisiennes-vont-beneficier-du-projet-stand-up\/#breadcrumb","itemListElement":[{"@type":"ListItem","position":1,"name":"Accueil","item":"https:\/\/kapitalis.com\/tunisie\/"},{"@type":"ListItem","position":2,"name":"Des startups tunisiennes vont b\u00e9n\u00e9ficier du projet Stand Up\u00a0!"}]},{"@type":"WebSite","@id":"https:\/\/kapitalis.com\/tunisie\/#website","url":"https:\/\/kapitalis.com\/tunisie\/","name":"Kapitalis","description":"L&#039;actualit\u00e9 en Tunisie et dans le monde","publisher":{"@id":"https:\/\/kapitalis.com\/tunisie\/#organization"},"potentialAction":[{"@type":"SearchAction","target":{"@type":"EntryPoint","urlTemplate":"https:\/\/kapitalis.com\/tunisie\/?s={search_term_string}"},"query-input":{"@type":"PropertyValueSpecification","valueRequired":true,"valueName":"search_term_string"}}],"inLanguage":"fr-FR"},{"@type":"Organization","@id":"https:\/\/kapitalis.com\/tunisie\/#organization","name":"Kapitalis","url":"https:\/\/kapitalis.com\/tunisie\/","logo":{"@type":"ImageObject","inLanguage":"fr-FR","@id":"https:\/\/kapitalis.com\/tunisie\/#\/schema\/logo\/image\/","url":"https:\/\/kapitalis.com\/tunisie\/wp-content\/uploads\/2022\/05\/Kapitalis-big-size.png","contentUrl":"https:\/\/kapitalis.com\/tunisie\/wp-content\/uploads\/2022\/05\/Kapitalis-big-size.png","width":5000,"height":1500,"caption":"Kapitalis"},"image":{"@id":"https:\/\/kapitalis.com\/tunisie\/#\/schema\/logo\/image\/"},"sameAs":["https:\/\/www.facebook.com\/KapitalisInfo\/","https:\/\/x.com\/KapitalisInfo","https:\/\/www.youtube.com\/channel\/UC-yDYrHyfFBWWZaOw3FPg9Q"]},{"@type":"Person","@id":"https:\/\/kapitalis.com\/tunisie\/#\/schema\/person\/d71f33a9ca44f7bad4698210b480c8e9","name":"webmaster kapitalis","url":"https:\/\/kapitalis.com\/tunisie\/author\/webmaster-kapitalis\/"}]}},"_links":{"self":[{"href":"https:\/\/kapitalis.com\/tunisie\/wp-json\/wp\/v2\/posts\/9676071","targetHints":{"allow":["GET"]}}],"collection":[{"href":"https:\/\/kapitalis.com\/tunisie\/wp-json\/wp\/v2\/posts"}],"about":[{"href":"https:\/\/kapitalis.com\/tunisie\/wp-json\/wp\/v2\/types\/post"}],"author":[{"embeddable":true,"href":"https:\/\/kapitalis.com\/tunisie\/wp-json\/wp\/v2\/users\/8"}],"replies":[{"embeddable":true,"href":"https:\/\/kapitalis.com\/tunisie\/wp-json\/wp\/v2\/comments?post=9676071"}],"version-history":[{"count":1,"href":"https:\/\/kapitalis.com\/tunisie\/wp-json\/wp\/v2\/posts\/9676071\/revisions"}],"predecessor-version":[{"id":9676151,"href":"https:\/\/kapitalis.com\/tunisie\/wp-json\/wp\/v2\/posts\/9676071\/revisions\/9676151"}],"wp:featuredmedia":[{"embeddable":true,"href":"https:\/\/kapitalis.com\/tunisie\/wp-json\/wp\/v2\/media\/9676145"}],"wp:attachment":[{"href":"https:\/\/kapitalis.com\/tunisie\/wp-json\/wp\/v2\/media?parent=9676071"}],"wp:term":[{"taxonomy":"category","embeddable":true,"href":"https:\/\/kapitalis.com\/tunisie\/wp-json\/wp\/v2\/categories?post=9676071"},{"taxonomy":"post_tag","embeddable":true,"href":"https:\/\/kapitalis.com\/tunisie\/wp-json\/wp\/v2\/tags?post=9676071"}],"curies":[{"name":"wp","href":"https:\/\/api.w.org\/{rel}","templated":true}]}}