{"id":97140,"date":"2017-05-19T12:46:11","date_gmt":"2017-05-19T12:16:11","guid":{"rendered":"http:\/\/kapitalis.com\/tunisie\/?p=97140"},"modified":"2017-05-19T12:46:11","modified_gmt":"2017-05-19T12:16:11","slug":"les-autogreffes-pediatriques-enfin-possibles-en-tunisie","status":"publish","type":"post","link":"https:\/\/kapitalis.com\/tunisie\/2017\/05\/19\/les-autogreffes-pediatriques-enfin-possibles-en-tunisie\/","title":{"rendered":"Les autogreffes p\u00e9diatriques enfin possibles en Tunisie"},"content":{"rendered":"<p style=\"text-align: center;\"><img loading=\"lazy\" decoding=\"async\" class=\"alignnone size-full wp-image-97154\" src=\"http:\/\/kapitalis.com\/tunisie\/wp-content\/uploads\/2017\/05\/Association-Maram-autogreffe.jpg\" alt=\"\" width=\"626\" height=\"380\" \/><\/p>\n<p style=\"text-align: center;\"><em>Manel, m\u00e8re de\u00a0Maram, partie trop t\u00f4t \u00e0 cause de l&rsquo;absence d&rsquo;autogreffe en Tunisie.<\/em><\/p>\n<p><em><strong>La premi\u00e8re machine de collecte de cellules souches p\u00e9diatriques est enfin arriv\u00e9e en Tunisie. D\u00e9sormais les enfants atteints de cancer peuvent b\u00e9n\u00e9ficier d\u2019autogreffe p\u00e9diatrique.<\/strong><\/em><!--more--><\/p>\n<p>C\u2019est ce qu\u2019a annonc\u00e9, aujourd\u2019hui, vendredi 19 mai 2017, l\u2019Association Maram, en pr\u00e9cisant que l\u2019installation de cette machine d\u2019aph\u00e9r\u00e8se th\u00e9rapeutique, au Centre de greffe de moelle osseuse de Tunis, est un r\u00eave qui devient r\u00e9alit\u00e9 et qui offrira l\u2019espoir aux enfants en attente\u00a0d\u2019autogreffe p\u00e9diatrique, essentielle pour gu\u00e9rir divers types de cancers.<\/p>\n<p>\u00ab<em>Un traitement salvateur auquel n\u2019ont pas eu acc\u00e8s ceux qui sont partis trop t\u00f4t<\/em>\u00bb, pr\u00e9cise l\u2019association en ajoutant\u00a0: \u00ab<em>L\u2019acquisition de cette machine permettra \u00e0 l\u2019Etat tunisien de faire des \u00e9conomies annuelles \u00e9valu\u00e9es entre 7 et 10\u00a0 millions de dinars\u00bb<\/em>.<\/p>\n<p>L\u2019association Maram ne s\u2019est pas content\u00e9 d\u2019acheter la machine, elle a \u00e9galement pris en charge 3 m\u00e9decins tunisiens qui ont b\u00e9n\u00e9fici\u00e9 de formations \u00e0 l\u2019\u00e9tranger sur ces machines.\u00a0Ils\u00a0formeront, \u00e0 leur tour, d\u2019autres m\u00e9decins p\u00e9diatres oncologues.<\/p>\n<p style=\"text-align: center;\"><img loading=\"lazy\" decoding=\"async\" class=\"alignnone size-full wp-image-97157\" src=\"http:\/\/kapitalis.com\/tunisie\/wp-content\/uploads\/2017\/05\/maram-r\u00e9novation.jpg\" alt=\"\" width=\"500\" height=\"300\" \/><\/p>\n<p style=\"text-align: center;\"><em>Parmi les actions de l&rsquo;association Maram: la r\u00e9novation du service d&rsquo;oncologie \u00e0 l&rsquo;h\u00f4pital Salah Azaiez.<\/em><\/p>\n<p>\u00ab<em>Les membres de l\u2019association tiennent \u00e0 r\u00e9it\u00e9rer leurs plus vifs remerciements\u00a0et \u00e0 exprimer leurs profondes reconnaissance et gratitude \u00e0 ceux qui ont contribu\u00e9 et permis de r\u00e9aliser ce r\u00eave qui semblait inaccessible et chim\u00e9rique. Nombre de Tunisiens ont manifest\u00e9 leur g\u00e9n\u00e9rosit\u00e9. Une pens\u00e9e particuli\u00e8re \u00e0 M. Anis Tabka, dont le soutien p\u00e9cuniaire n\u2019a d\u2019\u00e9gal que sa pr\u00e9sence et son apport moral<\/em>\u00bb, soulign\u00e9 encore l&rsquo;association.<\/p>\n<p>Encore un d\u00e9fi r\u00e9ussi pour l\u2019Association Maram, fond\u00e9e en 2014 par Boubaker Aguel et son \u00e9pouse Manel Gharbi, parents de Maram, une fille de 3 ans qui a courageusement lutt\u00e9 contre un type rare de cancer, avant de rendre l\u2019\u00e2me, le 8 octobre 2014.<\/p>\n<p style=\"text-align: center;\"><img loading=\"lazy\" decoding=\"async\" class=\"alignnone size-full wp-image-97156\" src=\"http:\/\/kapitalis.com\/tunisie\/wp-content\/uploads\/2017\/05\/Maram-association.jpg\" alt=\"\" width=\"500\" height=\"300\" \/><\/p>\n<p style=\"text-align: center;\"><em>Les parents engag\u00e9s aupr\u00e8s des enfants canc\u00e9reux.<\/em><\/p>\n<p>Maram, elle, n\u2019a pas pu b\u00e9n\u00e9ficier d\u2019autogreffe en Tunisie. Alors que ses jours \u00e9taient compt\u00e9s, elle a perdu beaucoup de temps \u00e0 attendre les formalit\u00e9s d\u2019acceptation de son dossier pour des soins \u00e0 l\u2019\u00e9tranger. Et ce temps perdu lui a \u00e9t\u00e9 fatal.<\/p>\n<p>Manel Gharbi, une v\u00e9ritable m\u00e8re courage, s\u2019est beaucoup battue pour essayer de sauver sa fille.\u00a0Elle poursuit\u00a0la lutte pour les enfants canc\u00e9reux, en souvenir de Maram, dont la mort pr\u00e9matur\u00e9e n&rsquo;a pas \u00e9t\u00e9 vaine\u2026<\/p>\n<p style=\"text-align: right;\"><strong>Y. N.<\/strong><\/p>\n","protected":false},"excerpt":{"rendered":"<p>Manel, m\u00e8re de\u00a0Maram, partie trop t\u00f4t \u00e0 cause de l&rsquo;absence d&rsquo;autogreffe en Tunisie. La premi\u00e8re machine de collecte de cellules souches p\u00e9diatriques est enfin arriv\u00e9e en Tunisie. D\u00e9sormais les enfants atteints de cancer peuvent b\u00e9n\u00e9ficier d\u2019autogreffe p\u00e9diatrique.<\/p>\n","protected":false},"author":6,"featured_media":97154,"comment_status":"open","ping_status":"open","sticky":false,"template":"","format":"standard","meta":{"footnotes":""},"categories":[998,2433],"tags":[29615,2067],"class_list":["post-97140","post","type-post","status-publish","format-standard","has-post-thumbnail","hentry","category-societe","category-tunisie","tag-association-maram","tag-cancer"],"yoast_head":"<!-- This site is optimized with the Yoast SEO plugin v26.6 - https:\/\/yoast.com\/wordpress\/plugins\/seo\/ -->\n<title>Les autogreffes p\u00e9diatriques enfin possibles en Tunisie - Kapitalis<\/title>\n<meta name=\"robots\" content=\"index, follow, max-snippet:-1, max-image-preview:large, max-video-preview:-1\" \/>\n<link rel=\"canonical\" href=\"https:\/\/kapitalis.com\/tunisie\/2017\/05\/19\/les-autogreffes-pediatriques-enfin-possibles-en-tunisie\/\" \/>\n<meta property=\"og:locale\" content=\"fr_FR\" \/>\n<meta property=\"og:type\" content=\"article\" \/>\n<meta property=\"og:title\" content=\"Les autogreffes p\u00e9diatriques enfin possibles en Tunisie - Kapitalis\" \/>\n<meta property=\"og:description\" content=\"Manel, m\u00e8re de\u00a0Maram, partie trop t\u00f4t \u00e0 cause de l&rsquo;absence d&rsquo;autogreffe en Tunisie. La premi\u00e8re machine de collecte de cellules souches p\u00e9diatriques est enfin arriv\u00e9e en Tunisie. D\u00e9sormais les enfants atteints de cancer peuvent b\u00e9n\u00e9ficier d\u2019autogreffe p\u00e9diatrique.\" \/>\n<meta property=\"og:url\" content=\"https:\/\/kapitalis.com\/tunisie\/2017\/05\/19\/les-autogreffes-pediatriques-enfin-possibles-en-tunisie\/\" \/>\n<meta property=\"og:site_name\" content=\"Kapitalis\" \/>\n<meta property=\"article:publisher\" content=\"https:\/\/www.facebook.com\/KapitalisInfo\/\" \/>\n<meta property=\"article:published_time\" content=\"2017-05-19T12:16:11+00:00\" \/>\n<meta property=\"og:image\" content=\"https:\/\/kapitalis.com\/tunisie\/wp-content\/uploads\/2022\/05\/kapitalis-logo-fb.png\" \/>\n\t<meta property=\"og:image:width\" content=\"1200\" \/>\n\t<meta property=\"og:image:height\" content=\"630\" \/>\n\t<meta property=\"og:image:type\" content=\"image\/png\" \/>\n<meta name=\"author\" content=\"Yusra NY\" \/>\n<meta name=\"twitter:card\" content=\"summary_large_image\" \/>\n<meta name=\"twitter:creator\" content=\"@KapitalisInfo\" \/>\n<meta name=\"twitter:site\" content=\"@KapitalisInfo\" \/>\n<meta name=\"twitter:label1\" content=\"\u00c9crit par\" \/>\n\t<meta name=\"twitter:data1\" content=\"Yusra NY\" \/>\n\t<meta name=\"twitter:label2\" content=\"Dur\u00e9e de lecture estim\u00e9e\" \/>\n\t<meta name=\"twitter:data2\" content=\"2 minutes\" \/>\n<script type=\"application\/ld+json\" class=\"yoast-schema-graph\">{\"@context\":\"https:\/\/schema.org\",\"@graph\":[{\"@type\":\"Article\",\"@id\":\"https:\/\/kapitalis.com\/tunisie\/2017\/05\/19\/les-autogreffes-pediatriques-enfin-possibles-en-tunisie\/#article\",\"isPartOf\":{\"@id\":\"https:\/\/kapitalis.com\/tunisie\/2017\/05\/19\/les-autogreffes-pediatriques-enfin-possibles-en-tunisie\/\"},\"author\":{\"name\":\"Yusra NY\",\"@id\":\"https:\/\/kapitalis.com\/tunisie\/#\/schema\/person\/74bbde0154d49d790a92aaeac5bc01d5\"},\"headline\":\"Les autogreffes p\u00e9diatriques enfin possibles en Tunisie\",\"datePublished\":\"2017-05-19T12:16:11+00:00\",\"mainEntityOfPage\":{\"@id\":\"https:\/\/kapitalis.com\/tunisie\/2017\/05\/19\/les-autogreffes-pediatriques-enfin-possibles-en-tunisie\/\"},\"wordCount\":446,\"commentCount\":1,\"publisher\":{\"@id\":\"https:\/\/kapitalis.com\/tunisie\/#organization\"},\"image\":{\"@id\":\"https:\/\/kapitalis.com\/tunisie\/2017\/05\/19\/les-autogreffes-pediatriques-enfin-possibles-en-tunisie\/#primaryimage\"},\"thumbnailUrl\":\"\",\"keywords\":[\"association Maram\",\"cancer\"],\"articleSection\":[\"SOCIETE\",\"Tunisie\"],\"inLanguage\":\"fr-FR\",\"potentialAction\":[{\"@type\":\"CommentAction\",\"name\":\"Comment\",\"target\":[\"https:\/\/kapitalis.com\/tunisie\/2017\/05\/19\/les-autogreffes-pediatriques-enfin-possibles-en-tunisie\/#respond\"]}]},{\"@type\":\"WebPage\",\"@id\":\"https:\/\/kapitalis.com\/tunisie\/2017\/05\/19\/les-autogreffes-pediatriques-enfin-possibles-en-tunisie\/\",\"url\":\"https:\/\/kapitalis.com\/tunisie\/2017\/05\/19\/les-autogreffes-pediatriques-enfin-possibles-en-tunisie\/\",\"name\":\"Les autogreffes p\u00e9diatriques enfin possibles en Tunisie - Kapitalis\",\"isPartOf\":{\"@id\":\"https:\/\/kapitalis.com\/tunisie\/#website\"},\"primaryImageOfPage\":{\"@id\":\"https:\/\/kapitalis.com\/tunisie\/2017\/05\/19\/les-autogreffes-pediatriques-enfin-possibles-en-tunisie\/#primaryimage\"},\"image\":{\"@id\":\"https:\/\/kapitalis.com\/tunisie\/2017\/05\/19\/les-autogreffes-pediatriques-enfin-possibles-en-tunisie\/#primaryimage\"},\"thumbnailUrl\":\"\",\"datePublished\":\"2017-05-19T12:16:11+00:00\",\"breadcrumb\":{\"@id\":\"https:\/\/kapitalis.com\/tunisie\/2017\/05\/19\/les-autogreffes-pediatriques-enfin-possibles-en-tunisie\/#breadcrumb\"},\"inLanguage\":\"fr-FR\",\"potentialAction\":[{\"@type\":\"ReadAction\",\"target\":[\"https:\/\/kapitalis.com\/tunisie\/2017\/05\/19\/les-autogreffes-pediatriques-enfin-possibles-en-tunisie\/\"]}]},{\"@type\":\"ImageObject\",\"inLanguage\":\"fr-FR\",\"@id\":\"https:\/\/kapitalis.com\/tunisie\/2017\/05\/19\/les-autogreffes-pediatriques-enfin-possibles-en-tunisie\/#primaryimage\",\"url\":\"\",\"contentUrl\":\"\"},{\"@type\":\"BreadcrumbList\",\"@id\":\"https:\/\/kapitalis.com\/tunisie\/2017\/05\/19\/les-autogreffes-pediatriques-enfin-possibles-en-tunisie\/#breadcrumb\",\"itemListElement\":[{\"@type\":\"ListItem\",\"position\":1,\"name\":\"Accueil\",\"item\":\"https:\/\/kapitalis.com\/tunisie\/\"},{\"@type\":\"ListItem\",\"position\":2,\"name\":\"Les autogreffes p\u00e9diatriques enfin possibles en Tunisie\"}]},{\"@type\":\"WebSite\",\"@id\":\"https:\/\/kapitalis.com\/tunisie\/#website\",\"url\":\"https:\/\/kapitalis.com\/tunisie\/\",\"name\":\"Kapitalis\",\"description\":\"L&#039;actualit\u00e9 en Tunisie et dans le monde\",\"publisher\":{\"@id\":\"https:\/\/kapitalis.com\/tunisie\/#organization\"},\"potentialAction\":[{\"@type\":\"SearchAction\",\"target\":{\"@type\":\"EntryPoint\",\"urlTemplate\":\"https:\/\/kapitalis.com\/tunisie\/?s={search_term_string}\"},\"query-input\":{\"@type\":\"PropertyValueSpecification\",\"valueRequired\":true,\"valueName\":\"search_term_string\"}}],\"inLanguage\":\"fr-FR\"},{\"@type\":\"Organization\",\"@id\":\"https:\/\/kapitalis.com\/tunisie\/#organization\",\"name\":\"Kapitalis\",\"url\":\"https:\/\/kapitalis.com\/tunisie\/\",\"logo\":{\"@type\":\"ImageObject\",\"inLanguage\":\"fr-FR\",\"@id\":\"https:\/\/kapitalis.com\/tunisie\/#\/schema\/logo\/image\/\",\"url\":\"https:\/\/kapitalis.com\/tunisie\/wp-content\/uploads\/2022\/05\/Kapitalis-big-size.png\",\"contentUrl\":\"https:\/\/kapitalis.com\/tunisie\/wp-content\/uploads\/2022\/05\/Kapitalis-big-size.png\",\"width\":5000,\"height\":1500,\"caption\":\"Kapitalis\"},\"image\":{\"@id\":\"https:\/\/kapitalis.com\/tunisie\/#\/schema\/logo\/image\/\"},\"sameAs\":[\"https:\/\/www.facebook.com\/KapitalisInfo\/\",\"https:\/\/x.com\/KapitalisInfo\",\"https:\/\/www.youtube.com\/channel\/UC-yDYrHyfFBWWZaOw3FPg9Q\"]},{\"@type\":\"Person\",\"@id\":\"https:\/\/kapitalis.com\/tunisie\/#\/schema\/person\/74bbde0154d49d790a92aaeac5bc01d5\",\"name\":\"Yusra NY\",\"url\":\"https:\/\/kapitalis.com\/tunisie\/author\/yuza_adam\/\"}]}<\/script>\n<!-- \/ Yoast SEO plugin. -->","yoast_head_json":{"title":"Les autogreffes p\u00e9diatriques enfin possibles en Tunisie - Kapitalis","robots":{"index":"index","follow":"follow","max-snippet":"max-snippet:-1","max-image-preview":"max-image-preview:large","max-video-preview":"max-video-preview:-1"},"canonical":"https:\/\/kapitalis.com\/tunisie\/2017\/05\/19\/les-autogreffes-pediatriques-enfin-possibles-en-tunisie\/","og_locale":"fr_FR","og_type":"article","og_title":"Les autogreffes p\u00e9diatriques enfin possibles en Tunisie - Kapitalis","og_description":"Manel, m\u00e8re de\u00a0Maram, partie trop t\u00f4t \u00e0 cause de l&rsquo;absence d&rsquo;autogreffe en Tunisie. La premi\u00e8re machine de collecte de cellules souches p\u00e9diatriques est enfin arriv\u00e9e en Tunisie. D\u00e9sormais les enfants atteints de cancer peuvent b\u00e9n\u00e9ficier d\u2019autogreffe p\u00e9diatrique.","og_url":"https:\/\/kapitalis.com\/tunisie\/2017\/05\/19\/les-autogreffes-pediatriques-enfin-possibles-en-tunisie\/","og_site_name":"Kapitalis","article_publisher":"https:\/\/www.facebook.com\/KapitalisInfo\/","article_published_time":"2017-05-19T12:16:11+00:00","og_image":[{"width":1200,"height":630,"url":"https:\/\/kapitalis.com\/tunisie\/wp-content\/uploads\/2022\/05\/kapitalis-logo-fb.png","type":"image\/png"}],"author":"Yusra NY","twitter_card":"summary_large_image","twitter_creator":"@KapitalisInfo","twitter_site":"@KapitalisInfo","twitter_misc":{"\u00c9crit par":"Yusra NY","Dur\u00e9e de lecture estim\u00e9e":"2 minutes"},"schema":{"@context":"https:\/\/schema.org","@graph":[{"@type":"Article","@id":"https:\/\/kapitalis.com\/tunisie\/2017\/05\/19\/les-autogreffes-pediatriques-enfin-possibles-en-tunisie\/#article","isPartOf":{"@id":"https:\/\/kapitalis.com\/tunisie\/2017\/05\/19\/les-autogreffes-pediatriques-enfin-possibles-en-tunisie\/"},"author":{"name":"Yusra NY","@id":"https:\/\/kapitalis.com\/tunisie\/#\/schema\/person\/74bbde0154d49d790a92aaeac5bc01d5"},"headline":"Les autogreffes p\u00e9diatriques enfin possibles en Tunisie","datePublished":"2017-05-19T12:16:11+00:00","mainEntityOfPage":{"@id":"https:\/\/kapitalis.com\/tunisie\/2017\/05\/19\/les-autogreffes-pediatriques-enfin-possibles-en-tunisie\/"},"wordCount":446,"commentCount":1,"publisher":{"@id":"https:\/\/kapitalis.com\/tunisie\/#organization"},"image":{"@id":"https:\/\/kapitalis.com\/tunisie\/2017\/05\/19\/les-autogreffes-pediatriques-enfin-possibles-en-tunisie\/#primaryimage"},"thumbnailUrl":"","keywords":["association Maram","cancer"],"articleSection":["SOCIETE","Tunisie"],"inLanguage":"fr-FR","potentialAction":[{"@type":"CommentAction","name":"Comment","target":["https:\/\/kapitalis.com\/tunisie\/2017\/05\/19\/les-autogreffes-pediatriques-enfin-possibles-en-tunisie\/#respond"]}]},{"@type":"WebPage","@id":"https:\/\/kapitalis.com\/tunisie\/2017\/05\/19\/les-autogreffes-pediatriques-enfin-possibles-en-tunisie\/","url":"https:\/\/kapitalis.com\/tunisie\/2017\/05\/19\/les-autogreffes-pediatriques-enfin-possibles-en-tunisie\/","name":"Les autogreffes p\u00e9diatriques enfin possibles en Tunisie - Kapitalis","isPartOf":{"@id":"https:\/\/kapitalis.com\/tunisie\/#website"},"primaryImageOfPage":{"@id":"https:\/\/kapitalis.com\/tunisie\/2017\/05\/19\/les-autogreffes-pediatriques-enfin-possibles-en-tunisie\/#primaryimage"},"image":{"@id":"https:\/\/kapitalis.com\/tunisie\/2017\/05\/19\/les-autogreffes-pediatriques-enfin-possibles-en-tunisie\/#primaryimage"},"thumbnailUrl":"","datePublished":"2017-05-19T12:16:11+00:00","breadcrumb":{"@id":"https:\/\/kapitalis.com\/tunisie\/2017\/05\/19\/les-autogreffes-pediatriques-enfin-possibles-en-tunisie\/#breadcrumb"},"inLanguage":"fr-FR","potentialAction":[{"@type":"ReadAction","target":["https:\/\/kapitalis.com\/tunisie\/2017\/05\/19\/les-autogreffes-pediatriques-enfin-possibles-en-tunisie\/"]}]},{"@type":"ImageObject","inLanguage":"fr-FR","@id":"https:\/\/kapitalis.com\/tunisie\/2017\/05\/19\/les-autogreffes-pediatriques-enfin-possibles-en-tunisie\/#primaryimage","url":"","contentUrl":""},{"@type":"BreadcrumbList","@id":"https:\/\/kapitalis.com\/tunisie\/2017\/05\/19\/les-autogreffes-pediatriques-enfin-possibles-en-tunisie\/#breadcrumb","itemListElement":[{"@type":"ListItem","position":1,"name":"Accueil","item":"https:\/\/kapitalis.com\/tunisie\/"},{"@type":"ListItem","position":2,"name":"Les autogreffes p\u00e9diatriques enfin possibles en Tunisie"}]},{"@type":"WebSite","@id":"https:\/\/kapitalis.com\/tunisie\/#website","url":"https:\/\/kapitalis.com\/tunisie\/","name":"Kapitalis","description":"L&#039;actualit\u00e9 en Tunisie et dans le monde","publisher":{"@id":"https:\/\/kapitalis.com\/tunisie\/#organization"},"potentialAction":[{"@type":"SearchAction","target":{"@type":"EntryPoint","urlTemplate":"https:\/\/kapitalis.com\/tunisie\/?s={search_term_string}"},"query-input":{"@type":"PropertyValueSpecification","valueRequired":true,"valueName":"search_term_string"}}],"inLanguage":"fr-FR"},{"@type":"Organization","@id":"https:\/\/kapitalis.com\/tunisie\/#organization","name":"Kapitalis","url":"https:\/\/kapitalis.com\/tunisie\/","logo":{"@type":"ImageObject","inLanguage":"fr-FR","@id":"https:\/\/kapitalis.com\/tunisie\/#\/schema\/logo\/image\/","url":"https:\/\/kapitalis.com\/tunisie\/wp-content\/uploads\/2022\/05\/Kapitalis-big-size.png","contentUrl":"https:\/\/kapitalis.com\/tunisie\/wp-content\/uploads\/2022\/05\/Kapitalis-big-size.png","width":5000,"height":1500,"caption":"Kapitalis"},"image":{"@id":"https:\/\/kapitalis.com\/tunisie\/#\/schema\/logo\/image\/"},"sameAs":["https:\/\/www.facebook.com\/KapitalisInfo\/","https:\/\/x.com\/KapitalisInfo","https:\/\/www.youtube.com\/channel\/UC-yDYrHyfFBWWZaOw3FPg9Q"]},{"@type":"Person","@id":"https:\/\/kapitalis.com\/tunisie\/#\/schema\/person\/74bbde0154d49d790a92aaeac5bc01d5","name":"Yusra NY","url":"https:\/\/kapitalis.com\/tunisie\/author\/yuza_adam\/"}]}},"_links":{"self":[{"href":"https:\/\/kapitalis.com\/tunisie\/wp-json\/wp\/v2\/posts\/97140","targetHints":{"allow":["GET"]}}],"collection":[{"href":"https:\/\/kapitalis.com\/tunisie\/wp-json\/wp\/v2\/posts"}],"about":[{"href":"https:\/\/kapitalis.com\/tunisie\/wp-json\/wp\/v2\/types\/post"}],"author":[{"embeddable":true,"href":"https:\/\/kapitalis.com\/tunisie\/wp-json\/wp\/v2\/users\/6"}],"replies":[{"embeddable":true,"href":"https:\/\/kapitalis.com\/tunisie\/wp-json\/wp\/v2\/comments?post=97140"}],"version-history":[{"count":0,"href":"https:\/\/kapitalis.com\/tunisie\/wp-json\/wp\/v2\/posts\/97140\/revisions"}],"wp:featuredmedia":[{"embeddable":true,"href":"https:\/\/kapitalis.com\/tunisie\/wp-json\/wp\/v2\/media\/97154"}],"wp:attachment":[{"href":"https:\/\/kapitalis.com\/tunisie\/wp-json\/wp\/v2\/media?parent=97140"}],"wp:term":[{"taxonomy":"category","embeddable":true,"href":"https:\/\/kapitalis.com\/tunisie\/wp-json\/wp\/v2\/categories?post=97140"},{"taxonomy":"post_tag","embeddable":true,"href":"https:\/\/kapitalis.com\/tunisie\/wp-json\/wp\/v2\/tags?post=97140"}],"curies":[{"name":"wp","href":"https:\/\/api.w.org\/{rel}","templated":true}]}}