{"id":9742513,"date":"2023-09-11T12:32:04","date_gmt":"2023-09-11T11:32:04","guid":{"rendered":"https:\/\/kapitalis.com\/tunisie\/?p=9742513"},"modified":"2023-09-11T12:32:06","modified_gmt":"2023-09-11T11:32:06","slug":"mattabbia-focus-sur-lhistoire-des-siciliens-de-tunisie","status":"publish","type":"post","link":"https:\/\/kapitalis.com\/tunisie\/2023\/09\/11\/mattabbia-focus-sur-lhistoire-des-siciliens-de-tunisie\/","title":{"rendered":"Mattabbia\u00a0: focus sur l\u2019histoire des Siciliens de Tunisie \u00a0\u00a0"},"content":{"rendered":"\n<p><strong><em>Apr\u00e8s le grand succ\u00e8s de l\u2019ann\u00e9e derni\u00e8re \u00e0 Marsala, l\u2019\u00e9v\u00e9nement culturel multidisciplinaire \u00abMattabbia\u00bb revient \u00e0 Tunis. Il r\u00e9unira experts et artistes autour du th\u00e8me des Siciliens de Tunisie, avec un accent particulier sur l\u2019imprimerie, l\u2019architecture et l\u2019art.<\/em><\/strong><\/p>\n\n\n\n<!--more-->\n\n\n\n<p>Le terme <em>\u00abMatabbia\u00bb<\/em> fait r\u00e9f\u00e9rence \u00e0 une expression en usage dans la langue tunisienne et pass\u00e9e dans le discours des Siciliens de Tunisie avec une l\u00e9g\u00e8re variation, dont le sens correspond \u00e0 <em>\u00abJe voudrais bien\u00bb<\/em>, et a \u00e9t\u00e9 choisi comme titre pour t\u00e9moigner de la profondeur des relations et les \u00e9changes culturels entre les deux rives du d\u00e9troit de Sicile.<\/p>\n\n\n\n<p><em>\u00abMatabbia. Siciliens de Tunisie\u00bb<\/em> aura lieu du 29 septembre au 1er octobre 2023, dans diff\u00e9rents lieux de la capitale tunisienne dont la Biblioth\u00e8que nationale et Beit El-Hikma (Acad\u00e9mie nationale des sciences, des lettres et des arts), avec un programme divis\u00e9 en trois axes: la presse, notamment \u00e0 travers les t\u00e9moignages du journal humoristique et litt\u00e9raire en dialecte <em>\u2018\u2018U Simpaticuni\u2019\u2019<\/em>, publi\u00e9 \u00e0 Tunis entre 1911 et 1933, l\u2019architecture et l\u2019art, notamment la peinture des Siciliens de Tunisie. Objectif, faire la lumi\u00e8re sur un \u00e9v\u00e9nement historique peu connu tant en Tunisie qu\u2019en Italie, et relatif \u00e0 l\u2019\u00e9norme vague migratoire des Italiens (notamment Siciliens) vers la Tunisie, survenue entre la fin du XIXe si\u00e8cle et les premi\u00e8res d\u00e9cennies du vingti\u00e8me si\u00e8cle.<\/p>\n\n\n\n<figure class=\"wp-block-embed is-type-wp-embed is-provider-kapitalis wp-block-embed-kapitalis\"><div class=\"wp-block-embed__wrapper\">\n<blockquote class=\"wp-embedded-content\" data-secret=\"QN86UFUsPt\"><a href=\"https:\/\/kapitalis.com\/tunisie\/2023\/08\/31\/les-italiens-de-tunisie-ou-lemigration-inversee\/\">Les Italiens de Tunisie ou l\u2019\u00e9migration invers\u00e9e<\/a><\/blockquote><iframe loading=\"lazy\" class=\"wp-embedded-content\" sandbox=\"allow-scripts\" security=\"restricted\" style=\"position: absolute; clip: rect(1px, 1px, 1px, 1px);\" title=\"\u00ab\u00a0Les Italiens de Tunisie ou l\u2019\u00e9migration invers\u00e9e\u00a0\u00bb &#8212; Kapitalis\" src=\"https:\/\/kapitalis.com\/tunisie\/2023\/08\/31\/les-italiens-de-tunisie-ou-lemigration-inversee\/embed\/#?secret=8lprbDI8Cy#?secret=QN86UFUsPt\" data-secret=\"QN86UFUsPt\" width=\"600\" height=\"338\" frameborder=\"0\" marginwidth=\"0\" marginheight=\"0\" scrolling=\"no\"><\/iframe>\n<\/div><\/figure>\n\n\n\n<p>Parmi les personnalit\u00e9s annonc\u00e9es figurent Mahmoud Ben Romdhane, pr\u00e9sident de l\u2019Acad\u00e9mie tunisienne des sciences, des lettres et des arts; Fabrizio Saggio, ambassadeur d\u2019Italie \u00e0 Tunis; Fabio Ruggirello, directeur de l\u2019Institut culturel italien de Tunis; Khaled Kchir, directeur de la Biblioth\u00e8que nationale de Tunis; Alessandro Masi, historien de l\u2019art et secr\u00e9taire g\u00e9n\u00e9ral de la Soci\u00e9t\u00e9 Dante Alighieri de Rome et Silvia Finzi, pr\u00e9sidente Dante Alighieri, Comit\u00e9 de Tunis, et Archivio memorie italiane Tunisia (Amit).<\/p>\n\n\n\n<p>Il y aura \u00e9galement une exposition photographique sur le th\u00e8me de l\u2019architecture italienne en Tunisie, organis\u00e9e par Luca Quattrocchi (Universit\u00e9 de Sienne), et un documentaire du c\u00e9l\u00e8bre r\u00e9alisateur tunisien Habib Mestiri, \u00a0auteur de <em>\u2018\u2018Tabarkini\u2019\u2019<\/em>\u00a0sur la pr\u00e9sence des Italiens \u00e0 Tabarka de 1540 \u00e0 1740, sera projet\u00e9 en avant-premi\u00e8re.<\/p>\n\n\n\n<p>Parmi les intervenants programm\u00e9s pendant les trois jours, outre Quattrocchi, figurent \u00e9galement Leila Ammar (Ecole nationale d\u2019architecture et d\u2019urbanisme de Tunis), Ahmed Somai (doyen des italianistes tunisiens), l\u2019\u00e9crivain Marinette Pendola, Iride Valenti (Universit\u00e9 de Catane) et Salvatore Speziale (Universit\u00e9 de Messine).<\/p>\n\n\n\n<p>Le si\u00e8ge du Comit\u00e9 Dante Alighieri \u00e0 Tunis accueillera \u00e9galement une table-ronde organis\u00e9e par Alfonso Campisi (Universit\u00e9 de La Manouba) et consacr\u00e9e aux histoires personnelles et familiales des Siciliens de Tunisie et des Tunisiens n\u00e9s en Sicile, ainsi qu\u2019une projection vid\u00e9o sur le th\u00e8me organis\u00e9 par Francesco Tranchida (Banca Marsalese della Memoria).<\/p>\n\n\n\n<p>A l\u2019Institut culturel Italien de Tunis se terminera dimanche 1er octobre avec une exposition de Silvano Monteleone, peintre sicilien originaire de Tunisie et la mise en sc\u00e8ne du spectacle th\u00e9\u00e2tral \u2018\u2018Ciclopu\u2019\u2019 de l\u2019acteur Gaspare Balsamo, un <em>\u00abcunto\u00bb<\/em> librement inspir\u00e9 du livre IX du plus ancien des contes m\u00e9diterran\u00e9ens, <em>L\u2019Odyss\u00e9e<\/em>, avec des r\u00e9f\u00e9rences aux histoires de Giuf\u00e0, protagoniste des anciens contes populaires siciliens et tunisiens.<\/p>\n\n\n\n<p><strong>Source\u00a0: <a href=\"https:\/\/www.ansa.it\/ansamed\/it\/notizie\/rubriche\/cultura\/2023\/09\/08\/torna-a-tunisi-matabbia-siciliani-di-tunisia_74a68442-4dca-44ef-8a8b-42183ea11f9f.html\" target=\"_blank\" rel=\"noreferrer noopener\">Ansamed. <\/a><\/strong><\/p>\n\n\n\n<figure class=\"wp-block-embed is-type-wp-embed is-provider-kapitalis wp-block-embed-kapitalis\"><div class=\"wp-block-embed__wrapper\">\n<blockquote class=\"wp-embedded-content\" data-secret=\"RtLLNH8rTh\"><a href=\"https:\/\/kapitalis.com\/tunisie\/2018\/06\/20\/il-etait-une-fois-des-immigres-italiens-en-tunisie\/\">Il \u00e9tait une fois, des immigr\u00e9s italiens en&#8230; Tunisie<\/a><\/blockquote><iframe loading=\"lazy\" class=\"wp-embedded-content\" sandbox=\"allow-scripts\" security=\"restricted\" style=\"position: absolute; clip: rect(1px, 1px, 1px, 1px);\" title=\"\u00ab\u00a0Il \u00e9tait une fois, des immigr\u00e9s italiens en&#8230; Tunisie\u00a0\u00bb &#8212; Kapitalis\" src=\"https:\/\/kapitalis.com\/tunisie\/2018\/06\/20\/il-etait-une-fois-des-immigres-italiens-en-tunisie\/embed\/#?secret=61NO3JVdP9#?secret=RtLLNH8rTh\" data-secret=\"RtLLNH8rTh\" width=\"600\" height=\"338\" frameborder=\"0\" marginwidth=\"0\" marginheight=\"0\" scrolling=\"no\"><\/iframe>\n<\/div><\/figure>\n","protected":false},"excerpt":{"rendered":"<p>L\u2019\u00e9v\u00e9nement culturel multidisciplinaire \u00abMattabbia\u00bb r\u00e9unira \u00e0 Tunis experts et artistes autour du th\u00e8me des Siciliens de Tunisie. <\/p>\n","protected":false},"author":8,"featured_media":9742570,"comment_status":"open","ping_status":"open","sticky":false,"template":"","format":"standard","meta":{"footnotes":""},"categories":[992,994,2433],"tags":[109187,103667,7872,505,110860,566,110859,97203,108876,62643],"class_list":["post-9742513","post","type-post","status-publish","format-standard","has-post-thumbnail","hentry","category-a-la-une","category-culture","category-tunisie","tag-fabio-ruggirello","tag-fabrizio-saggio","tag-habib-mestiri","tag-italie","tag-khaled-kchir","tag-mahmoud-ben-romdhane","tag-mattabbia","tag-siciliens","tag-silvia-finzi","tag-tunisie"],"yoast_head":"<!-- This site is optimized with the Yoast SEO plugin v26.6 - https:\/\/yoast.com\/wordpress\/plugins\/seo\/ -->\n<title>Mattabbia\u00a0: focus sur l\u2019histoire des Siciliens de Tunisie \u00a0\u00a0 - Kapitalis<\/title>\n<meta name=\"robots\" content=\"index, follow, max-snippet:-1, max-image-preview:large, max-video-preview:-1\" \/>\n<link rel=\"canonical\" href=\"https:\/\/kapitalis.com\/tunisie\/2023\/09\/11\/mattabbia-focus-sur-lhistoire-des-siciliens-de-tunisie\/\" \/>\n<meta property=\"og:locale\" content=\"fr_FR\" \/>\n<meta property=\"og:type\" content=\"article\" \/>\n<meta property=\"og:title\" content=\"Mattabbia\u00a0: focus sur l\u2019histoire des Siciliens de Tunisie \u00a0\u00a0 - Kapitalis\" \/>\n<meta property=\"og:description\" content=\"L\u2019\u00e9v\u00e9nement culturel multidisciplinaire \u00abMattabbia\u00bb r\u00e9unira \u00e0 Tunis experts et artistes autour du th\u00e8me des Siciliens de Tunisie.\" \/>\n<meta property=\"og:url\" content=\"https:\/\/kapitalis.com\/tunisie\/2023\/09\/11\/mattabbia-focus-sur-lhistoire-des-siciliens-de-tunisie\/\" \/>\n<meta property=\"og:site_name\" content=\"Kapitalis\" \/>\n<meta property=\"article:publisher\" content=\"https:\/\/www.facebook.com\/KapitalisInfo\/\" \/>\n<meta property=\"article:published_time\" content=\"2023-09-11T11:32:04+00:00\" \/>\n<meta property=\"article:modified_time\" content=\"2023-09-11T11:32:06+00:00\" \/>\n<meta property=\"og:image\" content=\"https:\/\/kapitalis.com\/tunisie\/wp-content\/uploads\/2023\/09\/Siciliens-de-Tunisie.jpg\" \/>\n\t<meta property=\"og:image:width\" content=\"1200\" \/>\n\t<meta property=\"og:image:height\" content=\"630\" \/>\n\t<meta property=\"og:image:type\" content=\"image\/jpeg\" \/>\n<meta name=\"author\" content=\"webmaster kapitalis\" \/>\n<meta name=\"twitter:card\" content=\"summary_large_image\" \/>\n<meta name=\"twitter:creator\" content=\"@KapitalisInfo\" \/>\n<meta name=\"twitter:site\" content=\"@KapitalisInfo\" \/>\n<meta name=\"twitter:label1\" content=\"\u00c9crit par\" \/>\n\t<meta name=\"twitter:data1\" content=\"webmaster kapitalis\" \/>\n\t<meta name=\"twitter:label2\" content=\"Dur\u00e9e de lecture estim\u00e9e\" \/>\n\t<meta name=\"twitter:data2\" content=\"3 minutes\" \/>\n<script type=\"application\/ld+json\" class=\"yoast-schema-graph\">{\"@context\":\"https:\/\/schema.org\",\"@graph\":[{\"@type\":\"Article\",\"@id\":\"https:\/\/kapitalis.com\/tunisie\/2023\/09\/11\/mattabbia-focus-sur-lhistoire-des-siciliens-de-tunisie\/#article\",\"isPartOf\":{\"@id\":\"https:\/\/kapitalis.com\/tunisie\/2023\/09\/11\/mattabbia-focus-sur-lhistoire-des-siciliens-de-tunisie\/\"},\"author\":{\"name\":\"webmaster kapitalis\",\"@id\":\"https:\/\/kapitalis.com\/tunisie\/#\/schema\/person\/d71f33a9ca44f7bad4698210b480c8e9\"},\"headline\":\"Mattabbia\u00a0: focus sur l\u2019histoire des Siciliens de Tunisie \u00a0\u00a0\",\"datePublished\":\"2023-09-11T11:32:04+00:00\",\"dateModified\":\"2023-09-11T11:32:06+00:00\",\"mainEntityOfPage\":{\"@id\":\"https:\/\/kapitalis.com\/tunisie\/2023\/09\/11\/mattabbia-focus-sur-lhistoire-des-siciliens-de-tunisie\/\"},\"wordCount\":576,\"commentCount\":0,\"publisher\":{\"@id\":\"https:\/\/kapitalis.com\/tunisie\/#organization\"},\"image\":{\"@id\":\"https:\/\/kapitalis.com\/tunisie\/2023\/09\/11\/mattabbia-focus-sur-lhistoire-des-siciliens-de-tunisie\/#primaryimage\"},\"thumbnailUrl\":\"https:\/\/kapitalis.com\/tunisie\/wp-content\/uploads\/2023\/09\/Siciliens-de-Tunisie.jpg\",\"keywords\":[\"Fabio Ruggirello\",\"Fabrizio Saggio\",\"Habib Mestiri\",\"Italie\",\"Khaled Kchir\",\"Mahmoud Ben Romdhane\",\"Mattabbia\",\"Siciliens\",\"Silvia Finzi\",\"Tunisie\"],\"articleSection\":[\"A LA UNE\",\"CULTURE\",\"Tunisie\"],\"inLanguage\":\"fr-FR\",\"potentialAction\":[{\"@type\":\"CommentAction\",\"name\":\"Comment\",\"target\":[\"https:\/\/kapitalis.com\/tunisie\/2023\/09\/11\/mattabbia-focus-sur-lhistoire-des-siciliens-de-tunisie\/#respond\"]}]},{\"@type\":\"WebPage\",\"@id\":\"https:\/\/kapitalis.com\/tunisie\/2023\/09\/11\/mattabbia-focus-sur-lhistoire-des-siciliens-de-tunisie\/\",\"url\":\"https:\/\/kapitalis.com\/tunisie\/2023\/09\/11\/mattabbia-focus-sur-lhistoire-des-siciliens-de-tunisie\/\",\"name\":\"Mattabbia\u00a0: focus sur l\u2019histoire des Siciliens de Tunisie \u00a0\u00a0 - Kapitalis\",\"isPartOf\":{\"@id\":\"https:\/\/kapitalis.com\/tunisie\/#website\"},\"primaryImageOfPage\":{\"@id\":\"https:\/\/kapitalis.com\/tunisie\/2023\/09\/11\/mattabbia-focus-sur-lhistoire-des-siciliens-de-tunisie\/#primaryimage\"},\"image\":{\"@id\":\"https:\/\/kapitalis.com\/tunisie\/2023\/09\/11\/mattabbia-focus-sur-lhistoire-des-siciliens-de-tunisie\/#primaryimage\"},\"thumbnailUrl\":\"https:\/\/kapitalis.com\/tunisie\/wp-content\/uploads\/2023\/09\/Siciliens-de-Tunisie.jpg\",\"datePublished\":\"2023-09-11T11:32:04+00:00\",\"dateModified\":\"2023-09-11T11:32:06+00:00\",\"breadcrumb\":{\"@id\":\"https:\/\/kapitalis.com\/tunisie\/2023\/09\/11\/mattabbia-focus-sur-lhistoire-des-siciliens-de-tunisie\/#breadcrumb\"},\"inLanguage\":\"fr-FR\",\"potentialAction\":[{\"@type\":\"ReadAction\",\"target\":[\"https:\/\/kapitalis.com\/tunisie\/2023\/09\/11\/mattabbia-focus-sur-lhistoire-des-siciliens-de-tunisie\/\"]}]},{\"@type\":\"ImageObject\",\"inLanguage\":\"fr-FR\",\"@id\":\"https:\/\/kapitalis.com\/tunisie\/2023\/09\/11\/mattabbia-focus-sur-lhistoire-des-siciliens-de-tunisie\/#primaryimage\",\"url\":\"https:\/\/kapitalis.com\/tunisie\/wp-content\/uploads\/2023\/09\/Siciliens-de-Tunisie.jpg\",\"contentUrl\":\"https:\/\/kapitalis.com\/tunisie\/wp-content\/uploads\/2023\/09\/Siciliens-de-Tunisie.jpg\",\"width\":1200,\"height\":630},{\"@type\":\"BreadcrumbList\",\"@id\":\"https:\/\/kapitalis.com\/tunisie\/2023\/09\/11\/mattabbia-focus-sur-lhistoire-des-siciliens-de-tunisie\/#breadcrumb\",\"itemListElement\":[{\"@type\":\"ListItem\",\"position\":1,\"name\":\"Accueil\",\"item\":\"https:\/\/kapitalis.com\/tunisie\/\"},{\"@type\":\"ListItem\",\"position\":2,\"name\":\"Mattabbia\u00a0: focus sur l\u2019histoire des Siciliens de Tunisie \u00a0\u00a0\"}]},{\"@type\":\"WebSite\",\"@id\":\"https:\/\/kapitalis.com\/tunisie\/#website\",\"url\":\"https:\/\/kapitalis.com\/tunisie\/\",\"name\":\"Kapitalis\",\"description\":\"L&#039;actualit\u00e9 en Tunisie et dans le monde\",\"publisher\":{\"@id\":\"https:\/\/kapitalis.com\/tunisie\/#organization\"},\"potentialAction\":[{\"@type\":\"SearchAction\",\"target\":{\"@type\":\"EntryPoint\",\"urlTemplate\":\"https:\/\/kapitalis.com\/tunisie\/?s={search_term_string}\"},\"query-input\":{\"@type\":\"PropertyValueSpecification\",\"valueRequired\":true,\"valueName\":\"search_term_string\"}}],\"inLanguage\":\"fr-FR\"},{\"@type\":\"Organization\",\"@id\":\"https:\/\/kapitalis.com\/tunisie\/#organization\",\"name\":\"Kapitalis\",\"url\":\"https:\/\/kapitalis.com\/tunisie\/\",\"logo\":{\"@type\":\"ImageObject\",\"inLanguage\":\"fr-FR\",\"@id\":\"https:\/\/kapitalis.com\/tunisie\/#\/schema\/logo\/image\/\",\"url\":\"https:\/\/kapitalis.com\/tunisie\/wp-content\/uploads\/2022\/05\/Kapitalis-big-size.png\",\"contentUrl\":\"https:\/\/kapitalis.com\/tunisie\/wp-content\/uploads\/2022\/05\/Kapitalis-big-size.png\",\"width\":5000,\"height\":1500,\"caption\":\"Kapitalis\"},\"image\":{\"@id\":\"https:\/\/kapitalis.com\/tunisie\/#\/schema\/logo\/image\/\"},\"sameAs\":[\"https:\/\/www.facebook.com\/KapitalisInfo\/\",\"https:\/\/x.com\/KapitalisInfo\",\"https:\/\/www.youtube.com\/channel\/UC-yDYrHyfFBWWZaOw3FPg9Q\"]},{\"@type\":\"Person\",\"@id\":\"https:\/\/kapitalis.com\/tunisie\/#\/schema\/person\/d71f33a9ca44f7bad4698210b480c8e9\",\"name\":\"webmaster kapitalis\",\"url\":\"https:\/\/kapitalis.com\/tunisie\/author\/webmaster-kapitalis\/\"}]}<\/script>\n<!-- \/ Yoast SEO plugin. -->","yoast_head_json":{"title":"Mattabbia\u00a0: focus sur l\u2019histoire des Siciliens de Tunisie \u00a0\u00a0 - Kapitalis","robots":{"index":"index","follow":"follow","max-snippet":"max-snippet:-1","max-image-preview":"max-image-preview:large","max-video-preview":"max-video-preview:-1"},"canonical":"https:\/\/kapitalis.com\/tunisie\/2023\/09\/11\/mattabbia-focus-sur-lhistoire-des-siciliens-de-tunisie\/","og_locale":"fr_FR","og_type":"article","og_title":"Mattabbia\u00a0: focus sur l\u2019histoire des Siciliens de Tunisie \u00a0\u00a0 - Kapitalis","og_description":"L\u2019\u00e9v\u00e9nement culturel multidisciplinaire \u00abMattabbia\u00bb r\u00e9unira \u00e0 Tunis experts et artistes autour du th\u00e8me des Siciliens de Tunisie.","og_url":"https:\/\/kapitalis.com\/tunisie\/2023\/09\/11\/mattabbia-focus-sur-lhistoire-des-siciliens-de-tunisie\/","og_site_name":"Kapitalis","article_publisher":"https:\/\/www.facebook.com\/KapitalisInfo\/","article_published_time":"2023-09-11T11:32:04+00:00","article_modified_time":"2023-09-11T11:32:06+00:00","og_image":[{"width":1200,"height":630,"url":"https:\/\/kapitalis.com\/tunisie\/wp-content\/uploads\/2023\/09\/Siciliens-de-Tunisie.jpg","type":"image\/jpeg"}],"author":"webmaster kapitalis","twitter_card":"summary_large_image","twitter_creator":"@KapitalisInfo","twitter_site":"@KapitalisInfo","twitter_misc":{"\u00c9crit par":"webmaster kapitalis","Dur\u00e9e de lecture estim\u00e9e":"3 minutes"},"schema":{"@context":"https:\/\/schema.org","@graph":[{"@type":"Article","@id":"https:\/\/kapitalis.com\/tunisie\/2023\/09\/11\/mattabbia-focus-sur-lhistoire-des-siciliens-de-tunisie\/#article","isPartOf":{"@id":"https:\/\/kapitalis.com\/tunisie\/2023\/09\/11\/mattabbia-focus-sur-lhistoire-des-siciliens-de-tunisie\/"},"author":{"name":"webmaster kapitalis","@id":"https:\/\/kapitalis.com\/tunisie\/#\/schema\/person\/d71f33a9ca44f7bad4698210b480c8e9"},"headline":"Mattabbia\u00a0: focus sur l\u2019histoire des Siciliens de Tunisie \u00a0\u00a0","datePublished":"2023-09-11T11:32:04+00:00","dateModified":"2023-09-11T11:32:06+00:00","mainEntityOfPage":{"@id":"https:\/\/kapitalis.com\/tunisie\/2023\/09\/11\/mattabbia-focus-sur-lhistoire-des-siciliens-de-tunisie\/"},"wordCount":576,"commentCount":0,"publisher":{"@id":"https:\/\/kapitalis.com\/tunisie\/#organization"},"image":{"@id":"https:\/\/kapitalis.com\/tunisie\/2023\/09\/11\/mattabbia-focus-sur-lhistoire-des-siciliens-de-tunisie\/#primaryimage"},"thumbnailUrl":"https:\/\/kapitalis.com\/tunisie\/wp-content\/uploads\/2023\/09\/Siciliens-de-Tunisie.jpg","keywords":["Fabio Ruggirello","Fabrizio Saggio","Habib Mestiri","Italie","Khaled Kchir","Mahmoud Ben Romdhane","Mattabbia","Siciliens","Silvia Finzi","Tunisie"],"articleSection":["A LA UNE","CULTURE","Tunisie"],"inLanguage":"fr-FR","potentialAction":[{"@type":"CommentAction","name":"Comment","target":["https:\/\/kapitalis.com\/tunisie\/2023\/09\/11\/mattabbia-focus-sur-lhistoire-des-siciliens-de-tunisie\/#respond"]}]},{"@type":"WebPage","@id":"https:\/\/kapitalis.com\/tunisie\/2023\/09\/11\/mattabbia-focus-sur-lhistoire-des-siciliens-de-tunisie\/","url":"https:\/\/kapitalis.com\/tunisie\/2023\/09\/11\/mattabbia-focus-sur-lhistoire-des-siciliens-de-tunisie\/","name":"Mattabbia\u00a0: focus sur l\u2019histoire des Siciliens de Tunisie \u00a0\u00a0 - Kapitalis","isPartOf":{"@id":"https:\/\/kapitalis.com\/tunisie\/#website"},"primaryImageOfPage":{"@id":"https:\/\/kapitalis.com\/tunisie\/2023\/09\/11\/mattabbia-focus-sur-lhistoire-des-siciliens-de-tunisie\/#primaryimage"},"image":{"@id":"https:\/\/kapitalis.com\/tunisie\/2023\/09\/11\/mattabbia-focus-sur-lhistoire-des-siciliens-de-tunisie\/#primaryimage"},"thumbnailUrl":"https:\/\/kapitalis.com\/tunisie\/wp-content\/uploads\/2023\/09\/Siciliens-de-Tunisie.jpg","datePublished":"2023-09-11T11:32:04+00:00","dateModified":"2023-09-11T11:32:06+00:00","breadcrumb":{"@id":"https:\/\/kapitalis.com\/tunisie\/2023\/09\/11\/mattabbia-focus-sur-lhistoire-des-siciliens-de-tunisie\/#breadcrumb"},"inLanguage":"fr-FR","potentialAction":[{"@type":"ReadAction","target":["https:\/\/kapitalis.com\/tunisie\/2023\/09\/11\/mattabbia-focus-sur-lhistoire-des-siciliens-de-tunisie\/"]}]},{"@type":"ImageObject","inLanguage":"fr-FR","@id":"https:\/\/kapitalis.com\/tunisie\/2023\/09\/11\/mattabbia-focus-sur-lhistoire-des-siciliens-de-tunisie\/#primaryimage","url":"https:\/\/kapitalis.com\/tunisie\/wp-content\/uploads\/2023\/09\/Siciliens-de-Tunisie.jpg","contentUrl":"https:\/\/kapitalis.com\/tunisie\/wp-content\/uploads\/2023\/09\/Siciliens-de-Tunisie.jpg","width":1200,"height":630},{"@type":"BreadcrumbList","@id":"https:\/\/kapitalis.com\/tunisie\/2023\/09\/11\/mattabbia-focus-sur-lhistoire-des-siciliens-de-tunisie\/#breadcrumb","itemListElement":[{"@type":"ListItem","position":1,"name":"Accueil","item":"https:\/\/kapitalis.com\/tunisie\/"},{"@type":"ListItem","position":2,"name":"Mattabbia\u00a0: focus sur l\u2019histoire des Siciliens de Tunisie \u00a0\u00a0"}]},{"@type":"WebSite","@id":"https:\/\/kapitalis.com\/tunisie\/#website","url":"https:\/\/kapitalis.com\/tunisie\/","name":"Kapitalis","description":"L&#039;actualit\u00e9 en Tunisie et dans le monde","publisher":{"@id":"https:\/\/kapitalis.com\/tunisie\/#organization"},"potentialAction":[{"@type":"SearchAction","target":{"@type":"EntryPoint","urlTemplate":"https:\/\/kapitalis.com\/tunisie\/?s={search_term_string}"},"query-input":{"@type":"PropertyValueSpecification","valueRequired":true,"valueName":"search_term_string"}}],"inLanguage":"fr-FR"},{"@type":"Organization","@id":"https:\/\/kapitalis.com\/tunisie\/#organization","name":"Kapitalis","url":"https:\/\/kapitalis.com\/tunisie\/","logo":{"@type":"ImageObject","inLanguage":"fr-FR","@id":"https:\/\/kapitalis.com\/tunisie\/#\/schema\/logo\/image\/","url":"https:\/\/kapitalis.com\/tunisie\/wp-content\/uploads\/2022\/05\/Kapitalis-big-size.png","contentUrl":"https:\/\/kapitalis.com\/tunisie\/wp-content\/uploads\/2022\/05\/Kapitalis-big-size.png","width":5000,"height":1500,"caption":"Kapitalis"},"image":{"@id":"https:\/\/kapitalis.com\/tunisie\/#\/schema\/logo\/image\/"},"sameAs":["https:\/\/www.facebook.com\/KapitalisInfo\/","https:\/\/x.com\/KapitalisInfo","https:\/\/www.youtube.com\/channel\/UC-yDYrHyfFBWWZaOw3FPg9Q"]},{"@type":"Person","@id":"https:\/\/kapitalis.com\/tunisie\/#\/schema\/person\/d71f33a9ca44f7bad4698210b480c8e9","name":"webmaster kapitalis","url":"https:\/\/kapitalis.com\/tunisie\/author\/webmaster-kapitalis\/"}]}},"_links":{"self":[{"href":"https:\/\/kapitalis.com\/tunisie\/wp-json\/wp\/v2\/posts\/9742513","targetHints":{"allow":["GET"]}}],"collection":[{"href":"https:\/\/kapitalis.com\/tunisie\/wp-json\/wp\/v2\/posts"}],"about":[{"href":"https:\/\/kapitalis.com\/tunisie\/wp-json\/wp\/v2\/types\/post"}],"author":[{"embeddable":true,"href":"https:\/\/kapitalis.com\/tunisie\/wp-json\/wp\/v2\/users\/8"}],"replies":[{"embeddable":true,"href":"https:\/\/kapitalis.com\/tunisie\/wp-json\/wp\/v2\/comments?post=9742513"}],"version-history":[{"count":1,"href":"https:\/\/kapitalis.com\/tunisie\/wp-json\/wp\/v2\/posts\/9742513\/revisions"}],"predecessor-version":[{"id":9742591,"href":"https:\/\/kapitalis.com\/tunisie\/wp-json\/wp\/v2\/posts\/9742513\/revisions\/9742591"}],"wp:featuredmedia":[{"embeddable":true,"href":"https:\/\/kapitalis.com\/tunisie\/wp-json\/wp\/v2\/media\/9742570"}],"wp:attachment":[{"href":"https:\/\/kapitalis.com\/tunisie\/wp-json\/wp\/v2\/media?parent=9742513"}],"wp:term":[{"taxonomy":"category","embeddable":true,"href":"https:\/\/kapitalis.com\/tunisie\/wp-json\/wp\/v2\/categories?post=9742513"},{"taxonomy":"post_tag","embeddable":true,"href":"https:\/\/kapitalis.com\/tunisie\/wp-json\/wp\/v2\/tags?post=9742513"}],"curies":[{"name":"wp","href":"https:\/\/api.w.org\/{rel}","templated":true}]}}