{"id":974475,"date":"2022-05-26T09:19:41","date_gmt":"2022-05-26T08:19:41","guid":{"rendered":"https:\/\/kapitalis.com\/tunisie\/?p=974475"},"modified":"2022-05-26T11:14:39","modified_gmt":"2022-05-26T10:14:39","slug":"tunisie-pour-une-politique-etrangere-reconciliee-avec-ses-principes-fondateurs","status":"publish","type":"post","link":"https:\/\/kapitalis.com\/tunisie\/2022\/05\/26\/tunisie-pour-une-politique-etrangere-reconciliee-avec-ses-principes-fondateurs\/","title":{"rendered":"Tunisie\u00a0: Pour une politique \u00e9trang\u00e8re r\u00e9concili\u00e9e avec ses principes fondateurs"},"content":{"rendered":"\n<p><strong><em>La Commission consultative pour la Nouvelle R\u00e9publique institu\u00e9e par le pr\u00e9sident de la r\u00e9publique Ka\u00efs Sa\u00efed et pr\u00e9sid\u00e9e par Sadok Belaid doit d\u00e8s maintenant accorder au dossier de la politique \u00e9trang\u00e8re de la Tunisie l&rsquo;attention qu&rsquo;elle m\u00e9rite. Elle&nbsp;doit rompre avec les m\u00e9thodes de Haute instance pour la r\u00e9alisation des objectifs de la r\u00e9volution (Hiror) institu\u00e9e lors du tsunami politique de janvier 2011 et qui avait pratiquement n\u00e9glig\u00e9 ce dossier majeur pour notre pays.<\/em><\/strong><\/p>\n\n\n\n<p>Par <strong>Raouf Chatty<\/strong> *<\/p>\n\n\n\n<!--more-->\n\n\n<div class=\"wp-block-image\">\n<figure class=\"alignleft size-full\"><img decoding=\"async\" src=\"http:\/\/kapitalis.com\/tunisie\/wp-content\/uploads\/2021\/05\/Raouf-Chatty.jpg\" alt=\"\" class=\"wp-image-347685\"\/><\/figure>\n<\/div>\n\n\n<p>Plong\u00e9s dans les soucis quotidiens et contradictions de la politique int\u00e9rieure, et avan\u00e7ant sans v\u00e9ritable programme ni feuille de route, les autorit\u00e9s et les responsables politiques tunisiens&nbsp;ont,&nbsp; durant les dix derni\u00e8res ann\u00e9es, mis en veilleuse la politique \u00e9trang\u00e8re et la diplomatie et ne leur ont jamais accord\u00e9 l&rsquo;importance qu&rsquo;elles m\u00e9ritent.<\/p>\n\n\n\n<p>Pour extr\u00eamement important qu&rsquo;il soit, le dossier n&rsquo;a et bizarrement jamais fait l&rsquo;objet d&rsquo;un d\u00e9bat national ou d&rsquo;une r\u00e9forme de quelque nature qu&rsquo;elle soit. Il a \u00e9t\u00e9 souvent ballot\u00e9 entre plusieurs intervenants et a \u00e9volu\u00e9 au gr\u00e9 des pressions politiques internes et des al\u00e9as de la conjoncture&nbsp;r\u00e9gionale. Les gouvernements, souvent domin\u00e9s par le parti islamiste Ennahdha ou \u00e9voluant dans sa sph\u00e8re, s&rsquo;en \u00e9taient souvent servis \u00e0 des fins partisanes r\u00e9pondant \u00e0 leurs int\u00e9r\u00eats du moment.<\/p>\n\n\n\n<h2 class=\"wp-block-heading\">Une diplomatie marginalis\u00e9e et en perte de vitesse<\/h2>\n\n\n\n<p>Au plan international, la diplomatie tunisienne a largement p\u00e2ti de cette marginalisation, perdant &nbsp;progressivement ses rep\u00e8res traditionnels h\u00e9rit\u00e9s du temps du leader Habib Bourguiba et s&rsquo;est&nbsp; embourb\u00e9e malgr\u00e9 elle dans de multiples contradictions&nbsp;qui la d\u00e9passent. Elle&nbsp;a \u00e9t\u00e9 victime de la situation int\u00e9rieure en Tunisie et a beaucoup perdu de sa vigueur et de son efficacit\u00e9,&nbsp;allant ainsi de recul en recul, faisant progressivement&nbsp;perdre \u00e0 notre pays la place&nbsp;qu&rsquo;elle avait du temps&nbsp; de Bourguiba et de Ben Ali sur les plans r\u00e9gional et international.<\/p>\n\n\n\n<p>Les efforts d\u00e9ploy\u00e9s par l&rsquo;appareil diplomatique tunisien, en d\u00e9pit de ses ressources modestes, pour pr\u00e9server les constantes de notre diplomatie visaient tout au plus \u00e0 sauver les meubles, \u00e0 limiter les&nbsp; d\u00e9g\u00e2ts et ne pouvaient raisonnablement redresser le cours des choses.<\/p>\n\n\n\n<p>Nos diplomates ramaient \u00e0 vue. Ils \u00e9taient souvent desservis par l&rsquo;instabilit\u00e9 politique persistante&nbsp; dans notre pays, avec ses crises internes, politique, s\u00e9curitaire, \u00e9conomique, financi\u00e8re, sociale et culturelle, voyant ainsi se d\u00e9grader progressivement son image et sa cr\u00e9dibilit\u00e9 sur la sc\u00e8ne internationale.&nbsp;Ceux qui leur demandent&nbsp;aujourd&rsquo;hui monts et merveilles doivent savoir que nos diplomates se sont mus ces derni\u00e8res ann\u00e9es et se meuvent toujours dans des environnements plus que jamais \u00e9prouvants, concurrentiels et difficiles, leurs missions rendues tr\u00e8s dures par la d\u00e9gradation de la situation politique et \u00e9conomique dans notre pays.<\/p>\n\n\n\n<h2 class=\"wp-block-heading\">La Tunisie inqui\u00e8te aujourd&rsquo;hui ses voisins du nord<\/h2>\n\n\n\n<p>Pourrait-il en \u00eatre autrement lorsque on sait qu&rsquo;en onze ans le champ politique int\u00e9rieur \u00e9tait carr\u00e9ment&nbsp;devenu mouvant, pr\u00e9caire et instable au point ou la Tunisie, port\u00e9e au pinacle par les pays occidentaux dans les premiers mois qui ont suivi la r\u00e9volution de janvier 2011, est depuis quelques&nbsp; ann\u00e9es devenue une pr\u00e9occupation s\u00e9rieuse de la communaut\u00e9 internationale&nbsp;et un v\u00e9ritable casse-t\u00eate pour ses voisins, notamment les pays du sud de l&rsquo;Europe&#8230;<\/p>\n\n\n\n<p>Au plan int\u00e9rieur, notre diplomatie&nbsp;a \u00e9t\u00e9 automatiquement impact\u00e9e par la d\u00e9gradation&nbsp;de l&rsquo;environnement politique interne. Ceux qui la critiquent font semblant d&rsquo;ignorer qu&rsquo;elle paye depuis quelques ann\u00e9es le prix fort des crises politiques internes et des dissensions entre les tenants du pouvoir, et notamment des divergences de vues entre la pr\u00e9sidence de la r\u00e9publique et celle du gouvernement. Celles-ci se disputant chacune le dossier des relations internationales dans un esprit de surench\u00e8res vis-\u00e0-vis des puissances \u00e9trang\u00e8res, La Tunisie&nbsp;devenant pratiquement et&nbsp;progressivement le terrain de nombreuses ing\u00e9rences ext\u00e9rieures dans ses affaires int\u00e9rieures.<\/p>\n\n\n\n<h2 class=\"wp-block-heading\">Une intol\u00e9rable tol\u00e9rance des ing\u00e9rences \u00e9trang\u00e8res<\/h2>\n\n\n\n<p>Depuis des ann\u00e9es, on ne compte plus les visites de hauts responsables et d&rsquo;envoy\u00e9s sp\u00e9ciaux des puissances occidentales en Tunisie, \u00c9tats-Unis d&rsquo;Am\u00e9rique et Union Europ\u00e9enne en t\u00eate, qui viennent prendre le pouls de la situation, exprimer des r\u00e9serves sur les choix politiques du pays ou donner des conseils amicaux \u00e0 ses dirigeants.<\/p>\n\n\n\n<p>Profitant, \u00e0 un titre ou \u00e0 un autre, des espaces de libert\u00e9 en Tunisie et souvent de la tol\u00e9rance des ing\u00e9rences \u00e9trang\u00e8res de la part de nos gouvernants, des missions diplomatiques, des organisations internationales, gouvernementales et non gouvernementales, sont devenues des acteurs incontournables sur le terrain, disposant de r\u00e9seaux d&rsquo;influences constitu\u00e9s de Tunisiens et de Tunisiennes.<\/p>\n\n\n\n<p>Sans strat\u00e9gie claire ni feuille de route, notre diplomatie a, au cours des dix derni\u00e8res ann\u00e9es, \u00e9volu\u00e9 au gr\u00e9 des conjonctures politiques int\u00e9rieures et des al\u00e9as de notre proximit\u00e9 g\u00e9opolitique et espace&nbsp;identitaire, aboutissant souvent \u00e0 des prises de positions contradictoires, parfois au d\u00e9triment des principes et constantes de la Tunisie depuis son ind\u00e9pendance en 1956, lesquels sont fond\u00e9s essentiellement sur le respect de la l\u00e9galit\u00e9 internationale, la neutralit\u00e9 positive et la d\u00e9fense des int\u00e9r\u00eats de notre pays.<\/p>\n\n\n\n<p>Cette grave lacune tient au fait que ni ceux qui ont pris les commandes apr\u00e8s la r\u00e9volution ni ceux&nbsp; qui \u00e9taient dans l&rsquo;opposition ne se sont s\u00e9rieusement saisis de la question ni compris les v\u00e9ritables enjeux de la politique \u00e9trang\u00e8re ni les dividendes que notre pays pourrait en tirer&nbsp;s&rsquo;il avait su mettre \u00e0 profit ses nombreux et puissants atouts et cesser de s&rsquo;autoflageller, de se quereller et de desservir les int\u00e9r\u00eats sup\u00e9rieurs du pays.&nbsp;<\/p>\n\n\n\n<h2 class=\"wp-block-heading\">Ressourcer la Tunisie dans son environnement m\u00e9diterran\u00e9en<\/h2>\n\n\n\n<p>En effet depuis l&rsquo;\u00e9laboration de la Constitution de janvier 2014, aujourd&rsquo;hui pratiquement abrog\u00e9e par le pr\u00e9sident Ka\u00efs Sa\u00efed dans le droit fil des attentes de larges franges du peuple, le pouvoir issu des rangs des islamistes \u00e9tait \u00e0 c\u00f4t\u00e9 de ses pompes. En se refusant de mentionner textuellement la dimension m\u00e9diterran\u00e9enne de la Tunisie dans cette constitution, il s&rsquo;\u00e9tait tromp\u00e9 superbement sur la vocation de la Tunisie et de son peuple. Sa gestion des affaires \u00e9trang\u00e8res n&rsquo;\u00e9tait pas non moins maladroite quand il avait opt\u00e9 pour la politique des axes, en s&rsquo;aligant sur l&rsquo;axe turco-qatari contre l&rsquo;axe saoudo-\u00e9miratis.<\/p>\n\n\n\n<p>C&rsquo;est une lacune majeure pour un pays situ\u00e9 au centre de la M\u00e9diterran\u00e9e, berceau des civilisations&nbsp; et&nbsp;qui de tout temps \u00e9tait ouvert sur l&rsquo;ext\u00e9rieur&nbsp;accueillant depuis l&rsquo;antiquit\u00e9 plusieurs peuples dont il a su assimiler les divers apports. Ce perte de rep\u00e8re est d&rsquo;autant plus grave, les espaces m\u00e9diterran\u00e9en et europ\u00e9en ayant toujours occup\u00e9 une place fondamentale dans les \u00e9changes&nbsp;humains, commerciaux&nbsp;et culturels de la Tunisie&#8230;<\/p>\n\n\n\n<p>Aujourd&rsquo;hui, il est urgent que la Commission nationale consultative pour la Nouvelle R\u00e9publique&nbsp; consulte les parties tunisiennes comp\u00e9tentes avant de mettre au point les grandes orientations de notre politique \u00e9trang\u00e8re&nbsp;pour les ann\u00e9es \u00e0 venir compte tenu des principes et constantes de sa diplomatie&nbsp;depuis l&rsquo;ind\u00e9pendance et \u00e9laborer les grands traits de sa feuille de route dans une approche pragmatique, loin des sentiers battus et des id\u00e9ologies partisanes&nbsp;et en prenant en compte les changements majeurs qui sont en train d&rsquo;impacter les relations internationales, tout en gardant \u00e0 l&rsquo;esprit que l&rsquo;unique objectif qui d\u00e9termine les d\u00e9cisions diplomatiques des nations ce sont leurs int\u00e9r\u00eats vitaux, car, on ne l&rsquo;affirmera jamais assez, les \u00c9tats n&rsquo;ont pas d&rsquo;amis ni d&rsquo;ennemis, mais des int\u00e9r\u00eats&#8230;<\/p>\n\n\n\n<p>* <em>Ancien ambassadeur.<\/em><\/p>\n\n\n\n<p><strong><em>Photo d&rsquo;illustration<\/em><\/strong> : <em>le pr\u00e9sident Ka\u00efs Sa\u00efed recevant hier, mercredi 25 mai 2022, le doyen Sadok Belaid. <\/em><\/p>\n\n\n\n<h4 class=\"wp-block-heading\"><em>Articles du m\u00eame auteur dans Kapitalis : <\/em><\/h4>\n\n\n\n<figure class=\"wp-block-embed is-type-wp-embed is-provider-kapitalis wp-block-embed-kapitalis\"><div class=\"wp-block-embed__wrapper\">\n<blockquote class=\"wp-embedded-content\" data-secret=\"5oPBVhX46n\"><a href=\"https:\/\/kapitalis.com\/tunisie\/2022\/04\/30\/petite-histoire-dun-grand-projet-lacademie-diplomatique-beji-caid-essebsi\/\">Petite histoire d&rsquo;un grand projet, l&rsquo;Acad\u00e9mie diplomatique B\u00e9ji Caid Essebsi<\/a><\/blockquote><iframe loading=\"lazy\" class=\"wp-embedded-content\" sandbox=\"allow-scripts\" security=\"restricted\" style=\"position: absolute; clip: rect(1px, 1px, 1px, 1px);\" title=\"\u00ab\u00a0Petite histoire d&rsquo;un grand projet, l&rsquo;Acad\u00e9mie diplomatique B\u00e9ji Caid Essebsi\u00a0\u00bb &#8212; Kapitalis\" src=\"https:\/\/kapitalis.com\/tunisie\/2022\/04\/30\/petite-histoire-dun-grand-projet-lacademie-diplomatique-beji-caid-essebsi\/embed\/#?secret=l5OpueiVsP#?secret=5oPBVhX46n\" data-secret=\"5oPBVhX46n\" width=\"600\" height=\"338\" frameborder=\"0\" marginwidth=\"0\" marginheight=\"0\" scrolling=\"no\"><\/iframe>\n<\/div><\/figure>\n\n\n\n<figure class=\"wp-block-embed is-type-wp-embed is-provider-kapitalis wp-block-embed-kapitalis\"><div class=\"wp-block-embed__wrapper\">\n<blockquote class=\"wp-embedded-content\" data-secret=\"KgbiDLuOqt\"><a href=\"https:\/\/kapitalis.com\/tunisie\/2021\/09\/17\/tunisie-des-etudiants-candidats-au-chomage\/\">Tunisie : des \u00e9tudiants candidats au&#8230; ch\u00f4mage !<\/a><\/blockquote><iframe loading=\"lazy\" class=\"wp-embedded-content\" sandbox=\"allow-scripts\" security=\"restricted\" style=\"position: absolute; clip: rect(1px, 1px, 1px, 1px);\" title=\"\u00ab\u00a0Tunisie : des \u00e9tudiants candidats au&#8230; ch\u00f4mage !\u00a0\u00bb &#8212; Kapitalis\" src=\"https:\/\/kapitalis.com\/tunisie\/2021\/09\/17\/tunisie-des-etudiants-candidats-au-chomage\/embed\/#?secret=vwvs6ReBS5#?secret=KgbiDLuOqt\" data-secret=\"KgbiDLuOqt\" width=\"600\" height=\"338\" frameborder=\"0\" marginwidth=\"0\" marginheight=\"0\" scrolling=\"no\"><\/iframe>\n<\/div><\/figure>\n\n\n\n<figure class=\"wp-block-embed is-type-wp-embed is-provider-kapitalis wp-block-embed-kapitalis\"><div class=\"wp-block-embed__wrapper\">\n<blockquote class=\"wp-embedded-content\" data-secret=\"VFX1wM76ji\"><a href=\"https:\/\/kapitalis.com\/tunisie\/2021\/09\/12\/tunisie-qui-est-responsable-du-desespoir-suicidaire-des-jeunes\/\">Tunisie : qui est responsable du d\u00e9sespoir suicidaire des jeunes ?<\/a><\/blockquote><iframe loading=\"lazy\" class=\"wp-embedded-content\" sandbox=\"allow-scripts\" security=\"restricted\" style=\"position: absolute; clip: rect(1px, 1px, 1px, 1px);\" title=\"\u00ab\u00a0Tunisie : qui est responsable du d\u00e9sespoir suicidaire des jeunes ?\u00a0\u00bb &#8212; Kapitalis\" src=\"https:\/\/kapitalis.com\/tunisie\/2021\/09\/12\/tunisie-qui-est-responsable-du-desespoir-suicidaire-des-jeunes\/embed\/#?secret=RjMFxyQ7g2#?secret=VFX1wM76ji\" data-secret=\"VFX1wM76ji\" width=\"600\" height=\"338\" frameborder=\"0\" marginwidth=\"0\" marginheight=\"0\" scrolling=\"no\"><\/iframe>\n<\/div><\/figure>\n","protected":false},"excerpt":{"rendered":"<p>La Commission consultative pour la Nouvelle R\u00e9publique doit accorder au dossier de la politique \u00e9trang\u00e8re de la Tunisie l&rsquo;attention qu&rsquo;elle m\u00e9rite. <\/p>\n","protected":false},"author":8,"featured_media":976910,"comment_status":"open","ping_status":"open","sticky":false,"template":"","format":"standard","meta":{"footnotes":""},"categories":[992,997,1000,2433],"tags":[2110,2358,100048,76012,99392,90935,89839,11228,62643],"class_list":["post-974475","post","type-post","status-publish","format-standard","has-post-thumbnail","hentry","category-a-la-une","category-politique","category-tribune","category-tunisie","tag-diplomatie","tag-habib-bourguiba","tag-hiror","tag-kais-saied-2","tag-nouvelle-republique","tag-politique-etrangere","tag-raouf-chatty","tag-sadok-belaid","tag-tunisie"],"yoast_head":"<!-- This site is optimized with the Yoast SEO plugin v26.6 - https:\/\/yoast.com\/wordpress\/plugins\/seo\/ -->\n<title>Tunisie\u00a0: Pour une politique \u00e9trang\u00e8re r\u00e9concili\u00e9e avec ses principes fondateurs - Kapitalis<\/title>\n<meta name=\"robots\" content=\"index, follow, max-snippet:-1, max-image-preview:large, max-video-preview:-1\" \/>\n<link rel=\"canonical\" href=\"https:\/\/kapitalis.com\/tunisie\/2022\/05\/26\/tunisie-pour-une-politique-etrangere-reconciliee-avec-ses-principes-fondateurs\/\" \/>\n<meta property=\"og:locale\" content=\"fr_FR\" \/>\n<meta property=\"og:type\" content=\"article\" \/>\n<meta property=\"og:title\" content=\"Tunisie\u00a0: Pour une politique \u00e9trang\u00e8re r\u00e9concili\u00e9e avec ses principes fondateurs - Kapitalis\" \/>\n<meta property=\"og:description\" content=\"La Commission consultative pour la Nouvelle R\u00e9publique doit accorder au dossier de la politique \u00e9trang\u00e8re de la Tunisie l&#039;attention qu&#039;elle m\u00e9rite.\" \/>\n<meta property=\"og:url\" content=\"https:\/\/kapitalis.com\/tunisie\/2022\/05\/26\/tunisie-pour-une-politique-etrangere-reconciliee-avec-ses-principes-fondateurs\/\" \/>\n<meta property=\"og:site_name\" content=\"Kapitalis\" \/>\n<meta property=\"article:publisher\" content=\"https:\/\/www.facebook.com\/KapitalisInfo\/\" \/>\n<meta property=\"article:published_time\" content=\"2022-05-26T08:19:41+00:00\" \/>\n<meta property=\"article:modified_time\" content=\"2022-05-26T10:14:39+00:00\" \/>\n<meta property=\"og:image\" content=\"https:\/\/kapitalis.com\/tunisie\/wp-content\/uploads\/2022\/05\/Kais-Saied-Sadok-Belaid-1.jpg\" \/>\n\t<meta property=\"og:image:width\" content=\"1200\" \/>\n\t<meta property=\"og:image:height\" content=\"630\" \/>\n\t<meta property=\"og:image:type\" content=\"image\/jpeg\" \/>\n<meta name=\"author\" content=\"webmaster kapitalis\" \/>\n<meta name=\"twitter:card\" content=\"summary_large_image\" \/>\n<meta name=\"twitter:creator\" content=\"@KapitalisInfo\" \/>\n<meta name=\"twitter:site\" content=\"@KapitalisInfo\" \/>\n<meta name=\"twitter:label1\" content=\"\u00c9crit par\" \/>\n\t<meta name=\"twitter:data1\" content=\"webmaster kapitalis\" \/>\n\t<meta name=\"twitter:label2\" content=\"Dur\u00e9e de lecture estim\u00e9e\" \/>\n\t<meta name=\"twitter:data2\" content=\"7 minutes\" \/>\n<script type=\"application\/ld+json\" class=\"yoast-schema-graph\">{\"@context\":\"https:\/\/schema.org\",\"@graph\":[{\"@type\":\"Article\",\"@id\":\"https:\/\/kapitalis.com\/tunisie\/2022\/05\/26\/tunisie-pour-une-politique-etrangere-reconciliee-avec-ses-principes-fondateurs\/#article\",\"isPartOf\":{\"@id\":\"https:\/\/kapitalis.com\/tunisie\/2022\/05\/26\/tunisie-pour-une-politique-etrangere-reconciliee-avec-ses-principes-fondateurs\/\"},\"author\":{\"name\":\"webmaster kapitalis\",\"@id\":\"https:\/\/kapitalis.com\/tunisie\/#\/schema\/person\/d71f33a9ca44f7bad4698210b480c8e9\"},\"headline\":\"Tunisie\u00a0: Pour une politique \u00e9trang\u00e8re r\u00e9concili\u00e9e avec ses principes fondateurs\",\"datePublished\":\"2022-05-26T08:19:41+00:00\",\"dateModified\":\"2022-05-26T10:14:39+00:00\",\"mainEntityOfPage\":{\"@id\":\"https:\/\/kapitalis.com\/tunisie\/2022\/05\/26\/tunisie-pour-une-politique-etrangere-reconciliee-avec-ses-principes-fondateurs\/\"},\"wordCount\":1386,\"commentCount\":0,\"publisher\":{\"@id\":\"https:\/\/kapitalis.com\/tunisie\/#organization\"},\"image\":{\"@id\":\"https:\/\/kapitalis.com\/tunisie\/2022\/05\/26\/tunisie-pour-une-politique-etrangere-reconciliee-avec-ses-principes-fondateurs\/#primaryimage\"},\"thumbnailUrl\":\"https:\/\/kapitalis.com\/tunisie\/wp-content\/uploads\/2022\/05\/Kais-Saied-Sadok-Belaid-1.jpg\",\"keywords\":[\"diplomatie\",\"Habib Bourguiba\",\"Hiror\",\"Ka\u00efs Sa\u00efed\",\"Nouvelle r\u00e9publique\",\"politique \u00e9trang\u00e8re\",\"Raouf Chatty\",\"Sadok Belaid\",\"Tunisie\"],\"articleSection\":[\"A LA UNE\",\"POLITIQUE\",\"TRIBUNE\",\"Tunisie\"],\"inLanguage\":\"fr-FR\",\"potentialAction\":[{\"@type\":\"CommentAction\",\"name\":\"Comment\",\"target\":[\"https:\/\/kapitalis.com\/tunisie\/2022\/05\/26\/tunisie-pour-une-politique-etrangere-reconciliee-avec-ses-principes-fondateurs\/#respond\"]}]},{\"@type\":\"WebPage\",\"@id\":\"https:\/\/kapitalis.com\/tunisie\/2022\/05\/26\/tunisie-pour-une-politique-etrangere-reconciliee-avec-ses-principes-fondateurs\/\",\"url\":\"https:\/\/kapitalis.com\/tunisie\/2022\/05\/26\/tunisie-pour-une-politique-etrangere-reconciliee-avec-ses-principes-fondateurs\/\",\"name\":\"Tunisie\u00a0: Pour une politique \u00e9trang\u00e8re r\u00e9concili\u00e9e avec ses principes fondateurs - Kapitalis\",\"isPartOf\":{\"@id\":\"https:\/\/kapitalis.com\/tunisie\/#website\"},\"primaryImageOfPage\":{\"@id\":\"https:\/\/kapitalis.com\/tunisie\/2022\/05\/26\/tunisie-pour-une-politique-etrangere-reconciliee-avec-ses-principes-fondateurs\/#primaryimage\"},\"image\":{\"@id\":\"https:\/\/kapitalis.com\/tunisie\/2022\/05\/26\/tunisie-pour-une-politique-etrangere-reconciliee-avec-ses-principes-fondateurs\/#primaryimage\"},\"thumbnailUrl\":\"https:\/\/kapitalis.com\/tunisie\/wp-content\/uploads\/2022\/05\/Kais-Saied-Sadok-Belaid-1.jpg\",\"datePublished\":\"2022-05-26T08:19:41+00:00\",\"dateModified\":\"2022-05-26T10:14:39+00:00\",\"breadcrumb\":{\"@id\":\"https:\/\/kapitalis.com\/tunisie\/2022\/05\/26\/tunisie-pour-une-politique-etrangere-reconciliee-avec-ses-principes-fondateurs\/#breadcrumb\"},\"inLanguage\":\"fr-FR\",\"potentialAction\":[{\"@type\":\"ReadAction\",\"target\":[\"https:\/\/kapitalis.com\/tunisie\/2022\/05\/26\/tunisie-pour-une-politique-etrangere-reconciliee-avec-ses-principes-fondateurs\/\"]}]},{\"@type\":\"ImageObject\",\"inLanguage\":\"fr-FR\",\"@id\":\"https:\/\/kapitalis.com\/tunisie\/2022\/05\/26\/tunisie-pour-une-politique-etrangere-reconciliee-avec-ses-principes-fondateurs\/#primaryimage\",\"url\":\"https:\/\/kapitalis.com\/tunisie\/wp-content\/uploads\/2022\/05\/Kais-Saied-Sadok-Belaid-1.jpg\",\"contentUrl\":\"https:\/\/kapitalis.com\/tunisie\/wp-content\/uploads\/2022\/05\/Kais-Saied-Sadok-Belaid-1.jpg\",\"width\":1200,\"height\":630},{\"@type\":\"BreadcrumbList\",\"@id\":\"https:\/\/kapitalis.com\/tunisie\/2022\/05\/26\/tunisie-pour-une-politique-etrangere-reconciliee-avec-ses-principes-fondateurs\/#breadcrumb\",\"itemListElement\":[{\"@type\":\"ListItem\",\"position\":1,\"name\":\"Accueil\",\"item\":\"https:\/\/kapitalis.com\/tunisie\/\"},{\"@type\":\"ListItem\",\"position\":2,\"name\":\"Tunisie\u00a0: Pour une politique \u00e9trang\u00e8re r\u00e9concili\u00e9e avec ses principes fondateurs\"}]},{\"@type\":\"WebSite\",\"@id\":\"https:\/\/kapitalis.com\/tunisie\/#website\",\"url\":\"https:\/\/kapitalis.com\/tunisie\/\",\"name\":\"Kapitalis\",\"description\":\"L&#039;actualit\u00e9 en Tunisie et dans le monde\",\"publisher\":{\"@id\":\"https:\/\/kapitalis.com\/tunisie\/#organization\"},\"potentialAction\":[{\"@type\":\"SearchAction\",\"target\":{\"@type\":\"EntryPoint\",\"urlTemplate\":\"https:\/\/kapitalis.com\/tunisie\/?s={search_term_string}\"},\"query-input\":{\"@type\":\"PropertyValueSpecification\",\"valueRequired\":true,\"valueName\":\"search_term_string\"}}],\"inLanguage\":\"fr-FR\"},{\"@type\":\"Organization\",\"@id\":\"https:\/\/kapitalis.com\/tunisie\/#organization\",\"name\":\"Kapitalis\",\"url\":\"https:\/\/kapitalis.com\/tunisie\/\",\"logo\":{\"@type\":\"ImageObject\",\"inLanguage\":\"fr-FR\",\"@id\":\"https:\/\/kapitalis.com\/tunisie\/#\/schema\/logo\/image\/\",\"url\":\"https:\/\/kapitalis.com\/tunisie\/wp-content\/uploads\/2022\/05\/Kapitalis-big-size.png\",\"contentUrl\":\"https:\/\/kapitalis.com\/tunisie\/wp-content\/uploads\/2022\/05\/Kapitalis-big-size.png\",\"width\":5000,\"height\":1500,\"caption\":\"Kapitalis\"},\"image\":{\"@id\":\"https:\/\/kapitalis.com\/tunisie\/#\/schema\/logo\/image\/\"},\"sameAs\":[\"https:\/\/www.facebook.com\/KapitalisInfo\/\",\"https:\/\/x.com\/KapitalisInfo\",\"https:\/\/www.youtube.com\/channel\/UC-yDYrHyfFBWWZaOw3FPg9Q\"]},{\"@type\":\"Person\",\"@id\":\"https:\/\/kapitalis.com\/tunisie\/#\/schema\/person\/d71f33a9ca44f7bad4698210b480c8e9\",\"name\":\"webmaster kapitalis\",\"url\":\"https:\/\/kapitalis.com\/tunisie\/author\/webmaster-kapitalis\/\"}]}<\/script>\n<!-- \/ Yoast SEO plugin. -->","yoast_head_json":{"title":"Tunisie\u00a0: Pour une politique \u00e9trang\u00e8re r\u00e9concili\u00e9e avec ses principes fondateurs - Kapitalis","robots":{"index":"index","follow":"follow","max-snippet":"max-snippet:-1","max-image-preview":"max-image-preview:large","max-video-preview":"max-video-preview:-1"},"canonical":"https:\/\/kapitalis.com\/tunisie\/2022\/05\/26\/tunisie-pour-une-politique-etrangere-reconciliee-avec-ses-principes-fondateurs\/","og_locale":"fr_FR","og_type":"article","og_title":"Tunisie\u00a0: Pour une politique \u00e9trang\u00e8re r\u00e9concili\u00e9e avec ses principes fondateurs - Kapitalis","og_description":"La Commission consultative pour la Nouvelle R\u00e9publique doit accorder au dossier de la politique \u00e9trang\u00e8re de la Tunisie l'attention qu'elle m\u00e9rite.","og_url":"https:\/\/kapitalis.com\/tunisie\/2022\/05\/26\/tunisie-pour-une-politique-etrangere-reconciliee-avec-ses-principes-fondateurs\/","og_site_name":"Kapitalis","article_publisher":"https:\/\/www.facebook.com\/KapitalisInfo\/","article_published_time":"2022-05-26T08:19:41+00:00","article_modified_time":"2022-05-26T10:14:39+00:00","og_image":[{"width":1200,"height":630,"url":"https:\/\/kapitalis.com\/tunisie\/wp-content\/uploads\/2022\/05\/Kais-Saied-Sadok-Belaid-1.jpg","type":"image\/jpeg"}],"author":"webmaster kapitalis","twitter_card":"summary_large_image","twitter_creator":"@KapitalisInfo","twitter_site":"@KapitalisInfo","twitter_misc":{"\u00c9crit par":"webmaster kapitalis","Dur\u00e9e de lecture estim\u00e9e":"7 minutes"},"schema":{"@context":"https:\/\/schema.org","@graph":[{"@type":"Article","@id":"https:\/\/kapitalis.com\/tunisie\/2022\/05\/26\/tunisie-pour-une-politique-etrangere-reconciliee-avec-ses-principes-fondateurs\/#article","isPartOf":{"@id":"https:\/\/kapitalis.com\/tunisie\/2022\/05\/26\/tunisie-pour-une-politique-etrangere-reconciliee-avec-ses-principes-fondateurs\/"},"author":{"name":"webmaster kapitalis","@id":"https:\/\/kapitalis.com\/tunisie\/#\/schema\/person\/d71f33a9ca44f7bad4698210b480c8e9"},"headline":"Tunisie\u00a0: Pour une politique \u00e9trang\u00e8re r\u00e9concili\u00e9e avec ses principes fondateurs","datePublished":"2022-05-26T08:19:41+00:00","dateModified":"2022-05-26T10:14:39+00:00","mainEntityOfPage":{"@id":"https:\/\/kapitalis.com\/tunisie\/2022\/05\/26\/tunisie-pour-une-politique-etrangere-reconciliee-avec-ses-principes-fondateurs\/"},"wordCount":1386,"commentCount":0,"publisher":{"@id":"https:\/\/kapitalis.com\/tunisie\/#organization"},"image":{"@id":"https:\/\/kapitalis.com\/tunisie\/2022\/05\/26\/tunisie-pour-une-politique-etrangere-reconciliee-avec-ses-principes-fondateurs\/#primaryimage"},"thumbnailUrl":"https:\/\/kapitalis.com\/tunisie\/wp-content\/uploads\/2022\/05\/Kais-Saied-Sadok-Belaid-1.jpg","keywords":["diplomatie","Habib Bourguiba","Hiror","Ka\u00efs Sa\u00efed","Nouvelle r\u00e9publique","politique \u00e9trang\u00e8re","Raouf Chatty","Sadok Belaid","Tunisie"],"articleSection":["A LA UNE","POLITIQUE","TRIBUNE","Tunisie"],"inLanguage":"fr-FR","potentialAction":[{"@type":"CommentAction","name":"Comment","target":["https:\/\/kapitalis.com\/tunisie\/2022\/05\/26\/tunisie-pour-une-politique-etrangere-reconciliee-avec-ses-principes-fondateurs\/#respond"]}]},{"@type":"WebPage","@id":"https:\/\/kapitalis.com\/tunisie\/2022\/05\/26\/tunisie-pour-une-politique-etrangere-reconciliee-avec-ses-principes-fondateurs\/","url":"https:\/\/kapitalis.com\/tunisie\/2022\/05\/26\/tunisie-pour-une-politique-etrangere-reconciliee-avec-ses-principes-fondateurs\/","name":"Tunisie\u00a0: Pour une politique \u00e9trang\u00e8re r\u00e9concili\u00e9e avec ses principes fondateurs - Kapitalis","isPartOf":{"@id":"https:\/\/kapitalis.com\/tunisie\/#website"},"primaryImageOfPage":{"@id":"https:\/\/kapitalis.com\/tunisie\/2022\/05\/26\/tunisie-pour-une-politique-etrangere-reconciliee-avec-ses-principes-fondateurs\/#primaryimage"},"image":{"@id":"https:\/\/kapitalis.com\/tunisie\/2022\/05\/26\/tunisie-pour-une-politique-etrangere-reconciliee-avec-ses-principes-fondateurs\/#primaryimage"},"thumbnailUrl":"https:\/\/kapitalis.com\/tunisie\/wp-content\/uploads\/2022\/05\/Kais-Saied-Sadok-Belaid-1.jpg","datePublished":"2022-05-26T08:19:41+00:00","dateModified":"2022-05-26T10:14:39+00:00","breadcrumb":{"@id":"https:\/\/kapitalis.com\/tunisie\/2022\/05\/26\/tunisie-pour-une-politique-etrangere-reconciliee-avec-ses-principes-fondateurs\/#breadcrumb"},"inLanguage":"fr-FR","potentialAction":[{"@type":"ReadAction","target":["https:\/\/kapitalis.com\/tunisie\/2022\/05\/26\/tunisie-pour-une-politique-etrangere-reconciliee-avec-ses-principes-fondateurs\/"]}]},{"@type":"ImageObject","inLanguage":"fr-FR","@id":"https:\/\/kapitalis.com\/tunisie\/2022\/05\/26\/tunisie-pour-une-politique-etrangere-reconciliee-avec-ses-principes-fondateurs\/#primaryimage","url":"https:\/\/kapitalis.com\/tunisie\/wp-content\/uploads\/2022\/05\/Kais-Saied-Sadok-Belaid-1.jpg","contentUrl":"https:\/\/kapitalis.com\/tunisie\/wp-content\/uploads\/2022\/05\/Kais-Saied-Sadok-Belaid-1.jpg","width":1200,"height":630},{"@type":"BreadcrumbList","@id":"https:\/\/kapitalis.com\/tunisie\/2022\/05\/26\/tunisie-pour-une-politique-etrangere-reconciliee-avec-ses-principes-fondateurs\/#breadcrumb","itemListElement":[{"@type":"ListItem","position":1,"name":"Accueil","item":"https:\/\/kapitalis.com\/tunisie\/"},{"@type":"ListItem","position":2,"name":"Tunisie\u00a0: Pour une politique \u00e9trang\u00e8re r\u00e9concili\u00e9e avec ses principes fondateurs"}]},{"@type":"WebSite","@id":"https:\/\/kapitalis.com\/tunisie\/#website","url":"https:\/\/kapitalis.com\/tunisie\/","name":"Kapitalis","description":"L&#039;actualit\u00e9 en Tunisie et dans le monde","publisher":{"@id":"https:\/\/kapitalis.com\/tunisie\/#organization"},"potentialAction":[{"@type":"SearchAction","target":{"@type":"EntryPoint","urlTemplate":"https:\/\/kapitalis.com\/tunisie\/?s={search_term_string}"},"query-input":{"@type":"PropertyValueSpecification","valueRequired":true,"valueName":"search_term_string"}}],"inLanguage":"fr-FR"},{"@type":"Organization","@id":"https:\/\/kapitalis.com\/tunisie\/#organization","name":"Kapitalis","url":"https:\/\/kapitalis.com\/tunisie\/","logo":{"@type":"ImageObject","inLanguage":"fr-FR","@id":"https:\/\/kapitalis.com\/tunisie\/#\/schema\/logo\/image\/","url":"https:\/\/kapitalis.com\/tunisie\/wp-content\/uploads\/2022\/05\/Kapitalis-big-size.png","contentUrl":"https:\/\/kapitalis.com\/tunisie\/wp-content\/uploads\/2022\/05\/Kapitalis-big-size.png","width":5000,"height":1500,"caption":"Kapitalis"},"image":{"@id":"https:\/\/kapitalis.com\/tunisie\/#\/schema\/logo\/image\/"},"sameAs":["https:\/\/www.facebook.com\/KapitalisInfo\/","https:\/\/x.com\/KapitalisInfo","https:\/\/www.youtube.com\/channel\/UC-yDYrHyfFBWWZaOw3FPg9Q"]},{"@type":"Person","@id":"https:\/\/kapitalis.com\/tunisie\/#\/schema\/person\/d71f33a9ca44f7bad4698210b480c8e9","name":"webmaster kapitalis","url":"https:\/\/kapitalis.com\/tunisie\/author\/webmaster-kapitalis\/"}]}},"_links":{"self":[{"href":"https:\/\/kapitalis.com\/tunisie\/wp-json\/wp\/v2\/posts\/974475","targetHints":{"allow":["GET"]}}],"collection":[{"href":"https:\/\/kapitalis.com\/tunisie\/wp-json\/wp\/v2\/posts"}],"about":[{"href":"https:\/\/kapitalis.com\/tunisie\/wp-json\/wp\/v2\/types\/post"}],"author":[{"embeddable":true,"href":"https:\/\/kapitalis.com\/tunisie\/wp-json\/wp\/v2\/users\/8"}],"replies":[{"embeddable":true,"href":"https:\/\/kapitalis.com\/tunisie\/wp-json\/wp\/v2\/comments?post=974475"}],"version-history":[{"count":0,"href":"https:\/\/kapitalis.com\/tunisie\/wp-json\/wp\/v2\/posts\/974475\/revisions"}],"wp:featuredmedia":[{"embeddable":true,"href":"https:\/\/kapitalis.com\/tunisie\/wp-json\/wp\/v2\/media\/976910"}],"wp:attachment":[{"href":"https:\/\/kapitalis.com\/tunisie\/wp-json\/wp\/v2\/media?parent=974475"}],"wp:term":[{"taxonomy":"category","embeddable":true,"href":"https:\/\/kapitalis.com\/tunisie\/wp-json\/wp\/v2\/categories?post=974475"},{"taxonomy":"post_tag","embeddable":true,"href":"https:\/\/kapitalis.com\/tunisie\/wp-json\/wp\/v2\/tags?post=974475"}],"curies":[{"name":"wp","href":"https:\/\/api.w.org\/{rel}","templated":true}]}}