{"id":97505,"date":"2017-05-22T13:47:03","date_gmt":"2017-05-22T13:17:03","guid":{"rendered":"http:\/\/kapitalis.com\/tunisie\/?p=97505"},"modified":"2017-05-22T13:47:03","modified_gmt":"2017-05-22T13:17:03","slug":"1er-ams-challenge-une-rampe-de-lancement-pour-les-designers","status":"publish","type":"post","link":"https:\/\/kapitalis.com\/tunisie\/2017\/05\/22\/1er-ams-challenge-une-rampe-de-lancement-pour-les-designers\/","title":{"rendered":"1er AMS Challenge:  Une rampe de lancement pour les designers"},"content":{"rendered":"<p style=\"text-align: center;\"><img loading=\"lazy\" decoding=\"async\" class=\"alignnone size-full wp-image-97655\" src=\"http:\/\/kapitalis.com\/tunisie\/wp-content\/uploads\/2017\/05\/AMS-Challenge-1.jpg\" alt=\"\" width=\"626\" height=\"380\" \/><\/p>\n<p><em><strong>Les r\u00e9sultats du\u00a01<sup>er<\/sup> concours de design organis\u00e9 par les Ateliers m\u00e9caniques du Sahel (AMS) ont \u00e9t\u00e9 annonc\u00e9s, samedi 20 mai 2017.\u00a0Neuf \u00e9tudiants ont \u00e9t\u00e9\u00a0r\u00e9compens\u00e9s.<\/strong><\/em><\/p>\n<p><!--more--><\/p>\n<p>Au total\u00a0: 70 \u00e9tudiants de diverses \u00e9coles de design \u00e0 Tunis, Sousse et Sfax, ont particip\u00e9 \u00e0 ce 1<sup>er<\/sup> challenge lanc\u00e9 en f\u00e9vrier dernier\u00a0par les AMS, qui c\u00e9l\u00e8brent cette ann\u00e9e leur 55<sup>e<\/sup> anniversaire, sous le th\u00e8me \u00ab<em>R\u00e9nove et innove<\/em>\u00bb et\u00a0dans 3 cat\u00e9gories : robinetterie, couvert de table et casseroles,\u00a0qui sont produits par ce fleuron de l&rsquo;industrie tunisienne, dont l&rsquo;usine est bas\u00e9e \u00e0 la zone industrielle de Sidi Abdelhamid, \u00e0 Sousse.<\/p>\n<p style=\"text-align: center;\"><img loading=\"lazy\" decoding=\"async\" class=\"alignnone wp-image-97657\" src=\"http:\/\/kapitalis.com\/tunisie\/wp-content\/uploads\/2017\/05\/AMS-Challenge-2.jpg\" alt=\"AMS Challenge\" width=\"500\" height=\"281\" \/><\/p>\n<p style=\"text-align: center;\"><em>Bassem Loukil et Abdellatif Hamam.<\/em><\/p>\n<p><strong>La preuve par trois<\/strong><\/p>\n<p>Les projets pr\u00e9sent\u00e9s ont \u00e9t\u00e9 examin\u00e9s par\u00a0un\u00a0jury compos\u00e9 d\u2019universitaires en design et d&rsquo;experts des AMS, qui\u00a0ont\u00a0d\u00fb trancher parmi un grand nombre de tr\u00e8s bonnes propositions pour en\u00a0choisir les meilleures de l&rsquo;ann\u00e9e, en se basant aussi, et en d\u00e9finitive,\u00a0sur\u00a0le\u00a0vote final des internautes, qui \u00e9taient invit\u00e9s \u00e0\u00a0mettre des\u00a0Like (J\u2019aime) sur le projet qui leur pla\u00eet dans la page <a href=\"https:\/\/www.facebook.com\/AMS.Entreprise\/\">Facebook officielle\u00a0du concours<\/a>. Il convient de pr\u00e9ciser ici que le vote des internautes a pes\u00e9 \u00e0 hauteur de 20% dans la d\u00e9cision finale du jury.<\/p>\n<p>Les noms des 9 laur\u00e9ats, d\u00e9sign\u00e9s\u00a0vendredi 19 mai, ont \u00e9t\u00e9 d\u00e9voil\u00e9s le lendemain,\u00a0lors d\u2019une c\u00e9r\u00e9monie d\u00eenatoire anim\u00e9e par notre coll\u00e8gue Mehdi Kattou,\u00a0\u00e0 l\u2019h\u00f4tel Sousse Palace, et agr\u00e9ment\u00e9 d&rsquo;un spectacle de chant et de musique modernes.<\/p>\n<p style=\"text-align: center;\"><img loading=\"lazy\" decoding=\"async\" class=\"alignnone wp-image-97659\" src=\"http:\/\/kapitalis.com\/tunisie\/wp-content\/uploads\/2017\/05\/AMS-Challenge-3.jpg\" alt=\"AMS Challenge\" width=\"500\" height=\"281\" \/><\/p>\n<p>Les 3 laur\u00e9ats de ce premier challenge\u00a0sont\u00a0: Nouha Bada dans la cat\u00e9gorie du couvert de table, Bilel Haj Rejeb (robinetterie) et Amin Brahem (casseroles), qui ont tous re\u00e7u le 1er prix. Six autres ont \u00e9t\u00e9 r\u00e9compens\u00e9s des 2e et 3e prix.<\/p>\n<p>La\u00a0c\u00e9r\u00e9monie de remise des prix en pr\u00e9sence\u00a0de Bassem Loukil, pr\u00e9sident du conseil d\u2019administration des AMS, Slaheddine Barkallah, directeur g\u00e9n\u00e9ral de la soci\u00e9t\u00e9, Mouna Drira, responsable Marketing, qui a \u00e9t\u00e9 la cheville ouvri\u00e8re de\u00a0ce concours, ainsi qu&rsquo;Abdellatif Hamam, secr\u00e9taire d\u2019Etat aupr\u00e8s du minist\u00e8re du Commerce, Adel Chlioui, gouverneur Sousse, qui venait de prendre ses fonctions 2 jours auparavant, le d\u00e9l\u00e9gu\u00e9 de Sousse Sidi Abdelhamid (o\u00f9 se trouvent les ateliers des AMS), ainsi que plusieurs universitaires et notables de la ville.<\/p>\n<p><strong>La r\u00e9novation pour combattre la contrefa\u00e7on <\/strong><\/p>\n<p>Dans son mot de bienvenue, M. Loukil\u00a0 a f\u00e9licit\u00e9 les heureux gagnants, en soulignant la n\u00e9cessit\u00e9 de poursuivre l&rsquo;effort d&rsquo;innovation continue des produits et d\u2019impliquer les universit\u00e9s dans le travail\u00a0des entreprises pour permettre aux \u00e9tudiants de b\u00e9n\u00e9ficier de la formation ad\u00e9quate, de renforcer leur employabilit\u00e9 et de faciliter leur int\u00e9gration\u00a0du march\u00e9 du travail. \u00ab<em>Les AMS ont donn\u00e9 l\u2019occasion aux jeunes de r\u00eaver. Les experts de notre entreprise, qui existe depuis 1962, les ont encadr\u00e9s. Aujourd\u2019hui, la formation th\u00e9orique ne suffit plus, la formation en entreprise s\u2019impose<\/em>\u00bb, a lanc\u00e9 Bassem Loukil.<\/p>\n<p style=\"text-align: center;\"><img loading=\"lazy\" decoding=\"async\" class=\"alignnone wp-image-97661\" src=\"http:\/\/kapitalis.com\/tunisie\/wp-content\/uploads\/2017\/05\/Challenge-4.jpg\" alt=\"AMS Challenge\" width=\"500\" height=\"281\" \/><\/p>\n<p>Pour se faire une place et la garder parmi les grands op\u00e9rateurs de son secteur, rien ne vaut, a-t-il poursuivi, la poursuite des efforts d&rsquo;innovation. Car,\u00a0a-t-il expliqu\u00e9,\u00a0<em>\u00abpour faire face\u00a0\u00e0 la contrefa\u00e7on et \u00e0 la contrebande, qui accaparent aujourd\u2019hui plus de 50% du march\u00e9, il n&rsquo;y a pas mieux que la\u00a0cr\u00e9ation continue de nouveaux mod\u00e8les. Les AMS sont, je ne vous cache pas, gravement affect\u00e9s par ce fl\u00e9au qui d\u00e9truit le march\u00e9 de l\u2019emploi et l\u2019\u00e9conomie<\/em>\u00bb.<\/p>\n<p><strong>Consommer tunisien<\/strong><\/p>\n<p>Il ne se passe pas une semaine sans que les agents de la douane saisissent des cargaisons de robinetteries imitant des produits des AMS, a soulign\u00e9 M. Loukil, qui a appel\u00e9 tous les citoyens \u00e0 prendre conscience de la gravit\u00e9 de ce ph\u00e9nom\u00e8ne et \u00e0 le combattre. \u00abC<em>hacun, de son c\u00f4t\u00e9, devrait sensibiliser son entourage. Le consommateur doit aussi contribuer \u00e0 la lutte contre le march\u00e9 de la contrebande et de la contrefa\u00e7on, et d&rsquo;abord en\u00a0consommant tunisien<\/em>\u00bb.<\/p>\n<p style=\"text-align: center;\"><img loading=\"lazy\" decoding=\"async\" class=\"alignnone wp-image-97662\" src=\"http:\/\/kapitalis.com\/tunisie\/wp-content\/uploads\/2017\/05\/Challenge-5.jpg\" alt=\"AMS Challenge\" width=\"500\" height=\"281\" \/><\/p>\n<p>Slah Barkallah est revenu, quant \u00e0 lui, sur ce 1<sup>er<\/sup> concours, qui a \u00e9t\u00e9 organis\u00e9\u00a0en partenariat avec l\u2019Ecole sup\u00e9rieure des sciences et techniques du design (ESSTED) \u00e0 Denden, \u00e0 Tunis, l\u2019Institut sup\u00e9rieur des beaux-arts de Sousse, l\u2019Institut sup\u00e9rieur des arts et m\u00e9tiers de Sfax, et avec la collaboration de la radio Express FM. \u00ab<em>En janvier dernier, un cahier de charges a \u00e9t\u00e9 sign\u00e9 avec nos partenaires avant d\u2019inviter les \u00e9tudiants d\u00e9sirant participer au concours \u00e0 effectuer une visite dans nos ateliers, de mani\u00e8re \u00e0\u00a0se\u00a0mettre dans le bain et \u00e0 voir le process industriel<\/em>\u00bb, a-t-il expliqu\u00e9.<\/p>\n<p>Gr\u00e2ce \u00e0 cette visite guid\u00e9e par les\u00a0experts\u00a0des AMS, les candidats ont pu puiser\u00a0leur\u00a0<em>inspiration\u00a0et\u00a0avoir des id\u00e9es qu\u2019ils ont pu d\u00e9velopper par la suite dans des esquisses remises aux membres du jury. Ces derniers exigent du design, et surtout pas de plagiat<\/em>\u00bb, a ajout\u00e9 Mouna Drira.<\/p>\n<p style=\"text-align: center;\"><img loading=\"lazy\" decoding=\"async\" class=\"alignnone wp-image-97663\" src=\"http:\/\/kapitalis.com\/tunisie\/wp-content\/uploads\/2017\/05\/Challenge-6.jpg\" alt=\"AMS Challenge\" width=\"500\" height=\"281\" \/><\/p>\n<p><strong>Il y aura un suivi<\/strong><\/p>\n<p>\u00ab<em>Puisque nous avons r\u00e9ussi la 1<sup>\u00e8re <\/sup>\u00e9dition, le challenge va se poursuivre et nous allons continuer \u00e0 aller vers les grandes \u00e9coles pour d\u00e9nicher, chaque ann\u00e9e, de nouvelles comp\u00e9tences. Cela aidera \u00e0 am\u00e9liorer l\u2019employabilit\u00e9 des dipl\u00f4m\u00e9s et \u00e0 leur garantir une\u00a0formation en entreprise qui manque terriblement \u00e0 nos \u00e9tudiants<\/em>\u00bb, a promis Bassem Loukil.<\/p>\n<p><em>\u00abCe challenge d\u00e9di\u00e9\u00a0\u00e0\u00a0la cr\u00e9ativit\u00e9 et \u00e0 l\u2019innovation est une aubaine pour nos jeunes, qui sont v\u00e9ritable richesse, notre \u00e9nergie\u00a0et notre p\u00e9trole. Avec l&rsquo;extension de\u00a0nos usines, nous serons capables de relever le d\u00e9fi de l&#8217;emploi\u00bb<\/em>, a lanc\u00e9, de son c\u00f4t\u00e9, M. Hamam.<\/p>\n","protected":false},"excerpt":{"rendered":"<p>Les r\u00e9sultats du\u00a01er concours de design organis\u00e9 par les Ateliers m\u00e9caniques du Sahel (AMS) ont \u00e9t\u00e9 annonc\u00e9s, samedi 20 mai 2017.\u00a0Neuf \u00e9tudiants ont \u00e9t\u00e9\u00a0r\u00e9compens\u00e9s.<\/p>\n","protected":false},"author":7,"featured_media":97655,"comment_status":"open","ping_status":"open","sticky":false,"template":"","format":"standard","meta":{"footnotes":""},"categories":[992,995,2433],"tags":[2395,3063,1047,2075],"class_list":["post-97505","post","type-post","status-publish","format-standard","has-post-thumbnail","hentry","category-a-la-une","category-economie","category-tunisie","tag-abdellatif-hamam","tag-ams","tag-ateliers-mecaniques-du-sahel","tag-bassem-loukil"],"yoast_head":"<!-- This site is optimized with the Yoast SEO plugin v26.6 - https:\/\/yoast.com\/wordpress\/plugins\/seo\/ -->\n<title>1er AMS Challenge: Une rampe de lancement pour les designers - Kapitalis<\/title>\n<meta name=\"robots\" content=\"index, follow, max-snippet:-1, max-image-preview:large, max-video-preview:-1\" \/>\n<link rel=\"canonical\" href=\"https:\/\/kapitalis.com\/tunisie\/2017\/05\/22\/1er-ams-challenge-une-rampe-de-lancement-pour-les-designers\/\" \/>\n<meta property=\"og:locale\" content=\"fr_FR\" \/>\n<meta property=\"og:type\" content=\"article\" \/>\n<meta property=\"og:title\" content=\"1er AMS Challenge: Une rampe de lancement pour les designers - Kapitalis\" \/>\n<meta property=\"og:description\" content=\"Les r\u00e9sultats du\u00a01er concours de design organis\u00e9 par les Ateliers m\u00e9caniques du Sahel (AMS) ont \u00e9t\u00e9 annonc\u00e9s, samedi 20 mai 2017.\u00a0Neuf \u00e9tudiants ont \u00e9t\u00e9\u00a0r\u00e9compens\u00e9s.\" \/>\n<meta property=\"og:url\" content=\"https:\/\/kapitalis.com\/tunisie\/2017\/05\/22\/1er-ams-challenge-une-rampe-de-lancement-pour-les-designers\/\" \/>\n<meta property=\"og:site_name\" content=\"Kapitalis\" \/>\n<meta property=\"article:publisher\" content=\"https:\/\/www.facebook.com\/KapitalisInfo\/\" \/>\n<meta property=\"article:published_time\" content=\"2017-05-22T13:17:03+00:00\" \/>\n<meta property=\"og:image\" content=\"https:\/\/kapitalis.com\/tunisie\/wp-content\/uploads\/2022\/05\/kapitalis-logo-fb.png\" \/>\n\t<meta property=\"og:image:width\" content=\"1200\" \/>\n\t<meta property=\"og:image:height\" content=\"630\" \/>\n\t<meta property=\"og:image:type\" content=\"image\/png\" \/>\n<meta name=\"author\" content=\"zohra abid\" \/>\n<meta name=\"twitter:card\" content=\"summary_large_image\" \/>\n<meta name=\"twitter:creator\" content=\"@KapitalisInfo\" \/>\n<meta name=\"twitter:site\" content=\"@KapitalisInfo\" \/>\n<meta name=\"twitter:label1\" content=\"\u00c9crit par\" \/>\n\t<meta name=\"twitter:data1\" content=\"zohra abid\" \/>\n\t<meta name=\"twitter:label2\" content=\"Dur\u00e9e de lecture estim\u00e9e\" \/>\n\t<meta name=\"twitter:data2\" content=\"5 minutes\" \/>\n<script type=\"application\/ld+json\" class=\"yoast-schema-graph\">{\"@context\":\"https:\/\/schema.org\",\"@graph\":[{\"@type\":\"Article\",\"@id\":\"https:\/\/kapitalis.com\/tunisie\/2017\/05\/22\/1er-ams-challenge-une-rampe-de-lancement-pour-les-designers\/#article\",\"isPartOf\":{\"@id\":\"https:\/\/kapitalis.com\/tunisie\/2017\/05\/22\/1er-ams-challenge-une-rampe-de-lancement-pour-les-designers\/\"},\"author\":{\"name\":\"zohra abid\",\"@id\":\"https:\/\/kapitalis.com\/tunisie\/#\/schema\/person\/6fc2988ceb6eacf6836db1d8360b4912\"},\"headline\":\"1er AMS Challenge: Une rampe de lancement pour les designers\",\"datePublished\":\"2017-05-22T13:17:03+00:00\",\"mainEntityOfPage\":{\"@id\":\"https:\/\/kapitalis.com\/tunisie\/2017\/05\/22\/1er-ams-challenge-une-rampe-de-lancement-pour-les-designers\/\"},\"wordCount\":964,\"commentCount\":0,\"publisher\":{\"@id\":\"https:\/\/kapitalis.com\/tunisie\/#organization\"},\"image\":{\"@id\":\"https:\/\/kapitalis.com\/tunisie\/2017\/05\/22\/1er-ams-challenge-une-rampe-de-lancement-pour-les-designers\/#primaryimage\"},\"thumbnailUrl\":\"\",\"keywords\":[\"Abdellatif Hamam\",\"AMS\",\"Ateliers m\u00e9caniques du Sahel\",\"Bassem Loukil\"],\"articleSection\":[\"A LA UNE\",\"ECONOMIE\",\"Tunisie\"],\"inLanguage\":\"fr-FR\",\"potentialAction\":[{\"@type\":\"CommentAction\",\"name\":\"Comment\",\"target\":[\"https:\/\/kapitalis.com\/tunisie\/2017\/05\/22\/1er-ams-challenge-une-rampe-de-lancement-pour-les-designers\/#respond\"]}]},{\"@type\":\"WebPage\",\"@id\":\"https:\/\/kapitalis.com\/tunisie\/2017\/05\/22\/1er-ams-challenge-une-rampe-de-lancement-pour-les-designers\/\",\"url\":\"https:\/\/kapitalis.com\/tunisie\/2017\/05\/22\/1er-ams-challenge-une-rampe-de-lancement-pour-les-designers\/\",\"name\":\"1er AMS Challenge: Une rampe de lancement pour les designers - Kapitalis\",\"isPartOf\":{\"@id\":\"https:\/\/kapitalis.com\/tunisie\/#website\"},\"primaryImageOfPage\":{\"@id\":\"https:\/\/kapitalis.com\/tunisie\/2017\/05\/22\/1er-ams-challenge-une-rampe-de-lancement-pour-les-designers\/#primaryimage\"},\"image\":{\"@id\":\"https:\/\/kapitalis.com\/tunisie\/2017\/05\/22\/1er-ams-challenge-une-rampe-de-lancement-pour-les-designers\/#primaryimage\"},\"thumbnailUrl\":\"\",\"datePublished\":\"2017-05-22T13:17:03+00:00\",\"breadcrumb\":{\"@id\":\"https:\/\/kapitalis.com\/tunisie\/2017\/05\/22\/1er-ams-challenge-une-rampe-de-lancement-pour-les-designers\/#breadcrumb\"},\"inLanguage\":\"fr-FR\",\"potentialAction\":[{\"@type\":\"ReadAction\",\"target\":[\"https:\/\/kapitalis.com\/tunisie\/2017\/05\/22\/1er-ams-challenge-une-rampe-de-lancement-pour-les-designers\/\"]}]},{\"@type\":\"ImageObject\",\"inLanguage\":\"fr-FR\",\"@id\":\"https:\/\/kapitalis.com\/tunisie\/2017\/05\/22\/1er-ams-challenge-une-rampe-de-lancement-pour-les-designers\/#primaryimage\",\"url\":\"\",\"contentUrl\":\"\"},{\"@type\":\"BreadcrumbList\",\"@id\":\"https:\/\/kapitalis.com\/tunisie\/2017\/05\/22\/1er-ams-challenge-une-rampe-de-lancement-pour-les-designers\/#breadcrumb\",\"itemListElement\":[{\"@type\":\"ListItem\",\"position\":1,\"name\":\"Accueil\",\"item\":\"https:\/\/kapitalis.com\/tunisie\/\"},{\"@type\":\"ListItem\",\"position\":2,\"name\":\"1er AMS Challenge: Une rampe de lancement pour les designers\"}]},{\"@type\":\"WebSite\",\"@id\":\"https:\/\/kapitalis.com\/tunisie\/#website\",\"url\":\"https:\/\/kapitalis.com\/tunisie\/\",\"name\":\"Kapitalis\",\"description\":\"L&#039;actualit\u00e9 en Tunisie et dans le monde\",\"publisher\":{\"@id\":\"https:\/\/kapitalis.com\/tunisie\/#organization\"},\"potentialAction\":[{\"@type\":\"SearchAction\",\"target\":{\"@type\":\"EntryPoint\",\"urlTemplate\":\"https:\/\/kapitalis.com\/tunisie\/?s={search_term_string}\"},\"query-input\":{\"@type\":\"PropertyValueSpecification\",\"valueRequired\":true,\"valueName\":\"search_term_string\"}}],\"inLanguage\":\"fr-FR\"},{\"@type\":\"Organization\",\"@id\":\"https:\/\/kapitalis.com\/tunisie\/#organization\",\"name\":\"Kapitalis\",\"url\":\"https:\/\/kapitalis.com\/tunisie\/\",\"logo\":{\"@type\":\"ImageObject\",\"inLanguage\":\"fr-FR\",\"@id\":\"https:\/\/kapitalis.com\/tunisie\/#\/schema\/logo\/image\/\",\"url\":\"https:\/\/kapitalis.com\/tunisie\/wp-content\/uploads\/2022\/05\/Kapitalis-big-size.png\",\"contentUrl\":\"https:\/\/kapitalis.com\/tunisie\/wp-content\/uploads\/2022\/05\/Kapitalis-big-size.png\",\"width\":5000,\"height\":1500,\"caption\":\"Kapitalis\"},\"image\":{\"@id\":\"https:\/\/kapitalis.com\/tunisie\/#\/schema\/logo\/image\/\"},\"sameAs\":[\"https:\/\/www.facebook.com\/KapitalisInfo\/\",\"https:\/\/x.com\/KapitalisInfo\",\"https:\/\/www.youtube.com\/channel\/UC-yDYrHyfFBWWZaOw3FPg9Q\"]},{\"@type\":\"Person\",\"@id\":\"https:\/\/kapitalis.com\/tunisie\/#\/schema\/person\/6fc2988ceb6eacf6836db1d8360b4912\",\"name\":\"zohra abid\",\"url\":\"https:\/\/kapitalis.com\/tunisie\/author\/zohra-abid-2015\/\"}]}<\/script>\n<!-- \/ Yoast SEO plugin. -->","yoast_head_json":{"title":"1er AMS Challenge: Une rampe de lancement pour les designers - Kapitalis","robots":{"index":"index","follow":"follow","max-snippet":"max-snippet:-1","max-image-preview":"max-image-preview:large","max-video-preview":"max-video-preview:-1"},"canonical":"https:\/\/kapitalis.com\/tunisie\/2017\/05\/22\/1er-ams-challenge-une-rampe-de-lancement-pour-les-designers\/","og_locale":"fr_FR","og_type":"article","og_title":"1er AMS Challenge: Une rampe de lancement pour les designers - Kapitalis","og_description":"Les r\u00e9sultats du\u00a01er concours de design organis\u00e9 par les Ateliers m\u00e9caniques du Sahel (AMS) ont \u00e9t\u00e9 annonc\u00e9s, samedi 20 mai 2017.\u00a0Neuf \u00e9tudiants ont \u00e9t\u00e9\u00a0r\u00e9compens\u00e9s.","og_url":"https:\/\/kapitalis.com\/tunisie\/2017\/05\/22\/1er-ams-challenge-une-rampe-de-lancement-pour-les-designers\/","og_site_name":"Kapitalis","article_publisher":"https:\/\/www.facebook.com\/KapitalisInfo\/","article_published_time":"2017-05-22T13:17:03+00:00","og_image":[{"width":1200,"height":630,"url":"https:\/\/kapitalis.com\/tunisie\/wp-content\/uploads\/2022\/05\/kapitalis-logo-fb.png","type":"image\/png"}],"author":"zohra abid","twitter_card":"summary_large_image","twitter_creator":"@KapitalisInfo","twitter_site":"@KapitalisInfo","twitter_misc":{"\u00c9crit par":"zohra abid","Dur\u00e9e de lecture estim\u00e9e":"5 minutes"},"schema":{"@context":"https:\/\/schema.org","@graph":[{"@type":"Article","@id":"https:\/\/kapitalis.com\/tunisie\/2017\/05\/22\/1er-ams-challenge-une-rampe-de-lancement-pour-les-designers\/#article","isPartOf":{"@id":"https:\/\/kapitalis.com\/tunisie\/2017\/05\/22\/1er-ams-challenge-une-rampe-de-lancement-pour-les-designers\/"},"author":{"name":"zohra abid","@id":"https:\/\/kapitalis.com\/tunisie\/#\/schema\/person\/6fc2988ceb6eacf6836db1d8360b4912"},"headline":"1er AMS Challenge: Une rampe de lancement pour les designers","datePublished":"2017-05-22T13:17:03+00:00","mainEntityOfPage":{"@id":"https:\/\/kapitalis.com\/tunisie\/2017\/05\/22\/1er-ams-challenge-une-rampe-de-lancement-pour-les-designers\/"},"wordCount":964,"commentCount":0,"publisher":{"@id":"https:\/\/kapitalis.com\/tunisie\/#organization"},"image":{"@id":"https:\/\/kapitalis.com\/tunisie\/2017\/05\/22\/1er-ams-challenge-une-rampe-de-lancement-pour-les-designers\/#primaryimage"},"thumbnailUrl":"","keywords":["Abdellatif Hamam","AMS","Ateliers m\u00e9caniques du Sahel","Bassem Loukil"],"articleSection":["A LA UNE","ECONOMIE","Tunisie"],"inLanguage":"fr-FR","potentialAction":[{"@type":"CommentAction","name":"Comment","target":["https:\/\/kapitalis.com\/tunisie\/2017\/05\/22\/1er-ams-challenge-une-rampe-de-lancement-pour-les-designers\/#respond"]}]},{"@type":"WebPage","@id":"https:\/\/kapitalis.com\/tunisie\/2017\/05\/22\/1er-ams-challenge-une-rampe-de-lancement-pour-les-designers\/","url":"https:\/\/kapitalis.com\/tunisie\/2017\/05\/22\/1er-ams-challenge-une-rampe-de-lancement-pour-les-designers\/","name":"1er AMS Challenge: Une rampe de lancement pour les designers - Kapitalis","isPartOf":{"@id":"https:\/\/kapitalis.com\/tunisie\/#website"},"primaryImageOfPage":{"@id":"https:\/\/kapitalis.com\/tunisie\/2017\/05\/22\/1er-ams-challenge-une-rampe-de-lancement-pour-les-designers\/#primaryimage"},"image":{"@id":"https:\/\/kapitalis.com\/tunisie\/2017\/05\/22\/1er-ams-challenge-une-rampe-de-lancement-pour-les-designers\/#primaryimage"},"thumbnailUrl":"","datePublished":"2017-05-22T13:17:03+00:00","breadcrumb":{"@id":"https:\/\/kapitalis.com\/tunisie\/2017\/05\/22\/1er-ams-challenge-une-rampe-de-lancement-pour-les-designers\/#breadcrumb"},"inLanguage":"fr-FR","potentialAction":[{"@type":"ReadAction","target":["https:\/\/kapitalis.com\/tunisie\/2017\/05\/22\/1er-ams-challenge-une-rampe-de-lancement-pour-les-designers\/"]}]},{"@type":"ImageObject","inLanguage":"fr-FR","@id":"https:\/\/kapitalis.com\/tunisie\/2017\/05\/22\/1er-ams-challenge-une-rampe-de-lancement-pour-les-designers\/#primaryimage","url":"","contentUrl":""},{"@type":"BreadcrumbList","@id":"https:\/\/kapitalis.com\/tunisie\/2017\/05\/22\/1er-ams-challenge-une-rampe-de-lancement-pour-les-designers\/#breadcrumb","itemListElement":[{"@type":"ListItem","position":1,"name":"Accueil","item":"https:\/\/kapitalis.com\/tunisie\/"},{"@type":"ListItem","position":2,"name":"1er AMS Challenge: Une rampe de lancement pour les designers"}]},{"@type":"WebSite","@id":"https:\/\/kapitalis.com\/tunisie\/#website","url":"https:\/\/kapitalis.com\/tunisie\/","name":"Kapitalis","description":"L&#039;actualit\u00e9 en Tunisie et dans le monde","publisher":{"@id":"https:\/\/kapitalis.com\/tunisie\/#organization"},"potentialAction":[{"@type":"SearchAction","target":{"@type":"EntryPoint","urlTemplate":"https:\/\/kapitalis.com\/tunisie\/?s={search_term_string}"},"query-input":{"@type":"PropertyValueSpecification","valueRequired":true,"valueName":"search_term_string"}}],"inLanguage":"fr-FR"},{"@type":"Organization","@id":"https:\/\/kapitalis.com\/tunisie\/#organization","name":"Kapitalis","url":"https:\/\/kapitalis.com\/tunisie\/","logo":{"@type":"ImageObject","inLanguage":"fr-FR","@id":"https:\/\/kapitalis.com\/tunisie\/#\/schema\/logo\/image\/","url":"https:\/\/kapitalis.com\/tunisie\/wp-content\/uploads\/2022\/05\/Kapitalis-big-size.png","contentUrl":"https:\/\/kapitalis.com\/tunisie\/wp-content\/uploads\/2022\/05\/Kapitalis-big-size.png","width":5000,"height":1500,"caption":"Kapitalis"},"image":{"@id":"https:\/\/kapitalis.com\/tunisie\/#\/schema\/logo\/image\/"},"sameAs":["https:\/\/www.facebook.com\/KapitalisInfo\/","https:\/\/x.com\/KapitalisInfo","https:\/\/www.youtube.com\/channel\/UC-yDYrHyfFBWWZaOw3FPg9Q"]},{"@type":"Person","@id":"https:\/\/kapitalis.com\/tunisie\/#\/schema\/person\/6fc2988ceb6eacf6836db1d8360b4912","name":"zohra abid","url":"https:\/\/kapitalis.com\/tunisie\/author\/zohra-abid-2015\/"}]}},"_links":{"self":[{"href":"https:\/\/kapitalis.com\/tunisie\/wp-json\/wp\/v2\/posts\/97505","targetHints":{"allow":["GET"]}}],"collection":[{"href":"https:\/\/kapitalis.com\/tunisie\/wp-json\/wp\/v2\/posts"}],"about":[{"href":"https:\/\/kapitalis.com\/tunisie\/wp-json\/wp\/v2\/types\/post"}],"author":[{"embeddable":true,"href":"https:\/\/kapitalis.com\/tunisie\/wp-json\/wp\/v2\/users\/7"}],"replies":[{"embeddable":true,"href":"https:\/\/kapitalis.com\/tunisie\/wp-json\/wp\/v2\/comments?post=97505"}],"version-history":[{"count":0,"href":"https:\/\/kapitalis.com\/tunisie\/wp-json\/wp\/v2\/posts\/97505\/revisions"}],"wp:featuredmedia":[{"embeddable":true,"href":"https:\/\/kapitalis.com\/tunisie\/wp-json\/wp\/v2\/media\/97655"}],"wp:attachment":[{"href":"https:\/\/kapitalis.com\/tunisie\/wp-json\/wp\/v2\/media?parent=97505"}],"wp:term":[{"taxonomy":"category","embeddable":true,"href":"https:\/\/kapitalis.com\/tunisie\/wp-json\/wp\/v2\/categories?post=97505"},{"taxonomy":"post_tag","embeddable":true,"href":"https:\/\/kapitalis.com\/tunisie\/wp-json\/wp\/v2\/tags?post=97505"}],"curies":[{"name":"wp","href":"https:\/\/api.w.org\/{rel}","templated":true}]}}