{"id":97545,"date":"2017-05-22T09:16:56","date_gmt":"2017-05-22T08:46:56","guid":{"rendered":"http:\/\/kapitalis.com\/tunisie\/?p=97545"},"modified":"2017-05-22T09:16:56","modified_gmt":"2017-05-22T08:46:56","slug":"cannes-majd-mastoura-prix-dinterpretation-des-critiques-arabes","status":"publish","type":"post","link":"https:\/\/kapitalis.com\/tunisie\/2017\/05\/22\/cannes-majd-mastoura-prix-dinterpretation-des-critiques-arabes\/","title":{"rendered":"Cannes : Majd Mastoura, prix d&rsquo;interpr\u00e9tation des critiques arabes"},"content":{"rendered":"<p style=\"text-align: center;\"><img loading=\"lazy\" decoding=\"async\" class=\"alignnone size-full wp-image-97564\" src=\"http:\/\/kapitalis.com\/tunisie\/wp-content\/uploads\/2017\/05\/Majd-Mastoura.jpg\" alt=\"\" width=\"626\" height=\"380\" \/><\/p>\n<p><em><strong>Majd Mastoura a\u00a0remport\u00e9 le prix d&rsquo;interpr\u00e9tation des critiques arabes, en marge du Festival international de Cannes, pour son interpr\u00e9tation\u00a0dans \u00ab\u00a0Nhebek Hedi\u00a0\u00bb.<\/strong><\/em><!--more--><\/p>\n<p>Le cin\u00e9ma tunisien fait de nouveau parler de lui \u00e0 Cannes, avec l&rsquo;attribution, hors comp\u00e9tition officielle, du <em><strong>\u00ab\u00a0<\/strong>prix de l&rsquo;interpr\u00e9tation\u00a0\u00bb\u00a0<\/em>des Arab Critics Awards, pour l&rsquo;acteur\u00a0Majd Mastoura, qui avait d\u00e9j\u00e0 remport\u00e9, en 2016, l&rsquo;Ours d&rsquo;argent du meilleur acteur lors du Festival international du film de Berlin.<\/p>\n<p>Notons que le film\u00a0\u00ab\u00a0<em>Nhebek Hedi\u00a0\u00bb, <\/em>r\u00e9alis\u00e9 par Mohamed Ben Attia\u00a0et interpr\u00e9t\u00e9 par\u00a0Majd Mastoura, Rym Ben Messaoud, Sabah Bouzouita, Hakim Boumsaoudi et Omnia Ben Ghali, a remport\u00e9 plusieurs prix, notamment celui\u00a0de la premi\u00e8re oeuvre \u00e0 la Berlinale 2016 et celui\u00a0du\u00a0meilleur film francophone, lors de la 22e \u00e9dition dela c\u00e9r\u00e9monie\u00a0des Lumi\u00e8res, \u00e0 Paris, en janvier dernier.<\/p>\n<p style=\"text-align: right;\"><strong>E. B. A.<\/strong><\/p>\n<p>&nbsp;<\/p>\n","protected":false},"excerpt":{"rendered":"<p>Majd Mastoura a\u00a0remport\u00e9 le prix d&rsquo;interpr\u00e9tation des critiques arabes, en marge du Festival international de Cannes, pour son interpr\u00e9tation\u00a0dans \u00ab\u00a0Nhebek Hedi\u00a0\u00bb.<\/p>\n","protected":false},"author":16,"featured_media":97564,"comment_status":"open","ping_status":"open","sticky":false,"template":"","format":"standard","meta":{"footnotes":""},"categories":[994,2433],"tags":[14566],"class_list":["post-97545","post","type-post","status-publish","format-standard","has-post-thumbnail","hentry","category-culture","category-tunisie","tag-majd-mastoura"],"yoast_head":"<!-- This site is optimized with the Yoast SEO plugin v26.6 - https:\/\/yoast.com\/wordpress\/plugins\/seo\/ -->\n<title>Cannes : Majd Mastoura, prix d&#039;interpr\u00e9tation des critiques arabes - Kapitalis<\/title>\n<meta name=\"robots\" content=\"index, follow, max-snippet:-1, max-image-preview:large, max-video-preview:-1\" \/>\n<link rel=\"canonical\" href=\"https:\/\/kapitalis.com\/tunisie\/2017\/05\/22\/cannes-majd-mastoura-prix-dinterpretation-des-critiques-arabes\/\" \/>\n<meta property=\"og:locale\" content=\"fr_FR\" \/>\n<meta property=\"og:type\" content=\"article\" \/>\n<meta property=\"og:title\" content=\"Cannes : Majd Mastoura, prix d&#039;interpr\u00e9tation des critiques arabes - Kapitalis\" \/>\n<meta property=\"og:description\" content=\"Majd Mastoura a\u00a0remport\u00e9 le prix d&rsquo;interpr\u00e9tation des critiques arabes, en marge du Festival international de Cannes, pour son interpr\u00e9tation\u00a0dans \u00ab\u00a0Nhebek Hedi\u00a0\u00bb.\" \/>\n<meta property=\"og:url\" content=\"https:\/\/kapitalis.com\/tunisie\/2017\/05\/22\/cannes-majd-mastoura-prix-dinterpretation-des-critiques-arabes\/\" \/>\n<meta property=\"og:site_name\" content=\"Kapitalis\" \/>\n<meta property=\"article:publisher\" content=\"https:\/\/www.facebook.com\/KapitalisInfo\/\" \/>\n<meta property=\"article:published_time\" content=\"2017-05-22T08:46:56+00:00\" \/>\n<meta property=\"og:image\" content=\"https:\/\/kapitalis.com\/tunisie\/wp-content\/uploads\/2022\/05\/kapitalis-logo-fb.png\" \/>\n\t<meta property=\"og:image:width\" content=\"1200\" \/>\n\t<meta property=\"og:image:height\" content=\"630\" \/>\n\t<meta property=\"og:image:type\" content=\"image\/png\" \/>\n<meta name=\"author\" content=\"emna benabdallah\" \/>\n<meta name=\"twitter:card\" content=\"summary_large_image\" \/>\n<meta name=\"twitter:creator\" content=\"@KapitalisInfo\" \/>\n<meta name=\"twitter:site\" content=\"@KapitalisInfo\" \/>\n<meta name=\"twitter:label1\" content=\"\u00c9crit par\" \/>\n\t<meta name=\"twitter:data1\" content=\"emna benabdallah\" \/>\n\t<meta name=\"twitter:label2\" content=\"Dur\u00e9e de lecture estim\u00e9e\" \/>\n\t<meta name=\"twitter:data2\" content=\"1 minute\" \/>\n<script type=\"application\/ld+json\" class=\"yoast-schema-graph\">{\"@context\":\"https:\/\/schema.org\",\"@graph\":[{\"@type\":\"Article\",\"@id\":\"https:\/\/kapitalis.com\/tunisie\/2017\/05\/22\/cannes-majd-mastoura-prix-dinterpretation-des-critiques-arabes\/#article\",\"isPartOf\":{\"@id\":\"https:\/\/kapitalis.com\/tunisie\/2017\/05\/22\/cannes-majd-mastoura-prix-dinterpretation-des-critiques-arabes\/\"},\"author\":{\"name\":\"emna benabdallah\",\"@id\":\"https:\/\/kapitalis.com\/tunisie\/#\/schema\/person\/2c6e134b2f3369dffcd1daf5f087d28b\"},\"headline\":\"Cannes : Majd Mastoura, prix d&rsquo;interpr\u00e9tation des critiques arabes\",\"datePublished\":\"2017-05-22T08:46:56+00:00\",\"mainEntityOfPage\":{\"@id\":\"https:\/\/kapitalis.com\/tunisie\/2017\/05\/22\/cannes-majd-mastoura-prix-dinterpretation-des-critiques-arabes\/\"},\"wordCount\":151,\"commentCount\":0,\"publisher\":{\"@id\":\"https:\/\/kapitalis.com\/tunisie\/#organization\"},\"image\":{\"@id\":\"https:\/\/kapitalis.com\/tunisie\/2017\/05\/22\/cannes-majd-mastoura-prix-dinterpretation-des-critiques-arabes\/#primaryimage\"},\"thumbnailUrl\":\"\",\"keywords\":[\"Majd Mastoura\"],\"articleSection\":[\"CULTURE\",\"Tunisie\"],\"inLanguage\":\"fr-FR\",\"potentialAction\":[{\"@type\":\"CommentAction\",\"name\":\"Comment\",\"target\":[\"https:\/\/kapitalis.com\/tunisie\/2017\/05\/22\/cannes-majd-mastoura-prix-dinterpretation-des-critiques-arabes\/#respond\"]}]},{\"@type\":\"WebPage\",\"@id\":\"https:\/\/kapitalis.com\/tunisie\/2017\/05\/22\/cannes-majd-mastoura-prix-dinterpretation-des-critiques-arabes\/\",\"url\":\"https:\/\/kapitalis.com\/tunisie\/2017\/05\/22\/cannes-majd-mastoura-prix-dinterpretation-des-critiques-arabes\/\",\"name\":\"Cannes : Majd Mastoura, prix d'interpr\u00e9tation des critiques arabes - Kapitalis\",\"isPartOf\":{\"@id\":\"https:\/\/kapitalis.com\/tunisie\/#website\"},\"primaryImageOfPage\":{\"@id\":\"https:\/\/kapitalis.com\/tunisie\/2017\/05\/22\/cannes-majd-mastoura-prix-dinterpretation-des-critiques-arabes\/#primaryimage\"},\"image\":{\"@id\":\"https:\/\/kapitalis.com\/tunisie\/2017\/05\/22\/cannes-majd-mastoura-prix-dinterpretation-des-critiques-arabes\/#primaryimage\"},\"thumbnailUrl\":\"\",\"datePublished\":\"2017-05-22T08:46:56+00:00\",\"breadcrumb\":{\"@id\":\"https:\/\/kapitalis.com\/tunisie\/2017\/05\/22\/cannes-majd-mastoura-prix-dinterpretation-des-critiques-arabes\/#breadcrumb\"},\"inLanguage\":\"fr-FR\",\"potentialAction\":[{\"@type\":\"ReadAction\",\"target\":[\"https:\/\/kapitalis.com\/tunisie\/2017\/05\/22\/cannes-majd-mastoura-prix-dinterpretation-des-critiques-arabes\/\"]}]},{\"@type\":\"ImageObject\",\"inLanguage\":\"fr-FR\",\"@id\":\"https:\/\/kapitalis.com\/tunisie\/2017\/05\/22\/cannes-majd-mastoura-prix-dinterpretation-des-critiques-arabes\/#primaryimage\",\"url\":\"\",\"contentUrl\":\"\"},{\"@type\":\"BreadcrumbList\",\"@id\":\"https:\/\/kapitalis.com\/tunisie\/2017\/05\/22\/cannes-majd-mastoura-prix-dinterpretation-des-critiques-arabes\/#breadcrumb\",\"itemListElement\":[{\"@type\":\"ListItem\",\"position\":1,\"name\":\"Accueil\",\"item\":\"https:\/\/kapitalis.com\/tunisie\/\"},{\"@type\":\"ListItem\",\"position\":2,\"name\":\"Cannes : Majd Mastoura, prix d&rsquo;interpr\u00e9tation des critiques arabes\"}]},{\"@type\":\"WebSite\",\"@id\":\"https:\/\/kapitalis.com\/tunisie\/#website\",\"url\":\"https:\/\/kapitalis.com\/tunisie\/\",\"name\":\"Kapitalis\",\"description\":\"L&#039;actualit\u00e9 en Tunisie et dans le monde\",\"publisher\":{\"@id\":\"https:\/\/kapitalis.com\/tunisie\/#organization\"},\"potentialAction\":[{\"@type\":\"SearchAction\",\"target\":{\"@type\":\"EntryPoint\",\"urlTemplate\":\"https:\/\/kapitalis.com\/tunisie\/?s={search_term_string}\"},\"query-input\":{\"@type\":\"PropertyValueSpecification\",\"valueRequired\":true,\"valueName\":\"search_term_string\"}}],\"inLanguage\":\"fr-FR\"},{\"@type\":\"Organization\",\"@id\":\"https:\/\/kapitalis.com\/tunisie\/#organization\",\"name\":\"Kapitalis\",\"url\":\"https:\/\/kapitalis.com\/tunisie\/\",\"logo\":{\"@type\":\"ImageObject\",\"inLanguage\":\"fr-FR\",\"@id\":\"https:\/\/kapitalis.com\/tunisie\/#\/schema\/logo\/image\/\",\"url\":\"https:\/\/kapitalis.com\/tunisie\/wp-content\/uploads\/2022\/05\/Kapitalis-big-size.png\",\"contentUrl\":\"https:\/\/kapitalis.com\/tunisie\/wp-content\/uploads\/2022\/05\/Kapitalis-big-size.png\",\"width\":5000,\"height\":1500,\"caption\":\"Kapitalis\"},\"image\":{\"@id\":\"https:\/\/kapitalis.com\/tunisie\/#\/schema\/logo\/image\/\"},\"sameAs\":[\"https:\/\/www.facebook.com\/KapitalisInfo\/\",\"https:\/\/x.com\/KapitalisInfo\",\"https:\/\/www.youtube.com\/channel\/UC-yDYrHyfFBWWZaOw3FPg9Q\"]},{\"@type\":\"Person\",\"@id\":\"https:\/\/kapitalis.com\/tunisie\/#\/schema\/person\/2c6e134b2f3369dffcd1daf5f087d28b\",\"name\":\"emna benabdallah\",\"url\":\"https:\/\/kapitalis.com\/tunisie\/author\/emna\/\"}]}<\/script>\n<!-- \/ Yoast SEO plugin. -->","yoast_head_json":{"title":"Cannes : Majd Mastoura, prix d'interpr\u00e9tation des critiques arabes - Kapitalis","robots":{"index":"index","follow":"follow","max-snippet":"max-snippet:-1","max-image-preview":"max-image-preview:large","max-video-preview":"max-video-preview:-1"},"canonical":"https:\/\/kapitalis.com\/tunisie\/2017\/05\/22\/cannes-majd-mastoura-prix-dinterpretation-des-critiques-arabes\/","og_locale":"fr_FR","og_type":"article","og_title":"Cannes : Majd Mastoura, prix d'interpr\u00e9tation des critiques arabes - Kapitalis","og_description":"Majd Mastoura a\u00a0remport\u00e9 le prix d&rsquo;interpr\u00e9tation des critiques arabes, en marge du Festival international de Cannes, pour son interpr\u00e9tation\u00a0dans \u00ab\u00a0Nhebek Hedi\u00a0\u00bb.","og_url":"https:\/\/kapitalis.com\/tunisie\/2017\/05\/22\/cannes-majd-mastoura-prix-dinterpretation-des-critiques-arabes\/","og_site_name":"Kapitalis","article_publisher":"https:\/\/www.facebook.com\/KapitalisInfo\/","article_published_time":"2017-05-22T08:46:56+00:00","og_image":[{"width":1200,"height":630,"url":"https:\/\/kapitalis.com\/tunisie\/wp-content\/uploads\/2022\/05\/kapitalis-logo-fb.png","type":"image\/png"}],"author":"emna benabdallah","twitter_card":"summary_large_image","twitter_creator":"@KapitalisInfo","twitter_site":"@KapitalisInfo","twitter_misc":{"\u00c9crit par":"emna benabdallah","Dur\u00e9e de lecture estim\u00e9e":"1 minute"},"schema":{"@context":"https:\/\/schema.org","@graph":[{"@type":"Article","@id":"https:\/\/kapitalis.com\/tunisie\/2017\/05\/22\/cannes-majd-mastoura-prix-dinterpretation-des-critiques-arabes\/#article","isPartOf":{"@id":"https:\/\/kapitalis.com\/tunisie\/2017\/05\/22\/cannes-majd-mastoura-prix-dinterpretation-des-critiques-arabes\/"},"author":{"name":"emna benabdallah","@id":"https:\/\/kapitalis.com\/tunisie\/#\/schema\/person\/2c6e134b2f3369dffcd1daf5f087d28b"},"headline":"Cannes : Majd Mastoura, prix d&rsquo;interpr\u00e9tation des critiques arabes","datePublished":"2017-05-22T08:46:56+00:00","mainEntityOfPage":{"@id":"https:\/\/kapitalis.com\/tunisie\/2017\/05\/22\/cannes-majd-mastoura-prix-dinterpretation-des-critiques-arabes\/"},"wordCount":151,"commentCount":0,"publisher":{"@id":"https:\/\/kapitalis.com\/tunisie\/#organization"},"image":{"@id":"https:\/\/kapitalis.com\/tunisie\/2017\/05\/22\/cannes-majd-mastoura-prix-dinterpretation-des-critiques-arabes\/#primaryimage"},"thumbnailUrl":"","keywords":["Majd Mastoura"],"articleSection":["CULTURE","Tunisie"],"inLanguage":"fr-FR","potentialAction":[{"@type":"CommentAction","name":"Comment","target":["https:\/\/kapitalis.com\/tunisie\/2017\/05\/22\/cannes-majd-mastoura-prix-dinterpretation-des-critiques-arabes\/#respond"]}]},{"@type":"WebPage","@id":"https:\/\/kapitalis.com\/tunisie\/2017\/05\/22\/cannes-majd-mastoura-prix-dinterpretation-des-critiques-arabes\/","url":"https:\/\/kapitalis.com\/tunisie\/2017\/05\/22\/cannes-majd-mastoura-prix-dinterpretation-des-critiques-arabes\/","name":"Cannes : Majd Mastoura, prix d'interpr\u00e9tation des critiques arabes - Kapitalis","isPartOf":{"@id":"https:\/\/kapitalis.com\/tunisie\/#website"},"primaryImageOfPage":{"@id":"https:\/\/kapitalis.com\/tunisie\/2017\/05\/22\/cannes-majd-mastoura-prix-dinterpretation-des-critiques-arabes\/#primaryimage"},"image":{"@id":"https:\/\/kapitalis.com\/tunisie\/2017\/05\/22\/cannes-majd-mastoura-prix-dinterpretation-des-critiques-arabes\/#primaryimage"},"thumbnailUrl":"","datePublished":"2017-05-22T08:46:56+00:00","breadcrumb":{"@id":"https:\/\/kapitalis.com\/tunisie\/2017\/05\/22\/cannes-majd-mastoura-prix-dinterpretation-des-critiques-arabes\/#breadcrumb"},"inLanguage":"fr-FR","potentialAction":[{"@type":"ReadAction","target":["https:\/\/kapitalis.com\/tunisie\/2017\/05\/22\/cannes-majd-mastoura-prix-dinterpretation-des-critiques-arabes\/"]}]},{"@type":"ImageObject","inLanguage":"fr-FR","@id":"https:\/\/kapitalis.com\/tunisie\/2017\/05\/22\/cannes-majd-mastoura-prix-dinterpretation-des-critiques-arabes\/#primaryimage","url":"","contentUrl":""},{"@type":"BreadcrumbList","@id":"https:\/\/kapitalis.com\/tunisie\/2017\/05\/22\/cannes-majd-mastoura-prix-dinterpretation-des-critiques-arabes\/#breadcrumb","itemListElement":[{"@type":"ListItem","position":1,"name":"Accueil","item":"https:\/\/kapitalis.com\/tunisie\/"},{"@type":"ListItem","position":2,"name":"Cannes : Majd Mastoura, prix d&rsquo;interpr\u00e9tation des critiques arabes"}]},{"@type":"WebSite","@id":"https:\/\/kapitalis.com\/tunisie\/#website","url":"https:\/\/kapitalis.com\/tunisie\/","name":"Kapitalis","description":"L&#039;actualit\u00e9 en Tunisie et dans le monde","publisher":{"@id":"https:\/\/kapitalis.com\/tunisie\/#organization"},"potentialAction":[{"@type":"SearchAction","target":{"@type":"EntryPoint","urlTemplate":"https:\/\/kapitalis.com\/tunisie\/?s={search_term_string}"},"query-input":{"@type":"PropertyValueSpecification","valueRequired":true,"valueName":"search_term_string"}}],"inLanguage":"fr-FR"},{"@type":"Organization","@id":"https:\/\/kapitalis.com\/tunisie\/#organization","name":"Kapitalis","url":"https:\/\/kapitalis.com\/tunisie\/","logo":{"@type":"ImageObject","inLanguage":"fr-FR","@id":"https:\/\/kapitalis.com\/tunisie\/#\/schema\/logo\/image\/","url":"https:\/\/kapitalis.com\/tunisie\/wp-content\/uploads\/2022\/05\/Kapitalis-big-size.png","contentUrl":"https:\/\/kapitalis.com\/tunisie\/wp-content\/uploads\/2022\/05\/Kapitalis-big-size.png","width":5000,"height":1500,"caption":"Kapitalis"},"image":{"@id":"https:\/\/kapitalis.com\/tunisie\/#\/schema\/logo\/image\/"},"sameAs":["https:\/\/www.facebook.com\/KapitalisInfo\/","https:\/\/x.com\/KapitalisInfo","https:\/\/www.youtube.com\/channel\/UC-yDYrHyfFBWWZaOw3FPg9Q"]},{"@type":"Person","@id":"https:\/\/kapitalis.com\/tunisie\/#\/schema\/person\/2c6e134b2f3369dffcd1daf5f087d28b","name":"emna benabdallah","url":"https:\/\/kapitalis.com\/tunisie\/author\/emna\/"}]}},"_links":{"self":[{"href":"https:\/\/kapitalis.com\/tunisie\/wp-json\/wp\/v2\/posts\/97545","targetHints":{"allow":["GET"]}}],"collection":[{"href":"https:\/\/kapitalis.com\/tunisie\/wp-json\/wp\/v2\/posts"}],"about":[{"href":"https:\/\/kapitalis.com\/tunisie\/wp-json\/wp\/v2\/types\/post"}],"author":[{"embeddable":true,"href":"https:\/\/kapitalis.com\/tunisie\/wp-json\/wp\/v2\/users\/16"}],"replies":[{"embeddable":true,"href":"https:\/\/kapitalis.com\/tunisie\/wp-json\/wp\/v2\/comments?post=97545"}],"version-history":[{"count":0,"href":"https:\/\/kapitalis.com\/tunisie\/wp-json\/wp\/v2\/posts\/97545\/revisions"}],"wp:featuredmedia":[{"embeddable":true,"href":"https:\/\/kapitalis.com\/tunisie\/wp-json\/wp\/v2\/media\/97564"}],"wp:attachment":[{"href":"https:\/\/kapitalis.com\/tunisie\/wp-json\/wp\/v2\/media?parent=97545"}],"wp:term":[{"taxonomy":"category","embeddable":true,"href":"https:\/\/kapitalis.com\/tunisie\/wp-json\/wp\/v2\/categories?post=97545"},{"taxonomy":"post_tag","embeddable":true,"href":"https:\/\/kapitalis.com\/tunisie\/wp-json\/wp\/v2\/tags?post=97545"}],"curies":[{"name":"wp","href":"https:\/\/api.w.org\/{rel}","templated":true}]}}