{"id":97740,"date":"2017-05-23T07:59:35","date_gmt":"2017-05-23T07:29:35","guid":{"rendered":"http:\/\/kapitalis.com\/tunisie\/?p=97740"},"modified":"2017-05-23T08:37:31","modified_gmt":"2017-05-23T08:07:31","slug":"la-tension-monte-a-kebili","status":"publish","type":"post","link":"https:\/\/kapitalis.com\/tunisie\/2017\/05\/23\/la-tension-monte-a-kebili\/","title":{"rendered":"Apr\u00e8s Tataouine, la tension monte \u00e0 Kebili"},"content":{"rendered":"<p style=\"text-align: center;\"><img loading=\"lazy\" decoding=\"async\" class=\"alignnone size-full wp-image-97741\" src=\"http:\/\/kapitalis.com\/tunisie\/wp-content\/uploads\/2017\/05\/Kebil-Tensions-sociales.jpg\" alt=\"\" width=\"626\" height=\"380\" \/><\/p>\n<p><em><strong>Apr\u00e8s Tataouine, les tensions sociales ont gagn\u00e9 Kebili o\u00f9 des habitants s\u2019en sont pris, hier, lundi 22 mai 2017, aux soci\u00e9t\u00e9s p\u00e9troli\u00e8res op\u00e9rant dans la r\u00e9gion.<\/strong> <\/em><\/p>\n<p><!--more--><\/p>\n<p>La nouvelle tournure qu\u2019ont pris les protestations \u00e0 Tataouine (sud), avec les tentatives des manifestants de fermer la vanne de la station de pompage et de stopper ainsi le transport du p\u00e9trole par pipeline, semble inspirer d\u2019autres r\u00e9gions, \u00e0 l\u2019instar de celle d\u2019El-Faouar, dans le gouvernorat de Kebili (sud-ouest), o\u00f9 un groupe de protestataires se sont ru\u00e9 sur la station de pompage de gaz de la soci\u00e9t\u00e9 Perenco et ont proc\u00e9d\u00e9 \u00e0 la fermeture de la vanne de distribution. Ils se sont, aussi, dirig\u00e9 vers les si\u00e8ges de plusieurs soci\u00e9t\u00e9 p\u00e9troli\u00e8res op\u00e9rant dans la r\u00e9gion o\u00f9 des n\u00e9gociations entre les protestataires et les unit\u00e9s de l\u2019arm\u00e9e nationale prot\u00e9geant le site ont d\u00e9bouch\u00e9 sur l\u2019\u00e9vacuation du personnel qui y travaille.<\/p>\n<p>D\u2019autre part, Shems FM a rapport\u00e9 que des manifestants dans la r\u00e9gion d\u2019El-Golaa ont bloqu\u00e9 la route qui relie Kebili et Douz, en soutien aux manifestants de Tataouine et pour protester contre l\u2019intervention violente de la part des forces de l\u2019ordre pour les disperser.<\/p>\n<p>Dans la soir\u00e9e, la tension a gagn\u00e9 la ville de Kebili, o\u00f9 des manifestations ont incendi\u00e9 3 voitures de la garde nationale. Les forces de l\u2019ordre ont ripost\u00e9 en usant du gaz lacrymog\u00e8ne pour disperser les manifestants et prot\u00e9ger les postes de la garde nationale.<\/p>\n<p>Des renforts s\u00e9curitaires et militaires ont \u00e9t\u00e9 d\u00e9p\u00each\u00e9s dans la r\u00e9gion, notamment dans la ville de Kebili, pour assurer la protection du si\u00e8ge du gouvernorat et des locaux de la garde nationale contre d\u2019\u00e9ventuelles attaques.<\/p>\n<p>Il semble que le sc\u00e9nario de Tataouine est en train de se r\u00e9p\u00e9ter dans d\u2019autres r\u00e9gions et que les protestations sont en train de perdre leur caract\u00e8re pacifique initial et commencent \u00e0 menacer s\u00e9rieusement la paix sociale dans les r\u00e9gions du sud tunisien. Les autorit\u00e9s s\u00e9curitaires et arm\u00e9es, qui ont sembl\u00e9 quelque peu d\u00e9pass\u00e9es, sont appel\u00e9es \u00e0 reprendre la situation en main et \u00e0 ma\u00eetriser au plus vite la situation avant qu\u2019elle ne d\u00e9g\u00e9n\u00e8re d\u2019autant qu\u2019on redoute l\u2019intrusion d\u2019\u00e9l\u00e9ments extr\u00e9mistes parmi les manifestants pour faire d\u00e9raper le mouvement en affrontements sanglants entre la police et la population.<\/p>\n<p style=\"text-align: right;\"><strong>Abderrazek Krimi <\/strong><\/p>\n","protected":false},"excerpt":{"rendered":"<p>Apr\u00e8s Tataouine, les tensions sociales ont gagn\u00e9 Kebili o\u00f9 des habitants s\u2019en sont pris, hier, lundi 22 mai 2017, aux soci\u00e9t\u00e9s p\u00e9troli\u00e8res op\u00e9rant dans la r\u00e9gion.<\/p>\n","protected":false},"author":8,"featured_media":97741,"comment_status":"open","ping_status":"open","sticky":false,"template":"","format":"standard","meta":{"footnotes":""},"categories":[998,2433],"tags":[291,28073,526,17815,1126],"class_list":["post-97740","post","type-post","status-publish","format-standard","has-post-thumbnail","hentry","category-societe","category-tunisie","tag-douz","tag-el-faouar","tag-kebili","tag-perenco","tag-tataouine"],"yoast_head":"<!-- This site is optimized with the Yoast SEO plugin v26.6 - https:\/\/yoast.com\/wordpress\/plugins\/seo\/ -->\n<title>Apr\u00e8s Tataouine, la tension monte \u00e0 Kebili - Kapitalis<\/title>\n<meta name=\"robots\" content=\"index, follow, max-snippet:-1, max-image-preview:large, max-video-preview:-1\" \/>\n<link rel=\"canonical\" href=\"https:\/\/kapitalis.com\/tunisie\/2017\/05\/23\/la-tension-monte-a-kebili\/\" \/>\n<meta property=\"og:locale\" content=\"fr_FR\" \/>\n<meta property=\"og:type\" content=\"article\" \/>\n<meta property=\"og:title\" content=\"Apr\u00e8s Tataouine, la tension monte \u00e0 Kebili - Kapitalis\" \/>\n<meta property=\"og:description\" content=\"Apr\u00e8s Tataouine, les tensions sociales ont gagn\u00e9 Kebili o\u00f9 des habitants s\u2019en sont pris, hier, lundi 22 mai 2017, aux soci\u00e9t\u00e9s p\u00e9troli\u00e8res op\u00e9rant dans la r\u00e9gion.\" \/>\n<meta property=\"og:url\" content=\"https:\/\/kapitalis.com\/tunisie\/2017\/05\/23\/la-tension-monte-a-kebili\/\" \/>\n<meta property=\"og:site_name\" content=\"Kapitalis\" \/>\n<meta property=\"article:publisher\" content=\"https:\/\/www.facebook.com\/KapitalisInfo\/\" \/>\n<meta property=\"article:published_time\" content=\"2017-05-23T07:29:35+00:00\" \/>\n<meta property=\"article:modified_time\" content=\"2017-05-23T08:07:31+00:00\" \/>\n<meta property=\"og:image\" content=\"https:\/\/kapitalis.com\/tunisie\/wp-content\/uploads\/2022\/05\/kapitalis-logo-fb.png\" \/>\n\t<meta property=\"og:image:width\" content=\"1200\" \/>\n\t<meta property=\"og:image:height\" content=\"630\" \/>\n\t<meta property=\"og:image:type\" content=\"image\/png\" \/>\n<meta name=\"author\" content=\"webmaster kapitalis\" \/>\n<meta name=\"twitter:card\" content=\"summary_large_image\" \/>\n<meta name=\"twitter:creator\" content=\"@KapitalisInfo\" \/>\n<meta name=\"twitter:site\" content=\"@KapitalisInfo\" \/>\n<meta name=\"twitter:label1\" content=\"\u00c9crit par\" \/>\n\t<meta name=\"twitter:data1\" content=\"webmaster kapitalis\" \/>\n\t<meta name=\"twitter:label2\" content=\"Dur\u00e9e de lecture estim\u00e9e\" \/>\n\t<meta name=\"twitter:data2\" content=\"2 minutes\" \/>\n<script type=\"application\/ld+json\" class=\"yoast-schema-graph\">{\"@context\":\"https:\/\/schema.org\",\"@graph\":[{\"@type\":\"Article\",\"@id\":\"https:\/\/kapitalis.com\/tunisie\/2017\/05\/23\/la-tension-monte-a-kebili\/#article\",\"isPartOf\":{\"@id\":\"https:\/\/kapitalis.com\/tunisie\/2017\/05\/23\/la-tension-monte-a-kebili\/\"},\"author\":{\"name\":\"webmaster kapitalis\",\"@id\":\"https:\/\/kapitalis.com\/tunisie\/#\/schema\/person\/d71f33a9ca44f7bad4698210b480c8e9\"},\"headline\":\"Apr\u00e8s Tataouine, la tension monte \u00e0 Kebili\",\"datePublished\":\"2017-05-23T07:29:35+00:00\",\"dateModified\":\"2017-05-23T08:07:31+00:00\",\"mainEntityOfPage\":{\"@id\":\"https:\/\/kapitalis.com\/tunisie\/2017\/05\/23\/la-tension-monte-a-kebili\/\"},\"wordCount\":437,\"commentCount\":0,\"publisher\":{\"@id\":\"https:\/\/kapitalis.com\/tunisie\/#organization\"},\"image\":{\"@id\":\"https:\/\/kapitalis.com\/tunisie\/2017\/05\/23\/la-tension-monte-a-kebili\/#primaryimage\"},\"thumbnailUrl\":\"\",\"keywords\":[\"Douz\",\"El-Faouar\",\"K\u00e9bili\",\"Perenco\",\"Tataouine\"],\"articleSection\":[\"SOCIETE\",\"Tunisie\"],\"inLanguage\":\"fr-FR\",\"potentialAction\":[{\"@type\":\"CommentAction\",\"name\":\"Comment\",\"target\":[\"https:\/\/kapitalis.com\/tunisie\/2017\/05\/23\/la-tension-monte-a-kebili\/#respond\"]}]},{\"@type\":\"WebPage\",\"@id\":\"https:\/\/kapitalis.com\/tunisie\/2017\/05\/23\/la-tension-monte-a-kebili\/\",\"url\":\"https:\/\/kapitalis.com\/tunisie\/2017\/05\/23\/la-tension-monte-a-kebili\/\",\"name\":\"Apr\u00e8s Tataouine, la tension monte \u00e0 Kebili - Kapitalis\",\"isPartOf\":{\"@id\":\"https:\/\/kapitalis.com\/tunisie\/#website\"},\"primaryImageOfPage\":{\"@id\":\"https:\/\/kapitalis.com\/tunisie\/2017\/05\/23\/la-tension-monte-a-kebili\/#primaryimage\"},\"image\":{\"@id\":\"https:\/\/kapitalis.com\/tunisie\/2017\/05\/23\/la-tension-monte-a-kebili\/#primaryimage\"},\"thumbnailUrl\":\"\",\"datePublished\":\"2017-05-23T07:29:35+00:00\",\"dateModified\":\"2017-05-23T08:07:31+00:00\",\"breadcrumb\":{\"@id\":\"https:\/\/kapitalis.com\/tunisie\/2017\/05\/23\/la-tension-monte-a-kebili\/#breadcrumb\"},\"inLanguage\":\"fr-FR\",\"potentialAction\":[{\"@type\":\"ReadAction\",\"target\":[\"https:\/\/kapitalis.com\/tunisie\/2017\/05\/23\/la-tension-monte-a-kebili\/\"]}]},{\"@type\":\"ImageObject\",\"inLanguage\":\"fr-FR\",\"@id\":\"https:\/\/kapitalis.com\/tunisie\/2017\/05\/23\/la-tension-monte-a-kebili\/#primaryimage\",\"url\":\"\",\"contentUrl\":\"\"},{\"@type\":\"BreadcrumbList\",\"@id\":\"https:\/\/kapitalis.com\/tunisie\/2017\/05\/23\/la-tension-monte-a-kebili\/#breadcrumb\",\"itemListElement\":[{\"@type\":\"ListItem\",\"position\":1,\"name\":\"Accueil\",\"item\":\"https:\/\/kapitalis.com\/tunisie\/\"},{\"@type\":\"ListItem\",\"position\":2,\"name\":\"Apr\u00e8s Tataouine, la tension monte \u00e0 Kebili\"}]},{\"@type\":\"WebSite\",\"@id\":\"https:\/\/kapitalis.com\/tunisie\/#website\",\"url\":\"https:\/\/kapitalis.com\/tunisie\/\",\"name\":\"Kapitalis\",\"description\":\"L&#039;actualit\u00e9 en Tunisie et dans le monde\",\"publisher\":{\"@id\":\"https:\/\/kapitalis.com\/tunisie\/#organization\"},\"potentialAction\":[{\"@type\":\"SearchAction\",\"target\":{\"@type\":\"EntryPoint\",\"urlTemplate\":\"https:\/\/kapitalis.com\/tunisie\/?s={search_term_string}\"},\"query-input\":{\"@type\":\"PropertyValueSpecification\",\"valueRequired\":true,\"valueName\":\"search_term_string\"}}],\"inLanguage\":\"fr-FR\"},{\"@type\":\"Organization\",\"@id\":\"https:\/\/kapitalis.com\/tunisie\/#organization\",\"name\":\"Kapitalis\",\"url\":\"https:\/\/kapitalis.com\/tunisie\/\",\"logo\":{\"@type\":\"ImageObject\",\"inLanguage\":\"fr-FR\",\"@id\":\"https:\/\/kapitalis.com\/tunisie\/#\/schema\/logo\/image\/\",\"url\":\"https:\/\/kapitalis.com\/tunisie\/wp-content\/uploads\/2022\/05\/Kapitalis-big-size.png\",\"contentUrl\":\"https:\/\/kapitalis.com\/tunisie\/wp-content\/uploads\/2022\/05\/Kapitalis-big-size.png\",\"width\":5000,\"height\":1500,\"caption\":\"Kapitalis\"},\"image\":{\"@id\":\"https:\/\/kapitalis.com\/tunisie\/#\/schema\/logo\/image\/\"},\"sameAs\":[\"https:\/\/www.facebook.com\/KapitalisInfo\/\",\"https:\/\/x.com\/KapitalisInfo\",\"https:\/\/www.youtube.com\/channel\/UC-yDYrHyfFBWWZaOw3FPg9Q\"]},{\"@type\":\"Person\",\"@id\":\"https:\/\/kapitalis.com\/tunisie\/#\/schema\/person\/d71f33a9ca44f7bad4698210b480c8e9\",\"name\":\"webmaster kapitalis\",\"url\":\"https:\/\/kapitalis.com\/tunisie\/author\/webmaster-kapitalis\/\"}]}<\/script>\n<!-- \/ Yoast SEO plugin. -->","yoast_head_json":{"title":"Apr\u00e8s Tataouine, la tension monte \u00e0 Kebili - Kapitalis","robots":{"index":"index","follow":"follow","max-snippet":"max-snippet:-1","max-image-preview":"max-image-preview:large","max-video-preview":"max-video-preview:-1"},"canonical":"https:\/\/kapitalis.com\/tunisie\/2017\/05\/23\/la-tension-monte-a-kebili\/","og_locale":"fr_FR","og_type":"article","og_title":"Apr\u00e8s Tataouine, la tension monte \u00e0 Kebili - Kapitalis","og_description":"Apr\u00e8s Tataouine, les tensions sociales ont gagn\u00e9 Kebili o\u00f9 des habitants s\u2019en sont pris, hier, lundi 22 mai 2017, aux soci\u00e9t\u00e9s p\u00e9troli\u00e8res op\u00e9rant dans la r\u00e9gion.","og_url":"https:\/\/kapitalis.com\/tunisie\/2017\/05\/23\/la-tension-monte-a-kebili\/","og_site_name":"Kapitalis","article_publisher":"https:\/\/www.facebook.com\/KapitalisInfo\/","article_published_time":"2017-05-23T07:29:35+00:00","article_modified_time":"2017-05-23T08:07:31+00:00","og_image":[{"width":1200,"height":630,"url":"https:\/\/kapitalis.com\/tunisie\/wp-content\/uploads\/2022\/05\/kapitalis-logo-fb.png","type":"image\/png"}],"author":"webmaster kapitalis","twitter_card":"summary_large_image","twitter_creator":"@KapitalisInfo","twitter_site":"@KapitalisInfo","twitter_misc":{"\u00c9crit par":"webmaster kapitalis","Dur\u00e9e de lecture estim\u00e9e":"2 minutes"},"schema":{"@context":"https:\/\/schema.org","@graph":[{"@type":"Article","@id":"https:\/\/kapitalis.com\/tunisie\/2017\/05\/23\/la-tension-monte-a-kebili\/#article","isPartOf":{"@id":"https:\/\/kapitalis.com\/tunisie\/2017\/05\/23\/la-tension-monte-a-kebili\/"},"author":{"name":"webmaster kapitalis","@id":"https:\/\/kapitalis.com\/tunisie\/#\/schema\/person\/d71f33a9ca44f7bad4698210b480c8e9"},"headline":"Apr\u00e8s Tataouine, la tension monte \u00e0 Kebili","datePublished":"2017-05-23T07:29:35+00:00","dateModified":"2017-05-23T08:07:31+00:00","mainEntityOfPage":{"@id":"https:\/\/kapitalis.com\/tunisie\/2017\/05\/23\/la-tension-monte-a-kebili\/"},"wordCount":437,"commentCount":0,"publisher":{"@id":"https:\/\/kapitalis.com\/tunisie\/#organization"},"image":{"@id":"https:\/\/kapitalis.com\/tunisie\/2017\/05\/23\/la-tension-monte-a-kebili\/#primaryimage"},"thumbnailUrl":"","keywords":["Douz","El-Faouar","K\u00e9bili","Perenco","Tataouine"],"articleSection":["SOCIETE","Tunisie"],"inLanguage":"fr-FR","potentialAction":[{"@type":"CommentAction","name":"Comment","target":["https:\/\/kapitalis.com\/tunisie\/2017\/05\/23\/la-tension-monte-a-kebili\/#respond"]}]},{"@type":"WebPage","@id":"https:\/\/kapitalis.com\/tunisie\/2017\/05\/23\/la-tension-monte-a-kebili\/","url":"https:\/\/kapitalis.com\/tunisie\/2017\/05\/23\/la-tension-monte-a-kebili\/","name":"Apr\u00e8s Tataouine, la tension monte \u00e0 Kebili - Kapitalis","isPartOf":{"@id":"https:\/\/kapitalis.com\/tunisie\/#website"},"primaryImageOfPage":{"@id":"https:\/\/kapitalis.com\/tunisie\/2017\/05\/23\/la-tension-monte-a-kebili\/#primaryimage"},"image":{"@id":"https:\/\/kapitalis.com\/tunisie\/2017\/05\/23\/la-tension-monte-a-kebili\/#primaryimage"},"thumbnailUrl":"","datePublished":"2017-05-23T07:29:35+00:00","dateModified":"2017-05-23T08:07:31+00:00","breadcrumb":{"@id":"https:\/\/kapitalis.com\/tunisie\/2017\/05\/23\/la-tension-monte-a-kebili\/#breadcrumb"},"inLanguage":"fr-FR","potentialAction":[{"@type":"ReadAction","target":["https:\/\/kapitalis.com\/tunisie\/2017\/05\/23\/la-tension-monte-a-kebili\/"]}]},{"@type":"ImageObject","inLanguage":"fr-FR","@id":"https:\/\/kapitalis.com\/tunisie\/2017\/05\/23\/la-tension-monte-a-kebili\/#primaryimage","url":"","contentUrl":""},{"@type":"BreadcrumbList","@id":"https:\/\/kapitalis.com\/tunisie\/2017\/05\/23\/la-tension-monte-a-kebili\/#breadcrumb","itemListElement":[{"@type":"ListItem","position":1,"name":"Accueil","item":"https:\/\/kapitalis.com\/tunisie\/"},{"@type":"ListItem","position":2,"name":"Apr\u00e8s Tataouine, la tension monte \u00e0 Kebili"}]},{"@type":"WebSite","@id":"https:\/\/kapitalis.com\/tunisie\/#website","url":"https:\/\/kapitalis.com\/tunisie\/","name":"Kapitalis","description":"L&#039;actualit\u00e9 en Tunisie et dans le monde","publisher":{"@id":"https:\/\/kapitalis.com\/tunisie\/#organization"},"potentialAction":[{"@type":"SearchAction","target":{"@type":"EntryPoint","urlTemplate":"https:\/\/kapitalis.com\/tunisie\/?s={search_term_string}"},"query-input":{"@type":"PropertyValueSpecification","valueRequired":true,"valueName":"search_term_string"}}],"inLanguage":"fr-FR"},{"@type":"Organization","@id":"https:\/\/kapitalis.com\/tunisie\/#organization","name":"Kapitalis","url":"https:\/\/kapitalis.com\/tunisie\/","logo":{"@type":"ImageObject","inLanguage":"fr-FR","@id":"https:\/\/kapitalis.com\/tunisie\/#\/schema\/logo\/image\/","url":"https:\/\/kapitalis.com\/tunisie\/wp-content\/uploads\/2022\/05\/Kapitalis-big-size.png","contentUrl":"https:\/\/kapitalis.com\/tunisie\/wp-content\/uploads\/2022\/05\/Kapitalis-big-size.png","width":5000,"height":1500,"caption":"Kapitalis"},"image":{"@id":"https:\/\/kapitalis.com\/tunisie\/#\/schema\/logo\/image\/"},"sameAs":["https:\/\/www.facebook.com\/KapitalisInfo\/","https:\/\/x.com\/KapitalisInfo","https:\/\/www.youtube.com\/channel\/UC-yDYrHyfFBWWZaOw3FPg9Q"]},{"@type":"Person","@id":"https:\/\/kapitalis.com\/tunisie\/#\/schema\/person\/d71f33a9ca44f7bad4698210b480c8e9","name":"webmaster kapitalis","url":"https:\/\/kapitalis.com\/tunisie\/author\/webmaster-kapitalis\/"}]}},"_links":{"self":[{"href":"https:\/\/kapitalis.com\/tunisie\/wp-json\/wp\/v2\/posts\/97740","targetHints":{"allow":["GET"]}}],"collection":[{"href":"https:\/\/kapitalis.com\/tunisie\/wp-json\/wp\/v2\/posts"}],"about":[{"href":"https:\/\/kapitalis.com\/tunisie\/wp-json\/wp\/v2\/types\/post"}],"author":[{"embeddable":true,"href":"https:\/\/kapitalis.com\/tunisie\/wp-json\/wp\/v2\/users\/8"}],"replies":[{"embeddable":true,"href":"https:\/\/kapitalis.com\/tunisie\/wp-json\/wp\/v2\/comments?post=97740"}],"version-history":[{"count":0,"href":"https:\/\/kapitalis.com\/tunisie\/wp-json\/wp\/v2\/posts\/97740\/revisions"}],"wp:featuredmedia":[{"embeddable":true,"href":"https:\/\/kapitalis.com\/tunisie\/wp-json\/wp\/v2\/media\/97741"}],"wp:attachment":[{"href":"https:\/\/kapitalis.com\/tunisie\/wp-json\/wp\/v2\/media?parent=97740"}],"wp:term":[{"taxonomy":"category","embeddable":true,"href":"https:\/\/kapitalis.com\/tunisie\/wp-json\/wp\/v2\/categories?post=97740"},{"taxonomy":"post_tag","embeddable":true,"href":"https:\/\/kapitalis.com\/tunisie\/wp-json\/wp\/v2\/tags?post=97740"}],"curies":[{"name":"wp","href":"https:\/\/api.w.org\/{rel}","templated":true}]}}