{"id":9774733,"date":"2023-09-13T06:57:57","date_gmt":"2023-09-13T05:57:57","guid":{"rendered":"https:\/\/kapitalis.com\/tunisie\/?p=9774733"},"modified":"2023-09-13T06:57:58","modified_gmt":"2023-09-13T05:57:58","slug":"tunisie-hausse-du-trafic-aerien-de-258-a-la-fin-aout-2023","status":"publish","type":"post","link":"https:\/\/kapitalis.com\/tunisie\/2023\/09\/13\/tunisie-hausse-du-trafic-aerien-de-258-a-la-fin-aout-2023\/","title":{"rendered":"Tunisie : hausse du trafic a\u00e9rien de 25,8% \u00e0 la fin ao\u00fbt 2023"},"content":{"rendered":"\n<p><strong><em>Le trafic a\u00e9rien des passagers via les a\u00e9roports tunisiens a augment\u00e9 de 25,8% durant les 8 premiers mois de 2023, par rapport \u00e0 la m\u00eame p\u00e9riode de 2022. Il s\u2019est \u00e9tabli \u00e0 5\u00a0912\u00a0407 mouvements passagers, selon les statistiques de l\u2019Office de l\u2019aviation civile et des a\u00e9roports (Oaca), rendues publiques mardi 12 septembre 2023.<\/em><\/strong><\/p>\n\n\n\n<!--more-->\n\n\n\n<p>Cette tendance haussi\u00e8re a marqu\u00e9 le trafic a\u00e9rien dans la majorit\u00e9 des a\u00e9roports tunisiens, avec une augmentation de 24,1% pour l\u2019a\u00e9roport international de Tunis-Carthage (4 440&nbsp;078 mouvements passagers), de 30,2% pour Djerba-Zarzis (1&nbsp;346&nbsp;134), de 48,6% pour Sfax-Thyna (111&nbsp;577), de 32,4% pour Gab\u00e8s-Matmata (3&nbsp;169) et de 1,2% pour Tabarka-Ain Draham (1&nbsp;932).<\/p>\n\n\n\n<p>Le trafic a en revanche baiss\u00e9 de 17,8% \u00e0 l\u2019a\u00e9roport international de Tozeur-Nefta (8&nbsp;997 mouvements).<\/p>\n\n\n\n<p>Par rapport \u00e0 la m\u00eame p\u00e9riode de 2019, le trafic des passagers dans les a\u00e9roports tunisiens a augment\u00e9 de 2% pour Tunis-Carthage, de 19,7% pour Sfax-Thyna, de 9,8% pour Gab\u00e8s-Matmata. Il a baiss\u00e9 de 5,8% \u00e0 Djerba-Zarzis et de 71,8% \u00e0 Tozeur-Nefta.<\/p>\n\n\n\n<p>Les statistiques de l\u2019Oaca font \u00e9galement \u00e9tat d\u2019une hausse de 18,30% du trafic commercial durant les huit premiers mois de 2023, par rapport \u00e0 la m\u00eame p\u00e9riode de 2022, avec 50&nbsp;070 mouvements avions enregistr\u00e9s.<\/p>\n\n\n\n<p>Pour les mouvements avions, la hausse a \u00e9t\u00e9 de 20,8% pour Tunis Carthage (36930), de 16,4% pour Djerba-Zarzis (10&nbsp;174), de 0,1% pour Sfax-Thyna (2504) et de 16,7% pour Gab\u00e8s-Matmata.<\/p>\n\n\n\n<p>Le trafic <em>\u00abmouvements avions\u00bb<\/em> a toutefois r\u00e9gress\u00e9 de 14% pour Tozeur Nefta (190) et de 25% \u00e0 Tabarka-Ain Draham (129).<\/p>\n\n\n\n<p>Par rapport \u00e0 la m\u00eame p\u00e9riode de 2019, le trafic commercial a \u00e9volu\u00e9 de 1,7% \u00e0 Tunis Carthage et de 180% \u00e0 Gab\u00e8s-Matmata. Ce trafic a, en revanche, baiss\u00e9 de 7% \u00e0 Djerba-Zarzis, de 8,5% \u00e0 Sfax-Thyna et de 65,3% \u00e0 Tozeur-Nefta.<\/p>\n\n\n\n<p>Le trafic de<em> \u00absurvol\u00bb<\/em> (avions transitant par l\u2019espace a\u00e9rien tunisien) a atteint 34894 mouvements durant les 8 premiers mois de 2023, soit une \u00e9volution de 46,4% par rapport \u00e0 la m\u00eame p\u00e9riode de 2022 et une baisse de 5,5% par rapport \u00e0 2019.<\/p>\n","protected":false},"excerpt":{"rendered":"<p>Le trafic a\u00e9rien des passagers via les a\u00e9roports tunisiens a augment\u00e9 de 25,8% durant les 8 premiers mois de 2023. <\/p>\n","protected":false},"author":8,"featured_media":2893646,"comment_status":"open","ping_status":"open","sticky":false,"template":"","format":"standard","meta":{"footnotes":""},"categories":[995,2433],"tags":[73401,110901,1587,2571,110900,26638],"class_list":["post-9774733","post","type-post","status-publish","format-standard","has-post-thumbnail","hentry","category-economie","category-tunisie","tag-aeroport-de-djerba-zarzis","tag-aeroport-sfax-thyna","tag-aeroport-tunis-carthage","tag-oaca","tag-trafic-commercial","tag-trafic-passager"],"yoast_head":"<!-- This site is optimized with the Yoast SEO plugin v26.6 - https:\/\/yoast.com\/wordpress\/plugins\/seo\/ -->\n<title>Tunisie : hausse du trafic a\u00e9rien de 25,8% \u00e0 la fin ao\u00fbt 2023 - Kapitalis<\/title>\n<meta name=\"robots\" content=\"index, follow, max-snippet:-1, max-image-preview:large, max-video-preview:-1\" \/>\n<link rel=\"canonical\" href=\"https:\/\/kapitalis.com\/tunisie\/2023\/09\/13\/tunisie-hausse-du-trafic-aerien-de-258-a-la-fin-aout-2023\/\" \/>\n<meta property=\"og:locale\" content=\"fr_FR\" \/>\n<meta property=\"og:type\" content=\"article\" \/>\n<meta property=\"og:title\" content=\"Tunisie : hausse du trafic a\u00e9rien de 25,8% \u00e0 la fin ao\u00fbt 2023 - Kapitalis\" \/>\n<meta property=\"og:description\" content=\"Le trafic a\u00e9rien des passagers via les a\u00e9roports tunisiens a augment\u00e9 de 25,8% durant les 8 premiers mois de 2023.\" \/>\n<meta property=\"og:url\" content=\"https:\/\/kapitalis.com\/tunisie\/2023\/09\/13\/tunisie-hausse-du-trafic-aerien-de-258-a-la-fin-aout-2023\/\" \/>\n<meta property=\"og:site_name\" content=\"Kapitalis\" \/>\n<meta property=\"article:publisher\" content=\"https:\/\/www.facebook.com\/KapitalisInfo\/\" \/>\n<meta property=\"article:published_time\" content=\"2023-09-13T05:57:57+00:00\" \/>\n<meta property=\"article:modified_time\" content=\"2023-09-13T05:57:58+00:00\" \/>\n<meta property=\"og:image\" content=\"https:\/\/kapitalis.com\/tunisie\/wp-content\/uploads\/2022\/08\/Touristes-Aeroport-de-Djerba-Zarzis.jpg\" \/>\n\t<meta property=\"og:image:width\" content=\"1200\" \/>\n\t<meta property=\"og:image:height\" content=\"630\" \/>\n\t<meta property=\"og:image:type\" content=\"image\/jpeg\" \/>\n<meta name=\"author\" content=\"webmaster kapitalis\" \/>\n<meta name=\"twitter:card\" content=\"summary_large_image\" \/>\n<meta name=\"twitter:creator\" content=\"@KapitalisInfo\" \/>\n<meta name=\"twitter:site\" content=\"@KapitalisInfo\" \/>\n<meta name=\"twitter:label1\" content=\"\u00c9crit par\" \/>\n\t<meta name=\"twitter:data1\" content=\"webmaster kapitalis\" \/>\n\t<meta name=\"twitter:label2\" content=\"Dur\u00e9e de lecture estim\u00e9e\" \/>\n\t<meta name=\"twitter:data2\" content=\"2 minutes\" \/>\n<script type=\"application\/ld+json\" class=\"yoast-schema-graph\">{\"@context\":\"https:\/\/schema.org\",\"@graph\":[{\"@type\":\"Article\",\"@id\":\"https:\/\/kapitalis.com\/tunisie\/2023\/09\/13\/tunisie-hausse-du-trafic-aerien-de-258-a-la-fin-aout-2023\/#article\",\"isPartOf\":{\"@id\":\"https:\/\/kapitalis.com\/tunisie\/2023\/09\/13\/tunisie-hausse-du-trafic-aerien-de-258-a-la-fin-aout-2023\/\"},\"author\":{\"name\":\"webmaster kapitalis\",\"@id\":\"https:\/\/kapitalis.com\/tunisie\/#\/schema\/person\/d71f33a9ca44f7bad4698210b480c8e9\"},\"headline\":\"Tunisie : hausse du trafic a\u00e9rien de 25,8% \u00e0 la fin ao\u00fbt 2023\",\"datePublished\":\"2023-09-13T05:57:57+00:00\",\"dateModified\":\"2023-09-13T05:57:58+00:00\",\"mainEntityOfPage\":{\"@id\":\"https:\/\/kapitalis.com\/tunisie\/2023\/09\/13\/tunisie-hausse-du-trafic-aerien-de-258-a-la-fin-aout-2023\/\"},\"wordCount\":312,\"commentCount\":1,\"publisher\":{\"@id\":\"https:\/\/kapitalis.com\/tunisie\/#organization\"},\"image\":{\"@id\":\"https:\/\/kapitalis.com\/tunisie\/2023\/09\/13\/tunisie-hausse-du-trafic-aerien-de-258-a-la-fin-aout-2023\/#primaryimage\"},\"thumbnailUrl\":\"https:\/\/kapitalis.com\/tunisie\/wp-content\/uploads\/2022\/08\/Touristes-Aeroport-de-Djerba-Zarzis.jpg\",\"keywords\":[\"A\u00e9roport de Djerba-Zarzis\",\"a\u00e9roport Sfax-Thyna\",\"a\u00e9roport Tunis-Carthage\",\"Oaca\",\"trafic commercial\",\"trafic passager\"],\"articleSection\":[\"ECONOMIE\",\"Tunisie\"],\"inLanguage\":\"fr-FR\",\"potentialAction\":[{\"@type\":\"CommentAction\",\"name\":\"Comment\",\"target\":[\"https:\/\/kapitalis.com\/tunisie\/2023\/09\/13\/tunisie-hausse-du-trafic-aerien-de-258-a-la-fin-aout-2023\/#respond\"]}]},{\"@type\":\"WebPage\",\"@id\":\"https:\/\/kapitalis.com\/tunisie\/2023\/09\/13\/tunisie-hausse-du-trafic-aerien-de-258-a-la-fin-aout-2023\/\",\"url\":\"https:\/\/kapitalis.com\/tunisie\/2023\/09\/13\/tunisie-hausse-du-trafic-aerien-de-258-a-la-fin-aout-2023\/\",\"name\":\"Tunisie : hausse du trafic a\u00e9rien de 25,8% \u00e0 la fin ao\u00fbt 2023 - Kapitalis\",\"isPartOf\":{\"@id\":\"https:\/\/kapitalis.com\/tunisie\/#website\"},\"primaryImageOfPage\":{\"@id\":\"https:\/\/kapitalis.com\/tunisie\/2023\/09\/13\/tunisie-hausse-du-trafic-aerien-de-258-a-la-fin-aout-2023\/#primaryimage\"},\"image\":{\"@id\":\"https:\/\/kapitalis.com\/tunisie\/2023\/09\/13\/tunisie-hausse-du-trafic-aerien-de-258-a-la-fin-aout-2023\/#primaryimage\"},\"thumbnailUrl\":\"https:\/\/kapitalis.com\/tunisie\/wp-content\/uploads\/2022\/08\/Touristes-Aeroport-de-Djerba-Zarzis.jpg\",\"datePublished\":\"2023-09-13T05:57:57+00:00\",\"dateModified\":\"2023-09-13T05:57:58+00:00\",\"breadcrumb\":{\"@id\":\"https:\/\/kapitalis.com\/tunisie\/2023\/09\/13\/tunisie-hausse-du-trafic-aerien-de-258-a-la-fin-aout-2023\/#breadcrumb\"},\"inLanguage\":\"fr-FR\",\"potentialAction\":[{\"@type\":\"ReadAction\",\"target\":[\"https:\/\/kapitalis.com\/tunisie\/2023\/09\/13\/tunisie-hausse-du-trafic-aerien-de-258-a-la-fin-aout-2023\/\"]}]},{\"@type\":\"ImageObject\",\"inLanguage\":\"fr-FR\",\"@id\":\"https:\/\/kapitalis.com\/tunisie\/2023\/09\/13\/tunisie-hausse-du-trafic-aerien-de-258-a-la-fin-aout-2023\/#primaryimage\",\"url\":\"https:\/\/kapitalis.com\/tunisie\/wp-content\/uploads\/2022\/08\/Touristes-Aeroport-de-Djerba-Zarzis.jpg\",\"contentUrl\":\"https:\/\/kapitalis.com\/tunisie\/wp-content\/uploads\/2022\/08\/Touristes-Aeroport-de-Djerba-Zarzis.jpg\",\"width\":1200,\"height\":630},{\"@type\":\"BreadcrumbList\",\"@id\":\"https:\/\/kapitalis.com\/tunisie\/2023\/09\/13\/tunisie-hausse-du-trafic-aerien-de-258-a-la-fin-aout-2023\/#breadcrumb\",\"itemListElement\":[{\"@type\":\"ListItem\",\"position\":1,\"name\":\"Accueil\",\"item\":\"https:\/\/kapitalis.com\/tunisie\/\"},{\"@type\":\"ListItem\",\"position\":2,\"name\":\"Tunisie : hausse du trafic a\u00e9rien de 25,8% \u00e0 la fin ao\u00fbt 2023\"}]},{\"@type\":\"WebSite\",\"@id\":\"https:\/\/kapitalis.com\/tunisie\/#website\",\"url\":\"https:\/\/kapitalis.com\/tunisie\/\",\"name\":\"Kapitalis\",\"description\":\"L&#039;actualit\u00e9 en Tunisie et dans le monde\",\"publisher\":{\"@id\":\"https:\/\/kapitalis.com\/tunisie\/#organization\"},\"potentialAction\":[{\"@type\":\"SearchAction\",\"target\":{\"@type\":\"EntryPoint\",\"urlTemplate\":\"https:\/\/kapitalis.com\/tunisie\/?s={search_term_string}\"},\"query-input\":{\"@type\":\"PropertyValueSpecification\",\"valueRequired\":true,\"valueName\":\"search_term_string\"}}],\"inLanguage\":\"fr-FR\"},{\"@type\":\"Organization\",\"@id\":\"https:\/\/kapitalis.com\/tunisie\/#organization\",\"name\":\"Kapitalis\",\"url\":\"https:\/\/kapitalis.com\/tunisie\/\",\"logo\":{\"@type\":\"ImageObject\",\"inLanguage\":\"fr-FR\",\"@id\":\"https:\/\/kapitalis.com\/tunisie\/#\/schema\/logo\/image\/\",\"url\":\"https:\/\/kapitalis.com\/tunisie\/wp-content\/uploads\/2022\/05\/Kapitalis-big-size.png\",\"contentUrl\":\"https:\/\/kapitalis.com\/tunisie\/wp-content\/uploads\/2022\/05\/Kapitalis-big-size.png\",\"width\":5000,\"height\":1500,\"caption\":\"Kapitalis\"},\"image\":{\"@id\":\"https:\/\/kapitalis.com\/tunisie\/#\/schema\/logo\/image\/\"},\"sameAs\":[\"https:\/\/www.facebook.com\/KapitalisInfo\/\",\"https:\/\/x.com\/KapitalisInfo\",\"https:\/\/www.youtube.com\/channel\/UC-yDYrHyfFBWWZaOw3FPg9Q\"]},{\"@type\":\"Person\",\"@id\":\"https:\/\/kapitalis.com\/tunisie\/#\/schema\/person\/d71f33a9ca44f7bad4698210b480c8e9\",\"name\":\"webmaster kapitalis\",\"url\":\"https:\/\/kapitalis.com\/tunisie\/author\/webmaster-kapitalis\/\"}]}<\/script>\n<!-- \/ Yoast SEO plugin. -->","yoast_head_json":{"title":"Tunisie : hausse du trafic a\u00e9rien de 25,8% \u00e0 la fin ao\u00fbt 2023 - Kapitalis","robots":{"index":"index","follow":"follow","max-snippet":"max-snippet:-1","max-image-preview":"max-image-preview:large","max-video-preview":"max-video-preview:-1"},"canonical":"https:\/\/kapitalis.com\/tunisie\/2023\/09\/13\/tunisie-hausse-du-trafic-aerien-de-258-a-la-fin-aout-2023\/","og_locale":"fr_FR","og_type":"article","og_title":"Tunisie : hausse du trafic a\u00e9rien de 25,8% \u00e0 la fin ao\u00fbt 2023 - Kapitalis","og_description":"Le trafic a\u00e9rien des passagers via les a\u00e9roports tunisiens a augment\u00e9 de 25,8% durant les 8 premiers mois de 2023.","og_url":"https:\/\/kapitalis.com\/tunisie\/2023\/09\/13\/tunisie-hausse-du-trafic-aerien-de-258-a-la-fin-aout-2023\/","og_site_name":"Kapitalis","article_publisher":"https:\/\/www.facebook.com\/KapitalisInfo\/","article_published_time":"2023-09-13T05:57:57+00:00","article_modified_time":"2023-09-13T05:57:58+00:00","og_image":[{"width":1200,"height":630,"url":"https:\/\/kapitalis.com\/tunisie\/wp-content\/uploads\/2022\/08\/Touristes-Aeroport-de-Djerba-Zarzis.jpg","type":"image\/jpeg"}],"author":"webmaster kapitalis","twitter_card":"summary_large_image","twitter_creator":"@KapitalisInfo","twitter_site":"@KapitalisInfo","twitter_misc":{"\u00c9crit par":"webmaster kapitalis","Dur\u00e9e de lecture estim\u00e9e":"2 minutes"},"schema":{"@context":"https:\/\/schema.org","@graph":[{"@type":"Article","@id":"https:\/\/kapitalis.com\/tunisie\/2023\/09\/13\/tunisie-hausse-du-trafic-aerien-de-258-a-la-fin-aout-2023\/#article","isPartOf":{"@id":"https:\/\/kapitalis.com\/tunisie\/2023\/09\/13\/tunisie-hausse-du-trafic-aerien-de-258-a-la-fin-aout-2023\/"},"author":{"name":"webmaster kapitalis","@id":"https:\/\/kapitalis.com\/tunisie\/#\/schema\/person\/d71f33a9ca44f7bad4698210b480c8e9"},"headline":"Tunisie : hausse du trafic a\u00e9rien de 25,8% \u00e0 la fin ao\u00fbt 2023","datePublished":"2023-09-13T05:57:57+00:00","dateModified":"2023-09-13T05:57:58+00:00","mainEntityOfPage":{"@id":"https:\/\/kapitalis.com\/tunisie\/2023\/09\/13\/tunisie-hausse-du-trafic-aerien-de-258-a-la-fin-aout-2023\/"},"wordCount":312,"commentCount":1,"publisher":{"@id":"https:\/\/kapitalis.com\/tunisie\/#organization"},"image":{"@id":"https:\/\/kapitalis.com\/tunisie\/2023\/09\/13\/tunisie-hausse-du-trafic-aerien-de-258-a-la-fin-aout-2023\/#primaryimage"},"thumbnailUrl":"https:\/\/kapitalis.com\/tunisie\/wp-content\/uploads\/2022\/08\/Touristes-Aeroport-de-Djerba-Zarzis.jpg","keywords":["A\u00e9roport de Djerba-Zarzis","a\u00e9roport Sfax-Thyna","a\u00e9roport Tunis-Carthage","Oaca","trafic commercial","trafic passager"],"articleSection":["ECONOMIE","Tunisie"],"inLanguage":"fr-FR","potentialAction":[{"@type":"CommentAction","name":"Comment","target":["https:\/\/kapitalis.com\/tunisie\/2023\/09\/13\/tunisie-hausse-du-trafic-aerien-de-258-a-la-fin-aout-2023\/#respond"]}]},{"@type":"WebPage","@id":"https:\/\/kapitalis.com\/tunisie\/2023\/09\/13\/tunisie-hausse-du-trafic-aerien-de-258-a-la-fin-aout-2023\/","url":"https:\/\/kapitalis.com\/tunisie\/2023\/09\/13\/tunisie-hausse-du-trafic-aerien-de-258-a-la-fin-aout-2023\/","name":"Tunisie : hausse du trafic a\u00e9rien de 25,8% \u00e0 la fin ao\u00fbt 2023 - Kapitalis","isPartOf":{"@id":"https:\/\/kapitalis.com\/tunisie\/#website"},"primaryImageOfPage":{"@id":"https:\/\/kapitalis.com\/tunisie\/2023\/09\/13\/tunisie-hausse-du-trafic-aerien-de-258-a-la-fin-aout-2023\/#primaryimage"},"image":{"@id":"https:\/\/kapitalis.com\/tunisie\/2023\/09\/13\/tunisie-hausse-du-trafic-aerien-de-258-a-la-fin-aout-2023\/#primaryimage"},"thumbnailUrl":"https:\/\/kapitalis.com\/tunisie\/wp-content\/uploads\/2022\/08\/Touristes-Aeroport-de-Djerba-Zarzis.jpg","datePublished":"2023-09-13T05:57:57+00:00","dateModified":"2023-09-13T05:57:58+00:00","breadcrumb":{"@id":"https:\/\/kapitalis.com\/tunisie\/2023\/09\/13\/tunisie-hausse-du-trafic-aerien-de-258-a-la-fin-aout-2023\/#breadcrumb"},"inLanguage":"fr-FR","potentialAction":[{"@type":"ReadAction","target":["https:\/\/kapitalis.com\/tunisie\/2023\/09\/13\/tunisie-hausse-du-trafic-aerien-de-258-a-la-fin-aout-2023\/"]}]},{"@type":"ImageObject","inLanguage":"fr-FR","@id":"https:\/\/kapitalis.com\/tunisie\/2023\/09\/13\/tunisie-hausse-du-trafic-aerien-de-258-a-la-fin-aout-2023\/#primaryimage","url":"https:\/\/kapitalis.com\/tunisie\/wp-content\/uploads\/2022\/08\/Touristes-Aeroport-de-Djerba-Zarzis.jpg","contentUrl":"https:\/\/kapitalis.com\/tunisie\/wp-content\/uploads\/2022\/08\/Touristes-Aeroport-de-Djerba-Zarzis.jpg","width":1200,"height":630},{"@type":"BreadcrumbList","@id":"https:\/\/kapitalis.com\/tunisie\/2023\/09\/13\/tunisie-hausse-du-trafic-aerien-de-258-a-la-fin-aout-2023\/#breadcrumb","itemListElement":[{"@type":"ListItem","position":1,"name":"Accueil","item":"https:\/\/kapitalis.com\/tunisie\/"},{"@type":"ListItem","position":2,"name":"Tunisie : hausse du trafic a\u00e9rien de 25,8% \u00e0 la fin ao\u00fbt 2023"}]},{"@type":"WebSite","@id":"https:\/\/kapitalis.com\/tunisie\/#website","url":"https:\/\/kapitalis.com\/tunisie\/","name":"Kapitalis","description":"L&#039;actualit\u00e9 en Tunisie et dans le monde","publisher":{"@id":"https:\/\/kapitalis.com\/tunisie\/#organization"},"potentialAction":[{"@type":"SearchAction","target":{"@type":"EntryPoint","urlTemplate":"https:\/\/kapitalis.com\/tunisie\/?s={search_term_string}"},"query-input":{"@type":"PropertyValueSpecification","valueRequired":true,"valueName":"search_term_string"}}],"inLanguage":"fr-FR"},{"@type":"Organization","@id":"https:\/\/kapitalis.com\/tunisie\/#organization","name":"Kapitalis","url":"https:\/\/kapitalis.com\/tunisie\/","logo":{"@type":"ImageObject","inLanguage":"fr-FR","@id":"https:\/\/kapitalis.com\/tunisie\/#\/schema\/logo\/image\/","url":"https:\/\/kapitalis.com\/tunisie\/wp-content\/uploads\/2022\/05\/Kapitalis-big-size.png","contentUrl":"https:\/\/kapitalis.com\/tunisie\/wp-content\/uploads\/2022\/05\/Kapitalis-big-size.png","width":5000,"height":1500,"caption":"Kapitalis"},"image":{"@id":"https:\/\/kapitalis.com\/tunisie\/#\/schema\/logo\/image\/"},"sameAs":["https:\/\/www.facebook.com\/KapitalisInfo\/","https:\/\/x.com\/KapitalisInfo","https:\/\/www.youtube.com\/channel\/UC-yDYrHyfFBWWZaOw3FPg9Q"]},{"@type":"Person","@id":"https:\/\/kapitalis.com\/tunisie\/#\/schema\/person\/d71f33a9ca44f7bad4698210b480c8e9","name":"webmaster kapitalis","url":"https:\/\/kapitalis.com\/tunisie\/author\/webmaster-kapitalis\/"}]}},"_links":{"self":[{"href":"https:\/\/kapitalis.com\/tunisie\/wp-json\/wp\/v2\/posts\/9774733","targetHints":{"allow":["GET"]}}],"collection":[{"href":"https:\/\/kapitalis.com\/tunisie\/wp-json\/wp\/v2\/posts"}],"about":[{"href":"https:\/\/kapitalis.com\/tunisie\/wp-json\/wp\/v2\/types\/post"}],"author":[{"embeddable":true,"href":"https:\/\/kapitalis.com\/tunisie\/wp-json\/wp\/v2\/users\/8"}],"replies":[{"embeddable":true,"href":"https:\/\/kapitalis.com\/tunisie\/wp-json\/wp\/v2\/comments?post=9774733"}],"version-history":[{"count":1,"href":"https:\/\/kapitalis.com\/tunisie\/wp-json\/wp\/v2\/posts\/9774733\/revisions"}],"predecessor-version":[{"id":9774745,"href":"https:\/\/kapitalis.com\/tunisie\/wp-json\/wp\/v2\/posts\/9774733\/revisions\/9774745"}],"wp:featuredmedia":[{"embeddable":true,"href":"https:\/\/kapitalis.com\/tunisie\/wp-json\/wp\/v2\/media\/2893646"}],"wp:attachment":[{"href":"https:\/\/kapitalis.com\/tunisie\/wp-json\/wp\/v2\/media?parent=9774733"}],"wp:term":[{"taxonomy":"category","embeddable":true,"href":"https:\/\/kapitalis.com\/tunisie\/wp-json\/wp\/v2\/categories?post=9774733"},{"taxonomy":"post_tag","embeddable":true,"href":"https:\/\/kapitalis.com\/tunisie\/wp-json\/wp\/v2\/tags?post=9774733"}],"curies":[{"name":"wp","href":"https:\/\/api.w.org\/{rel}","templated":true}]}}