{"id":9775775,"date":"2023-09-13T09:05:13","date_gmt":"2023-09-13T08:05:13","guid":{"rendered":"https:\/\/kapitalis.com\/tunisie\/?p=9775775"},"modified":"2023-09-13T09:05:15","modified_gmt":"2023-09-13T08:05:15","slug":"tourisme-habib-glenza-reve-de-relancer-le-marche-polonais-en-tunisie","status":"publish","type":"post","link":"https:\/\/kapitalis.com\/tunisie\/2023\/09\/13\/tourisme-habib-glenza-reve-de-relancer-le-marche-polonais-en-tunisie\/","title":{"rendered":"Tourisme\u00a0: Habib Glenza r\u00eave de relancer le march\u00e9 polonais en Tunisie\u00a0"},"content":{"rendered":"\n<p><strong><em>Habib Glenza, sp\u00e9cialiste du tourisme et des voyages, vient de cr\u00e9er une agence de voyages, Kartago Travel SP Z OO, \u00e0 Lodz, en Pologne, o\u00f9 il r\u00e9side actuellement.<\/em><\/strong><\/p>\n\n\n\n<p>Par <strong>Imed Bahri<\/strong><\/p>\n\n\n\n<!--more-->\n\n\n\n<p><em>\u00abIl ne s\u2019agit pas de tour op\u00e9rateur (TO) mais&nbsp;plut\u00f4t d\u2019une agence qui collabore avec un grand TO sp\u00e9cialiste des voyages sur le Maroc \u00e0 prix tr\u00e8s comp\u00e9titifs\u00bb<\/em>, explique-il \u00e0 Kapitalis, ajoutant qu\u2019il est en pourparler avec des investisseurs polonais pour changer l\u2019agence de voyages en TO, ce qui demande beaucoup d\u2019argent pour assurer un fonds de garantie sans compter les moyens pour r\u00e9server des si\u00e8ges des avions charters et des lignes r\u00e9guli\u00e8res.<\/p>\n\n\n\n<p><em>\u00abJ\u2019esp\u00e8re que ces pourparlers finiront d\u2019ici la fin 2023 pour bien nous pr\u00e9parer \u00e0 la prochaine saison touristique 2024. Mes associ\u00e9s et moi avons l\u2019intention de travailler sur la Tunisie, \u00e9tant donn\u00e9&nbsp;que je connais parfaitement le secteur touristique tunisien\u00bb<\/em>, explique Glenza, qui vient de louer un centre d\u2019appel pour atteindre les clients potentiels: soci\u00e9t\u00e9s, institutions, personnes priv\u00e9es, etc. <em>\u00abJe vends des s\u00e9jours, des excursions et des circuits en ligne. Les documents de voyages sont envoy\u00e9s par e-mail ou SMS apr\u00e8s r\u00e8glement des montants de la commande. Et \u00e7a marche bien\u00bb<\/em>, assure-t-il.<\/p>\n\n\n\n<h2 class=\"wp-block-heading\">La Tunisie apr\u00e8s le Maroc<\/h2>\n\n\n\n<p>Pour le moment, Kartago travaille sur le Maroc en raison des conditions tr\u00e8s\u00a0favorables que les op\u00e9rateurs du tourisme marocain accordent aux agences polonaises. L\u2019ann\u00e9e 2023 sera d\u2019ailleurs celle de tous les records pour nos voisins maghr\u00e9bins. En effet, les responsables du tourisme marocain s\u2019attendent \u00e0 l\u2019arriv\u00e9e de 26 millions de visiteurs non-r\u00e9sidents (\u00e0 comparer avec les 9 millions de touristes esp\u00e9r\u00e9s par la Tunisie cette ann\u00e9e\u00a0!)\u00a0<\/p>\n\n\n\n<figure class=\"wp-block-embed is-type-wp-embed is-provider-kapitalis wp-block-embed-kapitalis\"><div class=\"wp-block-embed__wrapper\">\n<blockquote class=\"wp-embedded-content\" data-secret=\"7TP7XEAqXs\"><a href=\"https:\/\/kapitalis.com\/tunisie\/2023\/02\/10\/reservations-records-des-polonais-sur-la-tunisie-en-2023\/\">R\u00e9servations records des Polonais sur la Tunisie en 2023<\/a><\/blockquote><iframe loading=\"lazy\" class=\"wp-embedded-content\" sandbox=\"allow-scripts\" security=\"restricted\" style=\"position: absolute; clip: rect(1px, 1px, 1px, 1px);\" title=\"\u00ab\u00a0R\u00e9servations records des Polonais sur la Tunisie en 2023\u00a0\u00bb &#8212; Kapitalis\" src=\"https:\/\/kapitalis.com\/tunisie\/2023\/02\/10\/reservations-records-des-polonais-sur-la-tunisie-en-2023\/embed\/#?secret=ekhjoYDRcs#?secret=7TP7XEAqXs\" data-secret=\"7TP7XEAqXs\" width=\"600\" height=\"338\" frameborder=\"0\" marginwidth=\"0\" marginheight=\"0\" scrolling=\"no\"><\/iframe>\n<\/div><\/figure>\n\n\n\n<p>Habib Glenza a cr\u00e9\u00e9 sa premi\u00e8re agence de voyages TO avec plusieurs investisseurs polonais,&nbsp;Kartagina Tours SP Z OO \u00e0 Lodz&nbsp;o\u00f9 il a termin\u00e9 ses \u00e9tudes&nbsp;sup\u00e9rieures en blanchisserie. C\u2019\u00e9tait en 1992, \u00e0 peine deux ans apr\u00e8s&nbsp;la&nbsp;r\u00e9volution polonaise de 1989. Et elle \u00e9tait l\u2019unique agence sp\u00e9cialiste en Pologne en s\u00e9jour, excursions et circuits&nbsp;en Tunisie, avec pour r\u00e9ceptif tunisien Tourafric SA.&nbsp;<\/p>\n\n\n\n<p><em>\u00abMalheureusement, l\u2019absence de ligne r\u00e9guli\u00e8re&nbsp;entre Varsovie et Tunis ou Monastir a oblig\u00e9 le TO \u00e0 mettre&nbsp;la cl\u00e9 sous le paillasson apr\u00e8s deux ann\u00e9es d\u2019activit\u00e9 intenses,&nbsp; en parcourant deux fois la Pologne, de ville en ville, de village en village, pour remettre aux gens des dossiers complets sur le tourisme tunisien, parce que les Polonais ne connaissaient pas la Tunisie et encore moins ses sites touristiques\u00bb<\/em>, raconte Glenza, qui se console en affirmant que ses efforts n\u2019ont pas \u00e9t\u00e9 vains, puisqu\u2019ils ont servi plus tard aux agences qui ont propos\u00e9 des s\u00e9jours&nbsp;en Tunisie. <em>\u00abNous avons certainement accus\u00e9 de grosses pertes financi\u00e8res mais c\u2019est le tourisme tunisien qui a profit\u00e9 de nos efforts\u00bb<\/em>, dit Glenza, en regrettant, toutefois, l\u2019absence d\u2019aide de la part des responsables tunisiens \u00e0 qui il avait adress\u00e9 des demandes afin qu\u2019ils apportent une solution au probl\u00e8me du transport a\u00e9rien&nbsp;Varsovie-Tunis et Varsovie-Monastir.&nbsp;&nbsp;<\/p>\n\n\n\n<h2 class=\"wp-block-heading\">Les occasions rat\u00e9es<\/h2>\n\n\n\n<p>Par la suite, Glenza a travaill\u00e9 plus de 25 ans avec l\u2019Union tunisienne de l\u2019industrie, du commerce et de l\u2019artisanat (Utica), au service du secteur du pressing et de la\u00a0blanchisserie.<\/p>\n\n\n\n<figure class=\"wp-block-embed is-type-wp-embed is-provider-kapitalis wp-block-embed-kapitalis\"><div class=\"wp-block-embed__wrapper\">\n<blockquote class=\"wp-embedded-content\" data-secret=\"KuWsBEcpzG\"><a href=\"https:\/\/kapitalis.com\/tunisie\/2017\/01\/20\/exportation-les-tunisiens-doivent-miser-sur-le-marche-polonais\/\">Exportation : Les Tunisiens doivent miser sur le march\u00e9 polonais<\/a><\/blockquote><iframe loading=\"lazy\" class=\"wp-embedded-content\" sandbox=\"allow-scripts\" security=\"restricted\" style=\"position: absolute; clip: rect(1px, 1px, 1px, 1px);\" title=\"\u00ab\u00a0Exportation : Les Tunisiens doivent miser sur le march\u00e9 polonais\u00a0\u00bb &#8212; Kapitalis\" src=\"https:\/\/kapitalis.com\/tunisie\/2017\/01\/20\/exportation-les-tunisiens-doivent-miser-sur-le-marche-polonais\/embed\/#?secret=T6Ehly42y9#?secret=KuWsBEcpzG\" data-secret=\"KuWsBEcpzG\" width=\"600\" height=\"338\" frameborder=\"0\" marginwidth=\"0\" marginheight=\"0\" scrolling=\"no\"><\/iframe>\n<\/div><\/figure>\n\n\n\n<p>Il a aussi collabor\u00e9 avec le minist\u00e8re de la Formation professionnelle pour contribuer \u00e0 la mise \u00e0 niveau de cet important secteur pour le tourisme tunisien, m\u00eame si l\u2019absence de formation de base et d\u2019ouvriers qualifi\u00e9s ne lui ont pas permis d\u2019atteindre l\u2019objectif fix\u00e9, c\u2019est l\u2019une des raisons qui l\u2019ont pouss\u00e9 \u00e0 quitter la Tunisie, en 2011, pour regagner la Pologne, un pays qu\u2019il conna\u00eet assez bien et o\u00f9 il pouvait enfin r\u00e9aliser ses projets. Mais avant de partir pour Lotz, il avait obtenu un agr\u00e9ment du minist\u00e8re du Commerce tunisien \u00e0 titre de conseiller \u00e0 l\u2019exportation qui lui a servi plus tard dans son travail lorsqu\u2019il a cr\u00e9\u00e9, en 2014, Kartago Distribution SP Z OO,&nbsp;une soci\u00e9t\u00e9 de distribution de produits agroalimentaires, inscrite sur le site international EspaceAgro depuis cette date. Il a export\u00e9 plusieurs produits polonais vers plusieurs pays de l\u2019Union europ\u00e9enne (UE), mais il n\u2019a ni export\u00e9 ni import\u00e9 des produits tunisiens, en d\u00e9pit des articles incitatifs qu\u2019il a publi\u00e9 sur&nbsp;Kapitalissurlepotentiel inexploit\u00e9 du march\u00e9 polonais&nbsp;<\/p>\n\n\n\n<p><em>\u00abDe 2011 \u00e0 2023, j\u2019ai assist\u00e9 \u00e0 trois forums conjointement organis\u00e9s par le Cepex et la Chambre nationale polonaise de commerce. Ils se sont termin\u00e9s par un fiasco en raison de l\u2019absence d\u2019hommes d\u2019affaires polonais qui ne sont plus int\u00e9ress\u00e9s par le bla-bla-bla, mais par les propositions concr\u00e8tes. Or, les hommes d\u2019affaires tunisiens \u00e9taient venus en Pologne pour faire du tourisme aux frais de la princesse\u00bb<\/em>, se souvient Glenza, amer.<\/p>\n","protected":false},"excerpt":{"rendered":"<p>Habib Glenza vient de cr\u00e9er une agence de voyages, Kartago Travel, \u00e0 Lodz, en Pologne, qui va travailler sur les march\u00e9s marocain et tunisien.<\/p>\n","protected":false},"author":8,"featured_media":9775846,"comment_status":"open","ping_status":"open","sticky":false,"template":"","format":"standard","meta":{"footnotes":""},"categories":[992,995,2433],"tags":[1575,95315,110908,110907,16112,908,62643,940],"class_list":["post-9775775","post","type-post","status-publish","format-standard","has-post-thumbnail","hentry","category-a-la-une","category-economie","category-tunisie","tag-cepex","tag-habib-glenza","tag-kartago-travel","tag-lodz","tag-pologne","tag-tourisme","tag-tunisie","tag-utica"],"yoast_head":"<!-- This site is optimized with the Yoast SEO plugin v26.6 - https:\/\/yoast.com\/wordpress\/plugins\/seo\/ -->\n<title>Tourisme\u00a0: Habib Glenza r\u00eave de relancer le march\u00e9 polonais en Tunisie\u00a0 - Kapitalis<\/title>\n<meta name=\"robots\" content=\"index, follow, max-snippet:-1, max-image-preview:large, max-video-preview:-1\" \/>\n<link rel=\"canonical\" href=\"https:\/\/kapitalis.com\/tunisie\/2023\/09\/13\/tourisme-habib-glenza-reve-de-relancer-le-marche-polonais-en-tunisie\/\" \/>\n<meta property=\"og:locale\" content=\"fr_FR\" \/>\n<meta property=\"og:type\" content=\"article\" \/>\n<meta property=\"og:title\" content=\"Tourisme\u00a0: Habib Glenza r\u00eave de relancer le march\u00e9 polonais en Tunisie\u00a0 - Kapitalis\" \/>\n<meta property=\"og:description\" content=\"Habib Glenza vient de cr\u00e9er une agence de voyages, Kartago Travel, \u00e0 Lodz, en Pologne, qui va travailler sur les march\u00e9s marocain et tunisien.\" \/>\n<meta property=\"og:url\" content=\"https:\/\/kapitalis.com\/tunisie\/2023\/09\/13\/tourisme-habib-glenza-reve-de-relancer-le-marche-polonais-en-tunisie\/\" \/>\n<meta property=\"og:site_name\" content=\"Kapitalis\" \/>\n<meta property=\"article:publisher\" content=\"https:\/\/www.facebook.com\/KapitalisInfo\/\" \/>\n<meta property=\"article:published_time\" content=\"2023-09-13T08:05:13+00:00\" \/>\n<meta property=\"article:modified_time\" content=\"2023-09-13T08:05:15+00:00\" \/>\n<meta property=\"og:image\" content=\"https:\/\/kapitalis.com\/tunisie\/wp-content\/uploads\/2023\/09\/Habib-Glenza.jpg\" \/>\n\t<meta property=\"og:image:width\" content=\"1200\" \/>\n\t<meta property=\"og:image:height\" content=\"630\" \/>\n\t<meta property=\"og:image:type\" content=\"image\/jpeg\" \/>\n<meta name=\"author\" content=\"webmaster kapitalis\" \/>\n<meta name=\"twitter:card\" content=\"summary_large_image\" \/>\n<meta name=\"twitter:creator\" content=\"@KapitalisInfo\" \/>\n<meta name=\"twitter:site\" content=\"@KapitalisInfo\" \/>\n<meta name=\"twitter:label1\" content=\"\u00c9crit par\" \/>\n\t<meta name=\"twitter:data1\" content=\"webmaster kapitalis\" \/>\n\t<meta name=\"twitter:label2\" content=\"Dur\u00e9e de lecture estim\u00e9e\" \/>\n\t<meta name=\"twitter:data2\" content=\"4 minutes\" \/>\n<script type=\"application\/ld+json\" class=\"yoast-schema-graph\">{\"@context\":\"https:\/\/schema.org\",\"@graph\":[{\"@type\":\"Article\",\"@id\":\"https:\/\/kapitalis.com\/tunisie\/2023\/09\/13\/tourisme-habib-glenza-reve-de-relancer-le-marche-polonais-en-tunisie\/#article\",\"isPartOf\":{\"@id\":\"https:\/\/kapitalis.com\/tunisie\/2023\/09\/13\/tourisme-habib-glenza-reve-de-relancer-le-marche-polonais-en-tunisie\/\"},\"author\":{\"name\":\"webmaster kapitalis\",\"@id\":\"https:\/\/kapitalis.com\/tunisie\/#\/schema\/person\/d71f33a9ca44f7bad4698210b480c8e9\"},\"headline\":\"Tourisme\u00a0: Habib Glenza r\u00eave de relancer le march\u00e9 polonais en Tunisie\u00a0\",\"datePublished\":\"2023-09-13T08:05:13+00:00\",\"dateModified\":\"2023-09-13T08:05:15+00:00\",\"mainEntityOfPage\":{\"@id\":\"https:\/\/kapitalis.com\/tunisie\/2023\/09\/13\/tourisme-habib-glenza-reve-de-relancer-le-marche-polonais-en-tunisie\/\"},\"wordCount\":871,\"commentCount\":0,\"publisher\":{\"@id\":\"https:\/\/kapitalis.com\/tunisie\/#organization\"},\"image\":{\"@id\":\"https:\/\/kapitalis.com\/tunisie\/2023\/09\/13\/tourisme-habib-glenza-reve-de-relancer-le-marche-polonais-en-tunisie\/#primaryimage\"},\"thumbnailUrl\":\"https:\/\/kapitalis.com\/tunisie\/wp-content\/uploads\/2023\/09\/Habib-Glenza.jpg\",\"keywords\":[\"Cepex\",\"Habib Glenza\",\"Kartago Travel\",\"Lodz\",\"Pologne\",\"tourisme\",\"Tunisie\",\"Utica\"],\"articleSection\":[\"A LA UNE\",\"ECONOMIE\",\"Tunisie\"],\"inLanguage\":\"fr-FR\",\"potentialAction\":[{\"@type\":\"CommentAction\",\"name\":\"Comment\",\"target\":[\"https:\/\/kapitalis.com\/tunisie\/2023\/09\/13\/tourisme-habib-glenza-reve-de-relancer-le-marche-polonais-en-tunisie\/#respond\"]}]},{\"@type\":\"WebPage\",\"@id\":\"https:\/\/kapitalis.com\/tunisie\/2023\/09\/13\/tourisme-habib-glenza-reve-de-relancer-le-marche-polonais-en-tunisie\/\",\"url\":\"https:\/\/kapitalis.com\/tunisie\/2023\/09\/13\/tourisme-habib-glenza-reve-de-relancer-le-marche-polonais-en-tunisie\/\",\"name\":\"Tourisme\u00a0: Habib Glenza r\u00eave de relancer le march\u00e9 polonais en Tunisie\u00a0 - Kapitalis\",\"isPartOf\":{\"@id\":\"https:\/\/kapitalis.com\/tunisie\/#website\"},\"primaryImageOfPage\":{\"@id\":\"https:\/\/kapitalis.com\/tunisie\/2023\/09\/13\/tourisme-habib-glenza-reve-de-relancer-le-marche-polonais-en-tunisie\/#primaryimage\"},\"image\":{\"@id\":\"https:\/\/kapitalis.com\/tunisie\/2023\/09\/13\/tourisme-habib-glenza-reve-de-relancer-le-marche-polonais-en-tunisie\/#primaryimage\"},\"thumbnailUrl\":\"https:\/\/kapitalis.com\/tunisie\/wp-content\/uploads\/2023\/09\/Habib-Glenza.jpg\",\"datePublished\":\"2023-09-13T08:05:13+00:00\",\"dateModified\":\"2023-09-13T08:05:15+00:00\",\"breadcrumb\":{\"@id\":\"https:\/\/kapitalis.com\/tunisie\/2023\/09\/13\/tourisme-habib-glenza-reve-de-relancer-le-marche-polonais-en-tunisie\/#breadcrumb\"},\"inLanguage\":\"fr-FR\",\"potentialAction\":[{\"@type\":\"ReadAction\",\"target\":[\"https:\/\/kapitalis.com\/tunisie\/2023\/09\/13\/tourisme-habib-glenza-reve-de-relancer-le-marche-polonais-en-tunisie\/\"]}]},{\"@type\":\"ImageObject\",\"inLanguage\":\"fr-FR\",\"@id\":\"https:\/\/kapitalis.com\/tunisie\/2023\/09\/13\/tourisme-habib-glenza-reve-de-relancer-le-marche-polonais-en-tunisie\/#primaryimage\",\"url\":\"https:\/\/kapitalis.com\/tunisie\/wp-content\/uploads\/2023\/09\/Habib-Glenza.jpg\",\"contentUrl\":\"https:\/\/kapitalis.com\/tunisie\/wp-content\/uploads\/2023\/09\/Habib-Glenza.jpg\",\"width\":1200,\"height\":630},{\"@type\":\"BreadcrumbList\",\"@id\":\"https:\/\/kapitalis.com\/tunisie\/2023\/09\/13\/tourisme-habib-glenza-reve-de-relancer-le-marche-polonais-en-tunisie\/#breadcrumb\",\"itemListElement\":[{\"@type\":\"ListItem\",\"position\":1,\"name\":\"Accueil\",\"item\":\"https:\/\/kapitalis.com\/tunisie\/\"},{\"@type\":\"ListItem\",\"position\":2,\"name\":\"Tourisme\u00a0: Habib Glenza r\u00eave de relancer le march\u00e9 polonais en Tunisie\u00a0\"}]},{\"@type\":\"WebSite\",\"@id\":\"https:\/\/kapitalis.com\/tunisie\/#website\",\"url\":\"https:\/\/kapitalis.com\/tunisie\/\",\"name\":\"Kapitalis\",\"description\":\"L&#039;actualit\u00e9 en Tunisie et dans le monde\",\"publisher\":{\"@id\":\"https:\/\/kapitalis.com\/tunisie\/#organization\"},\"potentialAction\":[{\"@type\":\"SearchAction\",\"target\":{\"@type\":\"EntryPoint\",\"urlTemplate\":\"https:\/\/kapitalis.com\/tunisie\/?s={search_term_string}\"},\"query-input\":{\"@type\":\"PropertyValueSpecification\",\"valueRequired\":true,\"valueName\":\"search_term_string\"}}],\"inLanguage\":\"fr-FR\"},{\"@type\":\"Organization\",\"@id\":\"https:\/\/kapitalis.com\/tunisie\/#organization\",\"name\":\"Kapitalis\",\"url\":\"https:\/\/kapitalis.com\/tunisie\/\",\"logo\":{\"@type\":\"ImageObject\",\"inLanguage\":\"fr-FR\",\"@id\":\"https:\/\/kapitalis.com\/tunisie\/#\/schema\/logo\/image\/\",\"url\":\"https:\/\/kapitalis.com\/tunisie\/wp-content\/uploads\/2022\/05\/Kapitalis-big-size.png\",\"contentUrl\":\"https:\/\/kapitalis.com\/tunisie\/wp-content\/uploads\/2022\/05\/Kapitalis-big-size.png\",\"width\":5000,\"height\":1500,\"caption\":\"Kapitalis\"},\"image\":{\"@id\":\"https:\/\/kapitalis.com\/tunisie\/#\/schema\/logo\/image\/\"},\"sameAs\":[\"https:\/\/www.facebook.com\/KapitalisInfo\/\",\"https:\/\/x.com\/KapitalisInfo\",\"https:\/\/www.youtube.com\/channel\/UC-yDYrHyfFBWWZaOw3FPg9Q\"]},{\"@type\":\"Person\",\"@id\":\"https:\/\/kapitalis.com\/tunisie\/#\/schema\/person\/d71f33a9ca44f7bad4698210b480c8e9\",\"name\":\"webmaster kapitalis\",\"url\":\"https:\/\/kapitalis.com\/tunisie\/author\/webmaster-kapitalis\/\"}]}<\/script>\n<!-- \/ Yoast SEO plugin. -->","yoast_head_json":{"title":"Tourisme\u00a0: Habib Glenza r\u00eave de relancer le march\u00e9 polonais en Tunisie\u00a0 - Kapitalis","robots":{"index":"index","follow":"follow","max-snippet":"max-snippet:-1","max-image-preview":"max-image-preview:large","max-video-preview":"max-video-preview:-1"},"canonical":"https:\/\/kapitalis.com\/tunisie\/2023\/09\/13\/tourisme-habib-glenza-reve-de-relancer-le-marche-polonais-en-tunisie\/","og_locale":"fr_FR","og_type":"article","og_title":"Tourisme\u00a0: Habib Glenza r\u00eave de relancer le march\u00e9 polonais en Tunisie\u00a0 - Kapitalis","og_description":"Habib Glenza vient de cr\u00e9er une agence de voyages, Kartago Travel, \u00e0 Lodz, en Pologne, qui va travailler sur les march\u00e9s marocain et tunisien.","og_url":"https:\/\/kapitalis.com\/tunisie\/2023\/09\/13\/tourisme-habib-glenza-reve-de-relancer-le-marche-polonais-en-tunisie\/","og_site_name":"Kapitalis","article_publisher":"https:\/\/www.facebook.com\/KapitalisInfo\/","article_published_time":"2023-09-13T08:05:13+00:00","article_modified_time":"2023-09-13T08:05:15+00:00","og_image":[{"width":1200,"height":630,"url":"https:\/\/kapitalis.com\/tunisie\/wp-content\/uploads\/2023\/09\/Habib-Glenza.jpg","type":"image\/jpeg"}],"author":"webmaster kapitalis","twitter_card":"summary_large_image","twitter_creator":"@KapitalisInfo","twitter_site":"@KapitalisInfo","twitter_misc":{"\u00c9crit par":"webmaster kapitalis","Dur\u00e9e de lecture estim\u00e9e":"4 minutes"},"schema":{"@context":"https:\/\/schema.org","@graph":[{"@type":"Article","@id":"https:\/\/kapitalis.com\/tunisie\/2023\/09\/13\/tourisme-habib-glenza-reve-de-relancer-le-marche-polonais-en-tunisie\/#article","isPartOf":{"@id":"https:\/\/kapitalis.com\/tunisie\/2023\/09\/13\/tourisme-habib-glenza-reve-de-relancer-le-marche-polonais-en-tunisie\/"},"author":{"name":"webmaster kapitalis","@id":"https:\/\/kapitalis.com\/tunisie\/#\/schema\/person\/d71f33a9ca44f7bad4698210b480c8e9"},"headline":"Tourisme\u00a0: Habib Glenza r\u00eave de relancer le march\u00e9 polonais en Tunisie\u00a0","datePublished":"2023-09-13T08:05:13+00:00","dateModified":"2023-09-13T08:05:15+00:00","mainEntityOfPage":{"@id":"https:\/\/kapitalis.com\/tunisie\/2023\/09\/13\/tourisme-habib-glenza-reve-de-relancer-le-marche-polonais-en-tunisie\/"},"wordCount":871,"commentCount":0,"publisher":{"@id":"https:\/\/kapitalis.com\/tunisie\/#organization"},"image":{"@id":"https:\/\/kapitalis.com\/tunisie\/2023\/09\/13\/tourisme-habib-glenza-reve-de-relancer-le-marche-polonais-en-tunisie\/#primaryimage"},"thumbnailUrl":"https:\/\/kapitalis.com\/tunisie\/wp-content\/uploads\/2023\/09\/Habib-Glenza.jpg","keywords":["Cepex","Habib Glenza","Kartago Travel","Lodz","Pologne","tourisme","Tunisie","Utica"],"articleSection":["A LA UNE","ECONOMIE","Tunisie"],"inLanguage":"fr-FR","potentialAction":[{"@type":"CommentAction","name":"Comment","target":["https:\/\/kapitalis.com\/tunisie\/2023\/09\/13\/tourisme-habib-glenza-reve-de-relancer-le-marche-polonais-en-tunisie\/#respond"]}]},{"@type":"WebPage","@id":"https:\/\/kapitalis.com\/tunisie\/2023\/09\/13\/tourisme-habib-glenza-reve-de-relancer-le-marche-polonais-en-tunisie\/","url":"https:\/\/kapitalis.com\/tunisie\/2023\/09\/13\/tourisme-habib-glenza-reve-de-relancer-le-marche-polonais-en-tunisie\/","name":"Tourisme\u00a0: Habib Glenza r\u00eave de relancer le march\u00e9 polonais en Tunisie\u00a0 - Kapitalis","isPartOf":{"@id":"https:\/\/kapitalis.com\/tunisie\/#website"},"primaryImageOfPage":{"@id":"https:\/\/kapitalis.com\/tunisie\/2023\/09\/13\/tourisme-habib-glenza-reve-de-relancer-le-marche-polonais-en-tunisie\/#primaryimage"},"image":{"@id":"https:\/\/kapitalis.com\/tunisie\/2023\/09\/13\/tourisme-habib-glenza-reve-de-relancer-le-marche-polonais-en-tunisie\/#primaryimage"},"thumbnailUrl":"https:\/\/kapitalis.com\/tunisie\/wp-content\/uploads\/2023\/09\/Habib-Glenza.jpg","datePublished":"2023-09-13T08:05:13+00:00","dateModified":"2023-09-13T08:05:15+00:00","breadcrumb":{"@id":"https:\/\/kapitalis.com\/tunisie\/2023\/09\/13\/tourisme-habib-glenza-reve-de-relancer-le-marche-polonais-en-tunisie\/#breadcrumb"},"inLanguage":"fr-FR","potentialAction":[{"@type":"ReadAction","target":["https:\/\/kapitalis.com\/tunisie\/2023\/09\/13\/tourisme-habib-glenza-reve-de-relancer-le-marche-polonais-en-tunisie\/"]}]},{"@type":"ImageObject","inLanguage":"fr-FR","@id":"https:\/\/kapitalis.com\/tunisie\/2023\/09\/13\/tourisme-habib-glenza-reve-de-relancer-le-marche-polonais-en-tunisie\/#primaryimage","url":"https:\/\/kapitalis.com\/tunisie\/wp-content\/uploads\/2023\/09\/Habib-Glenza.jpg","contentUrl":"https:\/\/kapitalis.com\/tunisie\/wp-content\/uploads\/2023\/09\/Habib-Glenza.jpg","width":1200,"height":630},{"@type":"BreadcrumbList","@id":"https:\/\/kapitalis.com\/tunisie\/2023\/09\/13\/tourisme-habib-glenza-reve-de-relancer-le-marche-polonais-en-tunisie\/#breadcrumb","itemListElement":[{"@type":"ListItem","position":1,"name":"Accueil","item":"https:\/\/kapitalis.com\/tunisie\/"},{"@type":"ListItem","position":2,"name":"Tourisme\u00a0: Habib Glenza r\u00eave de relancer le march\u00e9 polonais en Tunisie\u00a0"}]},{"@type":"WebSite","@id":"https:\/\/kapitalis.com\/tunisie\/#website","url":"https:\/\/kapitalis.com\/tunisie\/","name":"Kapitalis","description":"L&#039;actualit\u00e9 en Tunisie et dans le monde","publisher":{"@id":"https:\/\/kapitalis.com\/tunisie\/#organization"},"potentialAction":[{"@type":"SearchAction","target":{"@type":"EntryPoint","urlTemplate":"https:\/\/kapitalis.com\/tunisie\/?s={search_term_string}"},"query-input":{"@type":"PropertyValueSpecification","valueRequired":true,"valueName":"search_term_string"}}],"inLanguage":"fr-FR"},{"@type":"Organization","@id":"https:\/\/kapitalis.com\/tunisie\/#organization","name":"Kapitalis","url":"https:\/\/kapitalis.com\/tunisie\/","logo":{"@type":"ImageObject","inLanguage":"fr-FR","@id":"https:\/\/kapitalis.com\/tunisie\/#\/schema\/logo\/image\/","url":"https:\/\/kapitalis.com\/tunisie\/wp-content\/uploads\/2022\/05\/Kapitalis-big-size.png","contentUrl":"https:\/\/kapitalis.com\/tunisie\/wp-content\/uploads\/2022\/05\/Kapitalis-big-size.png","width":5000,"height":1500,"caption":"Kapitalis"},"image":{"@id":"https:\/\/kapitalis.com\/tunisie\/#\/schema\/logo\/image\/"},"sameAs":["https:\/\/www.facebook.com\/KapitalisInfo\/","https:\/\/x.com\/KapitalisInfo","https:\/\/www.youtube.com\/channel\/UC-yDYrHyfFBWWZaOw3FPg9Q"]},{"@type":"Person","@id":"https:\/\/kapitalis.com\/tunisie\/#\/schema\/person\/d71f33a9ca44f7bad4698210b480c8e9","name":"webmaster kapitalis","url":"https:\/\/kapitalis.com\/tunisie\/author\/webmaster-kapitalis\/"}]}},"_links":{"self":[{"href":"https:\/\/kapitalis.com\/tunisie\/wp-json\/wp\/v2\/posts\/9775775","targetHints":{"allow":["GET"]}}],"collection":[{"href":"https:\/\/kapitalis.com\/tunisie\/wp-json\/wp\/v2\/posts"}],"about":[{"href":"https:\/\/kapitalis.com\/tunisie\/wp-json\/wp\/v2\/types\/post"}],"author":[{"embeddable":true,"href":"https:\/\/kapitalis.com\/tunisie\/wp-json\/wp\/v2\/users\/8"}],"replies":[{"embeddable":true,"href":"https:\/\/kapitalis.com\/tunisie\/wp-json\/wp\/v2\/comments?post=9775775"}],"version-history":[{"count":1,"href":"https:\/\/kapitalis.com\/tunisie\/wp-json\/wp\/v2\/posts\/9775775\/revisions"}],"predecessor-version":[{"id":9775874,"href":"https:\/\/kapitalis.com\/tunisie\/wp-json\/wp\/v2\/posts\/9775775\/revisions\/9775874"}],"wp:featuredmedia":[{"embeddable":true,"href":"https:\/\/kapitalis.com\/tunisie\/wp-json\/wp\/v2\/media\/9775846"}],"wp:attachment":[{"href":"https:\/\/kapitalis.com\/tunisie\/wp-json\/wp\/v2\/media?parent=9775775"}],"wp:term":[{"taxonomy":"category","embeddable":true,"href":"https:\/\/kapitalis.com\/tunisie\/wp-json\/wp\/v2\/categories?post=9775775"},{"taxonomy":"post_tag","embeddable":true,"href":"https:\/\/kapitalis.com\/tunisie\/wp-json\/wp\/v2\/tags?post=9775775"}],"curies":[{"name":"wp","href":"https:\/\/api.w.org\/{rel}","templated":true}]}}