{"id":979147,"date":"2022-05-26T13:20:18","date_gmt":"2022-05-26T12:20:18","guid":{"rendered":"https:\/\/kapitalis.com\/tunisie\/?p=979147"},"modified":"2022-05-26T13:20:19","modified_gmt":"2022-05-26T12:20:19","slug":"lartiste-franco-tunisienne-ferielle-zouari-primee-a-la-biennale-de-dakar","status":"publish","type":"post","link":"https:\/\/kapitalis.com\/tunisie\/2022\/05\/26\/lartiste-franco-tunisienne-ferielle-zouari-primee-a-la-biennale-de-dakar\/","title":{"rendered":"L\u2019artiste franco-tunisienne F\u00e9rielle Zouari prim\u00e9e \u00e0 la Biennale de Dakar"},"content":{"rendered":"\n<p><em><strong>Le Prix du minist\u00e8re de la Culture de la 14<sup>e<\/sup> \u00e9dition de la Biennale de Dakar a \u00e9t\u00e9 attribu\u00e9 \u00e0 l\u2019artiste F\u00e9rielle Doulain Zouari.<\/strong><\/em><\/p>\n\n\n\n<!--more-->\n\n\n\n<p>N\u00e9e d\u2019une m\u00e8re tunisienne et d\u2019un p\u00e8re fran\u00e7ais, la jeune artiste F\u00e9rielle Doulain Zouari a suivi un parcours riche autour de l&rsquo;art du textile \u00e0 travers ses voyages entre plusieurs pays et cultures dont l\u2019Am\u00e9rique latine et la Tunisie o\u00f9 elle a d\u00e9velopp\u00e9 des recherches notamment sur la consommation populaire.<\/p>\n\n\n\n<p>La Villa Saint-Louis Ndar au S\u00e9n\u00e9gal, r\u00e9sidence pluridisciplinaire faisant partie du r\u00e9seau des villas culturelles fran\u00e7aises, avait accueilli au mois de f\u00e9vrier dernier l\u2019artiste franco-tunisienne pour une r\u00e9sidence artistique. L\u2019une des ses installations est expos\u00e9e en ce moment dans les jardins de la R\u00e9sidence de France au Cap Manuel, dans le cadre du programme off de la 14<sup>e<\/sup> \u00e9dition de la Biennale d\u2019Art contemporain de Dakar.<\/p>\n\n\n\n<p>F\u00e9rielle Doulain Zouari a remport\u00e9 le Prix du Minist\u00e8re de la Culture \u00e0 la biennale de l&rsquo;Art africain contemporain de Dakar (Dak&rsquo;Art).<\/p>\n\n\n\n<p class=\"has-text-align-right\"><strong>F.B<\/strong><\/p>\n","protected":false},"excerpt":{"rendered":"<p>Le Prix du minist\u00e8re de la Culture de la 14e \u00e9dition de la Biennale de Dakar a \u00e9t\u00e9 attribu\u00e9 \u00e0 l\u2019artiste F\u00e9rielle Doulain Zouari.<\/p>\n","protected":false},"author":26,"featured_media":979660,"comment_status":"open","ping_status":"open","sticky":false,"template":"","format":"standard","meta":{"footnotes":""},"categories":[994,2433],"tags":[99866,100052,2986,62643,100053],"class_list":["post-979147","post","type-post","status-publish","format-standard","has-post-thumbnail","hentry","category-culture","category-tunisie","tag-biennale-de-dakar-2022","tag-ferielle-zouari","tag-senegal","tag-tunisie","tag-villa-saint-louis-ndar"],"yoast_head":"<!-- This site is optimized with the Yoast SEO plugin v26.6 - https:\/\/yoast.com\/wordpress\/plugins\/seo\/ -->\n<title>L\u2019artiste franco-tunisienne F\u00e9rielle Zouari prim\u00e9e \u00e0 la Biennale de Dakar - Kapitalis<\/title>\n<meta name=\"robots\" content=\"index, follow, max-snippet:-1, max-image-preview:large, max-video-preview:-1\" \/>\n<link rel=\"canonical\" href=\"https:\/\/kapitalis.com\/tunisie\/2022\/05\/26\/lartiste-franco-tunisienne-ferielle-zouari-primee-a-la-biennale-de-dakar\/\" \/>\n<meta property=\"og:locale\" content=\"fr_FR\" \/>\n<meta property=\"og:type\" content=\"article\" \/>\n<meta property=\"og:title\" content=\"L\u2019artiste franco-tunisienne F\u00e9rielle Zouari prim\u00e9e \u00e0 la Biennale de Dakar - Kapitalis\" \/>\n<meta property=\"og:description\" content=\"Le Prix du minist\u00e8re de la Culture de la 14e \u00e9dition de la Biennale de Dakar a \u00e9t\u00e9 attribu\u00e9 \u00e0 l\u2019artiste F\u00e9rielle Doulain Zouari.\" \/>\n<meta property=\"og:url\" content=\"https:\/\/kapitalis.com\/tunisie\/2022\/05\/26\/lartiste-franco-tunisienne-ferielle-zouari-primee-a-la-biennale-de-dakar\/\" \/>\n<meta property=\"og:site_name\" content=\"Kapitalis\" \/>\n<meta property=\"article:publisher\" content=\"https:\/\/www.facebook.com\/KapitalisInfo\/\" \/>\n<meta property=\"article:published_time\" content=\"2022-05-26T12:20:18+00:00\" \/>\n<meta property=\"article:modified_time\" content=\"2022-05-26T12:20:19+00:00\" \/>\n<meta property=\"og:image\" content=\"https:\/\/kapitalis.com\/tunisie\/wp-content\/uploads\/2022\/05\/Ferielle-Zouari-Biennale-de-Dakar.jpg\" \/>\n\t<meta property=\"og:image:width\" content=\"1200\" \/>\n\t<meta property=\"og:image:height\" content=\"630\" \/>\n\t<meta property=\"og:image:type\" content=\"image\/jpeg\" \/>\n<meta name=\"author\" content=\"Fawz BenAli\" \/>\n<meta name=\"twitter:card\" content=\"summary_large_image\" \/>\n<meta name=\"twitter:creator\" content=\"@KapitalisInfo\" \/>\n<meta name=\"twitter:site\" content=\"@KapitalisInfo\" \/>\n<meta name=\"twitter:label1\" content=\"\u00c9crit par\" \/>\n\t<meta name=\"twitter:data1\" content=\"Fawz BenAli\" \/>\n\t<meta name=\"twitter:label2\" content=\"Dur\u00e9e de lecture estim\u00e9e\" \/>\n\t<meta name=\"twitter:data2\" content=\"1 minute\" \/>\n<script type=\"application\/ld+json\" class=\"yoast-schema-graph\">{\"@context\":\"https:\/\/schema.org\",\"@graph\":[{\"@type\":\"Article\",\"@id\":\"https:\/\/kapitalis.com\/tunisie\/2022\/05\/26\/lartiste-franco-tunisienne-ferielle-zouari-primee-a-la-biennale-de-dakar\/#article\",\"isPartOf\":{\"@id\":\"https:\/\/kapitalis.com\/tunisie\/2022\/05\/26\/lartiste-franco-tunisienne-ferielle-zouari-primee-a-la-biennale-de-dakar\/\"},\"author\":{\"name\":\"Fawz BenAli\",\"@id\":\"https:\/\/kapitalis.com\/tunisie\/#\/schema\/person\/73a5ecc1f6ae540c6ed91342eadca948\"},\"headline\":\"L\u2019artiste franco-tunisienne F\u00e9rielle Zouari prim\u00e9e \u00e0 la Biennale de Dakar\",\"datePublished\":\"2022-05-26T12:20:18+00:00\",\"dateModified\":\"2022-05-26T12:20:19+00:00\",\"mainEntityOfPage\":{\"@id\":\"https:\/\/kapitalis.com\/tunisie\/2022\/05\/26\/lartiste-franco-tunisienne-ferielle-zouari-primee-a-la-biennale-de-dakar\/\"},\"wordCount\":200,\"commentCount\":0,\"publisher\":{\"@id\":\"https:\/\/kapitalis.com\/tunisie\/#organization\"},\"image\":{\"@id\":\"https:\/\/kapitalis.com\/tunisie\/2022\/05\/26\/lartiste-franco-tunisienne-ferielle-zouari-primee-a-la-biennale-de-dakar\/#primaryimage\"},\"thumbnailUrl\":\"https:\/\/kapitalis.com\/tunisie\/wp-content\/uploads\/2022\/05\/Ferielle-Zouari-Biennale-de-Dakar.jpg\",\"keywords\":[\"Biennale de Dakar 2022\",\"F\u00e9rielle Zouari\",\"S\u00e9n\u00e9gal\",\"Tunisie\",\"Villa Saint-Louis Ndar\"],\"articleSection\":[\"CULTURE\",\"Tunisie\"],\"inLanguage\":\"fr-FR\",\"potentialAction\":[{\"@type\":\"CommentAction\",\"name\":\"Comment\",\"target\":[\"https:\/\/kapitalis.com\/tunisie\/2022\/05\/26\/lartiste-franco-tunisienne-ferielle-zouari-primee-a-la-biennale-de-dakar\/#respond\"]}]},{\"@type\":\"WebPage\",\"@id\":\"https:\/\/kapitalis.com\/tunisie\/2022\/05\/26\/lartiste-franco-tunisienne-ferielle-zouari-primee-a-la-biennale-de-dakar\/\",\"url\":\"https:\/\/kapitalis.com\/tunisie\/2022\/05\/26\/lartiste-franco-tunisienne-ferielle-zouari-primee-a-la-biennale-de-dakar\/\",\"name\":\"L\u2019artiste franco-tunisienne F\u00e9rielle Zouari prim\u00e9e \u00e0 la Biennale de Dakar - Kapitalis\",\"isPartOf\":{\"@id\":\"https:\/\/kapitalis.com\/tunisie\/#website\"},\"primaryImageOfPage\":{\"@id\":\"https:\/\/kapitalis.com\/tunisie\/2022\/05\/26\/lartiste-franco-tunisienne-ferielle-zouari-primee-a-la-biennale-de-dakar\/#primaryimage\"},\"image\":{\"@id\":\"https:\/\/kapitalis.com\/tunisie\/2022\/05\/26\/lartiste-franco-tunisienne-ferielle-zouari-primee-a-la-biennale-de-dakar\/#primaryimage\"},\"thumbnailUrl\":\"https:\/\/kapitalis.com\/tunisie\/wp-content\/uploads\/2022\/05\/Ferielle-Zouari-Biennale-de-Dakar.jpg\",\"datePublished\":\"2022-05-26T12:20:18+00:00\",\"dateModified\":\"2022-05-26T12:20:19+00:00\",\"breadcrumb\":{\"@id\":\"https:\/\/kapitalis.com\/tunisie\/2022\/05\/26\/lartiste-franco-tunisienne-ferielle-zouari-primee-a-la-biennale-de-dakar\/#breadcrumb\"},\"inLanguage\":\"fr-FR\",\"potentialAction\":[{\"@type\":\"ReadAction\",\"target\":[\"https:\/\/kapitalis.com\/tunisie\/2022\/05\/26\/lartiste-franco-tunisienne-ferielle-zouari-primee-a-la-biennale-de-dakar\/\"]}]},{\"@type\":\"ImageObject\",\"inLanguage\":\"fr-FR\",\"@id\":\"https:\/\/kapitalis.com\/tunisie\/2022\/05\/26\/lartiste-franco-tunisienne-ferielle-zouari-primee-a-la-biennale-de-dakar\/#primaryimage\",\"url\":\"https:\/\/kapitalis.com\/tunisie\/wp-content\/uploads\/2022\/05\/Ferielle-Zouari-Biennale-de-Dakar.jpg\",\"contentUrl\":\"https:\/\/kapitalis.com\/tunisie\/wp-content\/uploads\/2022\/05\/Ferielle-Zouari-Biennale-de-Dakar.jpg\",\"width\":1200,\"height\":630},{\"@type\":\"BreadcrumbList\",\"@id\":\"https:\/\/kapitalis.com\/tunisie\/2022\/05\/26\/lartiste-franco-tunisienne-ferielle-zouari-primee-a-la-biennale-de-dakar\/#breadcrumb\",\"itemListElement\":[{\"@type\":\"ListItem\",\"position\":1,\"name\":\"Accueil\",\"item\":\"https:\/\/kapitalis.com\/tunisie\/\"},{\"@type\":\"ListItem\",\"position\":2,\"name\":\"L\u2019artiste franco-tunisienne F\u00e9rielle Zouari prim\u00e9e \u00e0 la Biennale de Dakar\"}]},{\"@type\":\"WebSite\",\"@id\":\"https:\/\/kapitalis.com\/tunisie\/#website\",\"url\":\"https:\/\/kapitalis.com\/tunisie\/\",\"name\":\"Kapitalis\",\"description\":\"L&#039;actualit\u00e9 en Tunisie et dans le monde\",\"publisher\":{\"@id\":\"https:\/\/kapitalis.com\/tunisie\/#organization\"},\"potentialAction\":[{\"@type\":\"SearchAction\",\"target\":{\"@type\":\"EntryPoint\",\"urlTemplate\":\"https:\/\/kapitalis.com\/tunisie\/?s={search_term_string}\"},\"query-input\":{\"@type\":\"PropertyValueSpecification\",\"valueRequired\":true,\"valueName\":\"search_term_string\"}}],\"inLanguage\":\"fr-FR\"},{\"@type\":\"Organization\",\"@id\":\"https:\/\/kapitalis.com\/tunisie\/#organization\",\"name\":\"Kapitalis\",\"url\":\"https:\/\/kapitalis.com\/tunisie\/\",\"logo\":{\"@type\":\"ImageObject\",\"inLanguage\":\"fr-FR\",\"@id\":\"https:\/\/kapitalis.com\/tunisie\/#\/schema\/logo\/image\/\",\"url\":\"https:\/\/kapitalis.com\/tunisie\/wp-content\/uploads\/2022\/05\/Kapitalis-big-size.png\",\"contentUrl\":\"https:\/\/kapitalis.com\/tunisie\/wp-content\/uploads\/2022\/05\/Kapitalis-big-size.png\",\"width\":5000,\"height\":1500,\"caption\":\"Kapitalis\"},\"image\":{\"@id\":\"https:\/\/kapitalis.com\/tunisie\/#\/schema\/logo\/image\/\"},\"sameAs\":[\"https:\/\/www.facebook.com\/KapitalisInfo\/\",\"https:\/\/x.com\/KapitalisInfo\",\"https:\/\/www.youtube.com\/channel\/UC-yDYrHyfFBWWZaOw3FPg9Q\"]},{\"@type\":\"Person\",\"@id\":\"https:\/\/kapitalis.com\/tunisie\/#\/schema\/person\/73a5ecc1f6ae540c6ed91342eadca948\",\"name\":\"Fawz BenAli\",\"url\":\"https:\/\/kapitalis.com\/tunisie\/author\/fawz\/\"}]}<\/script>\n<!-- \/ Yoast SEO plugin. -->","yoast_head_json":{"title":"L\u2019artiste franco-tunisienne F\u00e9rielle Zouari prim\u00e9e \u00e0 la Biennale de Dakar - Kapitalis","robots":{"index":"index","follow":"follow","max-snippet":"max-snippet:-1","max-image-preview":"max-image-preview:large","max-video-preview":"max-video-preview:-1"},"canonical":"https:\/\/kapitalis.com\/tunisie\/2022\/05\/26\/lartiste-franco-tunisienne-ferielle-zouari-primee-a-la-biennale-de-dakar\/","og_locale":"fr_FR","og_type":"article","og_title":"L\u2019artiste franco-tunisienne F\u00e9rielle Zouari prim\u00e9e \u00e0 la Biennale de Dakar - Kapitalis","og_description":"Le Prix du minist\u00e8re de la Culture de la 14e \u00e9dition de la Biennale de Dakar a \u00e9t\u00e9 attribu\u00e9 \u00e0 l\u2019artiste F\u00e9rielle Doulain Zouari.","og_url":"https:\/\/kapitalis.com\/tunisie\/2022\/05\/26\/lartiste-franco-tunisienne-ferielle-zouari-primee-a-la-biennale-de-dakar\/","og_site_name":"Kapitalis","article_publisher":"https:\/\/www.facebook.com\/KapitalisInfo\/","article_published_time":"2022-05-26T12:20:18+00:00","article_modified_time":"2022-05-26T12:20:19+00:00","og_image":[{"width":1200,"height":630,"url":"https:\/\/kapitalis.com\/tunisie\/wp-content\/uploads\/2022\/05\/Ferielle-Zouari-Biennale-de-Dakar.jpg","type":"image\/jpeg"}],"author":"Fawz BenAli","twitter_card":"summary_large_image","twitter_creator":"@KapitalisInfo","twitter_site":"@KapitalisInfo","twitter_misc":{"\u00c9crit par":"Fawz BenAli","Dur\u00e9e de lecture estim\u00e9e":"1 minute"},"schema":{"@context":"https:\/\/schema.org","@graph":[{"@type":"Article","@id":"https:\/\/kapitalis.com\/tunisie\/2022\/05\/26\/lartiste-franco-tunisienne-ferielle-zouari-primee-a-la-biennale-de-dakar\/#article","isPartOf":{"@id":"https:\/\/kapitalis.com\/tunisie\/2022\/05\/26\/lartiste-franco-tunisienne-ferielle-zouari-primee-a-la-biennale-de-dakar\/"},"author":{"name":"Fawz BenAli","@id":"https:\/\/kapitalis.com\/tunisie\/#\/schema\/person\/73a5ecc1f6ae540c6ed91342eadca948"},"headline":"L\u2019artiste franco-tunisienne F\u00e9rielle Zouari prim\u00e9e \u00e0 la Biennale de Dakar","datePublished":"2022-05-26T12:20:18+00:00","dateModified":"2022-05-26T12:20:19+00:00","mainEntityOfPage":{"@id":"https:\/\/kapitalis.com\/tunisie\/2022\/05\/26\/lartiste-franco-tunisienne-ferielle-zouari-primee-a-la-biennale-de-dakar\/"},"wordCount":200,"commentCount":0,"publisher":{"@id":"https:\/\/kapitalis.com\/tunisie\/#organization"},"image":{"@id":"https:\/\/kapitalis.com\/tunisie\/2022\/05\/26\/lartiste-franco-tunisienne-ferielle-zouari-primee-a-la-biennale-de-dakar\/#primaryimage"},"thumbnailUrl":"https:\/\/kapitalis.com\/tunisie\/wp-content\/uploads\/2022\/05\/Ferielle-Zouari-Biennale-de-Dakar.jpg","keywords":["Biennale de Dakar 2022","F\u00e9rielle Zouari","S\u00e9n\u00e9gal","Tunisie","Villa Saint-Louis Ndar"],"articleSection":["CULTURE","Tunisie"],"inLanguage":"fr-FR","potentialAction":[{"@type":"CommentAction","name":"Comment","target":["https:\/\/kapitalis.com\/tunisie\/2022\/05\/26\/lartiste-franco-tunisienne-ferielle-zouari-primee-a-la-biennale-de-dakar\/#respond"]}]},{"@type":"WebPage","@id":"https:\/\/kapitalis.com\/tunisie\/2022\/05\/26\/lartiste-franco-tunisienne-ferielle-zouari-primee-a-la-biennale-de-dakar\/","url":"https:\/\/kapitalis.com\/tunisie\/2022\/05\/26\/lartiste-franco-tunisienne-ferielle-zouari-primee-a-la-biennale-de-dakar\/","name":"L\u2019artiste franco-tunisienne F\u00e9rielle Zouari prim\u00e9e \u00e0 la Biennale de Dakar - Kapitalis","isPartOf":{"@id":"https:\/\/kapitalis.com\/tunisie\/#website"},"primaryImageOfPage":{"@id":"https:\/\/kapitalis.com\/tunisie\/2022\/05\/26\/lartiste-franco-tunisienne-ferielle-zouari-primee-a-la-biennale-de-dakar\/#primaryimage"},"image":{"@id":"https:\/\/kapitalis.com\/tunisie\/2022\/05\/26\/lartiste-franco-tunisienne-ferielle-zouari-primee-a-la-biennale-de-dakar\/#primaryimage"},"thumbnailUrl":"https:\/\/kapitalis.com\/tunisie\/wp-content\/uploads\/2022\/05\/Ferielle-Zouari-Biennale-de-Dakar.jpg","datePublished":"2022-05-26T12:20:18+00:00","dateModified":"2022-05-26T12:20:19+00:00","breadcrumb":{"@id":"https:\/\/kapitalis.com\/tunisie\/2022\/05\/26\/lartiste-franco-tunisienne-ferielle-zouari-primee-a-la-biennale-de-dakar\/#breadcrumb"},"inLanguage":"fr-FR","potentialAction":[{"@type":"ReadAction","target":["https:\/\/kapitalis.com\/tunisie\/2022\/05\/26\/lartiste-franco-tunisienne-ferielle-zouari-primee-a-la-biennale-de-dakar\/"]}]},{"@type":"ImageObject","inLanguage":"fr-FR","@id":"https:\/\/kapitalis.com\/tunisie\/2022\/05\/26\/lartiste-franco-tunisienne-ferielle-zouari-primee-a-la-biennale-de-dakar\/#primaryimage","url":"https:\/\/kapitalis.com\/tunisie\/wp-content\/uploads\/2022\/05\/Ferielle-Zouari-Biennale-de-Dakar.jpg","contentUrl":"https:\/\/kapitalis.com\/tunisie\/wp-content\/uploads\/2022\/05\/Ferielle-Zouari-Biennale-de-Dakar.jpg","width":1200,"height":630},{"@type":"BreadcrumbList","@id":"https:\/\/kapitalis.com\/tunisie\/2022\/05\/26\/lartiste-franco-tunisienne-ferielle-zouari-primee-a-la-biennale-de-dakar\/#breadcrumb","itemListElement":[{"@type":"ListItem","position":1,"name":"Accueil","item":"https:\/\/kapitalis.com\/tunisie\/"},{"@type":"ListItem","position":2,"name":"L\u2019artiste franco-tunisienne F\u00e9rielle Zouari prim\u00e9e \u00e0 la Biennale de Dakar"}]},{"@type":"WebSite","@id":"https:\/\/kapitalis.com\/tunisie\/#website","url":"https:\/\/kapitalis.com\/tunisie\/","name":"Kapitalis","description":"L&#039;actualit\u00e9 en Tunisie et dans le monde","publisher":{"@id":"https:\/\/kapitalis.com\/tunisie\/#organization"},"potentialAction":[{"@type":"SearchAction","target":{"@type":"EntryPoint","urlTemplate":"https:\/\/kapitalis.com\/tunisie\/?s={search_term_string}"},"query-input":{"@type":"PropertyValueSpecification","valueRequired":true,"valueName":"search_term_string"}}],"inLanguage":"fr-FR"},{"@type":"Organization","@id":"https:\/\/kapitalis.com\/tunisie\/#organization","name":"Kapitalis","url":"https:\/\/kapitalis.com\/tunisie\/","logo":{"@type":"ImageObject","inLanguage":"fr-FR","@id":"https:\/\/kapitalis.com\/tunisie\/#\/schema\/logo\/image\/","url":"https:\/\/kapitalis.com\/tunisie\/wp-content\/uploads\/2022\/05\/Kapitalis-big-size.png","contentUrl":"https:\/\/kapitalis.com\/tunisie\/wp-content\/uploads\/2022\/05\/Kapitalis-big-size.png","width":5000,"height":1500,"caption":"Kapitalis"},"image":{"@id":"https:\/\/kapitalis.com\/tunisie\/#\/schema\/logo\/image\/"},"sameAs":["https:\/\/www.facebook.com\/KapitalisInfo\/","https:\/\/x.com\/KapitalisInfo","https:\/\/www.youtube.com\/channel\/UC-yDYrHyfFBWWZaOw3FPg9Q"]},{"@type":"Person","@id":"https:\/\/kapitalis.com\/tunisie\/#\/schema\/person\/73a5ecc1f6ae540c6ed91342eadca948","name":"Fawz BenAli","url":"https:\/\/kapitalis.com\/tunisie\/author\/fawz\/"}]}},"_links":{"self":[{"href":"https:\/\/kapitalis.com\/tunisie\/wp-json\/wp\/v2\/posts\/979147","targetHints":{"allow":["GET"]}}],"collection":[{"href":"https:\/\/kapitalis.com\/tunisie\/wp-json\/wp\/v2\/posts"}],"about":[{"href":"https:\/\/kapitalis.com\/tunisie\/wp-json\/wp\/v2\/types\/post"}],"author":[{"embeddable":true,"href":"https:\/\/kapitalis.com\/tunisie\/wp-json\/wp\/v2\/users\/26"}],"replies":[{"embeddable":true,"href":"https:\/\/kapitalis.com\/tunisie\/wp-json\/wp\/v2\/comments?post=979147"}],"version-history":[{"count":0,"href":"https:\/\/kapitalis.com\/tunisie\/wp-json\/wp\/v2\/posts\/979147\/revisions"}],"wp:featuredmedia":[{"embeddable":true,"href":"https:\/\/kapitalis.com\/tunisie\/wp-json\/wp\/v2\/media\/979660"}],"wp:attachment":[{"href":"https:\/\/kapitalis.com\/tunisie\/wp-json\/wp\/v2\/media?parent=979147"}],"wp:term":[{"taxonomy":"category","embeddable":true,"href":"https:\/\/kapitalis.com\/tunisie\/wp-json\/wp\/v2\/categories?post=979147"},{"taxonomy":"post_tag","embeddable":true,"href":"https:\/\/kapitalis.com\/tunisie\/wp-json\/wp\/v2\/tags?post=979147"}],"curies":[{"name":"wp","href":"https:\/\/api.w.org\/{rel}","templated":true}]}}