{"id":980560,"date":"2022-05-26T14:06:24","date_gmt":"2022-05-26T13:06:24","guid":{"rendered":"https:\/\/kapitalis.com\/tunisie\/?p=980560"},"modified":"2022-05-26T14:06:26","modified_gmt":"2022-05-26T13:06:26","slug":"les-parlementaires-europeens-appellent-a-un-retour-a-lordre-constitutionnel-en-tunisie","status":"publish","type":"post","link":"https:\/\/kapitalis.com\/tunisie\/2022\/05\/26\/les-parlementaires-europeens-appellent-a-un-retour-a-lordre-constitutionnel-en-tunisie\/","title":{"rendered":"Les parlementaires europ\u00e9ens appellent \u00e0 un retour \u00e0 l&rsquo;ordre constitutionnel en Tunisie"},"content":{"rendered":"\n<p><strong><em>Les d\u00e9put\u00e9s europ\u00e9ens soutiennent un retour \u00abrapide\u00bb \u00e0 l\u2019ordre constitutionnel, \u00abn\u00e9goci\u00e9\u00bb et \u00abconsult\u00e9\u00bb avec tous les acteurs de la soci\u00e9t\u00e9 tunisienne, a d\u00e9clar\u00e9, jeudi 26 mai 2022 \u00e0 Tunis, Marcus Cornaro, ambassadeur de l&rsquo;Union europ\u00e9enne (UE) en Tunisie.<\/em><\/strong><\/p>\n\n\n\n<!--more-->\n\n\n\n<p>D\u2019apr\u00e8s le responsable europ\u00e9en qui s\u2019exprimait en point de presse, une d\u00e9l\u00e9gation de la sous-commission droits de l\u2019homme du Parlement europ\u00e9en s\u2019est rendue \u00e0 Tunis du 22 au 24 mai pour lui permettre de comprendre les enjeux d\u00e9mocratiques qui se jouent actuellement dans le pays.<\/p>\n\n\n\n<p>Des enjeux qui interviennent sur fond de crise politique et \u00e9conomique majeure en Tunisie, quelques mois avant le r\u00e9f\u00e9rendum du 25 juillet, cens\u00e9 apporter une r\u00e9forme constitutionnelle.<\/p>\n\n\n\n<h2 class=\"wp-block-heading\">Pour un retour \u00e0 l&rsquo;ordre constitutionnel<\/h2>\n\n\n\n<p>L\u2019appel des eurod\u00e9put\u00e9s \u00e0 un retour \u00e0 l&rsquo;ordre constitutionnel intervient alors que l&rsquo;Union europ\u00e9enne vient de d\u00e9bloquer un pr\u00eat de 300 millions d&rsquo;euros \u00e0 la Tunisie pour l\u2019aider \u00e0 financer son budget et \u00e0 mettre en \u0153uvre des r\u00e9formes majeures.<\/p>\n\n\n\n<p>Il s\u2019agit du deuxi\u00e8me et dernier versement au titre du programme d\u2019Assistance macro-financi\u00e8re (AMF), approuv\u00e9 en faveur de la Tunisie dans le contexte de la Covid-19. Ce d\u00e9caissement vise att\u00e9nuer les r\u00e9percussions \u00e9conomiques de la pand\u00e9mie et, par la m\u00eame, renforcer la stabilit\u00e9 macro\u00e9conomique, a fait savoir le diplomate europ\u00e9en.<\/p>\n\n\n\n<p>Revenant sur la visite de la d\u00e9l\u00e9gation europ\u00e9enne en Tunisie, qui s\u2019est d\u00e9roul\u00e9e, selon lui, dans le cadre des relations <em>\u00abprivil\u00e9gi\u00e9es\u00bb <\/em>entre les deux parties, Cornaro a indiqu\u00e9 que les eurod\u00e9put\u00e9s ont eu l\u2019occasion de rencontrer un grand nombre d\u2019acteurs institutionnels et de repr\u00e9sentants de la soci\u00e9t\u00e9 civile tunisienne.<\/p>\n\n\n\n<p>Il a, \u00e0 ce propos cit\u00e9, des organisations nationales et de d\u00e9fense des droits humains, des associations actives dans le domaine des droits \u00e9conomiques et sociaux, mais aussi des magistrats, ainsi que des repr\u00e9sentants de partis politiques et des organisations de jeunesse.<\/p>\n\n\n\n<p>Des rencontres ont \u00e9galement eu lieu avec Nourredine Taboubi, secr\u00e9taire g\u00e9n\u00e9ral de l\u2019Union g\u00e9n\u00e9rale tunisienne du travail (UGTT), Samir Majoul, pr\u00e9sident de l\u2019Union tunisienne de l&rsquo;industrie, du commerce et de l&rsquo;artisanat (Utica), Mohamed Yassine Jelassi, pr\u00e9sident du Syndicat national des journalistes tunisiens (SNJT), Fathi Jarray, pr\u00e9sident de l\u2019Instance ind\u00e9pendante pour la pr\u00e9vention de la torture (IIPT), ainsi que Farouk Bouasker, nouveau pr\u00e9sident de l\u2019Instance sup\u00e9rieure ind\u00e9pendante pour les \u00e9lections (Isie) et Sadok Belaid, pr\u00e9sident coordinateur de la Commission nationale consultative pour une Nouvelle R\u00e9publique (CNCNR).<\/p>\n\n\n\n<p>Les discussions ont port\u00e9 principalement sur la probl\u00e9matique de l\u2019\u00c9tat de droit et, en particulier, les dissolutions successives des instances constitutionnelles et de l\u2019Assembl\u00e9e des repr\u00e9sentants du peuple (ARP) ainsi que sur les dangers li\u00e9es \u00e0 la concentration des pouvoirs.<\/p>\n\n\n\n<h2 class=\"wp-block-heading\">Autoritarisme et concentration du pouvoir<\/h2>\n\n\n\n<p>Pendant cette visite, de nombreuses <em>\u00abinqui\u00e9tudes\u00bb<\/em> ont \u00e9t\u00e9 exprim\u00e9es face \u00e0 une concentration de pouvoirs dans les mains d\u2019une seule personne, en l&rsquo;occurrence le pr\u00e9sident de la r\u00e9publique Ka\u00efs Sa\u00efed, et une <em>\u00abd\u00e9rive\u00bb<\/em> autoritaire qui repr\u00e9sente une v\u00e9ritable menace pour les acquis constitutionnels du pays, a-t-il lanc\u00e9.<\/p>\n\n\n\n<p>Pour le responsable europ\u00e9en, le retour \u00e0 la normalit\u00e9 d\u00e9mocratique dans les meilleurs d\u00e9lais et la reprise de l\u2019activit\u00e9 parlementaire constituent des \u00e9tapes <em>\u00abd\u00e9terminantes\u00bb<\/em> pour la Tunisie.<\/p>\n\n\n\n<p><em>\u00abL\u2019ancrage d\u00e9mocratique du pays, le respect de l\u2019Etat de droit et de la constitution doivent \u00eatre pr\u00e9serv\u00e9s\u00bb<\/em>, a-t-il plaid\u00e9, assurant, toutefois, que l\u2019UE se tient toujours aux c\u00f4t\u00e9s du peuple tunisien.<\/p>\n\n\n\n<p><strong><em>D&rsquo;apr\u00e8s Tap<\/em><\/strong>.<\/p>\n","protected":false},"excerpt":{"rendered":"<p>Les d\u00e9put\u00e9s europ\u00e9ens soutiennent un retour \u00abrapide\u00bb \u00e0 l\u2019ordre constitutionnel, \u00abn\u00e9goci\u00e9\u00bb et \u00abconsult\u00e9\u00bb avec tous les acteurs de la soci\u00e9t\u00e9 tunisienne,<\/p>\n","protected":false},"author":8,"featured_media":980645,"comment_status":"open","ping_status":"open","sticky":false,"template":"","format":"standard","meta":{"footnotes":""},"categories":[997,2433],"tags":[76012,85215,21897,693,24287,62643,937],"class_list":["post-980560","post","type-post","status-publish","format-standard","has-post-thumbnail","hentry","category-politique","category-tunisie","tag-kais-saied-2","tag-marcus-cornaro","tag-noureddine-taboubi","tag-parlement-europeen","tag-samir-majoul","tag-tunisie","tag-union-europeenne"],"yoast_head":"<!-- This site is optimized with the Yoast SEO plugin v26.6 - https:\/\/yoast.com\/wordpress\/plugins\/seo\/ -->\n<title>Les parlementaires europ\u00e9ens appellent \u00e0 un retour \u00e0 l&#039;ordre constitutionnel en Tunisie - Kapitalis<\/title>\n<meta name=\"robots\" content=\"index, follow, max-snippet:-1, max-image-preview:large, max-video-preview:-1\" \/>\n<link rel=\"canonical\" href=\"https:\/\/kapitalis.com\/tunisie\/2022\/05\/26\/les-parlementaires-europeens-appellent-a-un-retour-a-lordre-constitutionnel-en-tunisie\/\" \/>\n<meta property=\"og:locale\" content=\"fr_FR\" \/>\n<meta property=\"og:type\" content=\"article\" \/>\n<meta property=\"og:title\" content=\"Les parlementaires europ\u00e9ens appellent \u00e0 un retour \u00e0 l&#039;ordre constitutionnel en Tunisie - Kapitalis\" \/>\n<meta property=\"og:description\" content=\"Les d\u00e9put\u00e9s europ\u00e9ens soutiennent un retour \u00abrapide\u00bb \u00e0 l\u2019ordre constitutionnel, \u00abn\u00e9goci\u00e9\u00bb et \u00abconsult\u00e9\u00bb avec tous les acteurs de la soci\u00e9t\u00e9 tunisienne,\" \/>\n<meta property=\"og:url\" content=\"https:\/\/kapitalis.com\/tunisie\/2022\/05\/26\/les-parlementaires-europeens-appellent-a-un-retour-a-lordre-constitutionnel-en-tunisie\/\" \/>\n<meta property=\"og:site_name\" content=\"Kapitalis\" \/>\n<meta property=\"article:publisher\" content=\"https:\/\/www.facebook.com\/KapitalisInfo\/\" \/>\n<meta property=\"article:published_time\" content=\"2022-05-26T13:06:24+00:00\" \/>\n<meta property=\"article:modified_time\" content=\"2022-05-26T13:06:26+00:00\" \/>\n<meta property=\"og:image\" content=\"https:\/\/kapitalis.com\/tunisie\/wp-content\/uploads\/2022\/05\/Marcus-Cornaro-1.jpg\" \/>\n\t<meta property=\"og:image:width\" content=\"1200\" \/>\n\t<meta property=\"og:image:height\" content=\"630\" \/>\n\t<meta property=\"og:image:type\" content=\"image\/jpeg\" \/>\n<meta name=\"author\" content=\"webmaster kapitalis\" \/>\n<meta name=\"twitter:card\" content=\"summary_large_image\" \/>\n<meta name=\"twitter:creator\" content=\"@KapitalisInfo\" \/>\n<meta name=\"twitter:site\" content=\"@KapitalisInfo\" \/>\n<meta name=\"twitter:label1\" content=\"\u00c9crit par\" \/>\n\t<meta name=\"twitter:data1\" content=\"webmaster kapitalis\" \/>\n\t<meta name=\"twitter:label2\" content=\"Dur\u00e9e de lecture estim\u00e9e\" \/>\n\t<meta name=\"twitter:data2\" content=\"3 minutes\" \/>\n<script type=\"application\/ld+json\" class=\"yoast-schema-graph\">{\"@context\":\"https:\/\/schema.org\",\"@graph\":[{\"@type\":\"Article\",\"@id\":\"https:\/\/kapitalis.com\/tunisie\/2022\/05\/26\/les-parlementaires-europeens-appellent-a-un-retour-a-lordre-constitutionnel-en-tunisie\/#article\",\"isPartOf\":{\"@id\":\"https:\/\/kapitalis.com\/tunisie\/2022\/05\/26\/les-parlementaires-europeens-appellent-a-un-retour-a-lordre-constitutionnel-en-tunisie\/\"},\"author\":{\"name\":\"webmaster kapitalis\",\"@id\":\"https:\/\/kapitalis.com\/tunisie\/#\/schema\/person\/d71f33a9ca44f7bad4698210b480c8e9\"},\"headline\":\"Les parlementaires europ\u00e9ens appellent \u00e0 un retour \u00e0 l&rsquo;ordre constitutionnel en Tunisie\",\"datePublished\":\"2022-05-26T13:06:24+00:00\",\"dateModified\":\"2022-05-26T13:06:26+00:00\",\"mainEntityOfPage\":{\"@id\":\"https:\/\/kapitalis.com\/tunisie\/2022\/05\/26\/les-parlementaires-europeens-appellent-a-un-retour-a-lordre-constitutionnel-en-tunisie\/\"},\"wordCount\":631,\"commentCount\":7,\"publisher\":{\"@id\":\"https:\/\/kapitalis.com\/tunisie\/#organization\"},\"image\":{\"@id\":\"https:\/\/kapitalis.com\/tunisie\/2022\/05\/26\/les-parlementaires-europeens-appellent-a-un-retour-a-lordre-constitutionnel-en-tunisie\/#primaryimage\"},\"thumbnailUrl\":\"https:\/\/kapitalis.com\/tunisie\/wp-content\/uploads\/2022\/05\/Marcus-Cornaro-1.jpg\",\"keywords\":[\"Ka\u00efs Sa\u00efed\",\"Marcus Cornaro\",\"Noureddine Taboubi\",\"Parlement europ\u00e9en\",\"Samir Majoul\",\"Tunisie\",\"Union europ\u00e9enne\"],\"articleSection\":[\"POLITIQUE\",\"Tunisie\"],\"inLanguage\":\"fr-FR\",\"potentialAction\":[{\"@type\":\"CommentAction\",\"name\":\"Comment\",\"target\":[\"https:\/\/kapitalis.com\/tunisie\/2022\/05\/26\/les-parlementaires-europeens-appellent-a-un-retour-a-lordre-constitutionnel-en-tunisie\/#respond\"]}]},{\"@type\":\"WebPage\",\"@id\":\"https:\/\/kapitalis.com\/tunisie\/2022\/05\/26\/les-parlementaires-europeens-appellent-a-un-retour-a-lordre-constitutionnel-en-tunisie\/\",\"url\":\"https:\/\/kapitalis.com\/tunisie\/2022\/05\/26\/les-parlementaires-europeens-appellent-a-un-retour-a-lordre-constitutionnel-en-tunisie\/\",\"name\":\"Les parlementaires europ\u00e9ens appellent \u00e0 un retour \u00e0 l'ordre constitutionnel en Tunisie - Kapitalis\",\"isPartOf\":{\"@id\":\"https:\/\/kapitalis.com\/tunisie\/#website\"},\"primaryImageOfPage\":{\"@id\":\"https:\/\/kapitalis.com\/tunisie\/2022\/05\/26\/les-parlementaires-europeens-appellent-a-un-retour-a-lordre-constitutionnel-en-tunisie\/#primaryimage\"},\"image\":{\"@id\":\"https:\/\/kapitalis.com\/tunisie\/2022\/05\/26\/les-parlementaires-europeens-appellent-a-un-retour-a-lordre-constitutionnel-en-tunisie\/#primaryimage\"},\"thumbnailUrl\":\"https:\/\/kapitalis.com\/tunisie\/wp-content\/uploads\/2022\/05\/Marcus-Cornaro-1.jpg\",\"datePublished\":\"2022-05-26T13:06:24+00:00\",\"dateModified\":\"2022-05-26T13:06:26+00:00\",\"breadcrumb\":{\"@id\":\"https:\/\/kapitalis.com\/tunisie\/2022\/05\/26\/les-parlementaires-europeens-appellent-a-un-retour-a-lordre-constitutionnel-en-tunisie\/#breadcrumb\"},\"inLanguage\":\"fr-FR\",\"potentialAction\":[{\"@type\":\"ReadAction\",\"target\":[\"https:\/\/kapitalis.com\/tunisie\/2022\/05\/26\/les-parlementaires-europeens-appellent-a-un-retour-a-lordre-constitutionnel-en-tunisie\/\"]}]},{\"@type\":\"ImageObject\",\"inLanguage\":\"fr-FR\",\"@id\":\"https:\/\/kapitalis.com\/tunisie\/2022\/05\/26\/les-parlementaires-europeens-appellent-a-un-retour-a-lordre-constitutionnel-en-tunisie\/#primaryimage\",\"url\":\"https:\/\/kapitalis.com\/tunisie\/wp-content\/uploads\/2022\/05\/Marcus-Cornaro-1.jpg\",\"contentUrl\":\"https:\/\/kapitalis.com\/tunisie\/wp-content\/uploads\/2022\/05\/Marcus-Cornaro-1.jpg\",\"width\":1200,\"height\":630},{\"@type\":\"BreadcrumbList\",\"@id\":\"https:\/\/kapitalis.com\/tunisie\/2022\/05\/26\/les-parlementaires-europeens-appellent-a-un-retour-a-lordre-constitutionnel-en-tunisie\/#breadcrumb\",\"itemListElement\":[{\"@type\":\"ListItem\",\"position\":1,\"name\":\"Accueil\",\"item\":\"https:\/\/kapitalis.com\/tunisie\/\"},{\"@type\":\"ListItem\",\"position\":2,\"name\":\"Les parlementaires europ\u00e9ens appellent \u00e0 un retour \u00e0 l&rsquo;ordre constitutionnel en Tunisie\"}]},{\"@type\":\"WebSite\",\"@id\":\"https:\/\/kapitalis.com\/tunisie\/#website\",\"url\":\"https:\/\/kapitalis.com\/tunisie\/\",\"name\":\"Kapitalis\",\"description\":\"L&#039;actualit\u00e9 en Tunisie et dans le monde\",\"publisher\":{\"@id\":\"https:\/\/kapitalis.com\/tunisie\/#organization\"},\"potentialAction\":[{\"@type\":\"SearchAction\",\"target\":{\"@type\":\"EntryPoint\",\"urlTemplate\":\"https:\/\/kapitalis.com\/tunisie\/?s={search_term_string}\"},\"query-input\":{\"@type\":\"PropertyValueSpecification\",\"valueRequired\":true,\"valueName\":\"search_term_string\"}}],\"inLanguage\":\"fr-FR\"},{\"@type\":\"Organization\",\"@id\":\"https:\/\/kapitalis.com\/tunisie\/#organization\",\"name\":\"Kapitalis\",\"url\":\"https:\/\/kapitalis.com\/tunisie\/\",\"logo\":{\"@type\":\"ImageObject\",\"inLanguage\":\"fr-FR\",\"@id\":\"https:\/\/kapitalis.com\/tunisie\/#\/schema\/logo\/image\/\",\"url\":\"https:\/\/kapitalis.com\/tunisie\/wp-content\/uploads\/2022\/05\/Kapitalis-big-size.png\",\"contentUrl\":\"https:\/\/kapitalis.com\/tunisie\/wp-content\/uploads\/2022\/05\/Kapitalis-big-size.png\",\"width\":5000,\"height\":1500,\"caption\":\"Kapitalis\"},\"image\":{\"@id\":\"https:\/\/kapitalis.com\/tunisie\/#\/schema\/logo\/image\/\"},\"sameAs\":[\"https:\/\/www.facebook.com\/KapitalisInfo\/\",\"https:\/\/x.com\/KapitalisInfo\",\"https:\/\/www.youtube.com\/channel\/UC-yDYrHyfFBWWZaOw3FPg9Q\"]},{\"@type\":\"Person\",\"@id\":\"https:\/\/kapitalis.com\/tunisie\/#\/schema\/person\/d71f33a9ca44f7bad4698210b480c8e9\",\"name\":\"webmaster kapitalis\",\"url\":\"https:\/\/kapitalis.com\/tunisie\/author\/webmaster-kapitalis\/\"}]}<\/script>\n<!-- \/ Yoast SEO plugin. -->","yoast_head_json":{"title":"Les parlementaires europ\u00e9ens appellent \u00e0 un retour \u00e0 l'ordre constitutionnel en Tunisie - Kapitalis","robots":{"index":"index","follow":"follow","max-snippet":"max-snippet:-1","max-image-preview":"max-image-preview:large","max-video-preview":"max-video-preview:-1"},"canonical":"https:\/\/kapitalis.com\/tunisie\/2022\/05\/26\/les-parlementaires-europeens-appellent-a-un-retour-a-lordre-constitutionnel-en-tunisie\/","og_locale":"fr_FR","og_type":"article","og_title":"Les parlementaires europ\u00e9ens appellent \u00e0 un retour \u00e0 l'ordre constitutionnel en Tunisie - Kapitalis","og_description":"Les d\u00e9put\u00e9s europ\u00e9ens soutiennent un retour \u00abrapide\u00bb \u00e0 l\u2019ordre constitutionnel, \u00abn\u00e9goci\u00e9\u00bb et \u00abconsult\u00e9\u00bb avec tous les acteurs de la soci\u00e9t\u00e9 tunisienne,","og_url":"https:\/\/kapitalis.com\/tunisie\/2022\/05\/26\/les-parlementaires-europeens-appellent-a-un-retour-a-lordre-constitutionnel-en-tunisie\/","og_site_name":"Kapitalis","article_publisher":"https:\/\/www.facebook.com\/KapitalisInfo\/","article_published_time":"2022-05-26T13:06:24+00:00","article_modified_time":"2022-05-26T13:06:26+00:00","og_image":[{"width":1200,"height":630,"url":"https:\/\/kapitalis.com\/tunisie\/wp-content\/uploads\/2022\/05\/Marcus-Cornaro-1.jpg","type":"image\/jpeg"}],"author":"webmaster kapitalis","twitter_card":"summary_large_image","twitter_creator":"@KapitalisInfo","twitter_site":"@KapitalisInfo","twitter_misc":{"\u00c9crit par":"webmaster kapitalis","Dur\u00e9e de lecture estim\u00e9e":"3 minutes"},"schema":{"@context":"https:\/\/schema.org","@graph":[{"@type":"Article","@id":"https:\/\/kapitalis.com\/tunisie\/2022\/05\/26\/les-parlementaires-europeens-appellent-a-un-retour-a-lordre-constitutionnel-en-tunisie\/#article","isPartOf":{"@id":"https:\/\/kapitalis.com\/tunisie\/2022\/05\/26\/les-parlementaires-europeens-appellent-a-un-retour-a-lordre-constitutionnel-en-tunisie\/"},"author":{"name":"webmaster kapitalis","@id":"https:\/\/kapitalis.com\/tunisie\/#\/schema\/person\/d71f33a9ca44f7bad4698210b480c8e9"},"headline":"Les parlementaires europ\u00e9ens appellent \u00e0 un retour \u00e0 l&rsquo;ordre constitutionnel en Tunisie","datePublished":"2022-05-26T13:06:24+00:00","dateModified":"2022-05-26T13:06:26+00:00","mainEntityOfPage":{"@id":"https:\/\/kapitalis.com\/tunisie\/2022\/05\/26\/les-parlementaires-europeens-appellent-a-un-retour-a-lordre-constitutionnel-en-tunisie\/"},"wordCount":631,"commentCount":7,"publisher":{"@id":"https:\/\/kapitalis.com\/tunisie\/#organization"},"image":{"@id":"https:\/\/kapitalis.com\/tunisie\/2022\/05\/26\/les-parlementaires-europeens-appellent-a-un-retour-a-lordre-constitutionnel-en-tunisie\/#primaryimage"},"thumbnailUrl":"https:\/\/kapitalis.com\/tunisie\/wp-content\/uploads\/2022\/05\/Marcus-Cornaro-1.jpg","keywords":["Ka\u00efs Sa\u00efed","Marcus Cornaro","Noureddine Taboubi","Parlement europ\u00e9en","Samir Majoul","Tunisie","Union europ\u00e9enne"],"articleSection":["POLITIQUE","Tunisie"],"inLanguage":"fr-FR","potentialAction":[{"@type":"CommentAction","name":"Comment","target":["https:\/\/kapitalis.com\/tunisie\/2022\/05\/26\/les-parlementaires-europeens-appellent-a-un-retour-a-lordre-constitutionnel-en-tunisie\/#respond"]}]},{"@type":"WebPage","@id":"https:\/\/kapitalis.com\/tunisie\/2022\/05\/26\/les-parlementaires-europeens-appellent-a-un-retour-a-lordre-constitutionnel-en-tunisie\/","url":"https:\/\/kapitalis.com\/tunisie\/2022\/05\/26\/les-parlementaires-europeens-appellent-a-un-retour-a-lordre-constitutionnel-en-tunisie\/","name":"Les parlementaires europ\u00e9ens appellent \u00e0 un retour \u00e0 l'ordre constitutionnel en Tunisie - Kapitalis","isPartOf":{"@id":"https:\/\/kapitalis.com\/tunisie\/#website"},"primaryImageOfPage":{"@id":"https:\/\/kapitalis.com\/tunisie\/2022\/05\/26\/les-parlementaires-europeens-appellent-a-un-retour-a-lordre-constitutionnel-en-tunisie\/#primaryimage"},"image":{"@id":"https:\/\/kapitalis.com\/tunisie\/2022\/05\/26\/les-parlementaires-europeens-appellent-a-un-retour-a-lordre-constitutionnel-en-tunisie\/#primaryimage"},"thumbnailUrl":"https:\/\/kapitalis.com\/tunisie\/wp-content\/uploads\/2022\/05\/Marcus-Cornaro-1.jpg","datePublished":"2022-05-26T13:06:24+00:00","dateModified":"2022-05-26T13:06:26+00:00","breadcrumb":{"@id":"https:\/\/kapitalis.com\/tunisie\/2022\/05\/26\/les-parlementaires-europeens-appellent-a-un-retour-a-lordre-constitutionnel-en-tunisie\/#breadcrumb"},"inLanguage":"fr-FR","potentialAction":[{"@type":"ReadAction","target":["https:\/\/kapitalis.com\/tunisie\/2022\/05\/26\/les-parlementaires-europeens-appellent-a-un-retour-a-lordre-constitutionnel-en-tunisie\/"]}]},{"@type":"ImageObject","inLanguage":"fr-FR","@id":"https:\/\/kapitalis.com\/tunisie\/2022\/05\/26\/les-parlementaires-europeens-appellent-a-un-retour-a-lordre-constitutionnel-en-tunisie\/#primaryimage","url":"https:\/\/kapitalis.com\/tunisie\/wp-content\/uploads\/2022\/05\/Marcus-Cornaro-1.jpg","contentUrl":"https:\/\/kapitalis.com\/tunisie\/wp-content\/uploads\/2022\/05\/Marcus-Cornaro-1.jpg","width":1200,"height":630},{"@type":"BreadcrumbList","@id":"https:\/\/kapitalis.com\/tunisie\/2022\/05\/26\/les-parlementaires-europeens-appellent-a-un-retour-a-lordre-constitutionnel-en-tunisie\/#breadcrumb","itemListElement":[{"@type":"ListItem","position":1,"name":"Accueil","item":"https:\/\/kapitalis.com\/tunisie\/"},{"@type":"ListItem","position":2,"name":"Les parlementaires europ\u00e9ens appellent \u00e0 un retour \u00e0 l&rsquo;ordre constitutionnel en Tunisie"}]},{"@type":"WebSite","@id":"https:\/\/kapitalis.com\/tunisie\/#website","url":"https:\/\/kapitalis.com\/tunisie\/","name":"Kapitalis","description":"L&#039;actualit\u00e9 en Tunisie et dans le monde","publisher":{"@id":"https:\/\/kapitalis.com\/tunisie\/#organization"},"potentialAction":[{"@type":"SearchAction","target":{"@type":"EntryPoint","urlTemplate":"https:\/\/kapitalis.com\/tunisie\/?s={search_term_string}"},"query-input":{"@type":"PropertyValueSpecification","valueRequired":true,"valueName":"search_term_string"}}],"inLanguage":"fr-FR"},{"@type":"Organization","@id":"https:\/\/kapitalis.com\/tunisie\/#organization","name":"Kapitalis","url":"https:\/\/kapitalis.com\/tunisie\/","logo":{"@type":"ImageObject","inLanguage":"fr-FR","@id":"https:\/\/kapitalis.com\/tunisie\/#\/schema\/logo\/image\/","url":"https:\/\/kapitalis.com\/tunisie\/wp-content\/uploads\/2022\/05\/Kapitalis-big-size.png","contentUrl":"https:\/\/kapitalis.com\/tunisie\/wp-content\/uploads\/2022\/05\/Kapitalis-big-size.png","width":5000,"height":1500,"caption":"Kapitalis"},"image":{"@id":"https:\/\/kapitalis.com\/tunisie\/#\/schema\/logo\/image\/"},"sameAs":["https:\/\/www.facebook.com\/KapitalisInfo\/","https:\/\/x.com\/KapitalisInfo","https:\/\/www.youtube.com\/channel\/UC-yDYrHyfFBWWZaOw3FPg9Q"]},{"@type":"Person","@id":"https:\/\/kapitalis.com\/tunisie\/#\/schema\/person\/d71f33a9ca44f7bad4698210b480c8e9","name":"webmaster kapitalis","url":"https:\/\/kapitalis.com\/tunisie\/author\/webmaster-kapitalis\/"}]}},"_links":{"self":[{"href":"https:\/\/kapitalis.com\/tunisie\/wp-json\/wp\/v2\/posts\/980560","targetHints":{"allow":["GET"]}}],"collection":[{"href":"https:\/\/kapitalis.com\/tunisie\/wp-json\/wp\/v2\/posts"}],"about":[{"href":"https:\/\/kapitalis.com\/tunisie\/wp-json\/wp\/v2\/types\/post"}],"author":[{"embeddable":true,"href":"https:\/\/kapitalis.com\/tunisie\/wp-json\/wp\/v2\/users\/8"}],"replies":[{"embeddable":true,"href":"https:\/\/kapitalis.com\/tunisie\/wp-json\/wp\/v2\/comments?post=980560"}],"version-history":[{"count":0,"href":"https:\/\/kapitalis.com\/tunisie\/wp-json\/wp\/v2\/posts\/980560\/revisions"}],"wp:featuredmedia":[{"embeddable":true,"href":"https:\/\/kapitalis.com\/tunisie\/wp-json\/wp\/v2\/media\/980645"}],"wp:attachment":[{"href":"https:\/\/kapitalis.com\/tunisie\/wp-json\/wp\/v2\/media?parent=980560"}],"wp:term":[{"taxonomy":"category","embeddable":true,"href":"https:\/\/kapitalis.com\/tunisie\/wp-json\/wp\/v2\/categories?post=980560"},{"taxonomy":"post_tag","embeddable":true,"href":"https:\/\/kapitalis.com\/tunisie\/wp-json\/wp\/v2\/tags?post=980560"}],"curies":[{"name":"wp","href":"https:\/\/api.w.org\/{rel}","templated":true}]}}