{"id":981,"date":"2015-05-23T10:05:04","date_gmt":"2015-05-23T09:05:04","guid":{"rendered":"http:\/\/www.kapitalis.com\/tunisie\/?p=981"},"modified":"2015-05-23T10:05:04","modified_gmt":"2015-05-23T09:05:04","slug":"au-secours-les-ligue-pour-la-protection-de-la-revolution-sont-de-retour","status":"publish","type":"post","link":"https:\/\/kapitalis.com\/tunisie\/2015\/05\/23\/au-secours-les-ligue-pour-la-protection-de-la-revolution-sont-de-retour\/","title":{"rendered":"Au secours, la Ligue pour la protection de la r\u00e9volution est de retour!"},"content":{"rendered":"<p><a href=\"http:\/\/kapitalis.net\/wordpress\/wp-content\/uploads\/2015\/05\/Ligue-de-protection-de-la-re\u0301volution.jpg\"><img loading=\"lazy\" decoding=\"async\" class=\"aligncenter size-full wp-image-982\" src=\"http:\/\/kapitalis.net\/wordpress\/wp-content\/uploads\/2015\/05\/Ligue-de-protection-de-la-re\u0301volution.jpg\" alt=\"Ligue-de-protection-de-la-re\u0301volution\" width=\"626\" height=\"380\" \/><\/a><em><strong>Des figures embl\u00e9matiques de la Ligue pour la protection de la r\u00e9volution (LPR), dissoute il y a un an par la justice, appellent \u00e0 une seconde r\u00e9volution.<\/strong><\/em><!--more--><\/p>\n<p>Apr\u00e8s avoir manifest\u00e9, vendredi 22 mai 2015 \u2013 notamment devant le Th\u00e9\u00e2tre municipal, \u00e0 l\u2019Avenue Habib Bourguiba, et devant le si\u00e8ge de l&rsquo;Entreprise tunisienne d&rsquo;activit\u00e9s p\u00e9troli\u00e8res (Etap), \u00e0 l\u2019Avenue Mohamed V \u2013, les partisans de l\u2019ancien pr\u00e9sident provisoire Moncef Marzouki et anciens membres de la Ligue de la protection de la r\u00e9volution (LPR), milice islamiste violente dissoute le 26 mai 2014 par le juge de la 21e chambre du tribunal de premi\u00e8re instance de Tunis, d\u00e9fient la loi et appellent\u00a0 leurs partisans \u00e0 un nouveau rassemblement, samedi 30 mai 2015, \u00e0 <em>\u00abl\u2019avenue de la r\u00e9volution\u00bb<\/em> (Habib Bourguiba) \u00e0 16H00, apr\u00e8s la pri\u00e8re d\u2019Al-Asr.<\/p>\n<p style=\"text-align: center;\"><a href=\"http:\/\/kapitalis.net\/wordpress\/wp-content\/uploads\/2015\/05\/Ligue-de-protection-de-la-re\u0301volution-2.jpg\"><img loading=\"lazy\" decoding=\"async\" class=\"aligncenter size-full wp-image-984\" src=\"http:\/\/kapitalis.net\/wordpress\/wp-content\/uploads\/2015\/05\/Ligue-de-protection-de-la-re\u0301volution-2.jpg\" alt=\"Ligue-de-protection-de-la-re\u0301volution-2\" width=\"500\" height=\"300\" \/><\/a><em>Une poign\u00e9e d&rsquo;agitateurs annoncent une deuxi\u00e8me r\u00e9volution!<\/em><\/p>\n<p>Selon l\u2019agitateur islamiste Imed Dghij, le rassemblement d\u2019hier n\u2019est qu\u2019un avant-go\u00fbt de la r\u00e9volution qui aura lieu, officiellement, samedi prochain, men\u00e9e par \u00ables hommes libres d\u2019Al-Faouar, Douz, Djerba et M\u00e9denine\u00bb (sic !).<\/p>\n<p style=\"text-align: right;\"><strong>Z. A.<\/strong><\/p>\n","protected":false},"excerpt":{"rendered":"<p>Des figures embl\u00e9matiques de la Ligue pour la protection de la r\u00e9volution (LPR), dissoute il y a un an par la justice, appellent \u00e0 une seconde r\u00e9volution.<\/p>\n","protected":false},"author":1,"featured_media":0,"comment_status":"open","ping_status":"open","sticky":false,"template":"","format":"standard","meta":{"footnotes":""},"categories":[997],"tags":[464,609,634,731,753,788,952],"class_list":["post-981","post","type-post","status-publish","format-standard","hentry","category-politique","tag-imed-dghij","tag-milices-islamistes","tag-moncef-marzouki","tag-politique","tag-protection","tag-revolution","tag-violence"],"yoast_head":"<!-- This site is optimized with the Yoast SEO plugin v26.6 - https:\/\/yoast.com\/wordpress\/plugins\/seo\/ -->\n<title>Au secours, la Ligue pour la protection de la r\u00e9volution est de retour! - Kapitalis<\/title>\n<meta name=\"robots\" content=\"index, follow, max-snippet:-1, max-image-preview:large, max-video-preview:-1\" \/>\n<link rel=\"canonical\" href=\"https:\/\/kapitalis.com\/tunisie\/2015\/05\/23\/au-secours-les-ligue-pour-la-protection-de-la-revolution-sont-de-retour\/\" \/>\n<meta property=\"og:locale\" content=\"fr_FR\" \/>\n<meta property=\"og:type\" content=\"article\" \/>\n<meta property=\"og:title\" content=\"Au secours, la Ligue pour la protection de la r\u00e9volution est de retour! - Kapitalis\" \/>\n<meta property=\"og:description\" content=\"Des figures embl\u00e9matiques de la Ligue pour la protection de la r\u00e9volution (LPR), dissoute il y a un an par la justice, appellent \u00e0 une seconde r\u00e9volution.\" \/>\n<meta property=\"og:url\" content=\"https:\/\/kapitalis.com\/tunisie\/2015\/05\/23\/au-secours-les-ligue-pour-la-protection-de-la-revolution-sont-de-retour\/\" \/>\n<meta property=\"og:site_name\" content=\"Kapitalis\" \/>\n<meta property=\"article:publisher\" content=\"https:\/\/www.facebook.com\/KapitalisInfo\/\" \/>\n<meta property=\"article:published_time\" content=\"2015-05-23T09:05:04+00:00\" \/>\n<meta property=\"og:image\" content=\"https:\/\/kapitalis.com\/tunisie\/wp-content\/uploads\/2022\/05\/kapitalis-logo-fb.png\" \/>\n\t<meta property=\"og:image:width\" content=\"1200\" \/>\n\t<meta property=\"og:image:height\" content=\"630\" \/>\n\t<meta property=\"og:image:type\" content=\"image\/png\" \/>\n<meta name=\"author\" content=\"mounir\" \/>\n<meta name=\"twitter:card\" content=\"summary_large_image\" \/>\n<meta name=\"twitter:creator\" content=\"@KapitalisInfo\" \/>\n<meta name=\"twitter:site\" content=\"@KapitalisInfo\" \/>\n<meta name=\"twitter:label1\" content=\"\u00c9crit par\" \/>\n\t<meta name=\"twitter:data1\" content=\"mounir\" \/>\n\t<meta name=\"twitter:label2\" content=\"Dur\u00e9e de lecture estim\u00e9e\" \/>\n\t<meta name=\"twitter:data2\" content=\"1 minute\" \/>\n<script type=\"application\/ld+json\" class=\"yoast-schema-graph\">{\"@context\":\"https:\/\/schema.org\",\"@graph\":[{\"@type\":\"Article\",\"@id\":\"https:\/\/kapitalis.com\/tunisie\/2015\/05\/23\/au-secours-les-ligue-pour-la-protection-de-la-revolution-sont-de-retour\/#article\",\"isPartOf\":{\"@id\":\"https:\/\/kapitalis.com\/tunisie\/2015\/05\/23\/au-secours-les-ligue-pour-la-protection-de-la-revolution-sont-de-retour\/\"},\"author\":{\"name\":\"mounir\",\"@id\":\"https:\/\/kapitalis.com\/tunisie\/#\/schema\/person\/aa55121cdc1c0fa4794a24cff31f746f\"},\"headline\":\"Au secours, la Ligue pour la protection de la r\u00e9volution est de retour!\",\"datePublished\":\"2015-05-23T09:05:04+00:00\",\"mainEntityOfPage\":{\"@id\":\"https:\/\/kapitalis.com\/tunisie\/2015\/05\/23\/au-secours-les-ligue-pour-la-protection-de-la-revolution-sont-de-retour\/\"},\"wordCount\":203,\"commentCount\":1,\"publisher\":{\"@id\":\"https:\/\/kapitalis.com\/tunisie\/#organization\"},\"keywords\":[\"Imed Dghij\",\"milices islamistes\",\"Moncef Marzouki\",\"politique\",\"protection\",\"r\u00e9volution\",\"violence\"],\"articleSection\":[\"POLITIQUE\"],\"inLanguage\":\"fr-FR\",\"potentialAction\":[{\"@type\":\"CommentAction\",\"name\":\"Comment\",\"target\":[\"https:\/\/kapitalis.com\/tunisie\/2015\/05\/23\/au-secours-les-ligue-pour-la-protection-de-la-revolution-sont-de-retour\/#respond\"]}]},{\"@type\":\"WebPage\",\"@id\":\"https:\/\/kapitalis.com\/tunisie\/2015\/05\/23\/au-secours-les-ligue-pour-la-protection-de-la-revolution-sont-de-retour\/\",\"url\":\"https:\/\/kapitalis.com\/tunisie\/2015\/05\/23\/au-secours-les-ligue-pour-la-protection-de-la-revolution-sont-de-retour\/\",\"name\":\"Au secours, la Ligue pour la protection de la r\u00e9volution est de retour! - Kapitalis\",\"isPartOf\":{\"@id\":\"https:\/\/kapitalis.com\/tunisie\/#website\"},\"datePublished\":\"2015-05-23T09:05:04+00:00\",\"breadcrumb\":{\"@id\":\"https:\/\/kapitalis.com\/tunisie\/2015\/05\/23\/au-secours-les-ligue-pour-la-protection-de-la-revolution-sont-de-retour\/#breadcrumb\"},\"inLanguage\":\"fr-FR\",\"potentialAction\":[{\"@type\":\"ReadAction\",\"target\":[\"https:\/\/kapitalis.com\/tunisie\/2015\/05\/23\/au-secours-les-ligue-pour-la-protection-de-la-revolution-sont-de-retour\/\"]}]},{\"@type\":\"BreadcrumbList\",\"@id\":\"https:\/\/kapitalis.com\/tunisie\/2015\/05\/23\/au-secours-les-ligue-pour-la-protection-de-la-revolution-sont-de-retour\/#breadcrumb\",\"itemListElement\":[{\"@type\":\"ListItem\",\"position\":1,\"name\":\"Accueil\",\"item\":\"https:\/\/kapitalis.com\/tunisie\/\"},{\"@type\":\"ListItem\",\"position\":2,\"name\":\"Au secours, la Ligue pour la protection de la r\u00e9volution est de retour!\"}]},{\"@type\":\"WebSite\",\"@id\":\"https:\/\/kapitalis.com\/tunisie\/#website\",\"url\":\"https:\/\/kapitalis.com\/tunisie\/\",\"name\":\"Kapitalis\",\"description\":\"L&#039;actualit\u00e9 en Tunisie et dans le monde\",\"publisher\":{\"@id\":\"https:\/\/kapitalis.com\/tunisie\/#organization\"},\"potentialAction\":[{\"@type\":\"SearchAction\",\"target\":{\"@type\":\"EntryPoint\",\"urlTemplate\":\"https:\/\/kapitalis.com\/tunisie\/?s={search_term_string}\"},\"query-input\":{\"@type\":\"PropertyValueSpecification\",\"valueRequired\":true,\"valueName\":\"search_term_string\"}}],\"inLanguage\":\"fr-FR\"},{\"@type\":\"Organization\",\"@id\":\"https:\/\/kapitalis.com\/tunisie\/#organization\",\"name\":\"Kapitalis\",\"url\":\"https:\/\/kapitalis.com\/tunisie\/\",\"logo\":{\"@type\":\"ImageObject\",\"inLanguage\":\"fr-FR\",\"@id\":\"https:\/\/kapitalis.com\/tunisie\/#\/schema\/logo\/image\/\",\"url\":\"https:\/\/kapitalis.com\/tunisie\/wp-content\/uploads\/2022\/05\/Kapitalis-big-size.png\",\"contentUrl\":\"https:\/\/kapitalis.com\/tunisie\/wp-content\/uploads\/2022\/05\/Kapitalis-big-size.png\",\"width\":5000,\"height\":1500,\"caption\":\"Kapitalis\"},\"image\":{\"@id\":\"https:\/\/kapitalis.com\/tunisie\/#\/schema\/logo\/image\/\"},\"sameAs\":[\"https:\/\/www.facebook.com\/KapitalisInfo\/\",\"https:\/\/x.com\/KapitalisInfo\",\"https:\/\/www.youtube.com\/channel\/UC-yDYrHyfFBWWZaOw3FPg9Q\"]},{\"@type\":\"Person\",\"@id\":\"https:\/\/kapitalis.com\/tunisie\/#\/schema\/person\/aa55121cdc1c0fa4794a24cff31f746f\",\"name\":\"mounir\",\"sameAs\":[\"https:\/\/kapitalis.com\/tunisie\"],\"url\":\"https:\/\/kapitalis.com\/tunisie\/author\/mounir\/\"}]}<\/script>\n<!-- \/ Yoast SEO plugin. -->","yoast_head_json":{"title":"Au secours, la Ligue pour la protection de la r\u00e9volution est de retour! - Kapitalis","robots":{"index":"index","follow":"follow","max-snippet":"max-snippet:-1","max-image-preview":"max-image-preview:large","max-video-preview":"max-video-preview:-1"},"canonical":"https:\/\/kapitalis.com\/tunisie\/2015\/05\/23\/au-secours-les-ligue-pour-la-protection-de-la-revolution-sont-de-retour\/","og_locale":"fr_FR","og_type":"article","og_title":"Au secours, la Ligue pour la protection de la r\u00e9volution est de retour! - Kapitalis","og_description":"Des figures embl\u00e9matiques de la Ligue pour la protection de la r\u00e9volution (LPR), dissoute il y a un an par la justice, appellent \u00e0 une seconde r\u00e9volution.","og_url":"https:\/\/kapitalis.com\/tunisie\/2015\/05\/23\/au-secours-les-ligue-pour-la-protection-de-la-revolution-sont-de-retour\/","og_site_name":"Kapitalis","article_publisher":"https:\/\/www.facebook.com\/KapitalisInfo\/","article_published_time":"2015-05-23T09:05:04+00:00","og_image":[{"width":1200,"height":630,"url":"https:\/\/kapitalis.com\/tunisie\/wp-content\/uploads\/2022\/05\/kapitalis-logo-fb.png","type":"image\/png"}],"author":"mounir","twitter_card":"summary_large_image","twitter_creator":"@KapitalisInfo","twitter_site":"@KapitalisInfo","twitter_misc":{"\u00c9crit par":"mounir","Dur\u00e9e de lecture estim\u00e9e":"1 minute"},"schema":{"@context":"https:\/\/schema.org","@graph":[{"@type":"Article","@id":"https:\/\/kapitalis.com\/tunisie\/2015\/05\/23\/au-secours-les-ligue-pour-la-protection-de-la-revolution-sont-de-retour\/#article","isPartOf":{"@id":"https:\/\/kapitalis.com\/tunisie\/2015\/05\/23\/au-secours-les-ligue-pour-la-protection-de-la-revolution-sont-de-retour\/"},"author":{"name":"mounir","@id":"https:\/\/kapitalis.com\/tunisie\/#\/schema\/person\/aa55121cdc1c0fa4794a24cff31f746f"},"headline":"Au secours, la Ligue pour la protection de la r\u00e9volution est de retour!","datePublished":"2015-05-23T09:05:04+00:00","mainEntityOfPage":{"@id":"https:\/\/kapitalis.com\/tunisie\/2015\/05\/23\/au-secours-les-ligue-pour-la-protection-de-la-revolution-sont-de-retour\/"},"wordCount":203,"commentCount":1,"publisher":{"@id":"https:\/\/kapitalis.com\/tunisie\/#organization"},"keywords":["Imed Dghij","milices islamistes","Moncef Marzouki","politique","protection","r\u00e9volution","violence"],"articleSection":["POLITIQUE"],"inLanguage":"fr-FR","potentialAction":[{"@type":"CommentAction","name":"Comment","target":["https:\/\/kapitalis.com\/tunisie\/2015\/05\/23\/au-secours-les-ligue-pour-la-protection-de-la-revolution-sont-de-retour\/#respond"]}]},{"@type":"WebPage","@id":"https:\/\/kapitalis.com\/tunisie\/2015\/05\/23\/au-secours-les-ligue-pour-la-protection-de-la-revolution-sont-de-retour\/","url":"https:\/\/kapitalis.com\/tunisie\/2015\/05\/23\/au-secours-les-ligue-pour-la-protection-de-la-revolution-sont-de-retour\/","name":"Au secours, la Ligue pour la protection de la r\u00e9volution est de retour! - Kapitalis","isPartOf":{"@id":"https:\/\/kapitalis.com\/tunisie\/#website"},"datePublished":"2015-05-23T09:05:04+00:00","breadcrumb":{"@id":"https:\/\/kapitalis.com\/tunisie\/2015\/05\/23\/au-secours-les-ligue-pour-la-protection-de-la-revolution-sont-de-retour\/#breadcrumb"},"inLanguage":"fr-FR","potentialAction":[{"@type":"ReadAction","target":["https:\/\/kapitalis.com\/tunisie\/2015\/05\/23\/au-secours-les-ligue-pour-la-protection-de-la-revolution-sont-de-retour\/"]}]},{"@type":"BreadcrumbList","@id":"https:\/\/kapitalis.com\/tunisie\/2015\/05\/23\/au-secours-les-ligue-pour-la-protection-de-la-revolution-sont-de-retour\/#breadcrumb","itemListElement":[{"@type":"ListItem","position":1,"name":"Accueil","item":"https:\/\/kapitalis.com\/tunisie\/"},{"@type":"ListItem","position":2,"name":"Au secours, la Ligue pour la protection de la r\u00e9volution est de retour!"}]},{"@type":"WebSite","@id":"https:\/\/kapitalis.com\/tunisie\/#website","url":"https:\/\/kapitalis.com\/tunisie\/","name":"Kapitalis","description":"L&#039;actualit\u00e9 en Tunisie et dans le monde","publisher":{"@id":"https:\/\/kapitalis.com\/tunisie\/#organization"},"potentialAction":[{"@type":"SearchAction","target":{"@type":"EntryPoint","urlTemplate":"https:\/\/kapitalis.com\/tunisie\/?s={search_term_string}"},"query-input":{"@type":"PropertyValueSpecification","valueRequired":true,"valueName":"search_term_string"}}],"inLanguage":"fr-FR"},{"@type":"Organization","@id":"https:\/\/kapitalis.com\/tunisie\/#organization","name":"Kapitalis","url":"https:\/\/kapitalis.com\/tunisie\/","logo":{"@type":"ImageObject","inLanguage":"fr-FR","@id":"https:\/\/kapitalis.com\/tunisie\/#\/schema\/logo\/image\/","url":"https:\/\/kapitalis.com\/tunisie\/wp-content\/uploads\/2022\/05\/Kapitalis-big-size.png","contentUrl":"https:\/\/kapitalis.com\/tunisie\/wp-content\/uploads\/2022\/05\/Kapitalis-big-size.png","width":5000,"height":1500,"caption":"Kapitalis"},"image":{"@id":"https:\/\/kapitalis.com\/tunisie\/#\/schema\/logo\/image\/"},"sameAs":["https:\/\/www.facebook.com\/KapitalisInfo\/","https:\/\/x.com\/KapitalisInfo","https:\/\/www.youtube.com\/channel\/UC-yDYrHyfFBWWZaOw3FPg9Q"]},{"@type":"Person","@id":"https:\/\/kapitalis.com\/tunisie\/#\/schema\/person\/aa55121cdc1c0fa4794a24cff31f746f","name":"mounir","sameAs":["https:\/\/kapitalis.com\/tunisie"],"url":"https:\/\/kapitalis.com\/tunisie\/author\/mounir\/"}]}},"_links":{"self":[{"href":"https:\/\/kapitalis.com\/tunisie\/wp-json\/wp\/v2\/posts\/981","targetHints":{"allow":["GET"]}}],"collection":[{"href":"https:\/\/kapitalis.com\/tunisie\/wp-json\/wp\/v2\/posts"}],"about":[{"href":"https:\/\/kapitalis.com\/tunisie\/wp-json\/wp\/v2\/types\/post"}],"author":[{"embeddable":true,"href":"https:\/\/kapitalis.com\/tunisie\/wp-json\/wp\/v2\/users\/1"}],"replies":[{"embeddable":true,"href":"https:\/\/kapitalis.com\/tunisie\/wp-json\/wp\/v2\/comments?post=981"}],"version-history":[{"count":0,"href":"https:\/\/kapitalis.com\/tunisie\/wp-json\/wp\/v2\/posts\/981\/revisions"}],"wp:attachment":[{"href":"https:\/\/kapitalis.com\/tunisie\/wp-json\/wp\/v2\/media?parent=981"}],"wp:term":[{"taxonomy":"category","embeddable":true,"href":"https:\/\/kapitalis.com\/tunisie\/wp-json\/wp\/v2\/categories?post=981"},{"taxonomy":"post_tag","embeddable":true,"href":"https:\/\/kapitalis.com\/tunisie\/wp-json\/wp\/v2\/tags?post=981"}],"curies":[{"name":"wp","href":"https:\/\/api.w.org\/{rel}","templated":true}]}}