{"id":9816420,"date":"2023-09-17T09:20:46","date_gmt":"2023-09-17T08:20:46","guid":{"rendered":"https:\/\/kapitalis.com\/tunisie\/?p=9816420"},"modified":"2023-09-17T09:24:38","modified_gmt":"2023-09-17T08:24:38","slug":"la-tunisie-ne-portera-pas-seule-le-fardeau-migratoire","status":"publish","type":"post","link":"https:\/\/kapitalis.com\/tunisie\/2023\/09\/17\/la-tunisie-ne-portera-pas-seule-le-fardeau-migratoire\/","title":{"rendered":"La Tunisie ne portera pas seule le fardeau migratoire"},"content":{"rendered":"\n<p><strong><em>Il n\u2019est pas question de faire assumer \u00e0 la Tunisie, qui a \u00e9t\u00e9 parmi les principales victimes de la d\u00e9stabilisation de la Libye, une quelconque responsabilit\u00e9 dans le d\u00e9ferlement migratoire avec ses cons\u00e9quences sociales, \u00e9conomiques, politiques et s\u00e9curitaires sur l\u2019Europe.<\/em><\/strong><\/p>\n\n\n\n<p>Par<strong> Elyes Kasri<\/strong> *<\/p>\n\n\n\n<!--more-->\n\n\n<div class=\"wp-block-image\">\n<figure class=\"alignleft size-full\"><img decoding=\"async\" src=\"http:\/\/kapitalis.com\/tunisie\/wp-content\/uploads\/2021\/06\/Elyes-Kasri.jpg\" alt=\"\" class=\"wp-image-352204\"\/><\/figure>\n<\/div>\n\n\n<p>Les gouvernements et les m\u00e9dias europ\u00e9ens lancent des cris d\u2019effroi devant la recrudescence de la vague migratoire en destination de l\u2019\u00eele italienne de Lampedusa qui rappelle \u00e0 certains \u00e9gards le spectacle du d\u00e9barquement de Normandie avec les pauvres et guenilleux \u00e0 la place des forces alli\u00e9es.<\/p>\n\n\n\n<p>Certains en imputent la responsabilit\u00e9 \u00e0 la Tunisie qui est le dernier point de transit des migrants subsahariens en mettant en exergue le r\u00f4le de passeurs tunisiens comme s\u2019ils \u00e9taient \u00e0 l\u2019origine de cette d\u00e9ferlante migratoire.<\/p>\n\n\n\n<p>Le probl\u00e8me \u00e9mane plut\u00f4t des pays d\u2019origine dans la r\u00e9gion du Sahel africain qui n\u2019ont pas su offrir \u00e0 leurs citoyens suffisamment de raisons et d\u2019espoirs pour rester chez eux.<\/p>\n\n\n\n<h2 class=\"wp-block-heading\">Les vrais responsables<\/h2>\n\n\n\n<p>Il ne faut pas n\u00e9gliger la responsabilit\u00e9 des principaux pays de transit \u00e0 savoir l\u2019Alg\u00e9rie et la Libye qui ferment les yeux sur le passage sur plus de 1000 km sur leur territoire de dizaines de milliers de Subsahariens qui se faufilent \u00e0 travers les fronti\u00e8res de la Tunisie qui n\u2019a certainement pas les moyens de les refouler ou de les garder sur son sol surtout par ces temps de crise, de ch\u00f4mage et de p\u00e9nuries chroniques.<\/p>\n\n\n\n<figure class=\"wp-block-embed is-type-wp-embed is-provider-kapitalis wp-block-embed-kapitalis\"><div class=\"wp-block-embed__wrapper\">\n<blockquote class=\"wp-embedded-content\" data-secret=\"FOdzsLSSrX\"><a href=\"https:\/\/kapitalis.com\/tunisie\/2023\/09\/14\/malgre-laccord-avec-la-tunisie-hausse-des-flux-de-migrants-vers-litalie\/\">Malgr\u00e9 l\u2019accord avec la Tunisie, hausse des flux de migrants vers l\u2019Italie<\/a><\/blockquote><iframe loading=\"lazy\" class=\"wp-embedded-content\" sandbox=\"allow-scripts\" security=\"restricted\" style=\"position: absolute; clip: rect(1px, 1px, 1px, 1px);\" title=\"\u00ab\u00a0Malgr\u00e9 l\u2019accord avec la Tunisie, hausse des flux de migrants vers l\u2019Italie\u00a0\u00bb &#8212; Kapitalis\" src=\"https:\/\/kapitalis.com\/tunisie\/2023\/09\/14\/malgre-laccord-avec-la-tunisie-hausse-des-flux-de-migrants-vers-litalie\/embed\/#?secret=7yMQprfEXR#?secret=FOdzsLSSrX\" data-secret=\"FOdzsLSSrX\" width=\"600\" height=\"338\" frameborder=\"0\" marginwidth=\"0\" marginheight=\"0\" scrolling=\"no\"><\/iframe>\n<\/div><\/figure>\n\n\n\n<p>L\u2019Europe devra assumer sa responsabilit\u00e9 historique des s\u00e9quelles de la colonisation de l\u2019Afrique, d\u2019une mauvaise politique d\u2019aide au d\u00e9veloppement dans l\u2019Afrique sah\u00e9lienne et de la d\u00e9stabilisation de la Libye qui, loin des droits de l\u2019homme et de la d\u00e9mocratie, avait des objectifs sordides avec un leadership du gouvernement Sarkozy qui devra rendre des comptes sinon devant la justice internationale du moins devant l\u2019histoire.<\/p>\n\n\n\n<p>Tant que les responsabilit\u00e9s ne seront pas d\u00e9termin\u00e9es avec objectivit\u00e9 et s\u00e9r\u00e9nit\u00e9, la vague migratoire se transformera en tsunami irr\u00e9sistible pr\u00e9judiciable \u00e0 tous les pays concern\u00e9s.<\/p>\n\n\n\n<h2 class=\"wp-block-heading\">Un march\u00e9 de dupes<\/h2>\n\n\n\n<p>Il ne sera pas question de faire assumer \u00e0 la Tunisie qui a \u00e9t\u00e9 parmi les principales victimes de la d\u00e9stabilisation de la Libye et continuera pendant de nombreuses ann\u00e9es \u00e0 en payer le prix s\u00e9curitaire et \u00e9conomique, une quelconque responsabilit\u00e9 dans ce d\u00e9ferlement migratoire avec ses cons\u00e9quences sociales, \u00e9conomiques, politiques et s\u00e9curitaires sur l\u2019Europe.<\/p>\n\n\n\n<p>Le dialogue devra mettre l\u2019accent sur les pays d\u2019origine de ces migrants et les pays frontaliers de l\u2019Afrique sah\u00e9lienne et principaux points de transit \u00e0 savoir la Libye et l\u2019Alg\u00e9rie.<\/p>\n\n\n\n<p>En d\u00e9pit des amabilit\u00e9s diplomatiques ou des impressions plus ou moins fond\u00e9es, la Tunisie n\u2019a ni la volont\u00e9 ni les moyens d\u2019\u00eatre un point de regroupement ou un centre de d\u00e9tention des candidats \u00e0 la migration ni sur le chemin de l\u2019Europe ni en cas de refoulement. Toute impression contraire n\u2019est que pure illusion ou au mieux un march\u00e9 de dupes.<\/p>\n\n\n\n<p>* <em>Ancien ambassadeur.<\/em><\/p>\n\n\n\n<figure class=\"wp-block-embed is-type-wp-embed is-provider-kapitalis wp-block-embed-kapitalis\"><div class=\"wp-block-embed__wrapper\">\n<blockquote class=\"wp-embedded-content\" data-secret=\"q7KmiUgUFE\"><a href=\"https:\/\/kapitalis.com\/tunisie\/2023\/08\/20\/cest-leurope-ou-la-mort-largent-de-lue-nempeche-pas-les-migrants-de-fuir-la-tunisie\/\">\u00abC\u2019est l\u2019Europe ou la mort\u00bb : l\u2019argent de l\u2019UE n\u2019emp\u00eache pas les migrants de fuir la Tunisie<\/a><\/blockquote><iframe loading=\"lazy\" class=\"wp-embedded-content\" sandbox=\"allow-scripts\" security=\"restricted\" style=\"position: absolute; clip: rect(1px, 1px, 1px, 1px);\" title=\"\u00ab\u00a0\u00abC\u2019est l\u2019Europe ou la mort\u00bb : l\u2019argent de l\u2019UE n\u2019emp\u00eache pas les migrants de fuir la Tunisie\u00a0\u00bb &#8212; Kapitalis\" src=\"https:\/\/kapitalis.com\/tunisie\/2023\/08\/20\/cest-leurope-ou-la-mort-largent-de-lue-nempeche-pas-les-migrants-de-fuir-la-tunisie\/embed\/#?secret=KalvgBAyA4#?secret=q7KmiUgUFE\" data-secret=\"q7KmiUgUFE\" width=\"600\" height=\"338\" frameborder=\"0\" marginwidth=\"0\" marginheight=\"0\" scrolling=\"no\"><\/iframe>\n<\/div><\/figure>\n","protected":false},"excerpt":{"rendered":"<p>La Tunisie n\u2019a ni la volont\u00e9 ni les moyens d\u2019\u00eatre un point de regroupement ou un centre de d\u00e9tention des candidats \u00e0 la migration. <\/p>\n","protected":false},"author":8,"featured_media":9402203,"comment_status":"open","ping_status":"open","sticky":false,"template":"","format":"standard","meta":{"footnotes":""},"categories":[992,997,1000,2433],"tags":[94277,64,82931,505,2842,3145,110978,3146,62643,107607],"class_list":["post-9816420","post","type-post","status-publish","format-standard","has-post-thumbnail","hentry","category-a-la-une","category-politique","category-tribune","category-tunisie","tag-libye-2","tag-algerie","tag-elyes-kasri-2","tag-italie","tag-lampedusa","tag-migrants","tag-sahel-africain","tag-subsahariens","tag-tunisie","tag-union-europeeene"],"yoast_head":"<!-- This site is optimized with the Yoast SEO plugin v26.6 - https:\/\/yoast.com\/wordpress\/plugins\/seo\/ -->\n<title>La Tunisie ne portera pas seule le fardeau migratoire - Kapitalis<\/title>\n<meta name=\"robots\" content=\"index, follow, max-snippet:-1, max-image-preview:large, max-video-preview:-1\" \/>\n<link rel=\"canonical\" href=\"https:\/\/kapitalis.com\/tunisie\/2023\/09\/17\/la-tunisie-ne-portera-pas-seule-le-fardeau-migratoire\/\" \/>\n<meta property=\"og:locale\" content=\"fr_FR\" \/>\n<meta property=\"og:type\" content=\"article\" \/>\n<meta property=\"og:title\" content=\"La Tunisie ne portera pas seule le fardeau migratoire - Kapitalis\" \/>\n<meta property=\"og:description\" content=\"La Tunisie n\u2019a ni la volont\u00e9 ni les moyens d\u2019\u00eatre un point de regroupement ou un centre de d\u00e9tention des candidats \u00e0 la migration.\" \/>\n<meta property=\"og:url\" content=\"https:\/\/kapitalis.com\/tunisie\/2023\/09\/17\/la-tunisie-ne-portera-pas-seule-le-fardeau-migratoire\/\" \/>\n<meta property=\"og:site_name\" content=\"Kapitalis\" \/>\n<meta property=\"article:publisher\" content=\"https:\/\/www.facebook.com\/KapitalisInfo\/\" \/>\n<meta property=\"article:published_time\" content=\"2023-09-17T08:20:46+00:00\" \/>\n<meta property=\"article:modified_time\" content=\"2023-09-17T08:24:38+00:00\" \/>\n<meta property=\"og:image\" content=\"https:\/\/kapitalis.com\/tunisie\/wp-content\/uploads\/2023\/08\/migrants-Tunisie.jpg\" \/>\n\t<meta property=\"og:image:width\" content=\"1200\" \/>\n\t<meta property=\"og:image:height\" content=\"630\" \/>\n\t<meta property=\"og:image:type\" content=\"image\/jpeg\" \/>\n<meta name=\"author\" content=\"webmaster kapitalis\" \/>\n<meta name=\"twitter:card\" content=\"summary_large_image\" \/>\n<meta name=\"twitter:creator\" content=\"@KapitalisInfo\" \/>\n<meta name=\"twitter:site\" content=\"@KapitalisInfo\" \/>\n<meta name=\"twitter:label1\" content=\"\u00c9crit par\" \/>\n\t<meta name=\"twitter:data1\" content=\"webmaster kapitalis\" \/>\n\t<meta name=\"twitter:label2\" content=\"Dur\u00e9e de lecture estim\u00e9e\" \/>\n\t<meta name=\"twitter:data2\" content=\"3 minutes\" \/>\n<script type=\"application\/ld+json\" class=\"yoast-schema-graph\">{\"@context\":\"https:\/\/schema.org\",\"@graph\":[{\"@type\":\"Article\",\"@id\":\"https:\/\/kapitalis.com\/tunisie\/2023\/09\/17\/la-tunisie-ne-portera-pas-seule-le-fardeau-migratoire\/#article\",\"isPartOf\":{\"@id\":\"https:\/\/kapitalis.com\/tunisie\/2023\/09\/17\/la-tunisie-ne-portera-pas-seule-le-fardeau-migratoire\/\"},\"author\":{\"name\":\"webmaster kapitalis\",\"@id\":\"https:\/\/kapitalis.com\/tunisie\/#\/schema\/person\/d71f33a9ca44f7bad4698210b480c8e9\"},\"headline\":\"La Tunisie ne portera pas seule le fardeau migratoire\",\"datePublished\":\"2023-09-17T08:20:46+00:00\",\"dateModified\":\"2023-09-17T08:24:38+00:00\",\"mainEntityOfPage\":{\"@id\":\"https:\/\/kapitalis.com\/tunisie\/2023\/09\/17\/la-tunisie-ne-portera-pas-seule-le-fardeau-migratoire\/\"},\"wordCount\":551,\"commentCount\":6,\"publisher\":{\"@id\":\"https:\/\/kapitalis.com\/tunisie\/#organization\"},\"image\":{\"@id\":\"https:\/\/kapitalis.com\/tunisie\/2023\/09\/17\/la-tunisie-ne-portera-pas-seule-le-fardeau-migratoire\/#primaryimage\"},\"thumbnailUrl\":\"https:\/\/kapitalis.com\/tunisie\/wp-content\/uploads\/2023\/08\/migrants-Tunisie.jpg\",\"keywords\":[\".Libye\",\"Alg\u00e9rie\",\"Elyes Kasri\",\"Italie\",\"Lampedusa\",\"migrants\",\"Sahel africain\",\"subsahariens\",\"Tunisie\",\"Union europ\u00e9eene\"],\"articleSection\":[\"A LA UNE\",\"POLITIQUE\",\"TRIBUNE\",\"Tunisie\"],\"inLanguage\":\"fr-FR\",\"potentialAction\":[{\"@type\":\"CommentAction\",\"name\":\"Comment\",\"target\":[\"https:\/\/kapitalis.com\/tunisie\/2023\/09\/17\/la-tunisie-ne-portera-pas-seule-le-fardeau-migratoire\/#respond\"]}]},{\"@type\":\"WebPage\",\"@id\":\"https:\/\/kapitalis.com\/tunisie\/2023\/09\/17\/la-tunisie-ne-portera-pas-seule-le-fardeau-migratoire\/\",\"url\":\"https:\/\/kapitalis.com\/tunisie\/2023\/09\/17\/la-tunisie-ne-portera-pas-seule-le-fardeau-migratoire\/\",\"name\":\"La Tunisie ne portera pas seule le fardeau migratoire - Kapitalis\",\"isPartOf\":{\"@id\":\"https:\/\/kapitalis.com\/tunisie\/#website\"},\"primaryImageOfPage\":{\"@id\":\"https:\/\/kapitalis.com\/tunisie\/2023\/09\/17\/la-tunisie-ne-portera-pas-seule-le-fardeau-migratoire\/#primaryimage\"},\"image\":{\"@id\":\"https:\/\/kapitalis.com\/tunisie\/2023\/09\/17\/la-tunisie-ne-portera-pas-seule-le-fardeau-migratoire\/#primaryimage\"},\"thumbnailUrl\":\"https:\/\/kapitalis.com\/tunisie\/wp-content\/uploads\/2023\/08\/migrants-Tunisie.jpg\",\"datePublished\":\"2023-09-17T08:20:46+00:00\",\"dateModified\":\"2023-09-17T08:24:38+00:00\",\"breadcrumb\":{\"@id\":\"https:\/\/kapitalis.com\/tunisie\/2023\/09\/17\/la-tunisie-ne-portera-pas-seule-le-fardeau-migratoire\/#breadcrumb\"},\"inLanguage\":\"fr-FR\",\"potentialAction\":[{\"@type\":\"ReadAction\",\"target\":[\"https:\/\/kapitalis.com\/tunisie\/2023\/09\/17\/la-tunisie-ne-portera-pas-seule-le-fardeau-migratoire\/\"]}]},{\"@type\":\"ImageObject\",\"inLanguage\":\"fr-FR\",\"@id\":\"https:\/\/kapitalis.com\/tunisie\/2023\/09\/17\/la-tunisie-ne-portera-pas-seule-le-fardeau-migratoire\/#primaryimage\",\"url\":\"https:\/\/kapitalis.com\/tunisie\/wp-content\/uploads\/2023\/08\/migrants-Tunisie.jpg\",\"contentUrl\":\"https:\/\/kapitalis.com\/tunisie\/wp-content\/uploads\/2023\/08\/migrants-Tunisie.jpg\",\"width\":1200,\"height\":630},{\"@type\":\"BreadcrumbList\",\"@id\":\"https:\/\/kapitalis.com\/tunisie\/2023\/09\/17\/la-tunisie-ne-portera-pas-seule-le-fardeau-migratoire\/#breadcrumb\",\"itemListElement\":[{\"@type\":\"ListItem\",\"position\":1,\"name\":\"Accueil\",\"item\":\"https:\/\/kapitalis.com\/tunisie\/\"},{\"@type\":\"ListItem\",\"position\":2,\"name\":\"La Tunisie ne portera pas seule le fardeau migratoire\"}]},{\"@type\":\"WebSite\",\"@id\":\"https:\/\/kapitalis.com\/tunisie\/#website\",\"url\":\"https:\/\/kapitalis.com\/tunisie\/\",\"name\":\"Kapitalis\",\"description\":\"L&#039;actualit\u00e9 en Tunisie et dans le monde\",\"publisher\":{\"@id\":\"https:\/\/kapitalis.com\/tunisie\/#organization\"},\"potentialAction\":[{\"@type\":\"SearchAction\",\"target\":{\"@type\":\"EntryPoint\",\"urlTemplate\":\"https:\/\/kapitalis.com\/tunisie\/?s={search_term_string}\"},\"query-input\":{\"@type\":\"PropertyValueSpecification\",\"valueRequired\":true,\"valueName\":\"search_term_string\"}}],\"inLanguage\":\"fr-FR\"},{\"@type\":\"Organization\",\"@id\":\"https:\/\/kapitalis.com\/tunisie\/#organization\",\"name\":\"Kapitalis\",\"url\":\"https:\/\/kapitalis.com\/tunisie\/\",\"logo\":{\"@type\":\"ImageObject\",\"inLanguage\":\"fr-FR\",\"@id\":\"https:\/\/kapitalis.com\/tunisie\/#\/schema\/logo\/image\/\",\"url\":\"https:\/\/kapitalis.com\/tunisie\/wp-content\/uploads\/2022\/05\/Kapitalis-big-size.png\",\"contentUrl\":\"https:\/\/kapitalis.com\/tunisie\/wp-content\/uploads\/2022\/05\/Kapitalis-big-size.png\",\"width\":5000,\"height\":1500,\"caption\":\"Kapitalis\"},\"image\":{\"@id\":\"https:\/\/kapitalis.com\/tunisie\/#\/schema\/logo\/image\/\"},\"sameAs\":[\"https:\/\/www.facebook.com\/KapitalisInfo\/\",\"https:\/\/x.com\/KapitalisInfo\",\"https:\/\/www.youtube.com\/channel\/UC-yDYrHyfFBWWZaOw3FPg9Q\"]},{\"@type\":\"Person\",\"@id\":\"https:\/\/kapitalis.com\/tunisie\/#\/schema\/person\/d71f33a9ca44f7bad4698210b480c8e9\",\"name\":\"webmaster kapitalis\",\"url\":\"https:\/\/kapitalis.com\/tunisie\/author\/webmaster-kapitalis\/\"}]}<\/script>\n<!-- \/ Yoast SEO plugin. -->","yoast_head_json":{"title":"La Tunisie ne portera pas seule le fardeau migratoire - Kapitalis","robots":{"index":"index","follow":"follow","max-snippet":"max-snippet:-1","max-image-preview":"max-image-preview:large","max-video-preview":"max-video-preview:-1"},"canonical":"https:\/\/kapitalis.com\/tunisie\/2023\/09\/17\/la-tunisie-ne-portera-pas-seule-le-fardeau-migratoire\/","og_locale":"fr_FR","og_type":"article","og_title":"La Tunisie ne portera pas seule le fardeau migratoire - Kapitalis","og_description":"La Tunisie n\u2019a ni la volont\u00e9 ni les moyens d\u2019\u00eatre un point de regroupement ou un centre de d\u00e9tention des candidats \u00e0 la migration.","og_url":"https:\/\/kapitalis.com\/tunisie\/2023\/09\/17\/la-tunisie-ne-portera-pas-seule-le-fardeau-migratoire\/","og_site_name":"Kapitalis","article_publisher":"https:\/\/www.facebook.com\/KapitalisInfo\/","article_published_time":"2023-09-17T08:20:46+00:00","article_modified_time":"2023-09-17T08:24:38+00:00","og_image":[{"width":1200,"height":630,"url":"https:\/\/kapitalis.com\/tunisie\/wp-content\/uploads\/2023\/08\/migrants-Tunisie.jpg","type":"image\/jpeg"}],"author":"webmaster kapitalis","twitter_card":"summary_large_image","twitter_creator":"@KapitalisInfo","twitter_site":"@KapitalisInfo","twitter_misc":{"\u00c9crit par":"webmaster kapitalis","Dur\u00e9e de lecture estim\u00e9e":"3 minutes"},"schema":{"@context":"https:\/\/schema.org","@graph":[{"@type":"Article","@id":"https:\/\/kapitalis.com\/tunisie\/2023\/09\/17\/la-tunisie-ne-portera-pas-seule-le-fardeau-migratoire\/#article","isPartOf":{"@id":"https:\/\/kapitalis.com\/tunisie\/2023\/09\/17\/la-tunisie-ne-portera-pas-seule-le-fardeau-migratoire\/"},"author":{"name":"webmaster kapitalis","@id":"https:\/\/kapitalis.com\/tunisie\/#\/schema\/person\/d71f33a9ca44f7bad4698210b480c8e9"},"headline":"La Tunisie ne portera pas seule le fardeau migratoire","datePublished":"2023-09-17T08:20:46+00:00","dateModified":"2023-09-17T08:24:38+00:00","mainEntityOfPage":{"@id":"https:\/\/kapitalis.com\/tunisie\/2023\/09\/17\/la-tunisie-ne-portera-pas-seule-le-fardeau-migratoire\/"},"wordCount":551,"commentCount":6,"publisher":{"@id":"https:\/\/kapitalis.com\/tunisie\/#organization"},"image":{"@id":"https:\/\/kapitalis.com\/tunisie\/2023\/09\/17\/la-tunisie-ne-portera-pas-seule-le-fardeau-migratoire\/#primaryimage"},"thumbnailUrl":"https:\/\/kapitalis.com\/tunisie\/wp-content\/uploads\/2023\/08\/migrants-Tunisie.jpg","keywords":[".Libye","Alg\u00e9rie","Elyes Kasri","Italie","Lampedusa","migrants","Sahel africain","subsahariens","Tunisie","Union europ\u00e9eene"],"articleSection":["A LA UNE","POLITIQUE","TRIBUNE","Tunisie"],"inLanguage":"fr-FR","potentialAction":[{"@type":"CommentAction","name":"Comment","target":["https:\/\/kapitalis.com\/tunisie\/2023\/09\/17\/la-tunisie-ne-portera-pas-seule-le-fardeau-migratoire\/#respond"]}]},{"@type":"WebPage","@id":"https:\/\/kapitalis.com\/tunisie\/2023\/09\/17\/la-tunisie-ne-portera-pas-seule-le-fardeau-migratoire\/","url":"https:\/\/kapitalis.com\/tunisie\/2023\/09\/17\/la-tunisie-ne-portera-pas-seule-le-fardeau-migratoire\/","name":"La Tunisie ne portera pas seule le fardeau migratoire - Kapitalis","isPartOf":{"@id":"https:\/\/kapitalis.com\/tunisie\/#website"},"primaryImageOfPage":{"@id":"https:\/\/kapitalis.com\/tunisie\/2023\/09\/17\/la-tunisie-ne-portera-pas-seule-le-fardeau-migratoire\/#primaryimage"},"image":{"@id":"https:\/\/kapitalis.com\/tunisie\/2023\/09\/17\/la-tunisie-ne-portera-pas-seule-le-fardeau-migratoire\/#primaryimage"},"thumbnailUrl":"https:\/\/kapitalis.com\/tunisie\/wp-content\/uploads\/2023\/08\/migrants-Tunisie.jpg","datePublished":"2023-09-17T08:20:46+00:00","dateModified":"2023-09-17T08:24:38+00:00","breadcrumb":{"@id":"https:\/\/kapitalis.com\/tunisie\/2023\/09\/17\/la-tunisie-ne-portera-pas-seule-le-fardeau-migratoire\/#breadcrumb"},"inLanguage":"fr-FR","potentialAction":[{"@type":"ReadAction","target":["https:\/\/kapitalis.com\/tunisie\/2023\/09\/17\/la-tunisie-ne-portera-pas-seule-le-fardeau-migratoire\/"]}]},{"@type":"ImageObject","inLanguage":"fr-FR","@id":"https:\/\/kapitalis.com\/tunisie\/2023\/09\/17\/la-tunisie-ne-portera-pas-seule-le-fardeau-migratoire\/#primaryimage","url":"https:\/\/kapitalis.com\/tunisie\/wp-content\/uploads\/2023\/08\/migrants-Tunisie.jpg","contentUrl":"https:\/\/kapitalis.com\/tunisie\/wp-content\/uploads\/2023\/08\/migrants-Tunisie.jpg","width":1200,"height":630},{"@type":"BreadcrumbList","@id":"https:\/\/kapitalis.com\/tunisie\/2023\/09\/17\/la-tunisie-ne-portera-pas-seule-le-fardeau-migratoire\/#breadcrumb","itemListElement":[{"@type":"ListItem","position":1,"name":"Accueil","item":"https:\/\/kapitalis.com\/tunisie\/"},{"@type":"ListItem","position":2,"name":"La Tunisie ne portera pas seule le fardeau migratoire"}]},{"@type":"WebSite","@id":"https:\/\/kapitalis.com\/tunisie\/#website","url":"https:\/\/kapitalis.com\/tunisie\/","name":"Kapitalis","description":"L&#039;actualit\u00e9 en Tunisie et dans le monde","publisher":{"@id":"https:\/\/kapitalis.com\/tunisie\/#organization"},"potentialAction":[{"@type":"SearchAction","target":{"@type":"EntryPoint","urlTemplate":"https:\/\/kapitalis.com\/tunisie\/?s={search_term_string}"},"query-input":{"@type":"PropertyValueSpecification","valueRequired":true,"valueName":"search_term_string"}}],"inLanguage":"fr-FR"},{"@type":"Organization","@id":"https:\/\/kapitalis.com\/tunisie\/#organization","name":"Kapitalis","url":"https:\/\/kapitalis.com\/tunisie\/","logo":{"@type":"ImageObject","inLanguage":"fr-FR","@id":"https:\/\/kapitalis.com\/tunisie\/#\/schema\/logo\/image\/","url":"https:\/\/kapitalis.com\/tunisie\/wp-content\/uploads\/2022\/05\/Kapitalis-big-size.png","contentUrl":"https:\/\/kapitalis.com\/tunisie\/wp-content\/uploads\/2022\/05\/Kapitalis-big-size.png","width":5000,"height":1500,"caption":"Kapitalis"},"image":{"@id":"https:\/\/kapitalis.com\/tunisie\/#\/schema\/logo\/image\/"},"sameAs":["https:\/\/www.facebook.com\/KapitalisInfo\/","https:\/\/x.com\/KapitalisInfo","https:\/\/www.youtube.com\/channel\/UC-yDYrHyfFBWWZaOw3FPg9Q"]},{"@type":"Person","@id":"https:\/\/kapitalis.com\/tunisie\/#\/schema\/person\/d71f33a9ca44f7bad4698210b480c8e9","name":"webmaster kapitalis","url":"https:\/\/kapitalis.com\/tunisie\/author\/webmaster-kapitalis\/"}]}},"_links":{"self":[{"href":"https:\/\/kapitalis.com\/tunisie\/wp-json\/wp\/v2\/posts\/9816420","targetHints":{"allow":["GET"]}}],"collection":[{"href":"https:\/\/kapitalis.com\/tunisie\/wp-json\/wp\/v2\/posts"}],"about":[{"href":"https:\/\/kapitalis.com\/tunisie\/wp-json\/wp\/v2\/types\/post"}],"author":[{"embeddable":true,"href":"https:\/\/kapitalis.com\/tunisie\/wp-json\/wp\/v2\/users\/8"}],"replies":[{"embeddable":true,"href":"https:\/\/kapitalis.com\/tunisie\/wp-json\/wp\/v2\/comments?post=9816420"}],"version-history":[{"count":3,"href":"https:\/\/kapitalis.com\/tunisie\/wp-json\/wp\/v2\/posts\/9816420\/revisions"}],"predecessor-version":[{"id":9816552,"href":"https:\/\/kapitalis.com\/tunisie\/wp-json\/wp\/v2\/posts\/9816420\/revisions\/9816552"}],"wp:featuredmedia":[{"embeddable":true,"href":"https:\/\/kapitalis.com\/tunisie\/wp-json\/wp\/v2\/media\/9402203"}],"wp:attachment":[{"href":"https:\/\/kapitalis.com\/tunisie\/wp-json\/wp\/v2\/media?parent=9816420"}],"wp:term":[{"taxonomy":"category","embeddable":true,"href":"https:\/\/kapitalis.com\/tunisie\/wp-json\/wp\/v2\/categories?post=9816420"},{"taxonomy":"post_tag","embeddable":true,"href":"https:\/\/kapitalis.com\/tunisie\/wp-json\/wp\/v2\/tags?post=9816420"}],"curies":[{"name":"wp","href":"https:\/\/api.w.org\/{rel}","templated":true}]}}