{"id":9834506,"date":"2023-09-19T07:09:12","date_gmt":"2023-09-19T06:09:12","guid":{"rendered":"https:\/\/kapitalis.com\/tunisie\/?p=9834506"},"modified":"2023-09-19T07:09:14","modified_gmt":"2023-09-19T06:09:14","slug":"tunisie-telecom-et-almadanya-poursuivent-le-combat-contre-labandon-scolaire","status":"publish","type":"post","link":"https:\/\/kapitalis.com\/tunisie\/2023\/09\/19\/tunisie-telecom-et-almadanya-poursuivent-le-combat-contre-labandon-scolaire\/","title":{"rendered":"Tunisie Telecom et Almadanya poursuivent le combat contre l\u2019abandon scolaire"},"content":{"rendered":"\n<p><strong><em>Tunisie Telecom renouvelle, pour la 10e ann\u00e9e cons\u00e9cutive et pour une dur\u00e9e de trois ans, sa convention avec la Fondation Almadanya pour garantir le transport scolaire aux \u00e9l\u00e8ves des r\u00e9gions rurales enclav\u00e9es.<\/em><\/strong><\/p>\n\n\n\n<!--more-->\n\n\n\n<p>C\u2019est en pr\u00e9sence de Lass\u00e2ad Ben Dhiab, PDG de Tunisie Telecom, de Lotfi Maktouf, pr\u00e9sident de la Fondation Almadanya, et d\u2019un parterre de journalistes que s\u2019est tenue, lundi 18 septembre 2023, la c\u00e9r\u00e9monie de signature du contrat renouvelant la collaboration entre les deux parties au profit de l\u2019\u00e9ducation en Tunisie.<\/p>\n\n\n\n<p>Ce contrat de partenariat s\u2019inscrit dans la continuit\u00e9 puisque cette collaboration est renouvel\u00e9e pour la 10<sup>e<\/sup> ann\u00e9e cons\u00e9cutive et pour une p\u00e9riode de 3 ann\u00e9es.<\/p>\n\n\n\n<p>Pour M. Ben Dhiab, <em>\u00abcette continuit\u00e9 est le facteur cl\u00e9 qui illustre notre engagement en faveur de l\u2019inclusion et de l\u2019\u00e9ducation dans notre pays. C\u2019est en accompagnant quotidiennement les \u00e9l\u00e8ves des r\u00e9gions mal desservies par le transport scolaire avec le projet Fatma, durant l\u2019ensemble de leur cursus scolaire, que nous avons pu faire une diff\u00e9rence significative dans la lutte contre l\u2019abandon scolaire et qui est pass\u00e9 de 45% \u00e0 0,05% en 4 ans\u00bb<\/em> apr\u00e8s le d\u00e9but de cette op\u00e9ration dans les zones ainsi desservies.<\/p>\n\n\n\n<p>Toujours dans le domaine du transport scolaire et \u00e0 l\u2019occasion de la Foire du Livre de Tunis, Tunisie Telecom et Almadanya ont pris en charge une grande partie du transport de 3000 \u00e9l\u00e8ves en provenance des r\u00e9gions rurales d\u00e9favoris\u00e9es vers la capitale pour assister \u00e0 cet \u00e9v\u00e9nement. Cette initiative a permis aux \u00e9l\u00e8ves b\u00e9n\u00e9ficiaires de l\u2019op\u00e9ration de d\u00e9couvrir l\u2019univers de l\u2019\u00e9dition et du livre et de se familiariser avec la lecture, en achetant les livres de leur choix au moyen d\u2019un syst\u00e8me simple de bons d\u2019achat. C\u2019\u00e9tait aussi une sortie scolaire que la plupart d\u2019entre eux ne sont pas pr\u00eats d\u2019oublier.<\/p>\n\n\n<div class=\"wp-block-image\">\n<figure class=\"aligncenter size-large is-resized\"><img decoding=\"async\" src=\"https:\/\/kapitalis.com\/tunisie\/wp-content\/uploads\/2023\/09\/TunisieTelecom-Almadanya-1024x538.jpg\" alt=\"\" class=\"wp-image-9834548\" style=\"width:800px\" width=\"800\" srcset=\"https:\/\/kapitalis.com\/tunisie\/wp-content\/uploads\/2023\/09\/TunisieTelecom-Almadanya-1024x538.jpg 1024w, https:\/\/kapitalis.com\/tunisie\/wp-content\/uploads\/2023\/09\/TunisieTelecom-Almadanya-300x158.jpg 300w, https:\/\/kapitalis.com\/tunisie\/wp-content\/uploads\/2023\/09\/TunisieTelecom-Almadanya-768x403.jpg 768w, https:\/\/kapitalis.com\/tunisie\/wp-content\/uploads\/2023\/09\/TunisieTelecom-Almadanya-580x305.jpg 580w, https:\/\/kapitalis.com\/tunisie\/wp-content\/uploads\/2023\/09\/TunisieTelecom-Almadanya-860x452.jpg 860w, https:\/\/kapitalis.com\/tunisie\/wp-content\/uploads\/2023\/09\/TunisieTelecom-Almadanya-1160x609.jpg 1160w, https:\/\/kapitalis.com\/tunisie\/wp-content\/uploads\/2023\/09\/TunisieTelecom-Almadanya.jpg 1200w\" sizes=\"(max-width: 1024px) 100vw, 1024px\" \/><\/figure>\n<\/div>\n\n\n<p>Depuis trois ann\u00e9es, et \u00e0 l\u2019occasion de la rentr\u00e9e scolaire, 3000 cartables remplis de fournitures scolaires \u00e9taient distribu\u00e9s par Tunisie Telecom au profit d\u2019\u00e9l\u00e8ves d\u00e9munis.<\/p>\n\n\n\n<p>Par ailleurs, la collaboration entre Tunisie Telecom et Almadanya s\u2019est \u00e9tendu aux r\u00e9seaux de centres culturels \u00e9tablis et g\u00e9r\u00e9s par cette fondation. L\u2019op\u00e9rateur a \u00e9quip\u00e9 le centre Dar Almadanya du Kef en son, lumi\u00e8re et sc\u00e9nographie, contribuant ainsi au rayonnement du centre et \u00e0 l\u2019efficacit\u00e9 de sa mission culturelle. Les enfants y trouvent une offre culturelle de grande qualit\u00e9 qui compl\u00e8te l\u2019instruction scolaire par une dimension culturelle plus globale et diversifi\u00e9e.<\/p>\n\n\n\n<p>Le pr\u00e9sident d\u2019Almadanya a r\u00e9it\u00e9r\u00e9 ses remerciements \u00e0 Tunisie Telecom <em>\u00abpour son engagement concret en faveur de l\u2019\u00e9ducation au-del\u00e0 des d\u00e9clarations et des discours\u00bb<\/em>.&nbsp;Il a \u00e9galement d\u00e9clar\u00e9 que <em>\u00abTunisie Telecom, entreprise d\u2019envergure nationale, offre l\u2019exemple qu\u2019un leader de son secteur peut \u00e9galement inspirer par son engagement RSE, imbu de valeurs patriotiques de pers\u00e9v\u00e9rance, d\u2019entraide, et d\u2019int\u00e9grit\u00e9.\u00bb<\/em><\/p>\n\n\n\n<p>L\u2019accompagnement et la compl\u00e9mentarit\u00e9 des actions en faveur de l\u2019enseignement de qualit\u00e9 pour tous sont en effet au c\u0153ur de la strat\u00e9gie RSE de l\u2019entreprise nationale de t\u00e9l\u00e9communications qui reste tr\u00e8s active sur les plans social, \u00e9ducatif et culturel. <\/p>\n\n\n\n<p><strong><em>Communiqu\u00e9.<\/em><\/strong><\/p>\n","protected":false},"excerpt":{"rendered":"<p>Tunisie Telecom et la Fondation Almadanya poursuivent leur engagement en faveur de l&rsquo;inclusion scolaire. <\/p>\n","protected":false},"author":8,"featured_media":9834543,"comment_status":"open","ping_status":"open","sticky":false,"template":"","format":"standard","meta":{"footnotes":""},"categories":[998,2433],"tags":[64899,111001,98399,111002,110760,930],"class_list":["post-9834506","post","type-post","status-publish","format-standard","has-post-thumbnail","hentry","category-societe","category-tunisie","tag-abandon-scolaire","tag-fondation-almadanya","tag-lassaad-ben-dhiab-2","tag-lotfi-maktouf","tag-transport-scolaire","tag-tunisie-telecom"],"yoast_head":"<!-- This site is optimized with the Yoast SEO plugin v26.6 - https:\/\/yoast.com\/wordpress\/plugins\/seo\/ -->\n<title>Tunisie Telecom et Almadanya poursuivent le combat contre l\u2019abandon scolaire - Kapitalis<\/title>\n<meta name=\"robots\" content=\"index, follow, max-snippet:-1, max-image-preview:large, max-video-preview:-1\" \/>\n<link rel=\"canonical\" href=\"https:\/\/kapitalis.com\/tunisie\/2023\/09\/19\/tunisie-telecom-et-almadanya-poursuivent-le-combat-contre-labandon-scolaire\/\" \/>\n<meta property=\"og:locale\" content=\"fr_FR\" \/>\n<meta property=\"og:type\" content=\"article\" \/>\n<meta property=\"og:title\" content=\"Tunisie Telecom et Almadanya poursuivent le combat contre l\u2019abandon scolaire - Kapitalis\" \/>\n<meta property=\"og:description\" content=\"Tunisie Telecom et la Fondation Almadanya poursuivent leur engagement en faveur de l&#039;inclusion scolaire.\" \/>\n<meta property=\"og:url\" content=\"https:\/\/kapitalis.com\/tunisie\/2023\/09\/19\/tunisie-telecom-et-almadanya-poursuivent-le-combat-contre-labandon-scolaire\/\" \/>\n<meta property=\"og:site_name\" content=\"Kapitalis\" \/>\n<meta property=\"article:publisher\" content=\"https:\/\/www.facebook.com\/KapitalisInfo\/\" \/>\n<meta property=\"article:published_time\" content=\"2023-09-19T06:09:12+00:00\" \/>\n<meta property=\"article:modified_time\" content=\"2023-09-19T06:09:14+00:00\" \/>\n<meta property=\"og:image\" content=\"https:\/\/kapitalis.com\/tunisie\/wp-content\/uploads\/2023\/09\/Lotfi-Maktouf-Lassaad-Ben-Chiab.jpg\" \/>\n\t<meta property=\"og:image:width\" content=\"1200\" \/>\n\t<meta property=\"og:image:height\" content=\"630\" \/>\n\t<meta property=\"og:image:type\" content=\"image\/jpeg\" \/>\n<meta name=\"author\" content=\"webmaster kapitalis\" \/>\n<meta name=\"twitter:card\" content=\"summary_large_image\" \/>\n<meta name=\"twitter:creator\" content=\"@KapitalisInfo\" \/>\n<meta name=\"twitter:site\" content=\"@KapitalisInfo\" \/>\n<meta name=\"twitter:label1\" content=\"\u00c9crit par\" \/>\n\t<meta name=\"twitter:data1\" content=\"webmaster kapitalis\" \/>\n\t<meta name=\"twitter:label2\" content=\"Dur\u00e9e de lecture estim\u00e9e\" \/>\n\t<meta name=\"twitter:data2\" content=\"3 minutes\" \/>\n<script type=\"application\/ld+json\" class=\"yoast-schema-graph\">{\"@context\":\"https:\/\/schema.org\",\"@graph\":[{\"@type\":\"Article\",\"@id\":\"https:\/\/kapitalis.com\/tunisie\/2023\/09\/19\/tunisie-telecom-et-almadanya-poursuivent-le-combat-contre-labandon-scolaire\/#article\",\"isPartOf\":{\"@id\":\"https:\/\/kapitalis.com\/tunisie\/2023\/09\/19\/tunisie-telecom-et-almadanya-poursuivent-le-combat-contre-labandon-scolaire\/\"},\"author\":{\"name\":\"webmaster kapitalis\",\"@id\":\"https:\/\/kapitalis.com\/tunisie\/#\/schema\/person\/d71f33a9ca44f7bad4698210b480c8e9\"},\"headline\":\"Tunisie Telecom et Almadanya poursuivent le combat contre l\u2019abandon scolaire\",\"datePublished\":\"2023-09-19T06:09:12+00:00\",\"dateModified\":\"2023-09-19T06:09:14+00:00\",\"mainEntityOfPage\":{\"@id\":\"https:\/\/kapitalis.com\/tunisie\/2023\/09\/19\/tunisie-telecom-et-almadanya-poursuivent-le-combat-contre-labandon-scolaire\/\"},\"wordCount\":579,\"commentCount\":0,\"publisher\":{\"@id\":\"https:\/\/kapitalis.com\/tunisie\/#organization\"},\"image\":{\"@id\":\"https:\/\/kapitalis.com\/tunisie\/2023\/09\/19\/tunisie-telecom-et-almadanya-poursuivent-le-combat-contre-labandon-scolaire\/#primaryimage\"},\"thumbnailUrl\":\"https:\/\/kapitalis.com\/tunisie\/wp-content\/uploads\/2023\/09\/Lotfi-Maktouf-Lassaad-Ben-Chiab.jpg\",\"keywords\":[\"abandon scolaire\",\"Fondation Almadanya\",\"Lass\u00e2ad Ben Dhiab\",\"Lotfi Maktouf\",\"transport scolaire\",\"Tunisie Telecom\"],\"articleSection\":[\"SOCIETE\",\"Tunisie\"],\"inLanguage\":\"fr-FR\",\"potentialAction\":[{\"@type\":\"CommentAction\",\"name\":\"Comment\",\"target\":[\"https:\/\/kapitalis.com\/tunisie\/2023\/09\/19\/tunisie-telecom-et-almadanya-poursuivent-le-combat-contre-labandon-scolaire\/#respond\"]}]},{\"@type\":\"WebPage\",\"@id\":\"https:\/\/kapitalis.com\/tunisie\/2023\/09\/19\/tunisie-telecom-et-almadanya-poursuivent-le-combat-contre-labandon-scolaire\/\",\"url\":\"https:\/\/kapitalis.com\/tunisie\/2023\/09\/19\/tunisie-telecom-et-almadanya-poursuivent-le-combat-contre-labandon-scolaire\/\",\"name\":\"Tunisie Telecom et Almadanya poursuivent le combat contre l\u2019abandon scolaire - Kapitalis\",\"isPartOf\":{\"@id\":\"https:\/\/kapitalis.com\/tunisie\/#website\"},\"primaryImageOfPage\":{\"@id\":\"https:\/\/kapitalis.com\/tunisie\/2023\/09\/19\/tunisie-telecom-et-almadanya-poursuivent-le-combat-contre-labandon-scolaire\/#primaryimage\"},\"image\":{\"@id\":\"https:\/\/kapitalis.com\/tunisie\/2023\/09\/19\/tunisie-telecom-et-almadanya-poursuivent-le-combat-contre-labandon-scolaire\/#primaryimage\"},\"thumbnailUrl\":\"https:\/\/kapitalis.com\/tunisie\/wp-content\/uploads\/2023\/09\/Lotfi-Maktouf-Lassaad-Ben-Chiab.jpg\",\"datePublished\":\"2023-09-19T06:09:12+00:00\",\"dateModified\":\"2023-09-19T06:09:14+00:00\",\"breadcrumb\":{\"@id\":\"https:\/\/kapitalis.com\/tunisie\/2023\/09\/19\/tunisie-telecom-et-almadanya-poursuivent-le-combat-contre-labandon-scolaire\/#breadcrumb\"},\"inLanguage\":\"fr-FR\",\"potentialAction\":[{\"@type\":\"ReadAction\",\"target\":[\"https:\/\/kapitalis.com\/tunisie\/2023\/09\/19\/tunisie-telecom-et-almadanya-poursuivent-le-combat-contre-labandon-scolaire\/\"]}]},{\"@type\":\"ImageObject\",\"inLanguage\":\"fr-FR\",\"@id\":\"https:\/\/kapitalis.com\/tunisie\/2023\/09\/19\/tunisie-telecom-et-almadanya-poursuivent-le-combat-contre-labandon-scolaire\/#primaryimage\",\"url\":\"https:\/\/kapitalis.com\/tunisie\/wp-content\/uploads\/2023\/09\/Lotfi-Maktouf-Lassaad-Ben-Chiab.jpg\",\"contentUrl\":\"https:\/\/kapitalis.com\/tunisie\/wp-content\/uploads\/2023\/09\/Lotfi-Maktouf-Lassaad-Ben-Chiab.jpg\",\"width\":1200,\"height\":630},{\"@type\":\"BreadcrumbList\",\"@id\":\"https:\/\/kapitalis.com\/tunisie\/2023\/09\/19\/tunisie-telecom-et-almadanya-poursuivent-le-combat-contre-labandon-scolaire\/#breadcrumb\",\"itemListElement\":[{\"@type\":\"ListItem\",\"position\":1,\"name\":\"Accueil\",\"item\":\"https:\/\/kapitalis.com\/tunisie\/\"},{\"@type\":\"ListItem\",\"position\":2,\"name\":\"Tunisie Telecom et Almadanya poursuivent le combat contre l\u2019abandon scolaire\"}]},{\"@type\":\"WebSite\",\"@id\":\"https:\/\/kapitalis.com\/tunisie\/#website\",\"url\":\"https:\/\/kapitalis.com\/tunisie\/\",\"name\":\"Kapitalis\",\"description\":\"L&#039;actualit\u00e9 en Tunisie et dans le monde\",\"publisher\":{\"@id\":\"https:\/\/kapitalis.com\/tunisie\/#organization\"},\"potentialAction\":[{\"@type\":\"SearchAction\",\"target\":{\"@type\":\"EntryPoint\",\"urlTemplate\":\"https:\/\/kapitalis.com\/tunisie\/?s={search_term_string}\"},\"query-input\":{\"@type\":\"PropertyValueSpecification\",\"valueRequired\":true,\"valueName\":\"search_term_string\"}}],\"inLanguage\":\"fr-FR\"},{\"@type\":\"Organization\",\"@id\":\"https:\/\/kapitalis.com\/tunisie\/#organization\",\"name\":\"Kapitalis\",\"url\":\"https:\/\/kapitalis.com\/tunisie\/\",\"logo\":{\"@type\":\"ImageObject\",\"inLanguage\":\"fr-FR\",\"@id\":\"https:\/\/kapitalis.com\/tunisie\/#\/schema\/logo\/image\/\",\"url\":\"https:\/\/kapitalis.com\/tunisie\/wp-content\/uploads\/2022\/05\/Kapitalis-big-size.png\",\"contentUrl\":\"https:\/\/kapitalis.com\/tunisie\/wp-content\/uploads\/2022\/05\/Kapitalis-big-size.png\",\"width\":5000,\"height\":1500,\"caption\":\"Kapitalis\"},\"image\":{\"@id\":\"https:\/\/kapitalis.com\/tunisie\/#\/schema\/logo\/image\/\"},\"sameAs\":[\"https:\/\/www.facebook.com\/KapitalisInfo\/\",\"https:\/\/x.com\/KapitalisInfo\",\"https:\/\/www.youtube.com\/channel\/UC-yDYrHyfFBWWZaOw3FPg9Q\"]},{\"@type\":\"Person\",\"@id\":\"https:\/\/kapitalis.com\/tunisie\/#\/schema\/person\/d71f33a9ca44f7bad4698210b480c8e9\",\"name\":\"webmaster kapitalis\",\"url\":\"https:\/\/kapitalis.com\/tunisie\/author\/webmaster-kapitalis\/\"}]}<\/script>\n<!-- \/ Yoast SEO plugin. -->","yoast_head_json":{"title":"Tunisie Telecom et Almadanya poursuivent le combat contre l\u2019abandon scolaire - Kapitalis","robots":{"index":"index","follow":"follow","max-snippet":"max-snippet:-1","max-image-preview":"max-image-preview:large","max-video-preview":"max-video-preview:-1"},"canonical":"https:\/\/kapitalis.com\/tunisie\/2023\/09\/19\/tunisie-telecom-et-almadanya-poursuivent-le-combat-contre-labandon-scolaire\/","og_locale":"fr_FR","og_type":"article","og_title":"Tunisie Telecom et Almadanya poursuivent le combat contre l\u2019abandon scolaire - Kapitalis","og_description":"Tunisie Telecom et la Fondation Almadanya poursuivent leur engagement en faveur de l'inclusion scolaire.","og_url":"https:\/\/kapitalis.com\/tunisie\/2023\/09\/19\/tunisie-telecom-et-almadanya-poursuivent-le-combat-contre-labandon-scolaire\/","og_site_name":"Kapitalis","article_publisher":"https:\/\/www.facebook.com\/KapitalisInfo\/","article_published_time":"2023-09-19T06:09:12+00:00","article_modified_time":"2023-09-19T06:09:14+00:00","og_image":[{"width":1200,"height":630,"url":"https:\/\/kapitalis.com\/tunisie\/wp-content\/uploads\/2023\/09\/Lotfi-Maktouf-Lassaad-Ben-Chiab.jpg","type":"image\/jpeg"}],"author":"webmaster kapitalis","twitter_card":"summary_large_image","twitter_creator":"@KapitalisInfo","twitter_site":"@KapitalisInfo","twitter_misc":{"\u00c9crit par":"webmaster kapitalis","Dur\u00e9e de lecture estim\u00e9e":"3 minutes"},"schema":{"@context":"https:\/\/schema.org","@graph":[{"@type":"Article","@id":"https:\/\/kapitalis.com\/tunisie\/2023\/09\/19\/tunisie-telecom-et-almadanya-poursuivent-le-combat-contre-labandon-scolaire\/#article","isPartOf":{"@id":"https:\/\/kapitalis.com\/tunisie\/2023\/09\/19\/tunisie-telecom-et-almadanya-poursuivent-le-combat-contre-labandon-scolaire\/"},"author":{"name":"webmaster kapitalis","@id":"https:\/\/kapitalis.com\/tunisie\/#\/schema\/person\/d71f33a9ca44f7bad4698210b480c8e9"},"headline":"Tunisie Telecom et Almadanya poursuivent le combat contre l\u2019abandon scolaire","datePublished":"2023-09-19T06:09:12+00:00","dateModified":"2023-09-19T06:09:14+00:00","mainEntityOfPage":{"@id":"https:\/\/kapitalis.com\/tunisie\/2023\/09\/19\/tunisie-telecom-et-almadanya-poursuivent-le-combat-contre-labandon-scolaire\/"},"wordCount":579,"commentCount":0,"publisher":{"@id":"https:\/\/kapitalis.com\/tunisie\/#organization"},"image":{"@id":"https:\/\/kapitalis.com\/tunisie\/2023\/09\/19\/tunisie-telecom-et-almadanya-poursuivent-le-combat-contre-labandon-scolaire\/#primaryimage"},"thumbnailUrl":"https:\/\/kapitalis.com\/tunisie\/wp-content\/uploads\/2023\/09\/Lotfi-Maktouf-Lassaad-Ben-Chiab.jpg","keywords":["abandon scolaire","Fondation Almadanya","Lass\u00e2ad Ben Dhiab","Lotfi Maktouf","transport scolaire","Tunisie Telecom"],"articleSection":["SOCIETE","Tunisie"],"inLanguage":"fr-FR","potentialAction":[{"@type":"CommentAction","name":"Comment","target":["https:\/\/kapitalis.com\/tunisie\/2023\/09\/19\/tunisie-telecom-et-almadanya-poursuivent-le-combat-contre-labandon-scolaire\/#respond"]}]},{"@type":"WebPage","@id":"https:\/\/kapitalis.com\/tunisie\/2023\/09\/19\/tunisie-telecom-et-almadanya-poursuivent-le-combat-contre-labandon-scolaire\/","url":"https:\/\/kapitalis.com\/tunisie\/2023\/09\/19\/tunisie-telecom-et-almadanya-poursuivent-le-combat-contre-labandon-scolaire\/","name":"Tunisie Telecom et Almadanya poursuivent le combat contre l\u2019abandon scolaire - Kapitalis","isPartOf":{"@id":"https:\/\/kapitalis.com\/tunisie\/#website"},"primaryImageOfPage":{"@id":"https:\/\/kapitalis.com\/tunisie\/2023\/09\/19\/tunisie-telecom-et-almadanya-poursuivent-le-combat-contre-labandon-scolaire\/#primaryimage"},"image":{"@id":"https:\/\/kapitalis.com\/tunisie\/2023\/09\/19\/tunisie-telecom-et-almadanya-poursuivent-le-combat-contre-labandon-scolaire\/#primaryimage"},"thumbnailUrl":"https:\/\/kapitalis.com\/tunisie\/wp-content\/uploads\/2023\/09\/Lotfi-Maktouf-Lassaad-Ben-Chiab.jpg","datePublished":"2023-09-19T06:09:12+00:00","dateModified":"2023-09-19T06:09:14+00:00","breadcrumb":{"@id":"https:\/\/kapitalis.com\/tunisie\/2023\/09\/19\/tunisie-telecom-et-almadanya-poursuivent-le-combat-contre-labandon-scolaire\/#breadcrumb"},"inLanguage":"fr-FR","potentialAction":[{"@type":"ReadAction","target":["https:\/\/kapitalis.com\/tunisie\/2023\/09\/19\/tunisie-telecom-et-almadanya-poursuivent-le-combat-contre-labandon-scolaire\/"]}]},{"@type":"ImageObject","inLanguage":"fr-FR","@id":"https:\/\/kapitalis.com\/tunisie\/2023\/09\/19\/tunisie-telecom-et-almadanya-poursuivent-le-combat-contre-labandon-scolaire\/#primaryimage","url":"https:\/\/kapitalis.com\/tunisie\/wp-content\/uploads\/2023\/09\/Lotfi-Maktouf-Lassaad-Ben-Chiab.jpg","contentUrl":"https:\/\/kapitalis.com\/tunisie\/wp-content\/uploads\/2023\/09\/Lotfi-Maktouf-Lassaad-Ben-Chiab.jpg","width":1200,"height":630},{"@type":"BreadcrumbList","@id":"https:\/\/kapitalis.com\/tunisie\/2023\/09\/19\/tunisie-telecom-et-almadanya-poursuivent-le-combat-contre-labandon-scolaire\/#breadcrumb","itemListElement":[{"@type":"ListItem","position":1,"name":"Accueil","item":"https:\/\/kapitalis.com\/tunisie\/"},{"@type":"ListItem","position":2,"name":"Tunisie Telecom et Almadanya poursuivent le combat contre l\u2019abandon scolaire"}]},{"@type":"WebSite","@id":"https:\/\/kapitalis.com\/tunisie\/#website","url":"https:\/\/kapitalis.com\/tunisie\/","name":"Kapitalis","description":"L&#039;actualit\u00e9 en Tunisie et dans le monde","publisher":{"@id":"https:\/\/kapitalis.com\/tunisie\/#organization"},"potentialAction":[{"@type":"SearchAction","target":{"@type":"EntryPoint","urlTemplate":"https:\/\/kapitalis.com\/tunisie\/?s={search_term_string}"},"query-input":{"@type":"PropertyValueSpecification","valueRequired":true,"valueName":"search_term_string"}}],"inLanguage":"fr-FR"},{"@type":"Organization","@id":"https:\/\/kapitalis.com\/tunisie\/#organization","name":"Kapitalis","url":"https:\/\/kapitalis.com\/tunisie\/","logo":{"@type":"ImageObject","inLanguage":"fr-FR","@id":"https:\/\/kapitalis.com\/tunisie\/#\/schema\/logo\/image\/","url":"https:\/\/kapitalis.com\/tunisie\/wp-content\/uploads\/2022\/05\/Kapitalis-big-size.png","contentUrl":"https:\/\/kapitalis.com\/tunisie\/wp-content\/uploads\/2022\/05\/Kapitalis-big-size.png","width":5000,"height":1500,"caption":"Kapitalis"},"image":{"@id":"https:\/\/kapitalis.com\/tunisie\/#\/schema\/logo\/image\/"},"sameAs":["https:\/\/www.facebook.com\/KapitalisInfo\/","https:\/\/x.com\/KapitalisInfo","https:\/\/www.youtube.com\/channel\/UC-yDYrHyfFBWWZaOw3FPg9Q"]},{"@type":"Person","@id":"https:\/\/kapitalis.com\/tunisie\/#\/schema\/person\/d71f33a9ca44f7bad4698210b480c8e9","name":"webmaster kapitalis","url":"https:\/\/kapitalis.com\/tunisie\/author\/webmaster-kapitalis\/"}]}},"_links":{"self":[{"href":"https:\/\/kapitalis.com\/tunisie\/wp-json\/wp\/v2\/posts\/9834506","targetHints":{"allow":["GET"]}}],"collection":[{"href":"https:\/\/kapitalis.com\/tunisie\/wp-json\/wp\/v2\/posts"}],"about":[{"href":"https:\/\/kapitalis.com\/tunisie\/wp-json\/wp\/v2\/types\/post"}],"author":[{"embeddable":true,"href":"https:\/\/kapitalis.com\/tunisie\/wp-json\/wp\/v2\/users\/8"}],"replies":[{"embeddable":true,"href":"https:\/\/kapitalis.com\/tunisie\/wp-json\/wp\/v2\/comments?post=9834506"}],"version-history":[{"count":1,"href":"https:\/\/kapitalis.com\/tunisie\/wp-json\/wp\/v2\/posts\/9834506\/revisions"}],"predecessor-version":[{"id":9834555,"href":"https:\/\/kapitalis.com\/tunisie\/wp-json\/wp\/v2\/posts\/9834506\/revisions\/9834555"}],"wp:featuredmedia":[{"embeddable":true,"href":"https:\/\/kapitalis.com\/tunisie\/wp-json\/wp\/v2\/media\/9834543"}],"wp:attachment":[{"href":"https:\/\/kapitalis.com\/tunisie\/wp-json\/wp\/v2\/media?parent=9834506"}],"wp:term":[{"taxonomy":"category","embeddable":true,"href":"https:\/\/kapitalis.com\/tunisie\/wp-json\/wp\/v2\/categories?post=9834506"},{"taxonomy":"post_tag","embeddable":true,"href":"https:\/\/kapitalis.com\/tunisie\/wp-json\/wp\/v2\/tags?post=9834506"}],"curies":[{"name":"wp","href":"https:\/\/api.w.org\/{rel}","templated":true}]}}