{"id":9860286,"date":"2023-09-21T09:37:20","date_gmt":"2023-09-21T08:37:20","guid":{"rendered":"https:\/\/kapitalis.com\/tunisie\/?p=9860286"},"modified":"2023-09-21T09:41:41","modified_gmt":"2023-09-21T08:41:41","slug":"lenvironnement-grand-oublie-des-politiques-gouvernementales-en-tunisie","status":"publish","type":"post","link":"https:\/\/kapitalis.com\/tunisie\/2023\/09\/21\/lenvironnement-grand-oublie-des-politiques-gouvernementales-en-tunisie\/","title":{"rendered":"L\u2019environnement, grand oubli\u00e9 des politiques gouvernementales en Tunisie"},"content":{"rendered":"\n<p><strong><em>Face aux contingences de la crise g\u00e9n\u00e9rale que traverse la Tunisie depuis 2011, la question environnementale y est souvent rel\u00e9gu\u00e9e au second plan, si elle n\u2019est pas totalement ignor\u00e9e. L\u2019action gouvernementale dans ce domaine est r\u00e9duite \u00e0 des actions ponctuelles qui d\u00e9passent rarement le cap de l\u2019effet d\u2019annonce.<\/em><\/strong> <em>(Illustration: construction anarchique dans l&rsquo;oasis de Gab\u00e8s).<\/em><\/p>\n\n\n\n<p>Par <strong>Elyes Kasri<\/strong> * \u00a0\u00a0<\/p>\n\n\n\n<!--more-->\n\n\n<div class=\"wp-block-image\">\n<figure class=\"alignleft size-full\"><img decoding=\"async\" src=\"http:\/\/kapitalis.com\/tunisie\/wp-content\/uploads\/2021\/06\/Elyes-Kasri.jpg\" alt=\"\" class=\"wp-image-352204\"\/><\/figure>\n<\/div>\n\n\n<p>Il est \u00e0 esp\u00e9rer que le nouveau code de l\u2019environnement en voie d\u2019\u00e9laboration mettra en place des m\u00e9canismes efficaces de r\u00e9duction de la pollution a\u00e9rienne et sonore des v\u00e9hicules et motocyclettes surtout dans les zones r\u00e9sidentielles.<\/p>\n\n\n\n<p>La prolif\u00e9ration des v\u00e9hicules automobiles dans les zones r\u00e9sidentielles en l\u2019absence de parkings publics et de transports en commun tendent \u00e0 rendre l\u2019air irrespirable dans les zones r\u00e9sidentielles en plus de la pollution sonore \u00e0 force de klaxons et de v\u00e9hicules et motocyclettes p\u00e9taradants \u00e9metteurs de haut d\u00e9bit en d\u00e9cibels soit en raison de leur v\u00e9tust\u00e9 ou de modifications techniques pour bien marquer leur passage dans ces zones r\u00e9sidentielles surtout la nuit au grand dam des r\u00e9sidents qui souffrent le martyr sans le moindre recours disponible.<\/p>\n\n\n\n<h2 class=\"wp-block-heading\">Mettre fin au flou r\u00e9gnant<\/h2>\n\n\n\n<p>D\u2019autre part, il faudra donner davantage de dents aux diff\u00e9rents textes r\u00e9glementant l\u2019heure d\u2019ouverture des commerces, entre salons de th\u00e9, gargotes et vendeurs de fruits secs qui ne cessent d\u2019ignorer superbement l\u2019arr\u00eat\u00e9 du ministre de l\u2019Int\u00e9rieur du 3 septembre 2004 ordonnant la fermeture de ces commerces entre minuit et 5 heures du matin.<\/p>\n\n\n\n<p>Le nouveau code devra pr\u00e9ciser les modalit\u00e9s de pr\u00e9servation de l\u2019environnement et de la qualit\u00e9 de la vie des citoyens et mettre fin au flou dont profitent des \u00e9nergum\u00e8nes \u00e0 la psychologie douteuse et des commer\u00e7ants ind\u00e9licats.<\/p>\n\n\n\n<p>Il faudra \u00e9galement \u00e9tablir un ratio d\u2019espaces verts par habitant et mettre en place des r\u00e8gles strictes d\u2019exploitation et de mise en valeur dans un cadre participatif avec les r\u00e9sidents et la soci\u00e9t\u00e9 civile.<\/p>\n\n\n\n<p>Il importe que la soci\u00e9t\u00e9 civile soit associ\u00e9e dans chaque zone afin de s\u2019assurer que les nouvelles normes et mesures de protection de l\u2019environnement tiennent suffisamment compte des sp\u00e9cificit\u00e9s de leur zone.<\/p>\n\n\n\n<p>* <em>Ancien ambassadeur.<\/em><\/p>\n\n\n\n<figure class=\"wp-block-embed is-type-wp-embed is-provider-kapitalis wp-block-embed-kapitalis\"><div class=\"wp-block-embed__wrapper\">\n<blockquote class=\"wp-embedded-content\" data-secret=\"PdU8zHYO8c\"><a href=\"https:\/\/kapitalis.com\/tunisie\/2022\/11\/30\/tunisie-preserver-lenvironnement-ou-creer-des-emplois\/\">Tunisie\u00a0: pr\u00e9server l\u2019environnement ou cr\u00e9er des emplois\u00a0?<\/a><\/blockquote><iframe loading=\"lazy\" class=\"wp-embedded-content\" sandbox=\"allow-scripts\" security=\"restricted\" style=\"position: absolute; clip: rect(1px, 1px, 1px, 1px);\" title=\"\u00ab\u00a0Tunisie\u00a0: pr\u00e9server l\u2019environnement ou cr\u00e9er des emplois\u00a0?\u00a0\u00bb &#8212; Kapitalis\" src=\"https:\/\/kapitalis.com\/tunisie\/2022\/11\/30\/tunisie-preserver-lenvironnement-ou-creer-des-emplois\/embed\/#?secret=ahpBqN1Gnh#?secret=PdU8zHYO8c\" data-secret=\"PdU8zHYO8c\" width=\"600\" height=\"338\" frameborder=\"0\" marginwidth=\"0\" marginheight=\"0\" scrolling=\"no\"><\/iframe>\n<\/div><\/figure>\n","protected":false},"excerpt":{"rendered":"<p>En Tunisie, la question environnementale est souvent rel\u00e9gu\u00e9e au second plan. <\/p>\n","protected":false},"author":8,"featured_media":8737416,"comment_status":"open","ping_status":"open","sticky":false,"template":"","format":"standard","meta":{"footnotes":""},"categories":[992,997,1000,2433],"tags":[82931,335,111038,732,62643],"class_list":["post-9860286","post","type-post","status-publish","format-standard","has-post-thumbnail","hentry","category-a-la-une","category-politique","category-tribune","category-tunisie","tag-elyes-kasri-2","tag-environnement","tag-espaces-verts","tag-pollution","tag-tunisie"],"yoast_head":"<!-- This site is optimized with the Yoast SEO plugin v26.6 - https:\/\/yoast.com\/wordpress\/plugins\/seo\/ -->\n<title>L\u2019environnement, grand oubli\u00e9 des politiques gouvernementales en Tunisie - Kapitalis<\/title>\n<meta name=\"robots\" content=\"index, follow, max-snippet:-1, max-image-preview:large, max-video-preview:-1\" \/>\n<link rel=\"canonical\" href=\"https:\/\/kapitalis.com\/tunisie\/2023\/09\/21\/lenvironnement-grand-oublie-des-politiques-gouvernementales-en-tunisie\/\" \/>\n<meta property=\"og:locale\" content=\"fr_FR\" \/>\n<meta property=\"og:type\" content=\"article\" \/>\n<meta property=\"og:title\" content=\"L\u2019environnement, grand oubli\u00e9 des politiques gouvernementales en Tunisie - Kapitalis\" \/>\n<meta property=\"og:description\" content=\"En Tunisie, la question environnementale est souvent rel\u00e9gu\u00e9e au second plan.\" \/>\n<meta property=\"og:url\" content=\"https:\/\/kapitalis.com\/tunisie\/2023\/09\/21\/lenvironnement-grand-oublie-des-politiques-gouvernementales-en-tunisie\/\" \/>\n<meta property=\"og:site_name\" content=\"Kapitalis\" \/>\n<meta property=\"article:publisher\" content=\"https:\/\/www.facebook.com\/KapitalisInfo\/\" \/>\n<meta property=\"article:published_time\" content=\"2023-09-21T08:37:20+00:00\" \/>\n<meta property=\"article:modified_time\" content=\"2023-09-21T08:41:41+00:00\" \/>\n<meta property=\"og:image\" content=\"https:\/\/kapitalis.com\/tunisie\/wp-content\/uploads\/2023\/07\/Oasis-de-Gabes-Construction-anarchique.jpg\" \/>\n\t<meta property=\"og:image:width\" content=\"1200\" \/>\n\t<meta property=\"og:image:height\" content=\"630\" \/>\n\t<meta property=\"og:image:type\" content=\"image\/jpeg\" \/>\n<meta name=\"author\" content=\"webmaster kapitalis\" \/>\n<meta name=\"twitter:card\" content=\"summary_large_image\" \/>\n<meta name=\"twitter:creator\" content=\"@KapitalisInfo\" \/>\n<meta name=\"twitter:site\" content=\"@KapitalisInfo\" \/>\n<meta name=\"twitter:label1\" content=\"\u00c9crit par\" \/>\n\t<meta name=\"twitter:data1\" content=\"webmaster kapitalis\" \/>\n\t<meta name=\"twitter:label2\" content=\"Dur\u00e9e de lecture estim\u00e9e\" \/>\n\t<meta name=\"twitter:data2\" content=\"2 minutes\" \/>\n<script type=\"application\/ld+json\" class=\"yoast-schema-graph\">{\"@context\":\"https:\/\/schema.org\",\"@graph\":[{\"@type\":\"Article\",\"@id\":\"https:\/\/kapitalis.com\/tunisie\/2023\/09\/21\/lenvironnement-grand-oublie-des-politiques-gouvernementales-en-tunisie\/#article\",\"isPartOf\":{\"@id\":\"https:\/\/kapitalis.com\/tunisie\/2023\/09\/21\/lenvironnement-grand-oublie-des-politiques-gouvernementales-en-tunisie\/\"},\"author\":{\"name\":\"webmaster kapitalis\",\"@id\":\"https:\/\/kapitalis.com\/tunisie\/#\/schema\/person\/d71f33a9ca44f7bad4698210b480c8e9\"},\"headline\":\"L\u2019environnement, grand oubli\u00e9 des politiques gouvernementales en Tunisie\",\"datePublished\":\"2023-09-21T08:37:20+00:00\",\"dateModified\":\"2023-09-21T08:41:41+00:00\",\"mainEntityOfPage\":{\"@id\":\"https:\/\/kapitalis.com\/tunisie\/2023\/09\/21\/lenvironnement-grand-oublie-des-politiques-gouvernementales-en-tunisie\/\"},\"wordCount\":410,\"commentCount\":3,\"publisher\":{\"@id\":\"https:\/\/kapitalis.com\/tunisie\/#organization\"},\"image\":{\"@id\":\"https:\/\/kapitalis.com\/tunisie\/2023\/09\/21\/lenvironnement-grand-oublie-des-politiques-gouvernementales-en-tunisie\/#primaryimage\"},\"thumbnailUrl\":\"https:\/\/kapitalis.com\/tunisie\/wp-content\/uploads\/2023\/07\/Oasis-de-Gabes-Construction-anarchique.jpg\",\"keywords\":[\"Elyes Kasri\",\"environnement\",\"espaces verts\",\"pollution\",\"Tunisie\"],\"articleSection\":[\"A LA UNE\",\"POLITIQUE\",\"TRIBUNE\",\"Tunisie\"],\"inLanguage\":\"fr-FR\",\"potentialAction\":[{\"@type\":\"CommentAction\",\"name\":\"Comment\",\"target\":[\"https:\/\/kapitalis.com\/tunisie\/2023\/09\/21\/lenvironnement-grand-oublie-des-politiques-gouvernementales-en-tunisie\/#respond\"]}]},{\"@type\":\"WebPage\",\"@id\":\"https:\/\/kapitalis.com\/tunisie\/2023\/09\/21\/lenvironnement-grand-oublie-des-politiques-gouvernementales-en-tunisie\/\",\"url\":\"https:\/\/kapitalis.com\/tunisie\/2023\/09\/21\/lenvironnement-grand-oublie-des-politiques-gouvernementales-en-tunisie\/\",\"name\":\"L\u2019environnement, grand oubli\u00e9 des politiques gouvernementales en Tunisie - Kapitalis\",\"isPartOf\":{\"@id\":\"https:\/\/kapitalis.com\/tunisie\/#website\"},\"primaryImageOfPage\":{\"@id\":\"https:\/\/kapitalis.com\/tunisie\/2023\/09\/21\/lenvironnement-grand-oublie-des-politiques-gouvernementales-en-tunisie\/#primaryimage\"},\"image\":{\"@id\":\"https:\/\/kapitalis.com\/tunisie\/2023\/09\/21\/lenvironnement-grand-oublie-des-politiques-gouvernementales-en-tunisie\/#primaryimage\"},\"thumbnailUrl\":\"https:\/\/kapitalis.com\/tunisie\/wp-content\/uploads\/2023\/07\/Oasis-de-Gabes-Construction-anarchique.jpg\",\"datePublished\":\"2023-09-21T08:37:20+00:00\",\"dateModified\":\"2023-09-21T08:41:41+00:00\",\"breadcrumb\":{\"@id\":\"https:\/\/kapitalis.com\/tunisie\/2023\/09\/21\/lenvironnement-grand-oublie-des-politiques-gouvernementales-en-tunisie\/#breadcrumb\"},\"inLanguage\":\"fr-FR\",\"potentialAction\":[{\"@type\":\"ReadAction\",\"target\":[\"https:\/\/kapitalis.com\/tunisie\/2023\/09\/21\/lenvironnement-grand-oublie-des-politiques-gouvernementales-en-tunisie\/\"]}]},{\"@type\":\"ImageObject\",\"inLanguage\":\"fr-FR\",\"@id\":\"https:\/\/kapitalis.com\/tunisie\/2023\/09\/21\/lenvironnement-grand-oublie-des-politiques-gouvernementales-en-tunisie\/#primaryimage\",\"url\":\"https:\/\/kapitalis.com\/tunisie\/wp-content\/uploads\/2023\/07\/Oasis-de-Gabes-Construction-anarchique.jpg\",\"contentUrl\":\"https:\/\/kapitalis.com\/tunisie\/wp-content\/uploads\/2023\/07\/Oasis-de-Gabes-Construction-anarchique.jpg\",\"width\":1200,\"height\":630},{\"@type\":\"BreadcrumbList\",\"@id\":\"https:\/\/kapitalis.com\/tunisie\/2023\/09\/21\/lenvironnement-grand-oublie-des-politiques-gouvernementales-en-tunisie\/#breadcrumb\",\"itemListElement\":[{\"@type\":\"ListItem\",\"position\":1,\"name\":\"Accueil\",\"item\":\"https:\/\/kapitalis.com\/tunisie\/\"},{\"@type\":\"ListItem\",\"position\":2,\"name\":\"L\u2019environnement, grand oubli\u00e9 des politiques gouvernementales en Tunisie\"}]},{\"@type\":\"WebSite\",\"@id\":\"https:\/\/kapitalis.com\/tunisie\/#website\",\"url\":\"https:\/\/kapitalis.com\/tunisie\/\",\"name\":\"Kapitalis\",\"description\":\"L&#039;actualit\u00e9 en Tunisie et dans le monde\",\"publisher\":{\"@id\":\"https:\/\/kapitalis.com\/tunisie\/#organization\"},\"potentialAction\":[{\"@type\":\"SearchAction\",\"target\":{\"@type\":\"EntryPoint\",\"urlTemplate\":\"https:\/\/kapitalis.com\/tunisie\/?s={search_term_string}\"},\"query-input\":{\"@type\":\"PropertyValueSpecification\",\"valueRequired\":true,\"valueName\":\"search_term_string\"}}],\"inLanguage\":\"fr-FR\"},{\"@type\":\"Organization\",\"@id\":\"https:\/\/kapitalis.com\/tunisie\/#organization\",\"name\":\"Kapitalis\",\"url\":\"https:\/\/kapitalis.com\/tunisie\/\",\"logo\":{\"@type\":\"ImageObject\",\"inLanguage\":\"fr-FR\",\"@id\":\"https:\/\/kapitalis.com\/tunisie\/#\/schema\/logo\/image\/\",\"url\":\"https:\/\/kapitalis.com\/tunisie\/wp-content\/uploads\/2022\/05\/Kapitalis-big-size.png\",\"contentUrl\":\"https:\/\/kapitalis.com\/tunisie\/wp-content\/uploads\/2022\/05\/Kapitalis-big-size.png\",\"width\":5000,\"height\":1500,\"caption\":\"Kapitalis\"},\"image\":{\"@id\":\"https:\/\/kapitalis.com\/tunisie\/#\/schema\/logo\/image\/\"},\"sameAs\":[\"https:\/\/www.facebook.com\/KapitalisInfo\/\",\"https:\/\/x.com\/KapitalisInfo\",\"https:\/\/www.youtube.com\/channel\/UC-yDYrHyfFBWWZaOw3FPg9Q\"]},{\"@type\":\"Person\",\"@id\":\"https:\/\/kapitalis.com\/tunisie\/#\/schema\/person\/d71f33a9ca44f7bad4698210b480c8e9\",\"name\":\"webmaster kapitalis\",\"url\":\"https:\/\/kapitalis.com\/tunisie\/author\/webmaster-kapitalis\/\"}]}<\/script>\n<!-- \/ Yoast SEO plugin. -->","yoast_head_json":{"title":"L\u2019environnement, grand oubli\u00e9 des politiques gouvernementales en Tunisie - Kapitalis","robots":{"index":"index","follow":"follow","max-snippet":"max-snippet:-1","max-image-preview":"max-image-preview:large","max-video-preview":"max-video-preview:-1"},"canonical":"https:\/\/kapitalis.com\/tunisie\/2023\/09\/21\/lenvironnement-grand-oublie-des-politiques-gouvernementales-en-tunisie\/","og_locale":"fr_FR","og_type":"article","og_title":"L\u2019environnement, grand oubli\u00e9 des politiques gouvernementales en Tunisie - Kapitalis","og_description":"En Tunisie, la question environnementale est souvent rel\u00e9gu\u00e9e au second plan.","og_url":"https:\/\/kapitalis.com\/tunisie\/2023\/09\/21\/lenvironnement-grand-oublie-des-politiques-gouvernementales-en-tunisie\/","og_site_name":"Kapitalis","article_publisher":"https:\/\/www.facebook.com\/KapitalisInfo\/","article_published_time":"2023-09-21T08:37:20+00:00","article_modified_time":"2023-09-21T08:41:41+00:00","og_image":[{"width":1200,"height":630,"url":"https:\/\/kapitalis.com\/tunisie\/wp-content\/uploads\/2023\/07\/Oasis-de-Gabes-Construction-anarchique.jpg","type":"image\/jpeg"}],"author":"webmaster kapitalis","twitter_card":"summary_large_image","twitter_creator":"@KapitalisInfo","twitter_site":"@KapitalisInfo","twitter_misc":{"\u00c9crit par":"webmaster kapitalis","Dur\u00e9e de lecture estim\u00e9e":"2 minutes"},"schema":{"@context":"https:\/\/schema.org","@graph":[{"@type":"Article","@id":"https:\/\/kapitalis.com\/tunisie\/2023\/09\/21\/lenvironnement-grand-oublie-des-politiques-gouvernementales-en-tunisie\/#article","isPartOf":{"@id":"https:\/\/kapitalis.com\/tunisie\/2023\/09\/21\/lenvironnement-grand-oublie-des-politiques-gouvernementales-en-tunisie\/"},"author":{"name":"webmaster kapitalis","@id":"https:\/\/kapitalis.com\/tunisie\/#\/schema\/person\/d71f33a9ca44f7bad4698210b480c8e9"},"headline":"L\u2019environnement, grand oubli\u00e9 des politiques gouvernementales en Tunisie","datePublished":"2023-09-21T08:37:20+00:00","dateModified":"2023-09-21T08:41:41+00:00","mainEntityOfPage":{"@id":"https:\/\/kapitalis.com\/tunisie\/2023\/09\/21\/lenvironnement-grand-oublie-des-politiques-gouvernementales-en-tunisie\/"},"wordCount":410,"commentCount":3,"publisher":{"@id":"https:\/\/kapitalis.com\/tunisie\/#organization"},"image":{"@id":"https:\/\/kapitalis.com\/tunisie\/2023\/09\/21\/lenvironnement-grand-oublie-des-politiques-gouvernementales-en-tunisie\/#primaryimage"},"thumbnailUrl":"https:\/\/kapitalis.com\/tunisie\/wp-content\/uploads\/2023\/07\/Oasis-de-Gabes-Construction-anarchique.jpg","keywords":["Elyes Kasri","environnement","espaces verts","pollution","Tunisie"],"articleSection":["A LA UNE","POLITIQUE","TRIBUNE","Tunisie"],"inLanguage":"fr-FR","potentialAction":[{"@type":"CommentAction","name":"Comment","target":["https:\/\/kapitalis.com\/tunisie\/2023\/09\/21\/lenvironnement-grand-oublie-des-politiques-gouvernementales-en-tunisie\/#respond"]}]},{"@type":"WebPage","@id":"https:\/\/kapitalis.com\/tunisie\/2023\/09\/21\/lenvironnement-grand-oublie-des-politiques-gouvernementales-en-tunisie\/","url":"https:\/\/kapitalis.com\/tunisie\/2023\/09\/21\/lenvironnement-grand-oublie-des-politiques-gouvernementales-en-tunisie\/","name":"L\u2019environnement, grand oubli\u00e9 des politiques gouvernementales en Tunisie - Kapitalis","isPartOf":{"@id":"https:\/\/kapitalis.com\/tunisie\/#website"},"primaryImageOfPage":{"@id":"https:\/\/kapitalis.com\/tunisie\/2023\/09\/21\/lenvironnement-grand-oublie-des-politiques-gouvernementales-en-tunisie\/#primaryimage"},"image":{"@id":"https:\/\/kapitalis.com\/tunisie\/2023\/09\/21\/lenvironnement-grand-oublie-des-politiques-gouvernementales-en-tunisie\/#primaryimage"},"thumbnailUrl":"https:\/\/kapitalis.com\/tunisie\/wp-content\/uploads\/2023\/07\/Oasis-de-Gabes-Construction-anarchique.jpg","datePublished":"2023-09-21T08:37:20+00:00","dateModified":"2023-09-21T08:41:41+00:00","breadcrumb":{"@id":"https:\/\/kapitalis.com\/tunisie\/2023\/09\/21\/lenvironnement-grand-oublie-des-politiques-gouvernementales-en-tunisie\/#breadcrumb"},"inLanguage":"fr-FR","potentialAction":[{"@type":"ReadAction","target":["https:\/\/kapitalis.com\/tunisie\/2023\/09\/21\/lenvironnement-grand-oublie-des-politiques-gouvernementales-en-tunisie\/"]}]},{"@type":"ImageObject","inLanguage":"fr-FR","@id":"https:\/\/kapitalis.com\/tunisie\/2023\/09\/21\/lenvironnement-grand-oublie-des-politiques-gouvernementales-en-tunisie\/#primaryimage","url":"https:\/\/kapitalis.com\/tunisie\/wp-content\/uploads\/2023\/07\/Oasis-de-Gabes-Construction-anarchique.jpg","contentUrl":"https:\/\/kapitalis.com\/tunisie\/wp-content\/uploads\/2023\/07\/Oasis-de-Gabes-Construction-anarchique.jpg","width":1200,"height":630},{"@type":"BreadcrumbList","@id":"https:\/\/kapitalis.com\/tunisie\/2023\/09\/21\/lenvironnement-grand-oublie-des-politiques-gouvernementales-en-tunisie\/#breadcrumb","itemListElement":[{"@type":"ListItem","position":1,"name":"Accueil","item":"https:\/\/kapitalis.com\/tunisie\/"},{"@type":"ListItem","position":2,"name":"L\u2019environnement, grand oubli\u00e9 des politiques gouvernementales en Tunisie"}]},{"@type":"WebSite","@id":"https:\/\/kapitalis.com\/tunisie\/#website","url":"https:\/\/kapitalis.com\/tunisie\/","name":"Kapitalis","description":"L&#039;actualit\u00e9 en Tunisie et dans le monde","publisher":{"@id":"https:\/\/kapitalis.com\/tunisie\/#organization"},"potentialAction":[{"@type":"SearchAction","target":{"@type":"EntryPoint","urlTemplate":"https:\/\/kapitalis.com\/tunisie\/?s={search_term_string}"},"query-input":{"@type":"PropertyValueSpecification","valueRequired":true,"valueName":"search_term_string"}}],"inLanguage":"fr-FR"},{"@type":"Organization","@id":"https:\/\/kapitalis.com\/tunisie\/#organization","name":"Kapitalis","url":"https:\/\/kapitalis.com\/tunisie\/","logo":{"@type":"ImageObject","inLanguage":"fr-FR","@id":"https:\/\/kapitalis.com\/tunisie\/#\/schema\/logo\/image\/","url":"https:\/\/kapitalis.com\/tunisie\/wp-content\/uploads\/2022\/05\/Kapitalis-big-size.png","contentUrl":"https:\/\/kapitalis.com\/tunisie\/wp-content\/uploads\/2022\/05\/Kapitalis-big-size.png","width":5000,"height":1500,"caption":"Kapitalis"},"image":{"@id":"https:\/\/kapitalis.com\/tunisie\/#\/schema\/logo\/image\/"},"sameAs":["https:\/\/www.facebook.com\/KapitalisInfo\/","https:\/\/x.com\/KapitalisInfo","https:\/\/www.youtube.com\/channel\/UC-yDYrHyfFBWWZaOw3FPg9Q"]},{"@type":"Person","@id":"https:\/\/kapitalis.com\/tunisie\/#\/schema\/person\/d71f33a9ca44f7bad4698210b480c8e9","name":"webmaster kapitalis","url":"https:\/\/kapitalis.com\/tunisie\/author\/webmaster-kapitalis\/"}]}},"_links":{"self":[{"href":"https:\/\/kapitalis.com\/tunisie\/wp-json\/wp\/v2\/posts\/9860286","targetHints":{"allow":["GET"]}}],"collection":[{"href":"https:\/\/kapitalis.com\/tunisie\/wp-json\/wp\/v2\/posts"}],"about":[{"href":"https:\/\/kapitalis.com\/tunisie\/wp-json\/wp\/v2\/types\/post"}],"author":[{"embeddable":true,"href":"https:\/\/kapitalis.com\/tunisie\/wp-json\/wp\/v2\/users\/8"}],"replies":[{"embeddable":true,"href":"https:\/\/kapitalis.com\/tunisie\/wp-json\/wp\/v2\/comments?post=9860286"}],"version-history":[{"count":3,"href":"https:\/\/kapitalis.com\/tunisie\/wp-json\/wp\/v2\/posts\/9860286\/revisions"}],"predecessor-version":[{"id":9860415,"href":"https:\/\/kapitalis.com\/tunisie\/wp-json\/wp\/v2\/posts\/9860286\/revisions\/9860415"}],"wp:featuredmedia":[{"embeddable":true,"href":"https:\/\/kapitalis.com\/tunisie\/wp-json\/wp\/v2\/media\/8737416"}],"wp:attachment":[{"href":"https:\/\/kapitalis.com\/tunisie\/wp-json\/wp\/v2\/media?parent=9860286"}],"wp:term":[{"taxonomy":"category","embeddable":true,"href":"https:\/\/kapitalis.com\/tunisie\/wp-json\/wp\/v2\/categories?post=9860286"},{"taxonomy":"post_tag","embeddable":true,"href":"https:\/\/kapitalis.com\/tunisie\/wp-json\/wp\/v2\/tags?post=9860286"}],"curies":[{"name":"wp","href":"https:\/\/api.w.org\/{rel}","templated":true}]}}