{"id":98688,"date":"2017-05-28T11:01:32","date_gmt":"2017-05-28T10:31:32","guid":{"rendered":"http:\/\/kapitalis.com\/tunisie\/?p=98688"},"modified":"2017-05-28T11:01:32","modified_gmt":"2017-05-28T10:31:32","slug":"amina-fakhet-a-carthage-le-vrai-du-faux","status":"publish","type":"post","link":"https:\/\/kapitalis.com\/tunisie\/2017\/05\/28\/amina-fakhet-a-carthage-le-vrai-du-faux\/","title":{"rendered":"Amina Fakhet \u00e0 Carthage : Le vrai du faux"},"content":{"rendered":"<p style=\"text-align: center;\"><img loading=\"lazy\" decoding=\"async\" class=\"alignnone size-full wp-image-98689\" src=\"http:\/\/kapitalis.com\/tunisie\/wp-content\/uploads\/2017\/05\/Amina-Fakhet-Carthage-2004.jpg\" alt=\"\" width=\"626\" height=\"380\" \/><\/p>\n<p style=\"text-align: center;\"><em>Amina Fakhet \u00e0 Carthage le 7 ao\u00fbt 2004.<\/em><\/p>\n<p><em><strong>Amina Fakhet, annonc\u00e9e par la rumeur au Festival de Carthage, ne se produira pas, cet \u00e9t\u00e9, sur la sc\u00e8ne du th\u00e9\u00e2tre romain. Et voici les raisons\u2026<\/strong> <\/em><\/p>\n<p>Par <strong>Hassen Mzoughi<\/strong><\/p>\n<p><!--more--><\/p>\n<p>Le retour d\u2019Amina Fakhet au chant semblait une affaire d\u00e9finitivement class\u00e9e puisque tous les artistes suppos\u00e9s proches des Ben Ali ont \u00e9t\u00e9 interdits de festivals. Par simple d\u00e9cision administrative.<\/p>\n<p>Ce temps est pass\u00e9. Mais on ne sait s\u2019il faut s\u2019en r\u00e9jouir, ou si le retour aux commandes des apparatchiks du RCD, l\u2019ancien parti au pouvoir, pousserait plut\u00f4t au doute, car le flou r\u00e8gne partout, y compris dans le secteur culturel.<\/p>\n<p>Si des artistes ont vite retrouv\u00e9 une libert\u00e9 de mouvements comme Lotfi Bouchnak, d\u2019autres chanteurs <em>\u00abpestif\u00e9r\u00e9s\u00bb<\/em> ont \u00e0 leur tour repris du service. Dont notamment la grande Amina Fakhet, annonc\u00e9e par certaines sources, de retour au Festival Carthage cet \u00e9t\u00e9.<\/p>\n<p>La <em>\u00abrumeur\u00bb<\/em> insistante indique que l\u2019affaire aurait capot\u00e9 pour <em>\u00abune simple humeur d\u2019agent\u00bb<\/em>. L\u2019agent de la chanteuse \u2013 il affirme disposer d\u2019un projet de grands spectacles \u2013 n\u2019aurait pas appr\u00e9ci\u00e9 que son habilitation (accr\u00e9ditation) aupr\u00e8s du minist\u00e8re des Affaires culturelles et des festivals publics ait \u00e9t\u00e9 repouss\u00e9e \u00e0 septembre, soit \u00e0 la fin de la saison des festivit\u00e9s.<\/p>\n<p>Certains \u00e9voquent des suspicions de favoritisme. Voire de liste d\u2019accr\u00e9ditations entach\u00e9e de <em>\u00abcontreparties\u00bb.<\/em><br \/>\nAmina Fakhet aurait retir\u00e9 son accord en soutien \u00e0 son agent.<\/p>\n<p>Qui est derri\u00e8re ce <em>\u00abcontretemps\u00bb<\/em>? Cherche-t-on \u00e0 emp\u00eacher le retour d\u2019Amina Fakhet \u00e0 Carthage? Y a-t-il parmi ces <em>\u00abpestif\u00e9r\u00e9s\u00bb<\/em> des artistes <em>\u00abbon pour le service\u00bb<\/em> et d\u2019autres <em>\u00abcondamn\u00e9s \u00e0 perp\u00e9tuit\u00e9\u00bb<\/em>?<\/p>\n","protected":false},"excerpt":{"rendered":"<p>Amina Fakhet \u00e0 Carthage le 7 ao\u00fbt 2004. Amina Fakhet, annonc\u00e9e par la rumeur au Festival de Carthage, ne se produira pas, cet \u00e9t\u00e9, sur la sc\u00e8ne du th\u00e9\u00e2tre romain. Et voici les raisons\u2026 Par Hassen Mzoughi<\/p>\n","protected":false},"author":8,"featured_media":98689,"comment_status":"open","ping_status":"open","sticky":false,"template":"","format":"standard","meta":{"footnotes":""},"categories":[992,994,2433],"tags":[31841,140,4798,3527,769],"class_list":["post-98688","post","type-post","status-publish","format-standard","has-post-thumbnail","hentry","category-a-la-une","category-culture","category-tunisie","tag-amina-fakhet","tag-ben-ali","tag-festival-de-carthage","tag-lotfi-bouchnak","tag-rcd"],"yoast_head":"<!-- This site is optimized with the Yoast SEO plugin v26.6 - https:\/\/yoast.com\/wordpress\/plugins\/seo\/ -->\n<title>Amina Fakhet \u00e0 Carthage : Le vrai du faux - Kapitalis<\/title>\n<meta name=\"robots\" content=\"index, follow, max-snippet:-1, max-image-preview:large, max-video-preview:-1\" \/>\n<link rel=\"canonical\" href=\"https:\/\/kapitalis.com\/tunisie\/2017\/05\/28\/amina-fakhet-a-carthage-le-vrai-du-faux\/\" \/>\n<meta property=\"og:locale\" content=\"fr_FR\" \/>\n<meta property=\"og:type\" content=\"article\" \/>\n<meta property=\"og:title\" content=\"Amina Fakhet \u00e0 Carthage : Le vrai du faux - Kapitalis\" \/>\n<meta property=\"og:description\" content=\"Amina Fakhet \u00e0 Carthage le 7 ao\u00fbt 2004. Amina Fakhet, annonc\u00e9e par la rumeur au Festival de Carthage, ne se produira pas, cet \u00e9t\u00e9, sur la sc\u00e8ne du th\u00e9\u00e2tre romain. Et voici les raisons\u2026 Par Hassen Mzoughi\" \/>\n<meta property=\"og:url\" content=\"https:\/\/kapitalis.com\/tunisie\/2017\/05\/28\/amina-fakhet-a-carthage-le-vrai-du-faux\/\" \/>\n<meta property=\"og:site_name\" content=\"Kapitalis\" \/>\n<meta property=\"article:publisher\" content=\"https:\/\/www.facebook.com\/KapitalisInfo\/\" \/>\n<meta property=\"article:published_time\" content=\"2017-05-28T10:31:32+00:00\" \/>\n<meta property=\"og:image\" content=\"https:\/\/kapitalis.com\/tunisie\/wp-content\/uploads\/2022\/05\/kapitalis-logo-fb.png\" \/>\n\t<meta property=\"og:image:width\" content=\"1200\" \/>\n\t<meta property=\"og:image:height\" content=\"630\" \/>\n\t<meta property=\"og:image:type\" content=\"image\/png\" \/>\n<meta name=\"author\" content=\"webmaster kapitalis\" \/>\n<meta name=\"twitter:card\" content=\"summary_large_image\" \/>\n<meta name=\"twitter:creator\" content=\"@KapitalisInfo\" \/>\n<meta name=\"twitter:site\" content=\"@KapitalisInfo\" \/>\n<meta name=\"twitter:label1\" content=\"\u00c9crit par\" \/>\n\t<meta name=\"twitter:data1\" content=\"webmaster kapitalis\" \/>\n\t<meta name=\"twitter:label2\" content=\"Dur\u00e9e de lecture estim\u00e9e\" \/>\n\t<meta name=\"twitter:data2\" content=\"1 minute\" \/>\n<script type=\"application\/ld+json\" class=\"yoast-schema-graph\">{\"@context\":\"https:\/\/schema.org\",\"@graph\":[{\"@type\":\"Article\",\"@id\":\"https:\/\/kapitalis.com\/tunisie\/2017\/05\/28\/amina-fakhet-a-carthage-le-vrai-du-faux\/#article\",\"isPartOf\":{\"@id\":\"https:\/\/kapitalis.com\/tunisie\/2017\/05\/28\/amina-fakhet-a-carthage-le-vrai-du-faux\/\"},\"author\":{\"name\":\"webmaster kapitalis\",\"@id\":\"https:\/\/kapitalis.com\/tunisie\/#\/schema\/person\/d71f33a9ca44f7bad4698210b480c8e9\"},\"headline\":\"Amina Fakhet \u00e0 Carthage : Le vrai du faux\",\"datePublished\":\"2017-05-28T10:31:32+00:00\",\"mainEntityOfPage\":{\"@id\":\"https:\/\/kapitalis.com\/tunisie\/2017\/05\/28\/amina-fakhet-a-carthage-le-vrai-du-faux\/\"},\"wordCount\":295,\"commentCount\":4,\"publisher\":{\"@id\":\"https:\/\/kapitalis.com\/tunisie\/#organization\"},\"image\":{\"@id\":\"https:\/\/kapitalis.com\/tunisie\/2017\/05\/28\/amina-fakhet-a-carthage-le-vrai-du-faux\/#primaryimage\"},\"thumbnailUrl\":\"\",\"keywords\":[\"Amina Fakhet\",\"Ben Ali\",\"Festival de Carthage\",\"Lotfi Bouchnak\",\"RCD\"],\"articleSection\":[\"A LA UNE\",\"CULTURE\",\"Tunisie\"],\"inLanguage\":\"fr-FR\",\"potentialAction\":[{\"@type\":\"CommentAction\",\"name\":\"Comment\",\"target\":[\"https:\/\/kapitalis.com\/tunisie\/2017\/05\/28\/amina-fakhet-a-carthage-le-vrai-du-faux\/#respond\"]}]},{\"@type\":\"WebPage\",\"@id\":\"https:\/\/kapitalis.com\/tunisie\/2017\/05\/28\/amina-fakhet-a-carthage-le-vrai-du-faux\/\",\"url\":\"https:\/\/kapitalis.com\/tunisie\/2017\/05\/28\/amina-fakhet-a-carthage-le-vrai-du-faux\/\",\"name\":\"Amina Fakhet \u00e0 Carthage : Le vrai du faux - Kapitalis\",\"isPartOf\":{\"@id\":\"https:\/\/kapitalis.com\/tunisie\/#website\"},\"primaryImageOfPage\":{\"@id\":\"https:\/\/kapitalis.com\/tunisie\/2017\/05\/28\/amina-fakhet-a-carthage-le-vrai-du-faux\/#primaryimage\"},\"image\":{\"@id\":\"https:\/\/kapitalis.com\/tunisie\/2017\/05\/28\/amina-fakhet-a-carthage-le-vrai-du-faux\/#primaryimage\"},\"thumbnailUrl\":\"\",\"datePublished\":\"2017-05-28T10:31:32+00:00\",\"breadcrumb\":{\"@id\":\"https:\/\/kapitalis.com\/tunisie\/2017\/05\/28\/amina-fakhet-a-carthage-le-vrai-du-faux\/#breadcrumb\"},\"inLanguage\":\"fr-FR\",\"potentialAction\":[{\"@type\":\"ReadAction\",\"target\":[\"https:\/\/kapitalis.com\/tunisie\/2017\/05\/28\/amina-fakhet-a-carthage-le-vrai-du-faux\/\"]}]},{\"@type\":\"ImageObject\",\"inLanguage\":\"fr-FR\",\"@id\":\"https:\/\/kapitalis.com\/tunisie\/2017\/05\/28\/amina-fakhet-a-carthage-le-vrai-du-faux\/#primaryimage\",\"url\":\"\",\"contentUrl\":\"\"},{\"@type\":\"BreadcrumbList\",\"@id\":\"https:\/\/kapitalis.com\/tunisie\/2017\/05\/28\/amina-fakhet-a-carthage-le-vrai-du-faux\/#breadcrumb\",\"itemListElement\":[{\"@type\":\"ListItem\",\"position\":1,\"name\":\"Accueil\",\"item\":\"https:\/\/kapitalis.com\/tunisie\/\"},{\"@type\":\"ListItem\",\"position\":2,\"name\":\"Amina Fakhet \u00e0 Carthage : Le vrai du faux\"}]},{\"@type\":\"WebSite\",\"@id\":\"https:\/\/kapitalis.com\/tunisie\/#website\",\"url\":\"https:\/\/kapitalis.com\/tunisie\/\",\"name\":\"Kapitalis\",\"description\":\"L&#039;actualit\u00e9 en Tunisie et dans le monde\",\"publisher\":{\"@id\":\"https:\/\/kapitalis.com\/tunisie\/#organization\"},\"potentialAction\":[{\"@type\":\"SearchAction\",\"target\":{\"@type\":\"EntryPoint\",\"urlTemplate\":\"https:\/\/kapitalis.com\/tunisie\/?s={search_term_string}\"},\"query-input\":{\"@type\":\"PropertyValueSpecification\",\"valueRequired\":true,\"valueName\":\"search_term_string\"}}],\"inLanguage\":\"fr-FR\"},{\"@type\":\"Organization\",\"@id\":\"https:\/\/kapitalis.com\/tunisie\/#organization\",\"name\":\"Kapitalis\",\"url\":\"https:\/\/kapitalis.com\/tunisie\/\",\"logo\":{\"@type\":\"ImageObject\",\"inLanguage\":\"fr-FR\",\"@id\":\"https:\/\/kapitalis.com\/tunisie\/#\/schema\/logo\/image\/\",\"url\":\"https:\/\/kapitalis.com\/tunisie\/wp-content\/uploads\/2022\/05\/Kapitalis-big-size.png\",\"contentUrl\":\"https:\/\/kapitalis.com\/tunisie\/wp-content\/uploads\/2022\/05\/Kapitalis-big-size.png\",\"width\":5000,\"height\":1500,\"caption\":\"Kapitalis\"},\"image\":{\"@id\":\"https:\/\/kapitalis.com\/tunisie\/#\/schema\/logo\/image\/\"},\"sameAs\":[\"https:\/\/www.facebook.com\/KapitalisInfo\/\",\"https:\/\/x.com\/KapitalisInfo\",\"https:\/\/www.youtube.com\/channel\/UC-yDYrHyfFBWWZaOw3FPg9Q\"]},{\"@type\":\"Person\",\"@id\":\"https:\/\/kapitalis.com\/tunisie\/#\/schema\/person\/d71f33a9ca44f7bad4698210b480c8e9\",\"name\":\"webmaster kapitalis\",\"url\":\"https:\/\/kapitalis.com\/tunisie\/author\/webmaster-kapitalis\/\"}]}<\/script>\n<!-- \/ Yoast SEO plugin. -->","yoast_head_json":{"title":"Amina Fakhet \u00e0 Carthage : Le vrai du faux - Kapitalis","robots":{"index":"index","follow":"follow","max-snippet":"max-snippet:-1","max-image-preview":"max-image-preview:large","max-video-preview":"max-video-preview:-1"},"canonical":"https:\/\/kapitalis.com\/tunisie\/2017\/05\/28\/amina-fakhet-a-carthage-le-vrai-du-faux\/","og_locale":"fr_FR","og_type":"article","og_title":"Amina Fakhet \u00e0 Carthage : Le vrai du faux - Kapitalis","og_description":"Amina Fakhet \u00e0 Carthage le 7 ao\u00fbt 2004. Amina Fakhet, annonc\u00e9e par la rumeur au Festival de Carthage, ne se produira pas, cet \u00e9t\u00e9, sur la sc\u00e8ne du th\u00e9\u00e2tre romain. Et voici les raisons\u2026 Par Hassen Mzoughi","og_url":"https:\/\/kapitalis.com\/tunisie\/2017\/05\/28\/amina-fakhet-a-carthage-le-vrai-du-faux\/","og_site_name":"Kapitalis","article_publisher":"https:\/\/www.facebook.com\/KapitalisInfo\/","article_published_time":"2017-05-28T10:31:32+00:00","og_image":[{"width":1200,"height":630,"url":"https:\/\/kapitalis.com\/tunisie\/wp-content\/uploads\/2022\/05\/kapitalis-logo-fb.png","type":"image\/png"}],"author":"webmaster kapitalis","twitter_card":"summary_large_image","twitter_creator":"@KapitalisInfo","twitter_site":"@KapitalisInfo","twitter_misc":{"\u00c9crit par":"webmaster kapitalis","Dur\u00e9e de lecture estim\u00e9e":"1 minute"},"schema":{"@context":"https:\/\/schema.org","@graph":[{"@type":"Article","@id":"https:\/\/kapitalis.com\/tunisie\/2017\/05\/28\/amina-fakhet-a-carthage-le-vrai-du-faux\/#article","isPartOf":{"@id":"https:\/\/kapitalis.com\/tunisie\/2017\/05\/28\/amina-fakhet-a-carthage-le-vrai-du-faux\/"},"author":{"name":"webmaster kapitalis","@id":"https:\/\/kapitalis.com\/tunisie\/#\/schema\/person\/d71f33a9ca44f7bad4698210b480c8e9"},"headline":"Amina Fakhet \u00e0 Carthage : Le vrai du faux","datePublished":"2017-05-28T10:31:32+00:00","mainEntityOfPage":{"@id":"https:\/\/kapitalis.com\/tunisie\/2017\/05\/28\/amina-fakhet-a-carthage-le-vrai-du-faux\/"},"wordCount":295,"commentCount":4,"publisher":{"@id":"https:\/\/kapitalis.com\/tunisie\/#organization"},"image":{"@id":"https:\/\/kapitalis.com\/tunisie\/2017\/05\/28\/amina-fakhet-a-carthage-le-vrai-du-faux\/#primaryimage"},"thumbnailUrl":"","keywords":["Amina Fakhet","Ben Ali","Festival de Carthage","Lotfi Bouchnak","RCD"],"articleSection":["A LA UNE","CULTURE","Tunisie"],"inLanguage":"fr-FR","potentialAction":[{"@type":"CommentAction","name":"Comment","target":["https:\/\/kapitalis.com\/tunisie\/2017\/05\/28\/amina-fakhet-a-carthage-le-vrai-du-faux\/#respond"]}]},{"@type":"WebPage","@id":"https:\/\/kapitalis.com\/tunisie\/2017\/05\/28\/amina-fakhet-a-carthage-le-vrai-du-faux\/","url":"https:\/\/kapitalis.com\/tunisie\/2017\/05\/28\/amina-fakhet-a-carthage-le-vrai-du-faux\/","name":"Amina Fakhet \u00e0 Carthage : Le vrai du faux - Kapitalis","isPartOf":{"@id":"https:\/\/kapitalis.com\/tunisie\/#website"},"primaryImageOfPage":{"@id":"https:\/\/kapitalis.com\/tunisie\/2017\/05\/28\/amina-fakhet-a-carthage-le-vrai-du-faux\/#primaryimage"},"image":{"@id":"https:\/\/kapitalis.com\/tunisie\/2017\/05\/28\/amina-fakhet-a-carthage-le-vrai-du-faux\/#primaryimage"},"thumbnailUrl":"","datePublished":"2017-05-28T10:31:32+00:00","breadcrumb":{"@id":"https:\/\/kapitalis.com\/tunisie\/2017\/05\/28\/amina-fakhet-a-carthage-le-vrai-du-faux\/#breadcrumb"},"inLanguage":"fr-FR","potentialAction":[{"@type":"ReadAction","target":["https:\/\/kapitalis.com\/tunisie\/2017\/05\/28\/amina-fakhet-a-carthage-le-vrai-du-faux\/"]}]},{"@type":"ImageObject","inLanguage":"fr-FR","@id":"https:\/\/kapitalis.com\/tunisie\/2017\/05\/28\/amina-fakhet-a-carthage-le-vrai-du-faux\/#primaryimage","url":"","contentUrl":""},{"@type":"BreadcrumbList","@id":"https:\/\/kapitalis.com\/tunisie\/2017\/05\/28\/amina-fakhet-a-carthage-le-vrai-du-faux\/#breadcrumb","itemListElement":[{"@type":"ListItem","position":1,"name":"Accueil","item":"https:\/\/kapitalis.com\/tunisie\/"},{"@type":"ListItem","position":2,"name":"Amina Fakhet \u00e0 Carthage : Le vrai du faux"}]},{"@type":"WebSite","@id":"https:\/\/kapitalis.com\/tunisie\/#website","url":"https:\/\/kapitalis.com\/tunisie\/","name":"Kapitalis","description":"L&#039;actualit\u00e9 en Tunisie et dans le monde","publisher":{"@id":"https:\/\/kapitalis.com\/tunisie\/#organization"},"potentialAction":[{"@type":"SearchAction","target":{"@type":"EntryPoint","urlTemplate":"https:\/\/kapitalis.com\/tunisie\/?s={search_term_string}"},"query-input":{"@type":"PropertyValueSpecification","valueRequired":true,"valueName":"search_term_string"}}],"inLanguage":"fr-FR"},{"@type":"Organization","@id":"https:\/\/kapitalis.com\/tunisie\/#organization","name":"Kapitalis","url":"https:\/\/kapitalis.com\/tunisie\/","logo":{"@type":"ImageObject","inLanguage":"fr-FR","@id":"https:\/\/kapitalis.com\/tunisie\/#\/schema\/logo\/image\/","url":"https:\/\/kapitalis.com\/tunisie\/wp-content\/uploads\/2022\/05\/Kapitalis-big-size.png","contentUrl":"https:\/\/kapitalis.com\/tunisie\/wp-content\/uploads\/2022\/05\/Kapitalis-big-size.png","width":5000,"height":1500,"caption":"Kapitalis"},"image":{"@id":"https:\/\/kapitalis.com\/tunisie\/#\/schema\/logo\/image\/"},"sameAs":["https:\/\/www.facebook.com\/KapitalisInfo\/","https:\/\/x.com\/KapitalisInfo","https:\/\/www.youtube.com\/channel\/UC-yDYrHyfFBWWZaOw3FPg9Q"]},{"@type":"Person","@id":"https:\/\/kapitalis.com\/tunisie\/#\/schema\/person\/d71f33a9ca44f7bad4698210b480c8e9","name":"webmaster kapitalis","url":"https:\/\/kapitalis.com\/tunisie\/author\/webmaster-kapitalis\/"}]}},"_links":{"self":[{"href":"https:\/\/kapitalis.com\/tunisie\/wp-json\/wp\/v2\/posts\/98688","targetHints":{"allow":["GET"]}}],"collection":[{"href":"https:\/\/kapitalis.com\/tunisie\/wp-json\/wp\/v2\/posts"}],"about":[{"href":"https:\/\/kapitalis.com\/tunisie\/wp-json\/wp\/v2\/types\/post"}],"author":[{"embeddable":true,"href":"https:\/\/kapitalis.com\/tunisie\/wp-json\/wp\/v2\/users\/8"}],"replies":[{"embeddable":true,"href":"https:\/\/kapitalis.com\/tunisie\/wp-json\/wp\/v2\/comments?post=98688"}],"version-history":[{"count":0,"href":"https:\/\/kapitalis.com\/tunisie\/wp-json\/wp\/v2\/posts\/98688\/revisions"}],"wp:featuredmedia":[{"embeddable":true,"href":"https:\/\/kapitalis.com\/tunisie\/wp-json\/wp\/v2\/media\/98689"}],"wp:attachment":[{"href":"https:\/\/kapitalis.com\/tunisie\/wp-json\/wp\/v2\/media?parent=98688"}],"wp:term":[{"taxonomy":"category","embeddable":true,"href":"https:\/\/kapitalis.com\/tunisie\/wp-json\/wp\/v2\/categories?post=98688"},{"taxonomy":"post_tag","embeddable":true,"href":"https:\/\/kapitalis.com\/tunisie\/wp-json\/wp\/v2\/tags?post=98688"}],"curies":[{"name":"wp","href":"https:\/\/api.w.org\/{rel}","templated":true}]}}