{"id":9893071,"date":"2023-09-24T06:58:15","date_gmt":"2023-09-24T05:58:15","guid":{"rendered":"https:\/\/kapitalis.com\/tunisie\/?p=9893071"},"modified":"2023-09-24T06:58:16","modified_gmt":"2023-09-24T05:58:16","slug":"le-poeme-du-dimanche-tu-nas-pas-abandonne-la-maison-de-samira-negrouche","status":"publish","type":"post","link":"https:\/\/kapitalis.com\/tunisie\/2023\/09\/24\/le-poeme-du-dimanche-tu-nas-pas-abandonne-la-maison-de-samira-negrouche\/","title":{"rendered":"Le po\u00e8me du dimanche\u00a0: \u2018\u2018Tu n\u2019as pas abandonn\u00e9 la maison\u2019\u2019 de Samira Negrouche"},"content":{"rendered":"\n<p><strong><em>N\u00e9e en 1980 \u00e0 Alger o\u00f9 elle vit, Samira Negrouche est po\u00e8te, essayiste et traductrice. M\u00e9decin de formation, elle se consacre \u00e0 l\u2019\u00e9criture.<\/em><\/strong><\/p>\n\n\n\n<!--more-->\n\n\n\n<p>Voix importante de la po\u00e9sie alg\u00e9rienne, Samira Negrouche est traduite dans de nombreuses langues.<\/p>\n\n\n\n<p>Parmi ses publications\u00a0:\u00a0<em>\u00c0 l\u2019ombre de Grenade<\/em>,\u00a0Editions Marty\u00a0(2003); <em>Le Jazz des oliviers<\/em>,\u00a0Editions du Tell\u00a0(2010)\u00a0; <em>Quai 2I1, partition \u00e0 trois axes<\/em>, \u00c9ditions Mazett;\u00a0<em>Traces, Fidel Anthelme X<\/em> (2021)\u00a0; deux anthologies personnelles\u00a0:\u00a0<em>J\u2019habite en mouvement<\/em>\u00a0(Po\u00e9sie 2001-2021), \u00c9ditions Barzakh; <em>Stations<\/em>, \u00c9ditions Ch\u00e8vres-feuille \u00e9toil\u00e9e.<\/p>\n\n\n\n<p class=\"has-text-align-right\"><strong>Tahar Bekri<\/strong><\/p>\n\n\n\n<p><em>Tu n\u2019as pas abandonn\u00e9 la maison<\/em><\/p>\n\n\n\n<p><em>c\u2019est la maison qui t\u2019a abandonn\u00e9<\/em><\/p>\n\n\n\n<p><em>ton pays<\/em><\/p>\n\n\n\n<p><em>les b\u00e2tisses de ton enfance<\/em><\/p>\n\n\n\n<p><em>ton village<\/em><\/p>\n\n\n\n<p><em>ce bleu particulier<\/em><\/p>\n\n\n\n<p><em>aux derni\u00e8res heures du printemps<\/em><\/p>\n\n\n\n<p><em>la terre de tes anc\u00eatres<\/em><\/p>\n\n\n\n<p><em>si tu t\u2019en souviens<\/em><\/p>\n\n\n\n<p><em>les cailloux plac\u00e9s l\u00e0<\/em><\/p>\n\n\n\n<p><em>qu\u2019on replace<\/em><\/p>\n\n\n\n<p><em>sans trop savoir pourquoi<\/em><\/p>\n\n\n\n<p><em>et qui apaisent<\/em><\/p>\n\n\n\n<p><em>qui rassurent nos regards press\u00e9s<\/em><\/p>\n\n\n\n<p><em>cet arbre solitaire<\/em><\/p>\n\n\n\n<p><em>au sommet de la colline<\/em><\/p>\n\n\n\n<p><em>que tu n\u2019as pas foul\u00e9 de tes pieds.<\/em><\/p>\n\n\n\n<p class=\"has-text-align-center\"><em>***<\/em><\/p>\n\n\n\n<p><em>Tu n\u2019as pas rang\u00e9<\/em><\/p>\n\n\n\n<p><em>les photos de famille<\/em><\/p>\n\n\n\n<p><em>sur un dossier num\u00e9rique<\/em><\/p>\n\n\n\n<p><em>en pr\u00e9vision d\u2019un d\u00e9m\u00e9nagement<\/em><\/p>\n\n\n\n<p><em>les photos fanent<\/em><\/p>\n\n\n\n<p><em>comme fanent les roses<\/em><\/p>\n\n\n\n<p><em>mais ne reviennent pas<\/em><\/p>\n\n\n\n<p><em>\u00e0 la saison suivante<\/em><\/p>\n\n\n\n<p><em>tu penses \u00e0 ces visages<\/em><\/p>\n\n\n\n<p><em>dilu\u00e9s dans ta m\u00e9moire<\/em><\/p>\n\n\n\n<p><em>\u00e0 ces rues<\/em><\/p>\n\n\n\n<p><em>qui portent un autre nom<\/em><\/p>\n\n\n\n<p><em>\u00e0 ces glycines<\/em><\/p>\n\n\n\n<p><em>d\u2019un temps perdu<\/em><\/p>\n\n\n\n<p><em>qui tapissent tes narines<\/em><\/p>\n\n\n\n<p><em>\u00e0 celle que tu planteras peut-\u00eatre<\/em><\/p>\n\n\n\n<p><em>pour rassembler<\/em><\/p>\n\n\n\n<p><em>tes yeux<\/em><\/p>\n\n\n\n<p class=\"has-text-align-center\"><em>***<\/em><\/p>\n\n\n\n<p><em>Tu as habit\u00e9 le sol<\/em><\/p>\n\n\n\n<p><em>sous tes orteils<\/em><\/p>\n\n\n\n<p><em>nul ne pr\u00e9voit<\/em><\/p>\n\n\n\n<p><em>quand commence le voyage<\/em><\/p>\n\n\n\n<p><em>quand il est temps de quitter<\/em><\/p>\n\n\n\n<p><em>la colline<\/em><\/p>\n\n\n\n<p><em>de cheminer<\/em><\/p>\n\n\n\n<p><em>vers la montagne des autres<\/em><\/p>\n\n\n\n<p><em>nul ne pr\u00e9voit<\/em><\/p>\n\n\n\n<p><em>o\u00f9 se dessinent les lignes<\/em><\/p>\n\n\n\n<p><em>qui te s\u00e9parent<\/em><\/p>\n\n\n\n<p><em>de la g\u00e9ographie des autres<\/em><\/p>\n\n\n\n<p><em>de leurs ombres<\/em><\/p>\n\n\n\n<p><em>tu as habit\u00e9<\/em><\/p>\n\n\n\n<p><em>de tout ton \u00eatre<\/em><\/p>\n\n\n\n<p><em>la ligne<\/em><\/p>\n\n\n\n<p><em>\u00e0 traverser<\/em><\/p>\n\n\n\n<p class=\"has-text-align-center\"><em>***<\/em><\/p>\n\n\n\n<p><em>Quand on cherche<\/em><\/p>\n\n\n\n<p><em>c\u2019est avec les mains<\/em><\/p>\n\n\n\n<p><em>qu\u2019on observe<\/em><\/p>\n\n\n\n<p><em>avec le corps ouvert<\/em><\/p>\n\n\n\n<p><em>abandonn\u00e9<\/em><\/p>\n\n\n\n<p><em>\u00e0 la montagne<\/em><\/p>\n\n\n\n<p><em>c\u2019est dans le mouvement<\/em><\/p>\n\n\n\n<p><em>que s\u2019enracine<\/em><\/p>\n\n\n\n<p><em>la m\u00e9moire<\/em><\/p>\n\n\n\n<p><em>dans le mouvement<\/em><\/p>\n\n\n\n<p><em>que s\u2019habite la courbe<\/em><\/p>\n\n\n\n<p><em>ta maison abandonne<\/em><\/p>\n\n\n\n<p><em>qui l\u2019abandonne<\/em><\/p>\n\n\n\n<p><em>s\u2019\u00e9miette sur qui veut<\/em><\/p>\n\n\n\n<p><em>rouiller son souffle<\/em><\/p>\n\n\n\n<p><em>ta maison c\u2019est l\u00e0 o\u00f9 tu transportes<\/em><\/p>\n\n\n\n<p><em>ton enfance.<\/em><\/p>\n\n\n\n<p class=\"has-text-align-right\"><strong>Extraits de <em>Alba Rosa<\/em> (\u00e9ditions Color Gang, 2019).<\/strong><\/p>\n\n\n\n<figure class=\"wp-block-embed is-type-wp-embed is-provider-kapitalis wp-block-embed-kapitalis\"><div class=\"wp-block-embed__wrapper\">\n<blockquote class=\"wp-embedded-content\" data-secret=\"CqJxCvXr3y\"><a href=\"https:\/\/kapitalis.com\/tunisie\/2023\/06\/25\/le-poeme-du-dimanche-villes-et-autres-lieux-de-malek-alloula\/\">Le po\u00e8me du dimanche\u00a0: \u2018\u2018Villes et autres lieux\u2019\u2019 de Malek Alloula<\/a><\/blockquote><iframe loading=\"lazy\" class=\"wp-embedded-content\" sandbox=\"allow-scripts\" security=\"restricted\" style=\"position: absolute; clip: rect(1px, 1px, 1px, 1px);\" title=\"\u00ab\u00a0Le po\u00e8me du dimanche\u00a0: \u2018\u2018Villes et autres lieux\u2019\u2019 de Malek Alloula\u00a0\u00bb &#8212; Kapitalis\" src=\"https:\/\/kapitalis.com\/tunisie\/2023\/06\/25\/le-poeme-du-dimanche-villes-et-autres-lieux-de-malek-alloula\/embed\/#?secret=O4NN3l5T8z#?secret=CqJxCvXr3y\" data-secret=\"CqJxCvXr3y\" width=\"600\" height=\"338\" frameborder=\"0\" marginwidth=\"0\" marginheight=\"0\" scrolling=\"no\"><\/iframe>\n<\/div><\/figure>\n\n\n\n<figure class=\"wp-block-embed is-type-wp-embed is-provider-kapitalis wp-block-embed-kapitalis\"><div class=\"wp-block-embed__wrapper\">\n<blockquote class=\"wp-embedded-content\" data-secret=\"z47qFSAHKg\"><a href=\"https:\/\/kapitalis.com\/tunisie\/2021\/10\/24\/le-poeme-du-dimanche-quatrains-de-nouara-la-folle-de-zaynab-laouedj\/\">Le po\u00e8me du dimanche: \u00abQuatrains de Nouara la folle\u00bb de Zaynab Laouedj<\/a><\/blockquote><iframe loading=\"lazy\" class=\"wp-embedded-content\" sandbox=\"allow-scripts\" security=\"restricted\" style=\"position: absolute; clip: rect(1px, 1px, 1px, 1px);\" title=\"\u00ab\u00a0Le po\u00e8me du dimanche: \u00abQuatrains de Nouara la folle\u00bb de Zaynab Laouedj\u00a0\u00bb &#8212; Kapitalis\" src=\"https:\/\/kapitalis.com\/tunisie\/2021\/10\/24\/le-poeme-du-dimanche-quatrains-de-nouara-la-folle-de-zaynab-laouedj\/embed\/#?secret=quJgVHQZgH#?secret=z47qFSAHKg\" data-secret=\"z47qFSAHKg\" width=\"600\" height=\"338\" frameborder=\"0\" marginwidth=\"0\" marginheight=\"0\" scrolling=\"no\"><\/iframe>\n<\/div><\/figure>\n","protected":false},"excerpt":{"rendered":"<p>Samira Negrouche est po\u00e8te, essayiste et traductrice alg\u00e9rienne.<\/p>\n","protected":false},"author":8,"featured_media":9893092,"comment_status":"open","ping_status":"open","sticky":false,"template":"","format":"standard","meta":{"footnotes":""},"categories":[992,994],"tags":[63,97825,87864,21267],"class_list":["post-9893071","post","type-post","status-publish","format-standard","has-post-thumbnail","hentry","category-a-la-une","category-culture","tag-alger","tag-poete-algerien","tag-samira-negrouche","tag-tahar-bekri"],"yoast_head":"<!-- This site is optimized with the Yoast SEO plugin v26.6 - https:\/\/yoast.com\/wordpress\/plugins\/seo\/ -->\n<title>Le po\u00e8me du dimanche\u00a0: \u2018\u2018Tu n\u2019as pas abandonn\u00e9 la maison\u2019\u2019 de Samira Negrouche - Kapitalis<\/title>\n<meta name=\"robots\" content=\"index, follow, max-snippet:-1, max-image-preview:large, max-video-preview:-1\" \/>\n<link rel=\"canonical\" href=\"https:\/\/kapitalis.com\/tunisie\/2023\/09\/24\/le-poeme-du-dimanche-tu-nas-pas-abandonne-la-maison-de-samira-negrouche\/\" \/>\n<meta property=\"og:locale\" content=\"fr_FR\" \/>\n<meta property=\"og:type\" content=\"article\" \/>\n<meta property=\"og:title\" content=\"Le po\u00e8me du dimanche\u00a0: \u2018\u2018Tu n\u2019as pas abandonn\u00e9 la maison\u2019\u2019 de Samira Negrouche - Kapitalis\" \/>\n<meta property=\"og:description\" content=\"Samira Negrouche est po\u00e8te, essayiste et traductrice alg\u00e9rienne.\" \/>\n<meta property=\"og:url\" content=\"https:\/\/kapitalis.com\/tunisie\/2023\/09\/24\/le-poeme-du-dimanche-tu-nas-pas-abandonne-la-maison-de-samira-negrouche\/\" \/>\n<meta property=\"og:site_name\" content=\"Kapitalis\" \/>\n<meta property=\"article:publisher\" content=\"https:\/\/www.facebook.com\/KapitalisInfo\/\" \/>\n<meta property=\"article:published_time\" content=\"2023-09-24T05:58:15+00:00\" \/>\n<meta property=\"article:modified_time\" content=\"2023-09-24T05:58:16+00:00\" \/>\n<meta property=\"og:image\" content=\"https:\/\/kapitalis.com\/tunisie\/wp-content\/uploads\/2023\/09\/Samira-Negrouche.jpg\" \/>\n\t<meta property=\"og:image:width\" content=\"1200\" \/>\n\t<meta property=\"og:image:height\" content=\"630\" \/>\n\t<meta property=\"og:image:type\" content=\"image\/jpeg\" \/>\n<meta name=\"author\" content=\"webmaster kapitalis\" \/>\n<meta name=\"twitter:card\" content=\"summary_large_image\" \/>\n<meta name=\"twitter:creator\" content=\"@KapitalisInfo\" \/>\n<meta name=\"twitter:site\" content=\"@KapitalisInfo\" \/>\n<meta name=\"twitter:label1\" content=\"\u00c9crit par\" \/>\n\t<meta name=\"twitter:data1\" content=\"webmaster kapitalis\" \/>\n\t<meta name=\"twitter:label2\" content=\"Dur\u00e9e de lecture estim\u00e9e\" \/>\n\t<meta name=\"twitter:data2\" content=\"2 minutes\" \/>\n<script type=\"application\/ld+json\" class=\"yoast-schema-graph\">{\"@context\":\"https:\/\/schema.org\",\"@graph\":[{\"@type\":\"Article\",\"@id\":\"https:\/\/kapitalis.com\/tunisie\/2023\/09\/24\/le-poeme-du-dimanche-tu-nas-pas-abandonne-la-maison-de-samira-negrouche\/#article\",\"isPartOf\":{\"@id\":\"https:\/\/kapitalis.com\/tunisie\/2023\/09\/24\/le-poeme-du-dimanche-tu-nas-pas-abandonne-la-maison-de-samira-negrouche\/\"},\"author\":{\"name\":\"webmaster kapitalis\",\"@id\":\"https:\/\/kapitalis.com\/tunisie\/#\/schema\/person\/d71f33a9ca44f7bad4698210b480c8e9\"},\"headline\":\"Le po\u00e8me du dimanche\u00a0: \u2018\u2018Tu n\u2019as pas abandonn\u00e9 la maison\u2019\u2019 de Samira Negrouche\",\"datePublished\":\"2023-09-24T05:58:15+00:00\",\"dateModified\":\"2023-09-24T05:58:16+00:00\",\"mainEntityOfPage\":{\"@id\":\"https:\/\/kapitalis.com\/tunisie\/2023\/09\/24\/le-poeme-du-dimanche-tu-nas-pas-abandonne-la-maison-de-samira-negrouche\/\"},\"wordCount\":399,\"commentCount\":0,\"publisher\":{\"@id\":\"https:\/\/kapitalis.com\/tunisie\/#organization\"},\"image\":{\"@id\":\"https:\/\/kapitalis.com\/tunisie\/2023\/09\/24\/le-poeme-du-dimanche-tu-nas-pas-abandonne-la-maison-de-samira-negrouche\/#primaryimage\"},\"thumbnailUrl\":\"https:\/\/kapitalis.com\/tunisie\/wp-content\/uploads\/2023\/09\/Samira-Negrouche.jpg\",\"keywords\":[\"Alger\",\"po\u00e8te alg\u00e9rien\",\"Samira Negrouche\",\"Tahar Bekri\"],\"articleSection\":[\"A LA UNE\",\"CULTURE\"],\"inLanguage\":\"fr-FR\",\"potentialAction\":[{\"@type\":\"CommentAction\",\"name\":\"Comment\",\"target\":[\"https:\/\/kapitalis.com\/tunisie\/2023\/09\/24\/le-poeme-du-dimanche-tu-nas-pas-abandonne-la-maison-de-samira-negrouche\/#respond\"]}]},{\"@type\":\"WebPage\",\"@id\":\"https:\/\/kapitalis.com\/tunisie\/2023\/09\/24\/le-poeme-du-dimanche-tu-nas-pas-abandonne-la-maison-de-samira-negrouche\/\",\"url\":\"https:\/\/kapitalis.com\/tunisie\/2023\/09\/24\/le-poeme-du-dimanche-tu-nas-pas-abandonne-la-maison-de-samira-negrouche\/\",\"name\":\"Le po\u00e8me du dimanche\u00a0: \u2018\u2018Tu n\u2019as pas abandonn\u00e9 la maison\u2019\u2019 de Samira Negrouche - Kapitalis\",\"isPartOf\":{\"@id\":\"https:\/\/kapitalis.com\/tunisie\/#website\"},\"primaryImageOfPage\":{\"@id\":\"https:\/\/kapitalis.com\/tunisie\/2023\/09\/24\/le-poeme-du-dimanche-tu-nas-pas-abandonne-la-maison-de-samira-negrouche\/#primaryimage\"},\"image\":{\"@id\":\"https:\/\/kapitalis.com\/tunisie\/2023\/09\/24\/le-poeme-du-dimanche-tu-nas-pas-abandonne-la-maison-de-samira-negrouche\/#primaryimage\"},\"thumbnailUrl\":\"https:\/\/kapitalis.com\/tunisie\/wp-content\/uploads\/2023\/09\/Samira-Negrouche.jpg\",\"datePublished\":\"2023-09-24T05:58:15+00:00\",\"dateModified\":\"2023-09-24T05:58:16+00:00\",\"breadcrumb\":{\"@id\":\"https:\/\/kapitalis.com\/tunisie\/2023\/09\/24\/le-poeme-du-dimanche-tu-nas-pas-abandonne-la-maison-de-samira-negrouche\/#breadcrumb\"},\"inLanguage\":\"fr-FR\",\"potentialAction\":[{\"@type\":\"ReadAction\",\"target\":[\"https:\/\/kapitalis.com\/tunisie\/2023\/09\/24\/le-poeme-du-dimanche-tu-nas-pas-abandonne-la-maison-de-samira-negrouche\/\"]}]},{\"@type\":\"ImageObject\",\"inLanguage\":\"fr-FR\",\"@id\":\"https:\/\/kapitalis.com\/tunisie\/2023\/09\/24\/le-poeme-du-dimanche-tu-nas-pas-abandonne-la-maison-de-samira-negrouche\/#primaryimage\",\"url\":\"https:\/\/kapitalis.com\/tunisie\/wp-content\/uploads\/2023\/09\/Samira-Negrouche.jpg\",\"contentUrl\":\"https:\/\/kapitalis.com\/tunisie\/wp-content\/uploads\/2023\/09\/Samira-Negrouche.jpg\",\"width\":1200,\"height\":630},{\"@type\":\"BreadcrumbList\",\"@id\":\"https:\/\/kapitalis.com\/tunisie\/2023\/09\/24\/le-poeme-du-dimanche-tu-nas-pas-abandonne-la-maison-de-samira-negrouche\/#breadcrumb\",\"itemListElement\":[{\"@type\":\"ListItem\",\"position\":1,\"name\":\"Accueil\",\"item\":\"https:\/\/kapitalis.com\/tunisie\/\"},{\"@type\":\"ListItem\",\"position\":2,\"name\":\"Le po\u00e8me du dimanche\u00a0: \u2018\u2018Tu n\u2019as pas abandonn\u00e9 la maison\u2019\u2019 de Samira Negrouche\"}]},{\"@type\":\"WebSite\",\"@id\":\"https:\/\/kapitalis.com\/tunisie\/#website\",\"url\":\"https:\/\/kapitalis.com\/tunisie\/\",\"name\":\"Kapitalis\",\"description\":\"L&#039;actualit\u00e9 en Tunisie et dans le monde\",\"publisher\":{\"@id\":\"https:\/\/kapitalis.com\/tunisie\/#organization\"},\"potentialAction\":[{\"@type\":\"SearchAction\",\"target\":{\"@type\":\"EntryPoint\",\"urlTemplate\":\"https:\/\/kapitalis.com\/tunisie\/?s={search_term_string}\"},\"query-input\":{\"@type\":\"PropertyValueSpecification\",\"valueRequired\":true,\"valueName\":\"search_term_string\"}}],\"inLanguage\":\"fr-FR\"},{\"@type\":\"Organization\",\"@id\":\"https:\/\/kapitalis.com\/tunisie\/#organization\",\"name\":\"Kapitalis\",\"url\":\"https:\/\/kapitalis.com\/tunisie\/\",\"logo\":{\"@type\":\"ImageObject\",\"inLanguage\":\"fr-FR\",\"@id\":\"https:\/\/kapitalis.com\/tunisie\/#\/schema\/logo\/image\/\",\"url\":\"https:\/\/kapitalis.com\/tunisie\/wp-content\/uploads\/2022\/05\/Kapitalis-big-size.png\",\"contentUrl\":\"https:\/\/kapitalis.com\/tunisie\/wp-content\/uploads\/2022\/05\/Kapitalis-big-size.png\",\"width\":5000,\"height\":1500,\"caption\":\"Kapitalis\"},\"image\":{\"@id\":\"https:\/\/kapitalis.com\/tunisie\/#\/schema\/logo\/image\/\"},\"sameAs\":[\"https:\/\/www.facebook.com\/KapitalisInfo\/\",\"https:\/\/x.com\/KapitalisInfo\",\"https:\/\/www.youtube.com\/channel\/UC-yDYrHyfFBWWZaOw3FPg9Q\"]},{\"@type\":\"Person\",\"@id\":\"https:\/\/kapitalis.com\/tunisie\/#\/schema\/person\/d71f33a9ca44f7bad4698210b480c8e9\",\"name\":\"webmaster kapitalis\",\"url\":\"https:\/\/kapitalis.com\/tunisie\/author\/webmaster-kapitalis\/\"}]}<\/script>\n<!-- \/ Yoast SEO plugin. -->","yoast_head_json":{"title":"Le po\u00e8me du dimanche\u00a0: \u2018\u2018Tu n\u2019as pas abandonn\u00e9 la maison\u2019\u2019 de Samira Negrouche - Kapitalis","robots":{"index":"index","follow":"follow","max-snippet":"max-snippet:-1","max-image-preview":"max-image-preview:large","max-video-preview":"max-video-preview:-1"},"canonical":"https:\/\/kapitalis.com\/tunisie\/2023\/09\/24\/le-poeme-du-dimanche-tu-nas-pas-abandonne-la-maison-de-samira-negrouche\/","og_locale":"fr_FR","og_type":"article","og_title":"Le po\u00e8me du dimanche\u00a0: \u2018\u2018Tu n\u2019as pas abandonn\u00e9 la maison\u2019\u2019 de Samira Negrouche - Kapitalis","og_description":"Samira Negrouche est po\u00e8te, essayiste et traductrice alg\u00e9rienne.","og_url":"https:\/\/kapitalis.com\/tunisie\/2023\/09\/24\/le-poeme-du-dimanche-tu-nas-pas-abandonne-la-maison-de-samira-negrouche\/","og_site_name":"Kapitalis","article_publisher":"https:\/\/www.facebook.com\/KapitalisInfo\/","article_published_time":"2023-09-24T05:58:15+00:00","article_modified_time":"2023-09-24T05:58:16+00:00","og_image":[{"width":1200,"height":630,"url":"https:\/\/kapitalis.com\/tunisie\/wp-content\/uploads\/2023\/09\/Samira-Negrouche.jpg","type":"image\/jpeg"}],"author":"webmaster kapitalis","twitter_card":"summary_large_image","twitter_creator":"@KapitalisInfo","twitter_site":"@KapitalisInfo","twitter_misc":{"\u00c9crit par":"webmaster kapitalis","Dur\u00e9e de lecture estim\u00e9e":"2 minutes"},"schema":{"@context":"https:\/\/schema.org","@graph":[{"@type":"Article","@id":"https:\/\/kapitalis.com\/tunisie\/2023\/09\/24\/le-poeme-du-dimanche-tu-nas-pas-abandonne-la-maison-de-samira-negrouche\/#article","isPartOf":{"@id":"https:\/\/kapitalis.com\/tunisie\/2023\/09\/24\/le-poeme-du-dimanche-tu-nas-pas-abandonne-la-maison-de-samira-negrouche\/"},"author":{"name":"webmaster kapitalis","@id":"https:\/\/kapitalis.com\/tunisie\/#\/schema\/person\/d71f33a9ca44f7bad4698210b480c8e9"},"headline":"Le po\u00e8me du dimanche\u00a0: \u2018\u2018Tu n\u2019as pas abandonn\u00e9 la maison\u2019\u2019 de Samira Negrouche","datePublished":"2023-09-24T05:58:15+00:00","dateModified":"2023-09-24T05:58:16+00:00","mainEntityOfPage":{"@id":"https:\/\/kapitalis.com\/tunisie\/2023\/09\/24\/le-poeme-du-dimanche-tu-nas-pas-abandonne-la-maison-de-samira-negrouche\/"},"wordCount":399,"commentCount":0,"publisher":{"@id":"https:\/\/kapitalis.com\/tunisie\/#organization"},"image":{"@id":"https:\/\/kapitalis.com\/tunisie\/2023\/09\/24\/le-poeme-du-dimanche-tu-nas-pas-abandonne-la-maison-de-samira-negrouche\/#primaryimage"},"thumbnailUrl":"https:\/\/kapitalis.com\/tunisie\/wp-content\/uploads\/2023\/09\/Samira-Negrouche.jpg","keywords":["Alger","po\u00e8te alg\u00e9rien","Samira Negrouche","Tahar Bekri"],"articleSection":["A LA UNE","CULTURE"],"inLanguage":"fr-FR","potentialAction":[{"@type":"CommentAction","name":"Comment","target":["https:\/\/kapitalis.com\/tunisie\/2023\/09\/24\/le-poeme-du-dimanche-tu-nas-pas-abandonne-la-maison-de-samira-negrouche\/#respond"]}]},{"@type":"WebPage","@id":"https:\/\/kapitalis.com\/tunisie\/2023\/09\/24\/le-poeme-du-dimanche-tu-nas-pas-abandonne-la-maison-de-samira-negrouche\/","url":"https:\/\/kapitalis.com\/tunisie\/2023\/09\/24\/le-poeme-du-dimanche-tu-nas-pas-abandonne-la-maison-de-samira-negrouche\/","name":"Le po\u00e8me du dimanche\u00a0: \u2018\u2018Tu n\u2019as pas abandonn\u00e9 la maison\u2019\u2019 de Samira Negrouche - Kapitalis","isPartOf":{"@id":"https:\/\/kapitalis.com\/tunisie\/#website"},"primaryImageOfPage":{"@id":"https:\/\/kapitalis.com\/tunisie\/2023\/09\/24\/le-poeme-du-dimanche-tu-nas-pas-abandonne-la-maison-de-samira-negrouche\/#primaryimage"},"image":{"@id":"https:\/\/kapitalis.com\/tunisie\/2023\/09\/24\/le-poeme-du-dimanche-tu-nas-pas-abandonne-la-maison-de-samira-negrouche\/#primaryimage"},"thumbnailUrl":"https:\/\/kapitalis.com\/tunisie\/wp-content\/uploads\/2023\/09\/Samira-Negrouche.jpg","datePublished":"2023-09-24T05:58:15+00:00","dateModified":"2023-09-24T05:58:16+00:00","breadcrumb":{"@id":"https:\/\/kapitalis.com\/tunisie\/2023\/09\/24\/le-poeme-du-dimanche-tu-nas-pas-abandonne-la-maison-de-samira-negrouche\/#breadcrumb"},"inLanguage":"fr-FR","potentialAction":[{"@type":"ReadAction","target":["https:\/\/kapitalis.com\/tunisie\/2023\/09\/24\/le-poeme-du-dimanche-tu-nas-pas-abandonne-la-maison-de-samira-negrouche\/"]}]},{"@type":"ImageObject","inLanguage":"fr-FR","@id":"https:\/\/kapitalis.com\/tunisie\/2023\/09\/24\/le-poeme-du-dimanche-tu-nas-pas-abandonne-la-maison-de-samira-negrouche\/#primaryimage","url":"https:\/\/kapitalis.com\/tunisie\/wp-content\/uploads\/2023\/09\/Samira-Negrouche.jpg","contentUrl":"https:\/\/kapitalis.com\/tunisie\/wp-content\/uploads\/2023\/09\/Samira-Negrouche.jpg","width":1200,"height":630},{"@type":"BreadcrumbList","@id":"https:\/\/kapitalis.com\/tunisie\/2023\/09\/24\/le-poeme-du-dimanche-tu-nas-pas-abandonne-la-maison-de-samira-negrouche\/#breadcrumb","itemListElement":[{"@type":"ListItem","position":1,"name":"Accueil","item":"https:\/\/kapitalis.com\/tunisie\/"},{"@type":"ListItem","position":2,"name":"Le po\u00e8me du dimanche\u00a0: \u2018\u2018Tu n\u2019as pas abandonn\u00e9 la maison\u2019\u2019 de Samira Negrouche"}]},{"@type":"WebSite","@id":"https:\/\/kapitalis.com\/tunisie\/#website","url":"https:\/\/kapitalis.com\/tunisie\/","name":"Kapitalis","description":"L&#039;actualit\u00e9 en Tunisie et dans le monde","publisher":{"@id":"https:\/\/kapitalis.com\/tunisie\/#organization"},"potentialAction":[{"@type":"SearchAction","target":{"@type":"EntryPoint","urlTemplate":"https:\/\/kapitalis.com\/tunisie\/?s={search_term_string}"},"query-input":{"@type":"PropertyValueSpecification","valueRequired":true,"valueName":"search_term_string"}}],"inLanguage":"fr-FR"},{"@type":"Organization","@id":"https:\/\/kapitalis.com\/tunisie\/#organization","name":"Kapitalis","url":"https:\/\/kapitalis.com\/tunisie\/","logo":{"@type":"ImageObject","inLanguage":"fr-FR","@id":"https:\/\/kapitalis.com\/tunisie\/#\/schema\/logo\/image\/","url":"https:\/\/kapitalis.com\/tunisie\/wp-content\/uploads\/2022\/05\/Kapitalis-big-size.png","contentUrl":"https:\/\/kapitalis.com\/tunisie\/wp-content\/uploads\/2022\/05\/Kapitalis-big-size.png","width":5000,"height":1500,"caption":"Kapitalis"},"image":{"@id":"https:\/\/kapitalis.com\/tunisie\/#\/schema\/logo\/image\/"},"sameAs":["https:\/\/www.facebook.com\/KapitalisInfo\/","https:\/\/x.com\/KapitalisInfo","https:\/\/www.youtube.com\/channel\/UC-yDYrHyfFBWWZaOw3FPg9Q"]},{"@type":"Person","@id":"https:\/\/kapitalis.com\/tunisie\/#\/schema\/person\/d71f33a9ca44f7bad4698210b480c8e9","name":"webmaster kapitalis","url":"https:\/\/kapitalis.com\/tunisie\/author\/webmaster-kapitalis\/"}]}},"_links":{"self":[{"href":"https:\/\/kapitalis.com\/tunisie\/wp-json\/wp\/v2\/posts\/9893071","targetHints":{"allow":["GET"]}}],"collection":[{"href":"https:\/\/kapitalis.com\/tunisie\/wp-json\/wp\/v2\/posts"}],"about":[{"href":"https:\/\/kapitalis.com\/tunisie\/wp-json\/wp\/v2\/types\/post"}],"author":[{"embeddable":true,"href":"https:\/\/kapitalis.com\/tunisie\/wp-json\/wp\/v2\/users\/8"}],"replies":[{"embeddable":true,"href":"https:\/\/kapitalis.com\/tunisie\/wp-json\/wp\/v2\/comments?post=9893071"}],"version-history":[{"count":1,"href":"https:\/\/kapitalis.com\/tunisie\/wp-json\/wp\/v2\/posts\/9893071\/revisions"}],"predecessor-version":[{"id":9893127,"href":"https:\/\/kapitalis.com\/tunisie\/wp-json\/wp\/v2\/posts\/9893071\/revisions\/9893127"}],"wp:featuredmedia":[{"embeddable":true,"href":"https:\/\/kapitalis.com\/tunisie\/wp-json\/wp\/v2\/media\/9893092"}],"wp:attachment":[{"href":"https:\/\/kapitalis.com\/tunisie\/wp-json\/wp\/v2\/media?parent=9893071"}],"wp:term":[{"taxonomy":"category","embeddable":true,"href":"https:\/\/kapitalis.com\/tunisie\/wp-json\/wp\/v2\/categories?post=9893071"},{"taxonomy":"post_tag","embeddable":true,"href":"https:\/\/kapitalis.com\/tunisie\/wp-json\/wp\/v2\/tags?post=9893071"}],"curies":[{"name":"wp","href":"https:\/\/api.w.org\/{rel}","templated":true}]}}