{"id":9897118,"date":"2023-09-24T12:55:01","date_gmt":"2023-09-24T11:55:01","guid":{"rendered":"https:\/\/kapitalis.com\/tunisie\/?p=9897118"},"modified":"2023-09-24T12:55:02","modified_gmt":"2023-09-24T11:55:02","slug":"le-prix-de-lhuile-dolive-flambe-sur-le-marche-mondial","status":"publish","type":"post","link":"https:\/\/kapitalis.com\/tunisie\/2023\/09\/24\/le-prix-de-lhuile-dolive-flambe-sur-le-marche-mondial\/","title":{"rendered":"Le prix de l\u2019huile d\u2019olive flambe sur le march\u00e9 mondial"},"content":{"rendered":"\n<p><strong><em>L\u2019impact du climat sur la production d\u2019olive se fait fortement sentir en Espagne et en Italie, les deux plus gros producteurs et exportateurs d\u2019huile d\u2019olive, produit pris\u00e9 dont le cours flambe actuellement sur le march\u00e9 mondial, avec une envol\u00e9e de 75% des prix de gros.<\/em><\/strong><\/p>\n\n\n\n<!--more-->\n\n\n\n<p>Le seuil record de 9 euros le kg a \u00e9t\u00e9 d\u00e9pass\u00e9 \u00e0 la fin ao\u00fbt, malgr\u00e9 un contexte d\u2019\u00e9changes r\u00e9duits, rapporte-t-on. Cette hausse est due \u00e0 la baisse de la production en 2022 de 60% en Espagne et de 30% en Italie. Et cette forte r\u00e9duction de la production, qui a entra\u00een\u00e9 une diminution de la disponibilit\u00e9, est \u00e0 l\u2019origine de la flamb\u00e9e des tarifs. En particulier, les prix de gros de l\u2019huile d\u2019olive ont enregistr\u00e9 une hausse de +33% entre mai et ao\u00fbt 2023.<\/p>\n\n\n\n<p>Les premi\u00e8res informations sur la production de 2023, avec des volumes en augmentation mais pas suffisants pour une reconstitution compl\u00e8te des stocks, ajoutent de la tension au march\u00e9. Le climat des mois de mai et juin, entre p\u00e9riodes de pluie et de fortes chaleurs, a affect\u00e9 la production qui devrait \u00eatre d\u2019environ 270&nbsp;000 tonnes d\u2019huile d\u2019olive extra vierge en Italie contre 241 l\u2019ann\u00e9e derni\u00e8re.<\/p>\n\n\n\n<p>La production chute \u00e9galement en Espagne en dessous d\u2019un million de tonnes en raison de la s\u00e9cheresse, ainsi qu\u2019en Tunisie et en Turquie. Tout cela affectera le prix final. Selon le pr\u00e9sident de l\u2019Unaprol, le Consortium ol\u00e9icole italien, David Granieri, <em>\u00abil sera impossible de trouver dans les supermarch\u00e9s des m\u00e9langes d\u2019huiles communautaires et non-europ\u00e9ennes \u00e0 un prix inf\u00e9rieur au co\u00fbt qui, pendant des ann\u00e9es, ont entra\u00een\u00e9 vers le bas m\u00eame les huiles de qualit\u00e9 de notre pays. Les consommateurs entre un produit sans certitude de d\u2019origine et une extra vierge 100% italienne ne verront plus la diff\u00e9rence de prix qui existait auparavant.<\/em><em>\u00bb<\/em><\/p>\n\n\n\n<p class=\"has-text-align-right\"><strong>I. B. <\/strong><\/p>\n\n\n\n<figure class=\"wp-block-embed is-type-wp-embed is-provider-kapitalis wp-block-embed-kapitalis\"><div class=\"wp-block-embed__wrapper\">\n<blockquote class=\"wp-embedded-content\" data-secret=\"hgNglxuJOb\"><a href=\"https:\/\/kapitalis.com\/tunisie\/2023\/01\/08\/tunisie-la-production-dhuile-dolive-affectee-par-les-changements-climatiques\/\">Tunisie : la production d&rsquo;huile d&rsquo;olive affect\u00e9e par les changements climatiques<\/a><\/blockquote><iframe loading=\"lazy\" class=\"wp-embedded-content\" sandbox=\"allow-scripts\" security=\"restricted\" style=\"position: absolute; clip: rect(1px, 1px, 1px, 1px);\" title=\"\u00ab\u00a0Tunisie : la production d&rsquo;huile d&rsquo;olive affect\u00e9e par les changements climatiques\u00a0\u00bb &#8212; Kapitalis\" src=\"https:\/\/kapitalis.com\/tunisie\/2023\/01\/08\/tunisie-la-production-dhuile-dolive-affectee-par-les-changements-climatiques\/embed\/#?secret=Rf42WOY9rg#?secret=hgNglxuJOb\" data-secret=\"hgNglxuJOb\" width=\"600\" height=\"338\" frameborder=\"0\" marginwidth=\"0\" marginheight=\"0\" scrolling=\"no\"><\/iframe>\n<\/div><\/figure>\n","protected":false},"excerpt":{"rendered":"<p>Les tarifs de l&rsquo;huile d&rsquo;olive ont augment\u00e9 de 70% au prix du gros sur le march\u00e9 mondial.  <\/p>\n","protected":false},"author":8,"featured_media":9897174,"comment_status":"open","ping_status":"open","sticky":false,"template":"","format":"standard","meta":{"footnotes":""},"categories":[995,2433],"tags":[111098,111097,341,458,505,62643,111096],"class_list":["post-9897118","post","type-post","status-publish","format-standard","has-post-thumbnail","hentry","category-economie","category-tunisie","tag-consortium-oleicole-italien","tag-david-granieri","tag-espagne","tag-huile-dolive","tag-italie","tag-tunisie","tag-unaprol"],"yoast_head":"<!-- This site is optimized with the Yoast SEO plugin v26.6 - https:\/\/yoast.com\/wordpress\/plugins\/seo\/ -->\n<title>Le prix de l\u2019huile d\u2019olive flambe sur le march\u00e9 mondial - Kapitalis<\/title>\n<meta name=\"robots\" content=\"index, follow, max-snippet:-1, max-image-preview:large, max-video-preview:-1\" \/>\n<link rel=\"canonical\" href=\"https:\/\/kapitalis.com\/tunisie\/2023\/09\/24\/le-prix-de-lhuile-dolive-flambe-sur-le-marche-mondial\/\" \/>\n<meta property=\"og:locale\" content=\"fr_FR\" \/>\n<meta property=\"og:type\" content=\"article\" \/>\n<meta property=\"og:title\" content=\"Le prix de l\u2019huile d\u2019olive flambe sur le march\u00e9 mondial - Kapitalis\" \/>\n<meta property=\"og:description\" content=\"Les tarifs de l&#039;huile d&#039;olive ont augment\u00e9 de 70% au prix du gros sur le march\u00e9 mondial.\" \/>\n<meta property=\"og:url\" content=\"https:\/\/kapitalis.com\/tunisie\/2023\/09\/24\/le-prix-de-lhuile-dolive-flambe-sur-le-marche-mondial\/\" \/>\n<meta property=\"og:site_name\" content=\"Kapitalis\" \/>\n<meta property=\"article:publisher\" content=\"https:\/\/www.facebook.com\/KapitalisInfo\/\" \/>\n<meta property=\"article:published_time\" content=\"2023-09-24T11:55:01+00:00\" \/>\n<meta property=\"article:modified_time\" content=\"2023-09-24T11:55:02+00:00\" \/>\n<meta property=\"og:image\" content=\"https:\/\/kapitalis.com\/tunisie\/wp-content\/uploads\/2023\/09\/Huile-Olive.jpg\" \/>\n\t<meta property=\"og:image:width\" content=\"1200\" \/>\n\t<meta property=\"og:image:height\" content=\"630\" \/>\n\t<meta property=\"og:image:type\" content=\"image\/jpeg\" \/>\n<meta name=\"author\" content=\"webmaster kapitalis\" \/>\n<meta name=\"twitter:card\" content=\"summary_large_image\" \/>\n<meta name=\"twitter:creator\" content=\"@KapitalisInfo\" \/>\n<meta name=\"twitter:site\" content=\"@KapitalisInfo\" \/>\n<meta name=\"twitter:label1\" content=\"\u00c9crit par\" \/>\n\t<meta name=\"twitter:data1\" content=\"webmaster kapitalis\" \/>\n\t<meta name=\"twitter:label2\" content=\"Dur\u00e9e de lecture estim\u00e9e\" \/>\n\t<meta name=\"twitter:data2\" content=\"2 minutes\" \/>\n<script type=\"application\/ld+json\" class=\"yoast-schema-graph\">{\"@context\":\"https:\/\/schema.org\",\"@graph\":[{\"@type\":\"Article\",\"@id\":\"https:\/\/kapitalis.com\/tunisie\/2023\/09\/24\/le-prix-de-lhuile-dolive-flambe-sur-le-marche-mondial\/#article\",\"isPartOf\":{\"@id\":\"https:\/\/kapitalis.com\/tunisie\/2023\/09\/24\/le-prix-de-lhuile-dolive-flambe-sur-le-marche-mondial\/\"},\"author\":{\"name\":\"webmaster kapitalis\",\"@id\":\"https:\/\/kapitalis.com\/tunisie\/#\/schema\/person\/d71f33a9ca44f7bad4698210b480c8e9\"},\"headline\":\"Le prix de l\u2019huile d\u2019olive flambe sur le march\u00e9 mondial\",\"datePublished\":\"2023-09-24T11:55:01+00:00\",\"dateModified\":\"2023-09-24T11:55:02+00:00\",\"mainEntityOfPage\":{\"@id\":\"https:\/\/kapitalis.com\/tunisie\/2023\/09\/24\/le-prix-de-lhuile-dolive-flambe-sur-le-marche-mondial\/\"},\"wordCount\":343,\"commentCount\":3,\"publisher\":{\"@id\":\"https:\/\/kapitalis.com\/tunisie\/#organization\"},\"image\":{\"@id\":\"https:\/\/kapitalis.com\/tunisie\/2023\/09\/24\/le-prix-de-lhuile-dolive-flambe-sur-le-marche-mondial\/#primaryimage\"},\"thumbnailUrl\":\"https:\/\/kapitalis.com\/tunisie\/wp-content\/uploads\/2023\/09\/Huile-Olive.jpg\",\"keywords\":[\"Consortium ol\u00e9icole italien\",\"David Granieri\",\"Espagne\",\"huile d'olive\",\"Italie\",\"Tunisie\",\"Unaprol\"],\"articleSection\":[\"ECONOMIE\",\"Tunisie\"],\"inLanguage\":\"fr-FR\",\"potentialAction\":[{\"@type\":\"CommentAction\",\"name\":\"Comment\",\"target\":[\"https:\/\/kapitalis.com\/tunisie\/2023\/09\/24\/le-prix-de-lhuile-dolive-flambe-sur-le-marche-mondial\/#respond\"]}]},{\"@type\":\"WebPage\",\"@id\":\"https:\/\/kapitalis.com\/tunisie\/2023\/09\/24\/le-prix-de-lhuile-dolive-flambe-sur-le-marche-mondial\/\",\"url\":\"https:\/\/kapitalis.com\/tunisie\/2023\/09\/24\/le-prix-de-lhuile-dolive-flambe-sur-le-marche-mondial\/\",\"name\":\"Le prix de l\u2019huile d\u2019olive flambe sur le march\u00e9 mondial - Kapitalis\",\"isPartOf\":{\"@id\":\"https:\/\/kapitalis.com\/tunisie\/#website\"},\"primaryImageOfPage\":{\"@id\":\"https:\/\/kapitalis.com\/tunisie\/2023\/09\/24\/le-prix-de-lhuile-dolive-flambe-sur-le-marche-mondial\/#primaryimage\"},\"image\":{\"@id\":\"https:\/\/kapitalis.com\/tunisie\/2023\/09\/24\/le-prix-de-lhuile-dolive-flambe-sur-le-marche-mondial\/#primaryimage\"},\"thumbnailUrl\":\"https:\/\/kapitalis.com\/tunisie\/wp-content\/uploads\/2023\/09\/Huile-Olive.jpg\",\"datePublished\":\"2023-09-24T11:55:01+00:00\",\"dateModified\":\"2023-09-24T11:55:02+00:00\",\"breadcrumb\":{\"@id\":\"https:\/\/kapitalis.com\/tunisie\/2023\/09\/24\/le-prix-de-lhuile-dolive-flambe-sur-le-marche-mondial\/#breadcrumb\"},\"inLanguage\":\"fr-FR\",\"potentialAction\":[{\"@type\":\"ReadAction\",\"target\":[\"https:\/\/kapitalis.com\/tunisie\/2023\/09\/24\/le-prix-de-lhuile-dolive-flambe-sur-le-marche-mondial\/\"]}]},{\"@type\":\"ImageObject\",\"inLanguage\":\"fr-FR\",\"@id\":\"https:\/\/kapitalis.com\/tunisie\/2023\/09\/24\/le-prix-de-lhuile-dolive-flambe-sur-le-marche-mondial\/#primaryimage\",\"url\":\"https:\/\/kapitalis.com\/tunisie\/wp-content\/uploads\/2023\/09\/Huile-Olive.jpg\",\"contentUrl\":\"https:\/\/kapitalis.com\/tunisie\/wp-content\/uploads\/2023\/09\/Huile-Olive.jpg\",\"width\":1200,\"height\":630},{\"@type\":\"BreadcrumbList\",\"@id\":\"https:\/\/kapitalis.com\/tunisie\/2023\/09\/24\/le-prix-de-lhuile-dolive-flambe-sur-le-marche-mondial\/#breadcrumb\",\"itemListElement\":[{\"@type\":\"ListItem\",\"position\":1,\"name\":\"Accueil\",\"item\":\"https:\/\/kapitalis.com\/tunisie\/\"},{\"@type\":\"ListItem\",\"position\":2,\"name\":\"Le prix de l\u2019huile d\u2019olive flambe sur le march\u00e9 mondial\"}]},{\"@type\":\"WebSite\",\"@id\":\"https:\/\/kapitalis.com\/tunisie\/#website\",\"url\":\"https:\/\/kapitalis.com\/tunisie\/\",\"name\":\"Kapitalis\",\"description\":\"L&#039;actualit\u00e9 en Tunisie et dans le monde\",\"publisher\":{\"@id\":\"https:\/\/kapitalis.com\/tunisie\/#organization\"},\"potentialAction\":[{\"@type\":\"SearchAction\",\"target\":{\"@type\":\"EntryPoint\",\"urlTemplate\":\"https:\/\/kapitalis.com\/tunisie\/?s={search_term_string}\"},\"query-input\":{\"@type\":\"PropertyValueSpecification\",\"valueRequired\":true,\"valueName\":\"search_term_string\"}}],\"inLanguage\":\"fr-FR\"},{\"@type\":\"Organization\",\"@id\":\"https:\/\/kapitalis.com\/tunisie\/#organization\",\"name\":\"Kapitalis\",\"url\":\"https:\/\/kapitalis.com\/tunisie\/\",\"logo\":{\"@type\":\"ImageObject\",\"inLanguage\":\"fr-FR\",\"@id\":\"https:\/\/kapitalis.com\/tunisie\/#\/schema\/logo\/image\/\",\"url\":\"https:\/\/kapitalis.com\/tunisie\/wp-content\/uploads\/2022\/05\/Kapitalis-big-size.png\",\"contentUrl\":\"https:\/\/kapitalis.com\/tunisie\/wp-content\/uploads\/2022\/05\/Kapitalis-big-size.png\",\"width\":5000,\"height\":1500,\"caption\":\"Kapitalis\"},\"image\":{\"@id\":\"https:\/\/kapitalis.com\/tunisie\/#\/schema\/logo\/image\/\"},\"sameAs\":[\"https:\/\/www.facebook.com\/KapitalisInfo\/\",\"https:\/\/x.com\/KapitalisInfo\",\"https:\/\/www.youtube.com\/channel\/UC-yDYrHyfFBWWZaOw3FPg9Q\"]},{\"@type\":\"Person\",\"@id\":\"https:\/\/kapitalis.com\/tunisie\/#\/schema\/person\/d71f33a9ca44f7bad4698210b480c8e9\",\"name\":\"webmaster kapitalis\",\"url\":\"https:\/\/kapitalis.com\/tunisie\/author\/webmaster-kapitalis\/\"}]}<\/script>\n<!-- \/ Yoast SEO plugin. -->","yoast_head_json":{"title":"Le prix de l\u2019huile d\u2019olive flambe sur le march\u00e9 mondial - Kapitalis","robots":{"index":"index","follow":"follow","max-snippet":"max-snippet:-1","max-image-preview":"max-image-preview:large","max-video-preview":"max-video-preview:-1"},"canonical":"https:\/\/kapitalis.com\/tunisie\/2023\/09\/24\/le-prix-de-lhuile-dolive-flambe-sur-le-marche-mondial\/","og_locale":"fr_FR","og_type":"article","og_title":"Le prix de l\u2019huile d\u2019olive flambe sur le march\u00e9 mondial - Kapitalis","og_description":"Les tarifs de l'huile d'olive ont augment\u00e9 de 70% au prix du gros sur le march\u00e9 mondial.","og_url":"https:\/\/kapitalis.com\/tunisie\/2023\/09\/24\/le-prix-de-lhuile-dolive-flambe-sur-le-marche-mondial\/","og_site_name":"Kapitalis","article_publisher":"https:\/\/www.facebook.com\/KapitalisInfo\/","article_published_time":"2023-09-24T11:55:01+00:00","article_modified_time":"2023-09-24T11:55:02+00:00","og_image":[{"width":1200,"height":630,"url":"https:\/\/kapitalis.com\/tunisie\/wp-content\/uploads\/2023\/09\/Huile-Olive.jpg","type":"image\/jpeg"}],"author":"webmaster kapitalis","twitter_card":"summary_large_image","twitter_creator":"@KapitalisInfo","twitter_site":"@KapitalisInfo","twitter_misc":{"\u00c9crit par":"webmaster kapitalis","Dur\u00e9e de lecture estim\u00e9e":"2 minutes"},"schema":{"@context":"https:\/\/schema.org","@graph":[{"@type":"Article","@id":"https:\/\/kapitalis.com\/tunisie\/2023\/09\/24\/le-prix-de-lhuile-dolive-flambe-sur-le-marche-mondial\/#article","isPartOf":{"@id":"https:\/\/kapitalis.com\/tunisie\/2023\/09\/24\/le-prix-de-lhuile-dolive-flambe-sur-le-marche-mondial\/"},"author":{"name":"webmaster kapitalis","@id":"https:\/\/kapitalis.com\/tunisie\/#\/schema\/person\/d71f33a9ca44f7bad4698210b480c8e9"},"headline":"Le prix de l\u2019huile d\u2019olive flambe sur le march\u00e9 mondial","datePublished":"2023-09-24T11:55:01+00:00","dateModified":"2023-09-24T11:55:02+00:00","mainEntityOfPage":{"@id":"https:\/\/kapitalis.com\/tunisie\/2023\/09\/24\/le-prix-de-lhuile-dolive-flambe-sur-le-marche-mondial\/"},"wordCount":343,"commentCount":3,"publisher":{"@id":"https:\/\/kapitalis.com\/tunisie\/#organization"},"image":{"@id":"https:\/\/kapitalis.com\/tunisie\/2023\/09\/24\/le-prix-de-lhuile-dolive-flambe-sur-le-marche-mondial\/#primaryimage"},"thumbnailUrl":"https:\/\/kapitalis.com\/tunisie\/wp-content\/uploads\/2023\/09\/Huile-Olive.jpg","keywords":["Consortium ol\u00e9icole italien","David Granieri","Espagne","huile d'olive","Italie","Tunisie","Unaprol"],"articleSection":["ECONOMIE","Tunisie"],"inLanguage":"fr-FR","potentialAction":[{"@type":"CommentAction","name":"Comment","target":["https:\/\/kapitalis.com\/tunisie\/2023\/09\/24\/le-prix-de-lhuile-dolive-flambe-sur-le-marche-mondial\/#respond"]}]},{"@type":"WebPage","@id":"https:\/\/kapitalis.com\/tunisie\/2023\/09\/24\/le-prix-de-lhuile-dolive-flambe-sur-le-marche-mondial\/","url":"https:\/\/kapitalis.com\/tunisie\/2023\/09\/24\/le-prix-de-lhuile-dolive-flambe-sur-le-marche-mondial\/","name":"Le prix de l\u2019huile d\u2019olive flambe sur le march\u00e9 mondial - Kapitalis","isPartOf":{"@id":"https:\/\/kapitalis.com\/tunisie\/#website"},"primaryImageOfPage":{"@id":"https:\/\/kapitalis.com\/tunisie\/2023\/09\/24\/le-prix-de-lhuile-dolive-flambe-sur-le-marche-mondial\/#primaryimage"},"image":{"@id":"https:\/\/kapitalis.com\/tunisie\/2023\/09\/24\/le-prix-de-lhuile-dolive-flambe-sur-le-marche-mondial\/#primaryimage"},"thumbnailUrl":"https:\/\/kapitalis.com\/tunisie\/wp-content\/uploads\/2023\/09\/Huile-Olive.jpg","datePublished":"2023-09-24T11:55:01+00:00","dateModified":"2023-09-24T11:55:02+00:00","breadcrumb":{"@id":"https:\/\/kapitalis.com\/tunisie\/2023\/09\/24\/le-prix-de-lhuile-dolive-flambe-sur-le-marche-mondial\/#breadcrumb"},"inLanguage":"fr-FR","potentialAction":[{"@type":"ReadAction","target":["https:\/\/kapitalis.com\/tunisie\/2023\/09\/24\/le-prix-de-lhuile-dolive-flambe-sur-le-marche-mondial\/"]}]},{"@type":"ImageObject","inLanguage":"fr-FR","@id":"https:\/\/kapitalis.com\/tunisie\/2023\/09\/24\/le-prix-de-lhuile-dolive-flambe-sur-le-marche-mondial\/#primaryimage","url":"https:\/\/kapitalis.com\/tunisie\/wp-content\/uploads\/2023\/09\/Huile-Olive.jpg","contentUrl":"https:\/\/kapitalis.com\/tunisie\/wp-content\/uploads\/2023\/09\/Huile-Olive.jpg","width":1200,"height":630},{"@type":"BreadcrumbList","@id":"https:\/\/kapitalis.com\/tunisie\/2023\/09\/24\/le-prix-de-lhuile-dolive-flambe-sur-le-marche-mondial\/#breadcrumb","itemListElement":[{"@type":"ListItem","position":1,"name":"Accueil","item":"https:\/\/kapitalis.com\/tunisie\/"},{"@type":"ListItem","position":2,"name":"Le prix de l\u2019huile d\u2019olive flambe sur le march\u00e9 mondial"}]},{"@type":"WebSite","@id":"https:\/\/kapitalis.com\/tunisie\/#website","url":"https:\/\/kapitalis.com\/tunisie\/","name":"Kapitalis","description":"L&#039;actualit\u00e9 en Tunisie et dans le monde","publisher":{"@id":"https:\/\/kapitalis.com\/tunisie\/#organization"},"potentialAction":[{"@type":"SearchAction","target":{"@type":"EntryPoint","urlTemplate":"https:\/\/kapitalis.com\/tunisie\/?s={search_term_string}"},"query-input":{"@type":"PropertyValueSpecification","valueRequired":true,"valueName":"search_term_string"}}],"inLanguage":"fr-FR"},{"@type":"Organization","@id":"https:\/\/kapitalis.com\/tunisie\/#organization","name":"Kapitalis","url":"https:\/\/kapitalis.com\/tunisie\/","logo":{"@type":"ImageObject","inLanguage":"fr-FR","@id":"https:\/\/kapitalis.com\/tunisie\/#\/schema\/logo\/image\/","url":"https:\/\/kapitalis.com\/tunisie\/wp-content\/uploads\/2022\/05\/Kapitalis-big-size.png","contentUrl":"https:\/\/kapitalis.com\/tunisie\/wp-content\/uploads\/2022\/05\/Kapitalis-big-size.png","width":5000,"height":1500,"caption":"Kapitalis"},"image":{"@id":"https:\/\/kapitalis.com\/tunisie\/#\/schema\/logo\/image\/"},"sameAs":["https:\/\/www.facebook.com\/KapitalisInfo\/","https:\/\/x.com\/KapitalisInfo","https:\/\/www.youtube.com\/channel\/UC-yDYrHyfFBWWZaOw3FPg9Q"]},{"@type":"Person","@id":"https:\/\/kapitalis.com\/tunisie\/#\/schema\/person\/d71f33a9ca44f7bad4698210b480c8e9","name":"webmaster kapitalis","url":"https:\/\/kapitalis.com\/tunisie\/author\/webmaster-kapitalis\/"}]}},"_links":{"self":[{"href":"https:\/\/kapitalis.com\/tunisie\/wp-json\/wp\/v2\/posts\/9897118","targetHints":{"allow":["GET"]}}],"collection":[{"href":"https:\/\/kapitalis.com\/tunisie\/wp-json\/wp\/v2\/posts"}],"about":[{"href":"https:\/\/kapitalis.com\/tunisie\/wp-json\/wp\/v2\/types\/post"}],"author":[{"embeddable":true,"href":"https:\/\/kapitalis.com\/tunisie\/wp-json\/wp\/v2\/users\/8"}],"replies":[{"embeddable":true,"href":"https:\/\/kapitalis.com\/tunisie\/wp-json\/wp\/v2\/comments?post=9897118"}],"version-history":[{"count":1,"href":"https:\/\/kapitalis.com\/tunisie\/wp-json\/wp\/v2\/posts\/9897118\/revisions"}],"predecessor-version":[{"id":9897176,"href":"https:\/\/kapitalis.com\/tunisie\/wp-json\/wp\/v2\/posts\/9897118\/revisions\/9897176"}],"wp:featuredmedia":[{"embeddable":true,"href":"https:\/\/kapitalis.com\/tunisie\/wp-json\/wp\/v2\/media\/9897174"}],"wp:attachment":[{"href":"https:\/\/kapitalis.com\/tunisie\/wp-json\/wp\/v2\/media?parent=9897118"}],"wp:term":[{"taxonomy":"category","embeddable":true,"href":"https:\/\/kapitalis.com\/tunisie\/wp-json\/wp\/v2\/categories?post=9897118"},{"taxonomy":"post_tag","embeddable":true,"href":"https:\/\/kapitalis.com\/tunisie\/wp-json\/wp\/v2\/tags?post=9897118"}],"curies":[{"name":"wp","href":"https:\/\/api.w.org\/{rel}","templated":true}]}}