{"id":9929644,"date":"2023-09-27T07:34:28","date_gmt":"2023-09-27T06:34:28","guid":{"rendered":"https:\/\/kapitalis.com\/tunisie\/?p=9929644"},"modified":"2023-09-27T07:34:30","modified_gmt":"2023-09-27T06:34:30","slug":"nouveau-cap-dans-les-relations-entre-la-tunisie-et-la-russie","status":"publish","type":"post","link":"https:\/\/kapitalis.com\/tunisie\/2023\/09\/27\/nouveau-cap-dans-les-relations-entre-la-tunisie-et-la-russie\/","title":{"rendered":"Nouveau cap dans les relations entre la Tunisie et la Russie\u00a0"},"content":{"rendered":"\n<p><strong><em>La Tunisie et la Russie ont convenu que la coop\u00e9ration bilat\u00e9rale doit \u00eatre d\u00e9velopp\u00e9e dans le respect mutuel et la non-ing\u00e9rence dans les affaires int\u00e9rieures, Moscou soutenant le processus de r\u00e9formes politiques entam\u00e9 par le pr\u00e9sident Ka\u00efs Sa\u00efed pour prot\u00e9ger l\u2019Etat et relancer l\u2019\u00e9conomie.<\/em><\/strong><\/p>\n\n\n\n<!--more-->\n\n\n\n<p><em>\u00abLa Tunisie a, toujours, les canaux de partenariat et de coop\u00e9ration avec tous ses partenaires [..] Elle n\u2019a pas, dans ses traditions, de rejeter un partenaire pour un autre\u00bb<\/em>, a d\u00e9clar\u00e9, mardi 25 septembre 2023, \u00e0 Moscou, le ministre des Affaires \u00e9trang\u00e8res, de la Migration et des Tunisiens \u00e0 l\u2019\u00e9tranger, Nabil Ammar, cit\u00e9 par l\u2019agence Tap, laissant ainsi entendre que le renforcement des relations de la Tunisie avec la Russie n\u2019est pas incompatible avec le maintien de ses relations historiques avec les pays occidentaux : Etats-Unis et Union europ\u00e9enne.<\/p>\n\n\n\n<p>S\u2019exprimant, lors d\u2019une conf\u00e9rence de presse tenue \u00e0 l\u2019issue de son entretien avec son homologue russe Sergue\u00ef Lavrov, Ammar a soulign\u00e9 que la s\u00e9curit\u00e9 et la stabilit\u00e9 du pays ainsi que la protection des cat\u00e9gories sociales les plus d\u00e9favoris\u00e9es sont des lignes rouges. <em>\u00abLa Tunisie est pr\u00eate \u00e0 discuter avec tous ses partenaires, dont le Fond mon\u00e9taire international qui doit \u00eatre au service des pays et non pas le contraire\u00bb<\/em>, a-t-il lanc\u00e9.<\/p>\n\n\n\n<p>En r\u00e9ponse \u00e0 une question sur la crise migratoire dans la r\u00e9gion de la M\u00e9diterran\u00e9e, le ministre a soulign\u00e9 que son traitement d\u00e9passe les capacit\u00e9s d\u2019un seul pays quel qu\u2019il soit. La Tunisie pr\u00f4ne une approche globale qui n\u00e9cessite les efforts de toutes les parties concern\u00e9es par les flux migratoires, pour s\u2019attaquer aux raisons profondes qui ont amen\u00e9 \u00e0 la situation actuelle.<\/p>\n\n\n\n<p>Par ailleurs, le chef de la diplomatie tunisienne a soulign\u00e9 que l\u2019entrevue avec son homologue russe a permis d\u2019aborder les volets de la coop\u00e9ration et les concertations politiques entre les deux pays.<\/p>\n\n\n<div class=\"wp-block-image\">\n<figure class=\"aligncenter size-large is-resized\"><img decoding=\"async\" src=\"https:\/\/kapitalis.com\/tunisie\/wp-content\/uploads\/2023\/09\/Serguei-Lavrov-Nabil-Ammar-1024x538.jpg\" alt=\"\" class=\"wp-image-9929693\" style=\"width:800px\" width=\"800\" srcset=\"https:\/\/kapitalis.com\/tunisie\/wp-content\/uploads\/2023\/09\/Serguei-Lavrov-Nabil-Ammar-1024x538.jpg 1024w, https:\/\/kapitalis.com\/tunisie\/wp-content\/uploads\/2023\/09\/Serguei-Lavrov-Nabil-Ammar-300x158.jpg 300w, https:\/\/kapitalis.com\/tunisie\/wp-content\/uploads\/2023\/09\/Serguei-Lavrov-Nabil-Ammar-768x403.jpg 768w, https:\/\/kapitalis.com\/tunisie\/wp-content\/uploads\/2023\/09\/Serguei-Lavrov-Nabil-Ammar-580x305.jpg 580w, https:\/\/kapitalis.com\/tunisie\/wp-content\/uploads\/2023\/09\/Serguei-Lavrov-Nabil-Ammar-860x452.jpg 860w, https:\/\/kapitalis.com\/tunisie\/wp-content\/uploads\/2023\/09\/Serguei-Lavrov-Nabil-Ammar-1160x609.jpg 1160w, https:\/\/kapitalis.com\/tunisie\/wp-content\/uploads\/2023\/09\/Serguei-Lavrov-Nabil-Ammar.jpg 1200w\" sizes=\"(max-width: 1024px) 100vw, 1024px\" \/><\/figure>\n<\/div>\n\n\n<p>Sur le plan bilat\u00e9ral, tous les domaines de coop\u00e9ration sont ouverts \u00e0 un renforcement, il n\u2019y a aucune entrave \u00e0 la consolidation de la coop\u00e9ration apr\u00e8s un ralentissement d\u00fb principalement \u00e0 la crise sanitaire du Covid-19, a-t-il ajout\u00e9, en mettant l\u2019accent sur la convergence des points de vue des deux pays \u00e0 l\u2019\u00e9gard des questions internationales et r\u00e9gionales de l\u2019heure, dont la cause palestinienne, le dossier de la Libye et celui du retour de la Syrie \u00e0 la Ligue des Etats arabes.<\/p>\n\n\n\n<p>Les deux ministres ont convenu que la coop\u00e9ration bilat\u00e9rale doit \u00eatre d\u00e9velopp\u00e9e dans le respect mutuel et la non-ing\u00e9rence dans les affaires int\u00e9rieures. Ils ont \u00e9galement soulign\u00e9 la volont\u00e9 commune de tenir la 8<sup>e<\/sup> session de la commission mixte, r\u00e9it\u00e9rant la n\u00e9cessit\u00e9 de poursuivre la mise en \u0153uvre des accords sign\u00e9s entre les deux pays.<\/p>\n\n\n\n<p>La Russie soutient le processus de r\u00e9formes politiques entam\u00e9 par le pr\u00e9sident de la r\u00e9publique Ka\u00efs Sa\u00efed pour prot\u00e9ger l\u2019Etat et relancer l\u2019\u00e9conomie tunisienne, a d\u00e9clar\u00e9, pour sa part, le ministre russe des Affaires \u00e9trang\u00e8res.<\/p>\n\n\n\n<p>Sur le plan \u00e9conomique, Sergue\u00ef Lavrov a fait part de la disposition des deux pays \u00e0 renforcer la coop\u00e9ration bilat\u00e9rale dans plusieurs domaines dont celui des hautes technologies et du nucl\u00e9aire civil, et \u00e0 explorer de nouvelles opportunit\u00e9s de partenariat. <em>\u00abLa Tunisie fait partie des partenaires majeurs de la Russie dans le continent africain, les \u00e9changes commerciaux entre les deux pays ont atteint 1,2 milliard de dollars durant la premi\u00e8re moiti\u00e9 de l\u2019ann\u00e9e 2023\u00bb<\/em>, a-t-il ajout\u00e9.<\/p>\n\n\n\n<p>Il a \u00e9t\u00e9 convenu, dans ce sens, d\u2019augmenter les achats des produits tunisiens, en particulier les produits agricoles et textiles, et d\u2019\u0153uvrer \u00e0 r\u00e9tablir le nombre de touristes russes en Tunisie, qui a atteint les 600&nbsp;000 avant la crise du Covid-19, a pr\u00e9cis\u00e9 Lavrov.<\/p>\n\n\n\n<p>Il a \u00e9galement \u00e9t\u00e9 convenu d\u2019augmenter les achats des c\u00e9r\u00e9ales russes par la Tunisie, a-t-il &nbsp;assur\u00e9, faisant savoir que la premi\u00e8re livraison de c\u00e9r\u00e9ales a \u00e9t\u00e9 achemin\u00e9e vers la Tunisie.<\/p>\n\n\n\n<p>A noter que la PDG de l\u2019Office des c\u00e9r\u00e9ales, Saloua Ben Hdaied, fait partie de la d\u00e9l\u00e9gation accompagnant le ministre des Affaires \u00e9trang\u00e8res dans cette visite de travail de deux jours \u00e0 Moscou. Elle s\u2019est entretenue avec les autorit\u00e9s russes au sujet de l\u2019importation de c\u00e9r\u00e9ales \u00e0 prix pr\u00e9f\u00e9rentiels.<\/p>\n\n\n\n<p class=\"has-text-align-right\"><strong>I. B.<\/strong> (avec Tap).<\/p>\n\n\n\n<figure class=\"wp-block-embed is-type-wp-embed is-provider-kapitalis wp-block-embed-kapitalis\"><div class=\"wp-block-embed__wrapper\">\n<blockquote class=\"wp-embedded-content\" data-secret=\"UyxiDcoatE\"><a href=\"https:\/\/kapitalis.com\/tunisie\/2023\/09\/26\/fritures-sur-la-ligne-entre-la-tunisie-et-lunion-europeenne\/\">Fritures sur la ligne entre la Tunisie et l&rsquo;Union europ\u00e9enne<\/a><\/blockquote><iframe loading=\"lazy\" class=\"wp-embedded-content\" sandbox=\"allow-scripts\" security=\"restricted\" style=\"position: absolute; clip: rect(1px, 1px, 1px, 1px);\" title=\"\u00ab\u00a0Fritures sur la ligne entre la Tunisie et l&rsquo;Union europ\u00e9enne\u00a0\u00bb &#8212; Kapitalis\" src=\"https:\/\/kapitalis.com\/tunisie\/2023\/09\/26\/fritures-sur-la-ligne-entre-la-tunisie-et-lunion-europeenne\/embed\/#?secret=9b71N9ULpr#?secret=UyxiDcoatE\" data-secret=\"UyxiDcoatE\" width=\"600\" height=\"338\" frameborder=\"0\" marginwidth=\"0\" marginheight=\"0\" scrolling=\"no\"><\/iframe>\n<\/div><\/figure>\n","protected":false},"excerpt":{"rendered":"<p>La Tunisie et la Russie ont convenu que la coop\u00e9ration bilat\u00e9rale doit \u00eatre d\u00e9velopp\u00e9e dans le respect mutuel et la non-ing\u00e9rence dans les affaires int\u00e9rieures. <\/p>\n","protected":false},"author":8,"featured_media":9929690,"comment_status":"open","ping_status":"open","sticky":false,"template":"","format":"standard","meta":{"footnotes":""},"categories":[997,2433],"tags":[1203,75918,76012,92415,796,110485,107785,62643,107607],"class_list":["post-9929644","post","type-post","status-publish","format-standard","has-post-thumbnail","hentry","category-politique","category-tunisie","tag-cereales","tag-etats-unis-2","tag-kais-saied-2","tag-nabil-ammar","tag-russie","tag-saloua-ben-hdaied","tag-serguei-lavrov-2","tag-tunisie","tag-union-europeeene"],"yoast_head":"<!-- This site is optimized with the Yoast SEO plugin v26.6 - https:\/\/yoast.com\/wordpress\/plugins\/seo\/ -->\n<title>Nouveau cap dans les relations entre la Tunisie et la Russie\u00a0 - Kapitalis<\/title>\n<meta name=\"robots\" content=\"index, follow, max-snippet:-1, max-image-preview:large, max-video-preview:-1\" \/>\n<link rel=\"canonical\" href=\"https:\/\/kapitalis.com\/tunisie\/2023\/09\/27\/nouveau-cap-dans-les-relations-entre-la-tunisie-et-la-russie\/\" \/>\n<meta property=\"og:locale\" content=\"fr_FR\" \/>\n<meta property=\"og:type\" content=\"article\" \/>\n<meta property=\"og:title\" content=\"Nouveau cap dans les relations entre la Tunisie et la Russie\u00a0 - Kapitalis\" \/>\n<meta property=\"og:description\" content=\"La Tunisie et la Russie ont convenu que la coop\u00e9ration bilat\u00e9rale doit \u00eatre d\u00e9velopp\u00e9e dans le respect mutuel et la non-ing\u00e9rence dans les affaires int\u00e9rieures.\" \/>\n<meta property=\"og:url\" content=\"https:\/\/kapitalis.com\/tunisie\/2023\/09\/27\/nouveau-cap-dans-les-relations-entre-la-tunisie-et-la-russie\/\" \/>\n<meta property=\"og:site_name\" content=\"Kapitalis\" \/>\n<meta property=\"article:publisher\" content=\"https:\/\/www.facebook.com\/KapitalisInfo\/\" \/>\n<meta property=\"article:published_time\" content=\"2023-09-27T06:34:28+00:00\" \/>\n<meta property=\"article:modified_time\" content=\"2023-09-27T06:34:30+00:00\" \/>\n<meta property=\"og:image\" content=\"https:\/\/kapitalis.com\/tunisie\/wp-content\/uploads\/2023\/09\/Nabil-Ammar-Serguei-Lavrov.jpg\" \/>\n\t<meta property=\"og:image:width\" content=\"1200\" \/>\n\t<meta property=\"og:image:height\" content=\"630\" \/>\n\t<meta property=\"og:image:type\" content=\"image\/jpeg\" \/>\n<meta name=\"author\" content=\"webmaster kapitalis\" \/>\n<meta name=\"twitter:card\" content=\"summary_large_image\" \/>\n<meta name=\"twitter:creator\" content=\"@KapitalisInfo\" \/>\n<meta name=\"twitter:site\" content=\"@KapitalisInfo\" \/>\n<meta name=\"twitter:label1\" content=\"\u00c9crit par\" \/>\n\t<meta name=\"twitter:data1\" content=\"webmaster kapitalis\" \/>\n\t<meta name=\"twitter:label2\" content=\"Dur\u00e9e de lecture estim\u00e9e\" \/>\n\t<meta name=\"twitter:data2\" content=\"4 minutes\" \/>\n<script type=\"application\/ld+json\" class=\"yoast-schema-graph\">{\"@context\":\"https:\/\/schema.org\",\"@graph\":[{\"@type\":\"Article\",\"@id\":\"https:\/\/kapitalis.com\/tunisie\/2023\/09\/27\/nouveau-cap-dans-les-relations-entre-la-tunisie-et-la-russie\/#article\",\"isPartOf\":{\"@id\":\"https:\/\/kapitalis.com\/tunisie\/2023\/09\/27\/nouveau-cap-dans-les-relations-entre-la-tunisie-et-la-russie\/\"},\"author\":{\"name\":\"webmaster kapitalis\",\"@id\":\"https:\/\/kapitalis.com\/tunisie\/#\/schema\/person\/d71f33a9ca44f7bad4698210b480c8e9\"},\"headline\":\"Nouveau cap dans les relations entre la Tunisie et la Russie\u00a0\",\"datePublished\":\"2023-09-27T06:34:28+00:00\",\"dateModified\":\"2023-09-27T06:34:30+00:00\",\"mainEntityOfPage\":{\"@id\":\"https:\/\/kapitalis.com\/tunisie\/2023\/09\/27\/nouveau-cap-dans-les-relations-entre-la-tunisie-et-la-russie\/\"},\"wordCount\":775,\"commentCount\":4,\"publisher\":{\"@id\":\"https:\/\/kapitalis.com\/tunisie\/#organization\"},\"image\":{\"@id\":\"https:\/\/kapitalis.com\/tunisie\/2023\/09\/27\/nouveau-cap-dans-les-relations-entre-la-tunisie-et-la-russie\/#primaryimage\"},\"thumbnailUrl\":\"https:\/\/kapitalis.com\/tunisie\/wp-content\/uploads\/2023\/09\/Nabil-Ammar-Serguei-Lavrov.jpg\",\"keywords\":[\"c\u00e9r\u00e9ales\",\"Etats-Unis\",\"Ka\u00efs Sa\u00efed\",\"Nabil Ammar\",\"Russie\",\"Saloua Ben Hdaied\",\"Serguei Lavrov\",\"Tunisie\",\"Union europ\u00e9eene\"],\"articleSection\":[\"POLITIQUE\",\"Tunisie\"],\"inLanguage\":\"fr-FR\",\"potentialAction\":[{\"@type\":\"CommentAction\",\"name\":\"Comment\",\"target\":[\"https:\/\/kapitalis.com\/tunisie\/2023\/09\/27\/nouveau-cap-dans-les-relations-entre-la-tunisie-et-la-russie\/#respond\"]}]},{\"@type\":\"WebPage\",\"@id\":\"https:\/\/kapitalis.com\/tunisie\/2023\/09\/27\/nouveau-cap-dans-les-relations-entre-la-tunisie-et-la-russie\/\",\"url\":\"https:\/\/kapitalis.com\/tunisie\/2023\/09\/27\/nouveau-cap-dans-les-relations-entre-la-tunisie-et-la-russie\/\",\"name\":\"Nouveau cap dans les relations entre la Tunisie et la Russie\u00a0 - Kapitalis\",\"isPartOf\":{\"@id\":\"https:\/\/kapitalis.com\/tunisie\/#website\"},\"primaryImageOfPage\":{\"@id\":\"https:\/\/kapitalis.com\/tunisie\/2023\/09\/27\/nouveau-cap-dans-les-relations-entre-la-tunisie-et-la-russie\/#primaryimage\"},\"image\":{\"@id\":\"https:\/\/kapitalis.com\/tunisie\/2023\/09\/27\/nouveau-cap-dans-les-relations-entre-la-tunisie-et-la-russie\/#primaryimage\"},\"thumbnailUrl\":\"https:\/\/kapitalis.com\/tunisie\/wp-content\/uploads\/2023\/09\/Nabil-Ammar-Serguei-Lavrov.jpg\",\"datePublished\":\"2023-09-27T06:34:28+00:00\",\"dateModified\":\"2023-09-27T06:34:30+00:00\",\"breadcrumb\":{\"@id\":\"https:\/\/kapitalis.com\/tunisie\/2023\/09\/27\/nouveau-cap-dans-les-relations-entre-la-tunisie-et-la-russie\/#breadcrumb\"},\"inLanguage\":\"fr-FR\",\"potentialAction\":[{\"@type\":\"ReadAction\",\"target\":[\"https:\/\/kapitalis.com\/tunisie\/2023\/09\/27\/nouveau-cap-dans-les-relations-entre-la-tunisie-et-la-russie\/\"]}]},{\"@type\":\"ImageObject\",\"inLanguage\":\"fr-FR\",\"@id\":\"https:\/\/kapitalis.com\/tunisie\/2023\/09\/27\/nouveau-cap-dans-les-relations-entre-la-tunisie-et-la-russie\/#primaryimage\",\"url\":\"https:\/\/kapitalis.com\/tunisie\/wp-content\/uploads\/2023\/09\/Nabil-Ammar-Serguei-Lavrov.jpg\",\"contentUrl\":\"https:\/\/kapitalis.com\/tunisie\/wp-content\/uploads\/2023\/09\/Nabil-Ammar-Serguei-Lavrov.jpg\",\"width\":1200,\"height\":630},{\"@type\":\"BreadcrumbList\",\"@id\":\"https:\/\/kapitalis.com\/tunisie\/2023\/09\/27\/nouveau-cap-dans-les-relations-entre-la-tunisie-et-la-russie\/#breadcrumb\",\"itemListElement\":[{\"@type\":\"ListItem\",\"position\":1,\"name\":\"Accueil\",\"item\":\"https:\/\/kapitalis.com\/tunisie\/\"},{\"@type\":\"ListItem\",\"position\":2,\"name\":\"Nouveau cap dans les relations entre la Tunisie et la Russie\u00a0\"}]},{\"@type\":\"WebSite\",\"@id\":\"https:\/\/kapitalis.com\/tunisie\/#website\",\"url\":\"https:\/\/kapitalis.com\/tunisie\/\",\"name\":\"Kapitalis\",\"description\":\"L&#039;actualit\u00e9 en Tunisie et dans le monde\",\"publisher\":{\"@id\":\"https:\/\/kapitalis.com\/tunisie\/#organization\"},\"potentialAction\":[{\"@type\":\"SearchAction\",\"target\":{\"@type\":\"EntryPoint\",\"urlTemplate\":\"https:\/\/kapitalis.com\/tunisie\/?s={search_term_string}\"},\"query-input\":{\"@type\":\"PropertyValueSpecification\",\"valueRequired\":true,\"valueName\":\"search_term_string\"}}],\"inLanguage\":\"fr-FR\"},{\"@type\":\"Organization\",\"@id\":\"https:\/\/kapitalis.com\/tunisie\/#organization\",\"name\":\"Kapitalis\",\"url\":\"https:\/\/kapitalis.com\/tunisie\/\",\"logo\":{\"@type\":\"ImageObject\",\"inLanguage\":\"fr-FR\",\"@id\":\"https:\/\/kapitalis.com\/tunisie\/#\/schema\/logo\/image\/\",\"url\":\"https:\/\/kapitalis.com\/tunisie\/wp-content\/uploads\/2022\/05\/Kapitalis-big-size.png\",\"contentUrl\":\"https:\/\/kapitalis.com\/tunisie\/wp-content\/uploads\/2022\/05\/Kapitalis-big-size.png\",\"width\":5000,\"height\":1500,\"caption\":\"Kapitalis\"},\"image\":{\"@id\":\"https:\/\/kapitalis.com\/tunisie\/#\/schema\/logo\/image\/\"},\"sameAs\":[\"https:\/\/www.facebook.com\/KapitalisInfo\/\",\"https:\/\/x.com\/KapitalisInfo\",\"https:\/\/www.youtube.com\/channel\/UC-yDYrHyfFBWWZaOw3FPg9Q\"]},{\"@type\":\"Person\",\"@id\":\"https:\/\/kapitalis.com\/tunisie\/#\/schema\/person\/d71f33a9ca44f7bad4698210b480c8e9\",\"name\":\"webmaster kapitalis\",\"url\":\"https:\/\/kapitalis.com\/tunisie\/author\/webmaster-kapitalis\/\"}]}<\/script>\n<!-- \/ Yoast SEO plugin. -->","yoast_head_json":{"title":"Nouveau cap dans les relations entre la Tunisie et la Russie\u00a0 - Kapitalis","robots":{"index":"index","follow":"follow","max-snippet":"max-snippet:-1","max-image-preview":"max-image-preview:large","max-video-preview":"max-video-preview:-1"},"canonical":"https:\/\/kapitalis.com\/tunisie\/2023\/09\/27\/nouveau-cap-dans-les-relations-entre-la-tunisie-et-la-russie\/","og_locale":"fr_FR","og_type":"article","og_title":"Nouveau cap dans les relations entre la Tunisie et la Russie\u00a0 - Kapitalis","og_description":"La Tunisie et la Russie ont convenu que la coop\u00e9ration bilat\u00e9rale doit \u00eatre d\u00e9velopp\u00e9e dans le respect mutuel et la non-ing\u00e9rence dans les affaires int\u00e9rieures.","og_url":"https:\/\/kapitalis.com\/tunisie\/2023\/09\/27\/nouveau-cap-dans-les-relations-entre-la-tunisie-et-la-russie\/","og_site_name":"Kapitalis","article_publisher":"https:\/\/www.facebook.com\/KapitalisInfo\/","article_published_time":"2023-09-27T06:34:28+00:00","article_modified_time":"2023-09-27T06:34:30+00:00","og_image":[{"width":1200,"height":630,"url":"https:\/\/kapitalis.com\/tunisie\/wp-content\/uploads\/2023\/09\/Nabil-Ammar-Serguei-Lavrov.jpg","type":"image\/jpeg"}],"author":"webmaster kapitalis","twitter_card":"summary_large_image","twitter_creator":"@KapitalisInfo","twitter_site":"@KapitalisInfo","twitter_misc":{"\u00c9crit par":"webmaster kapitalis","Dur\u00e9e de lecture estim\u00e9e":"4 minutes"},"schema":{"@context":"https:\/\/schema.org","@graph":[{"@type":"Article","@id":"https:\/\/kapitalis.com\/tunisie\/2023\/09\/27\/nouveau-cap-dans-les-relations-entre-la-tunisie-et-la-russie\/#article","isPartOf":{"@id":"https:\/\/kapitalis.com\/tunisie\/2023\/09\/27\/nouveau-cap-dans-les-relations-entre-la-tunisie-et-la-russie\/"},"author":{"name":"webmaster kapitalis","@id":"https:\/\/kapitalis.com\/tunisie\/#\/schema\/person\/d71f33a9ca44f7bad4698210b480c8e9"},"headline":"Nouveau cap dans les relations entre la Tunisie et la Russie\u00a0","datePublished":"2023-09-27T06:34:28+00:00","dateModified":"2023-09-27T06:34:30+00:00","mainEntityOfPage":{"@id":"https:\/\/kapitalis.com\/tunisie\/2023\/09\/27\/nouveau-cap-dans-les-relations-entre-la-tunisie-et-la-russie\/"},"wordCount":775,"commentCount":4,"publisher":{"@id":"https:\/\/kapitalis.com\/tunisie\/#organization"},"image":{"@id":"https:\/\/kapitalis.com\/tunisie\/2023\/09\/27\/nouveau-cap-dans-les-relations-entre-la-tunisie-et-la-russie\/#primaryimage"},"thumbnailUrl":"https:\/\/kapitalis.com\/tunisie\/wp-content\/uploads\/2023\/09\/Nabil-Ammar-Serguei-Lavrov.jpg","keywords":["c\u00e9r\u00e9ales","Etats-Unis","Ka\u00efs Sa\u00efed","Nabil Ammar","Russie","Saloua Ben Hdaied","Serguei Lavrov","Tunisie","Union europ\u00e9eene"],"articleSection":["POLITIQUE","Tunisie"],"inLanguage":"fr-FR","potentialAction":[{"@type":"CommentAction","name":"Comment","target":["https:\/\/kapitalis.com\/tunisie\/2023\/09\/27\/nouveau-cap-dans-les-relations-entre-la-tunisie-et-la-russie\/#respond"]}]},{"@type":"WebPage","@id":"https:\/\/kapitalis.com\/tunisie\/2023\/09\/27\/nouveau-cap-dans-les-relations-entre-la-tunisie-et-la-russie\/","url":"https:\/\/kapitalis.com\/tunisie\/2023\/09\/27\/nouveau-cap-dans-les-relations-entre-la-tunisie-et-la-russie\/","name":"Nouveau cap dans les relations entre la Tunisie et la Russie\u00a0 - Kapitalis","isPartOf":{"@id":"https:\/\/kapitalis.com\/tunisie\/#website"},"primaryImageOfPage":{"@id":"https:\/\/kapitalis.com\/tunisie\/2023\/09\/27\/nouveau-cap-dans-les-relations-entre-la-tunisie-et-la-russie\/#primaryimage"},"image":{"@id":"https:\/\/kapitalis.com\/tunisie\/2023\/09\/27\/nouveau-cap-dans-les-relations-entre-la-tunisie-et-la-russie\/#primaryimage"},"thumbnailUrl":"https:\/\/kapitalis.com\/tunisie\/wp-content\/uploads\/2023\/09\/Nabil-Ammar-Serguei-Lavrov.jpg","datePublished":"2023-09-27T06:34:28+00:00","dateModified":"2023-09-27T06:34:30+00:00","breadcrumb":{"@id":"https:\/\/kapitalis.com\/tunisie\/2023\/09\/27\/nouveau-cap-dans-les-relations-entre-la-tunisie-et-la-russie\/#breadcrumb"},"inLanguage":"fr-FR","potentialAction":[{"@type":"ReadAction","target":["https:\/\/kapitalis.com\/tunisie\/2023\/09\/27\/nouveau-cap-dans-les-relations-entre-la-tunisie-et-la-russie\/"]}]},{"@type":"ImageObject","inLanguage":"fr-FR","@id":"https:\/\/kapitalis.com\/tunisie\/2023\/09\/27\/nouveau-cap-dans-les-relations-entre-la-tunisie-et-la-russie\/#primaryimage","url":"https:\/\/kapitalis.com\/tunisie\/wp-content\/uploads\/2023\/09\/Nabil-Ammar-Serguei-Lavrov.jpg","contentUrl":"https:\/\/kapitalis.com\/tunisie\/wp-content\/uploads\/2023\/09\/Nabil-Ammar-Serguei-Lavrov.jpg","width":1200,"height":630},{"@type":"BreadcrumbList","@id":"https:\/\/kapitalis.com\/tunisie\/2023\/09\/27\/nouveau-cap-dans-les-relations-entre-la-tunisie-et-la-russie\/#breadcrumb","itemListElement":[{"@type":"ListItem","position":1,"name":"Accueil","item":"https:\/\/kapitalis.com\/tunisie\/"},{"@type":"ListItem","position":2,"name":"Nouveau cap dans les relations entre la Tunisie et la Russie\u00a0"}]},{"@type":"WebSite","@id":"https:\/\/kapitalis.com\/tunisie\/#website","url":"https:\/\/kapitalis.com\/tunisie\/","name":"Kapitalis","description":"L&#039;actualit\u00e9 en Tunisie et dans le monde","publisher":{"@id":"https:\/\/kapitalis.com\/tunisie\/#organization"},"potentialAction":[{"@type":"SearchAction","target":{"@type":"EntryPoint","urlTemplate":"https:\/\/kapitalis.com\/tunisie\/?s={search_term_string}"},"query-input":{"@type":"PropertyValueSpecification","valueRequired":true,"valueName":"search_term_string"}}],"inLanguage":"fr-FR"},{"@type":"Organization","@id":"https:\/\/kapitalis.com\/tunisie\/#organization","name":"Kapitalis","url":"https:\/\/kapitalis.com\/tunisie\/","logo":{"@type":"ImageObject","inLanguage":"fr-FR","@id":"https:\/\/kapitalis.com\/tunisie\/#\/schema\/logo\/image\/","url":"https:\/\/kapitalis.com\/tunisie\/wp-content\/uploads\/2022\/05\/Kapitalis-big-size.png","contentUrl":"https:\/\/kapitalis.com\/tunisie\/wp-content\/uploads\/2022\/05\/Kapitalis-big-size.png","width":5000,"height":1500,"caption":"Kapitalis"},"image":{"@id":"https:\/\/kapitalis.com\/tunisie\/#\/schema\/logo\/image\/"},"sameAs":["https:\/\/www.facebook.com\/KapitalisInfo\/","https:\/\/x.com\/KapitalisInfo","https:\/\/www.youtube.com\/channel\/UC-yDYrHyfFBWWZaOw3FPg9Q"]},{"@type":"Person","@id":"https:\/\/kapitalis.com\/tunisie\/#\/schema\/person\/d71f33a9ca44f7bad4698210b480c8e9","name":"webmaster kapitalis","url":"https:\/\/kapitalis.com\/tunisie\/author\/webmaster-kapitalis\/"}]}},"_links":{"self":[{"href":"https:\/\/kapitalis.com\/tunisie\/wp-json\/wp\/v2\/posts\/9929644","targetHints":{"allow":["GET"]}}],"collection":[{"href":"https:\/\/kapitalis.com\/tunisie\/wp-json\/wp\/v2\/posts"}],"about":[{"href":"https:\/\/kapitalis.com\/tunisie\/wp-json\/wp\/v2\/types\/post"}],"author":[{"embeddable":true,"href":"https:\/\/kapitalis.com\/tunisie\/wp-json\/wp\/v2\/users\/8"}],"replies":[{"embeddable":true,"href":"https:\/\/kapitalis.com\/tunisie\/wp-json\/wp\/v2\/comments?post=9929644"}],"version-history":[{"count":1,"href":"https:\/\/kapitalis.com\/tunisie\/wp-json\/wp\/v2\/posts\/9929644\/revisions"}],"predecessor-version":[{"id":9929695,"href":"https:\/\/kapitalis.com\/tunisie\/wp-json\/wp\/v2\/posts\/9929644\/revisions\/9929695"}],"wp:featuredmedia":[{"embeddable":true,"href":"https:\/\/kapitalis.com\/tunisie\/wp-json\/wp\/v2\/media\/9929690"}],"wp:attachment":[{"href":"https:\/\/kapitalis.com\/tunisie\/wp-json\/wp\/v2\/media?parent=9929644"}],"wp:term":[{"taxonomy":"category","embeddable":true,"href":"https:\/\/kapitalis.com\/tunisie\/wp-json\/wp\/v2\/categories?post=9929644"},{"taxonomy":"post_tag","embeddable":true,"href":"https:\/\/kapitalis.com\/tunisie\/wp-json\/wp\/v2\/tags?post=9929644"}],"curies":[{"name":"wp","href":"https:\/\/api.w.org\/{rel}","templated":true}]}}