{"id":99392,"date":"2017-06-01T10:53:24","date_gmt":"2017-06-01T10:23:24","guid":{"rendered":"http:\/\/kapitalis.com\/tunisie\/?p=99392"},"modified":"2017-06-01T10:53:24","modified_gmt":"2017-06-01T10:23:24","slug":"tunis-condamnee-a-10-ans-de-prison-pour-trafic-de-cocaine","status":"publish","type":"post","link":"https:\/\/kapitalis.com\/tunisie\/2017\/06\/01\/tunis-condamnee-a-10-ans-de-prison-pour-trafic-de-cocaine\/","title":{"rendered":"Tunis : Condamn\u00e9e \u00e0 10 ans de prison pour trafic de coca\u00efne"},"content":{"rendered":"<p style=\"text-align: center;\"><img loading=\"lazy\" decoding=\"async\" class=\"alignnone size-full wp-image-99396\" src=\"http:\/\/kapitalis.com\/tunisie\/wp-content\/uploads\/2017\/06\/trafic-cocaine-femme.jpg\" alt=\"\" width=\"626\" height=\"380\" \/><\/p>\n<p><em><strong>La justice a ordonn\u00e9 une peine de 10 ans de prison ferme \u00e0 l&rsquo;encontre d&rsquo;une femme arr\u00eat\u00e9e en possession de coca\u00efne, en mars dernier, \u00e0 l\u2019a\u00e9roport de Tunis-Carthage.<\/strong><\/em><!--more--><\/p>\n<p>La suspecte, qui avait dans ses bagages pr\u00e8s de 600 g de coca\u00efne, a \u00e9t\u00e9 intercept\u00e9e par les agents de s\u00e9curit\u00e9 de l\u2019a\u00e9roport, apr\u00e8s une alerte de la brigade des Stup sur son implication dans un r\u00e9seau de trafic de coca\u00efne entre la Tunisie et un pays \u00e9tranger, dont le nom n&rsquo;a pas \u00e9t\u00e9 indiqu\u00e9.<\/p>\n<p>Le tribunal de Tunis a condamn\u00e9e la trafiquante \u00e0 10 ans de prison ferme pour consommation et trafic de drogue dure.<\/p>\n<p>Ses complices n&rsquo;ont pas \u00e9t\u00e9 arr\u00eat\u00e9s, mais la police en a identifi\u00e9 2 qui font l\u2019objet d\u2019un mandat d\u2019amener.<\/p>\n<p style=\"text-align: right;\"><strong>Y. N.<\/strong><\/p>\n","protected":false},"excerpt":{"rendered":"<p>La justice a ordonn\u00e9 une peine de 10 ans de prison ferme \u00e0 l&rsquo;encontre d&rsquo;une femme arr\u00eat\u00e9e en possession de coca\u00efne, en mars dernier, \u00e0 l\u2019a\u00e9roport de Tunis-Carthage.<\/p>\n","protected":false},"author":6,"featured_media":99396,"comment_status":"open","ping_status":"open","sticky":false,"template":"","format":"standard","meta":{"footnotes":""},"categories":[998,2433],"tags":[3097,4231,6971,292,1314,30085],"class_list":["post-99392","post","type-post","status-publish","format-standard","has-post-thumbnail","hentry","category-societe","category-tunisie","tag-aeroport-de-tunis-carthage","tag-brigade-des-stup","tag-cocaine","tag-drogue","tag-prison","tag-tribunal-de-tunis"],"yoast_head":"<!-- This site is optimized with the Yoast SEO plugin v26.6 - https:\/\/yoast.com\/wordpress\/plugins\/seo\/ -->\n<title>Tunis : Condamn\u00e9e \u00e0 10 ans de prison pour trafic de coca\u00efne - Kapitalis<\/title>\n<meta name=\"robots\" content=\"index, follow, max-snippet:-1, max-image-preview:large, max-video-preview:-1\" \/>\n<link rel=\"canonical\" href=\"https:\/\/kapitalis.com\/tunisie\/2017\/06\/01\/tunis-condamnee-a-10-ans-de-prison-pour-trafic-de-cocaine\/\" \/>\n<meta property=\"og:locale\" content=\"fr_FR\" \/>\n<meta property=\"og:type\" content=\"article\" \/>\n<meta property=\"og:title\" content=\"Tunis : Condamn\u00e9e \u00e0 10 ans de prison pour trafic de coca\u00efne - Kapitalis\" \/>\n<meta property=\"og:description\" content=\"La justice a ordonn\u00e9 une peine de 10 ans de prison ferme \u00e0 l&rsquo;encontre d&rsquo;une femme arr\u00eat\u00e9e en possession de coca\u00efne, en mars dernier, \u00e0 l\u2019a\u00e9roport de Tunis-Carthage.\" \/>\n<meta property=\"og:url\" content=\"https:\/\/kapitalis.com\/tunisie\/2017\/06\/01\/tunis-condamnee-a-10-ans-de-prison-pour-trafic-de-cocaine\/\" \/>\n<meta property=\"og:site_name\" content=\"Kapitalis\" \/>\n<meta property=\"article:publisher\" content=\"https:\/\/www.facebook.com\/KapitalisInfo\/\" \/>\n<meta property=\"article:published_time\" content=\"2017-06-01T10:23:24+00:00\" \/>\n<meta property=\"og:image\" content=\"https:\/\/kapitalis.com\/tunisie\/wp-content\/uploads\/2022\/05\/kapitalis-logo-fb.png\" \/>\n\t<meta property=\"og:image:width\" content=\"1200\" \/>\n\t<meta property=\"og:image:height\" content=\"630\" \/>\n\t<meta property=\"og:image:type\" content=\"image\/png\" \/>\n<meta name=\"author\" content=\"Yusra NY\" \/>\n<meta name=\"twitter:card\" content=\"summary_large_image\" \/>\n<meta name=\"twitter:creator\" content=\"@KapitalisInfo\" \/>\n<meta name=\"twitter:site\" content=\"@KapitalisInfo\" \/>\n<meta name=\"twitter:label1\" content=\"\u00c9crit par\" \/>\n\t<meta name=\"twitter:data1\" content=\"Yusra NY\" \/>\n\t<meta name=\"twitter:label2\" content=\"Dur\u00e9e de lecture estim\u00e9e\" \/>\n\t<meta name=\"twitter:data2\" content=\"1 minute\" \/>\n<script type=\"application\/ld+json\" class=\"yoast-schema-graph\">{\"@context\":\"https:\/\/schema.org\",\"@graph\":[{\"@type\":\"Article\",\"@id\":\"https:\/\/kapitalis.com\/tunisie\/2017\/06\/01\/tunis-condamnee-a-10-ans-de-prison-pour-trafic-de-cocaine\/#article\",\"isPartOf\":{\"@id\":\"https:\/\/kapitalis.com\/tunisie\/2017\/06\/01\/tunis-condamnee-a-10-ans-de-prison-pour-trafic-de-cocaine\/\"},\"author\":{\"name\":\"Yusra NY\",\"@id\":\"https:\/\/kapitalis.com\/tunisie\/#\/schema\/person\/74bbde0154d49d790a92aaeac5bc01d5\"},\"headline\":\"Tunis : Condamn\u00e9e \u00e0 10 ans de prison pour trafic de coca\u00efne\",\"datePublished\":\"2017-06-01T10:23:24+00:00\",\"mainEntityOfPage\":{\"@id\":\"https:\/\/kapitalis.com\/tunisie\/2017\/06\/01\/tunis-condamnee-a-10-ans-de-prison-pour-trafic-de-cocaine\/\"},\"wordCount\":149,\"commentCount\":0,\"publisher\":{\"@id\":\"https:\/\/kapitalis.com\/tunisie\/#organization\"},\"image\":{\"@id\":\"https:\/\/kapitalis.com\/tunisie\/2017\/06\/01\/tunis-condamnee-a-10-ans-de-prison-pour-trafic-de-cocaine\/#primaryimage\"},\"thumbnailUrl\":\"\",\"keywords\":[\"a\u00e9roport de Tunis-Carthage\",\"Brigade des Stup\",\"coca\u00efne\",\"drogue\",\"prison\",\"tribunal de Tunis\"],\"articleSection\":[\"SOCIETE\",\"Tunisie\"],\"inLanguage\":\"fr-FR\",\"potentialAction\":[{\"@type\":\"CommentAction\",\"name\":\"Comment\",\"target\":[\"https:\/\/kapitalis.com\/tunisie\/2017\/06\/01\/tunis-condamnee-a-10-ans-de-prison-pour-trafic-de-cocaine\/#respond\"]}]},{\"@type\":\"WebPage\",\"@id\":\"https:\/\/kapitalis.com\/tunisie\/2017\/06\/01\/tunis-condamnee-a-10-ans-de-prison-pour-trafic-de-cocaine\/\",\"url\":\"https:\/\/kapitalis.com\/tunisie\/2017\/06\/01\/tunis-condamnee-a-10-ans-de-prison-pour-trafic-de-cocaine\/\",\"name\":\"Tunis : Condamn\u00e9e \u00e0 10 ans de prison pour trafic de coca\u00efne - Kapitalis\",\"isPartOf\":{\"@id\":\"https:\/\/kapitalis.com\/tunisie\/#website\"},\"primaryImageOfPage\":{\"@id\":\"https:\/\/kapitalis.com\/tunisie\/2017\/06\/01\/tunis-condamnee-a-10-ans-de-prison-pour-trafic-de-cocaine\/#primaryimage\"},\"image\":{\"@id\":\"https:\/\/kapitalis.com\/tunisie\/2017\/06\/01\/tunis-condamnee-a-10-ans-de-prison-pour-trafic-de-cocaine\/#primaryimage\"},\"thumbnailUrl\":\"\",\"datePublished\":\"2017-06-01T10:23:24+00:00\",\"breadcrumb\":{\"@id\":\"https:\/\/kapitalis.com\/tunisie\/2017\/06\/01\/tunis-condamnee-a-10-ans-de-prison-pour-trafic-de-cocaine\/#breadcrumb\"},\"inLanguage\":\"fr-FR\",\"potentialAction\":[{\"@type\":\"ReadAction\",\"target\":[\"https:\/\/kapitalis.com\/tunisie\/2017\/06\/01\/tunis-condamnee-a-10-ans-de-prison-pour-trafic-de-cocaine\/\"]}]},{\"@type\":\"ImageObject\",\"inLanguage\":\"fr-FR\",\"@id\":\"https:\/\/kapitalis.com\/tunisie\/2017\/06\/01\/tunis-condamnee-a-10-ans-de-prison-pour-trafic-de-cocaine\/#primaryimage\",\"url\":\"\",\"contentUrl\":\"\"},{\"@type\":\"BreadcrumbList\",\"@id\":\"https:\/\/kapitalis.com\/tunisie\/2017\/06\/01\/tunis-condamnee-a-10-ans-de-prison-pour-trafic-de-cocaine\/#breadcrumb\",\"itemListElement\":[{\"@type\":\"ListItem\",\"position\":1,\"name\":\"Accueil\",\"item\":\"https:\/\/kapitalis.com\/tunisie\/\"},{\"@type\":\"ListItem\",\"position\":2,\"name\":\"Tunis : Condamn\u00e9e \u00e0 10 ans de prison pour trafic de coca\u00efne\"}]},{\"@type\":\"WebSite\",\"@id\":\"https:\/\/kapitalis.com\/tunisie\/#website\",\"url\":\"https:\/\/kapitalis.com\/tunisie\/\",\"name\":\"Kapitalis\",\"description\":\"L&#039;actualit\u00e9 en Tunisie et dans le monde\",\"publisher\":{\"@id\":\"https:\/\/kapitalis.com\/tunisie\/#organization\"},\"potentialAction\":[{\"@type\":\"SearchAction\",\"target\":{\"@type\":\"EntryPoint\",\"urlTemplate\":\"https:\/\/kapitalis.com\/tunisie\/?s={search_term_string}\"},\"query-input\":{\"@type\":\"PropertyValueSpecification\",\"valueRequired\":true,\"valueName\":\"search_term_string\"}}],\"inLanguage\":\"fr-FR\"},{\"@type\":\"Organization\",\"@id\":\"https:\/\/kapitalis.com\/tunisie\/#organization\",\"name\":\"Kapitalis\",\"url\":\"https:\/\/kapitalis.com\/tunisie\/\",\"logo\":{\"@type\":\"ImageObject\",\"inLanguage\":\"fr-FR\",\"@id\":\"https:\/\/kapitalis.com\/tunisie\/#\/schema\/logo\/image\/\",\"url\":\"https:\/\/kapitalis.com\/tunisie\/wp-content\/uploads\/2022\/05\/Kapitalis-big-size.png\",\"contentUrl\":\"https:\/\/kapitalis.com\/tunisie\/wp-content\/uploads\/2022\/05\/Kapitalis-big-size.png\",\"width\":5000,\"height\":1500,\"caption\":\"Kapitalis\"},\"image\":{\"@id\":\"https:\/\/kapitalis.com\/tunisie\/#\/schema\/logo\/image\/\"},\"sameAs\":[\"https:\/\/www.facebook.com\/KapitalisInfo\/\",\"https:\/\/x.com\/KapitalisInfo\",\"https:\/\/www.youtube.com\/channel\/UC-yDYrHyfFBWWZaOw3FPg9Q\"]},{\"@type\":\"Person\",\"@id\":\"https:\/\/kapitalis.com\/tunisie\/#\/schema\/person\/74bbde0154d49d790a92aaeac5bc01d5\",\"name\":\"Yusra NY\",\"url\":\"https:\/\/kapitalis.com\/tunisie\/author\/yuza_adam\/\"}]}<\/script>\n<!-- \/ Yoast SEO plugin. -->","yoast_head_json":{"title":"Tunis : Condamn\u00e9e \u00e0 10 ans de prison pour trafic de coca\u00efne - Kapitalis","robots":{"index":"index","follow":"follow","max-snippet":"max-snippet:-1","max-image-preview":"max-image-preview:large","max-video-preview":"max-video-preview:-1"},"canonical":"https:\/\/kapitalis.com\/tunisie\/2017\/06\/01\/tunis-condamnee-a-10-ans-de-prison-pour-trafic-de-cocaine\/","og_locale":"fr_FR","og_type":"article","og_title":"Tunis : Condamn\u00e9e \u00e0 10 ans de prison pour trafic de coca\u00efne - Kapitalis","og_description":"La justice a ordonn\u00e9 une peine de 10 ans de prison ferme \u00e0 l&rsquo;encontre d&rsquo;une femme arr\u00eat\u00e9e en possession de coca\u00efne, en mars dernier, \u00e0 l\u2019a\u00e9roport de Tunis-Carthage.","og_url":"https:\/\/kapitalis.com\/tunisie\/2017\/06\/01\/tunis-condamnee-a-10-ans-de-prison-pour-trafic-de-cocaine\/","og_site_name":"Kapitalis","article_publisher":"https:\/\/www.facebook.com\/KapitalisInfo\/","article_published_time":"2017-06-01T10:23:24+00:00","og_image":[{"width":1200,"height":630,"url":"https:\/\/kapitalis.com\/tunisie\/wp-content\/uploads\/2022\/05\/kapitalis-logo-fb.png","type":"image\/png"}],"author":"Yusra NY","twitter_card":"summary_large_image","twitter_creator":"@KapitalisInfo","twitter_site":"@KapitalisInfo","twitter_misc":{"\u00c9crit par":"Yusra NY","Dur\u00e9e de lecture estim\u00e9e":"1 minute"},"schema":{"@context":"https:\/\/schema.org","@graph":[{"@type":"Article","@id":"https:\/\/kapitalis.com\/tunisie\/2017\/06\/01\/tunis-condamnee-a-10-ans-de-prison-pour-trafic-de-cocaine\/#article","isPartOf":{"@id":"https:\/\/kapitalis.com\/tunisie\/2017\/06\/01\/tunis-condamnee-a-10-ans-de-prison-pour-trafic-de-cocaine\/"},"author":{"name":"Yusra NY","@id":"https:\/\/kapitalis.com\/tunisie\/#\/schema\/person\/74bbde0154d49d790a92aaeac5bc01d5"},"headline":"Tunis : Condamn\u00e9e \u00e0 10 ans de prison pour trafic de coca\u00efne","datePublished":"2017-06-01T10:23:24+00:00","mainEntityOfPage":{"@id":"https:\/\/kapitalis.com\/tunisie\/2017\/06\/01\/tunis-condamnee-a-10-ans-de-prison-pour-trafic-de-cocaine\/"},"wordCount":149,"commentCount":0,"publisher":{"@id":"https:\/\/kapitalis.com\/tunisie\/#organization"},"image":{"@id":"https:\/\/kapitalis.com\/tunisie\/2017\/06\/01\/tunis-condamnee-a-10-ans-de-prison-pour-trafic-de-cocaine\/#primaryimage"},"thumbnailUrl":"","keywords":["a\u00e9roport de Tunis-Carthage","Brigade des Stup","coca\u00efne","drogue","prison","tribunal de Tunis"],"articleSection":["SOCIETE","Tunisie"],"inLanguage":"fr-FR","potentialAction":[{"@type":"CommentAction","name":"Comment","target":["https:\/\/kapitalis.com\/tunisie\/2017\/06\/01\/tunis-condamnee-a-10-ans-de-prison-pour-trafic-de-cocaine\/#respond"]}]},{"@type":"WebPage","@id":"https:\/\/kapitalis.com\/tunisie\/2017\/06\/01\/tunis-condamnee-a-10-ans-de-prison-pour-trafic-de-cocaine\/","url":"https:\/\/kapitalis.com\/tunisie\/2017\/06\/01\/tunis-condamnee-a-10-ans-de-prison-pour-trafic-de-cocaine\/","name":"Tunis : Condamn\u00e9e \u00e0 10 ans de prison pour trafic de coca\u00efne - Kapitalis","isPartOf":{"@id":"https:\/\/kapitalis.com\/tunisie\/#website"},"primaryImageOfPage":{"@id":"https:\/\/kapitalis.com\/tunisie\/2017\/06\/01\/tunis-condamnee-a-10-ans-de-prison-pour-trafic-de-cocaine\/#primaryimage"},"image":{"@id":"https:\/\/kapitalis.com\/tunisie\/2017\/06\/01\/tunis-condamnee-a-10-ans-de-prison-pour-trafic-de-cocaine\/#primaryimage"},"thumbnailUrl":"","datePublished":"2017-06-01T10:23:24+00:00","breadcrumb":{"@id":"https:\/\/kapitalis.com\/tunisie\/2017\/06\/01\/tunis-condamnee-a-10-ans-de-prison-pour-trafic-de-cocaine\/#breadcrumb"},"inLanguage":"fr-FR","potentialAction":[{"@type":"ReadAction","target":["https:\/\/kapitalis.com\/tunisie\/2017\/06\/01\/tunis-condamnee-a-10-ans-de-prison-pour-trafic-de-cocaine\/"]}]},{"@type":"ImageObject","inLanguage":"fr-FR","@id":"https:\/\/kapitalis.com\/tunisie\/2017\/06\/01\/tunis-condamnee-a-10-ans-de-prison-pour-trafic-de-cocaine\/#primaryimage","url":"","contentUrl":""},{"@type":"BreadcrumbList","@id":"https:\/\/kapitalis.com\/tunisie\/2017\/06\/01\/tunis-condamnee-a-10-ans-de-prison-pour-trafic-de-cocaine\/#breadcrumb","itemListElement":[{"@type":"ListItem","position":1,"name":"Accueil","item":"https:\/\/kapitalis.com\/tunisie\/"},{"@type":"ListItem","position":2,"name":"Tunis : Condamn\u00e9e \u00e0 10 ans de prison pour trafic de coca\u00efne"}]},{"@type":"WebSite","@id":"https:\/\/kapitalis.com\/tunisie\/#website","url":"https:\/\/kapitalis.com\/tunisie\/","name":"Kapitalis","description":"L&#039;actualit\u00e9 en Tunisie et dans le monde","publisher":{"@id":"https:\/\/kapitalis.com\/tunisie\/#organization"},"potentialAction":[{"@type":"SearchAction","target":{"@type":"EntryPoint","urlTemplate":"https:\/\/kapitalis.com\/tunisie\/?s={search_term_string}"},"query-input":{"@type":"PropertyValueSpecification","valueRequired":true,"valueName":"search_term_string"}}],"inLanguage":"fr-FR"},{"@type":"Organization","@id":"https:\/\/kapitalis.com\/tunisie\/#organization","name":"Kapitalis","url":"https:\/\/kapitalis.com\/tunisie\/","logo":{"@type":"ImageObject","inLanguage":"fr-FR","@id":"https:\/\/kapitalis.com\/tunisie\/#\/schema\/logo\/image\/","url":"https:\/\/kapitalis.com\/tunisie\/wp-content\/uploads\/2022\/05\/Kapitalis-big-size.png","contentUrl":"https:\/\/kapitalis.com\/tunisie\/wp-content\/uploads\/2022\/05\/Kapitalis-big-size.png","width":5000,"height":1500,"caption":"Kapitalis"},"image":{"@id":"https:\/\/kapitalis.com\/tunisie\/#\/schema\/logo\/image\/"},"sameAs":["https:\/\/www.facebook.com\/KapitalisInfo\/","https:\/\/x.com\/KapitalisInfo","https:\/\/www.youtube.com\/channel\/UC-yDYrHyfFBWWZaOw3FPg9Q"]},{"@type":"Person","@id":"https:\/\/kapitalis.com\/tunisie\/#\/schema\/person\/74bbde0154d49d790a92aaeac5bc01d5","name":"Yusra NY","url":"https:\/\/kapitalis.com\/tunisie\/author\/yuza_adam\/"}]}},"_links":{"self":[{"href":"https:\/\/kapitalis.com\/tunisie\/wp-json\/wp\/v2\/posts\/99392","targetHints":{"allow":["GET"]}}],"collection":[{"href":"https:\/\/kapitalis.com\/tunisie\/wp-json\/wp\/v2\/posts"}],"about":[{"href":"https:\/\/kapitalis.com\/tunisie\/wp-json\/wp\/v2\/types\/post"}],"author":[{"embeddable":true,"href":"https:\/\/kapitalis.com\/tunisie\/wp-json\/wp\/v2\/users\/6"}],"replies":[{"embeddable":true,"href":"https:\/\/kapitalis.com\/tunisie\/wp-json\/wp\/v2\/comments?post=99392"}],"version-history":[{"count":0,"href":"https:\/\/kapitalis.com\/tunisie\/wp-json\/wp\/v2\/posts\/99392\/revisions"}],"wp:featuredmedia":[{"embeddable":true,"href":"https:\/\/kapitalis.com\/tunisie\/wp-json\/wp\/v2\/media\/99396"}],"wp:attachment":[{"href":"https:\/\/kapitalis.com\/tunisie\/wp-json\/wp\/v2\/media?parent=99392"}],"wp:term":[{"taxonomy":"category","embeddable":true,"href":"https:\/\/kapitalis.com\/tunisie\/wp-json\/wp\/v2\/categories?post=99392"},{"taxonomy":"post_tag","embeddable":true,"href":"https:\/\/kapitalis.com\/tunisie\/wp-json\/wp\/v2\/tags?post=99392"}],"curies":[{"name":"wp","href":"https:\/\/api.w.org\/{rel}","templated":true}]}}