{"id":9942582,"date":"2023-09-28T12:05:43","date_gmt":"2023-09-28T11:05:43","guid":{"rendered":"https:\/\/kapitalis.com\/tunisie\/?p=9942582"},"modified":"2023-09-28T12:05:45","modified_gmt":"2023-09-28T11:05:45","slug":"nabil-ammar-la-tunisie-naccepte-pas-dingerence-dans-ses-affaires-internes","status":"publish","type":"post","link":"https:\/\/kapitalis.com\/tunisie\/2023\/09\/28\/nabil-ammar-la-tunisie-naccepte-pas-dingerence-dans-ses-affaires-internes\/","title":{"rendered":"Nabil Ammar\u00a0: \u00abLa Tunisie n\u2019accepte pas d\u2019ing\u00e9rence dans ses affaires internes\u00bb"},"content":{"rendered":"\n<p><strong><em>En r\u00e9ponse \u00e0 une question sur l\u2019existence de <a href=\"https:\/\/kapitalis.com\/tunisie\/2023\/09\/26\/fritures-sur-la-ligne-entre-la-tunisie-et-lunion-europeenne\/\" target=\"_blank\" rel=\"noreferrer noopener\">pressions et d\u2019ing\u00e9rences<\/a> dans les affaires int\u00e9rieures tunisiennes, Nabil Ammar a d\u00e9clar\u00e9 que \u00abla Tunisie n\u2019accepte pas et ne permet \u00e0 personne de s\u2019immiscer dans ses affaires int\u00e9rieures, comme elle s\u2019interdit elle m\u00eame de s\u2019immiscer dans les affaires d\u2019un autre Etat\u00bb.<\/em><\/strong><\/p>\n\n\n\n<!--more-->\n\n\n\n<p>Le ministre des Affaires \u00e9trang\u00e8res, de la Migration et des Tunisiens \u00e0 l\u2019\u00e9tranger, qui parlait dans un entretien avec le site d\u2019information <em><a href=\"https:\/\/arabic.rt.com\/\" target=\"_blank\" rel=\"noreferrer noopener\">Russia Today<\/a><\/em>, en marge de sa visite officielle \u00e0 Moscou \u00e0 l\u2019invitation de son homologue russe Seguei Lavrov, les 26 et 27 septembre 2023, r\u00e9pondait \u00e0 une question de journaliste sur le refus officiel tunisien d\u2019accueillir une d\u00e9l\u00e9gation du Parlement europ\u00e9en et le report d\u2019une autre visite, quelques jours plus tard, d\u2019une d\u00e9l\u00e9gation de la Commission europ\u00e9enne pour discuter du m\u00e9morandum d\u2019accord sur la migration entre la Tunisie et l\u2019Union europ\u00e9enne (UE).<\/p>\n\n\n\n<p><em>\u00abIl n\u2019y a pas eu de coordination avec la Tunisie de la part de la partie europ\u00e9enne\u00bb<\/em>, a-t-il expliqu\u00e9, ajoutant que <em>\u00abla premi\u00e8re d\u00e9l\u00e9gation comprenait des parlementaires vis-\u00e0-vis desquels la Tunisie a des r\u00e9serves\u00bb<\/em> et que <em>\u00abces pratiques sont inacceptables\u00bb<\/em>, selon ses termes.<\/p>\n\n\n\n<p><em>\u00abLa Tunisie a soulign\u00e9 la n\u00e9cessit\u00e9 d\u2019instaurer un climat positif diff\u00e9rent de ce qui pr\u00e9valait auparavant de mani\u00e8re \u00e0 servir les int\u00e9r\u00eats des deux parties\u00bb<\/em>, a-t-il soulign\u00e9. &nbsp;<\/p>\n\n\n\n<p class=\"has-text-align-right\"><strong>I. B.<\/strong><\/p>\n\n\n\n<figure class=\"wp-block-embed is-type-wp-embed is-provider-kapitalis wp-block-embed-kapitalis\"><div class=\"wp-block-embed__wrapper\">\n<blockquote class=\"wp-embedded-content\" data-secret=\"A8JfVQKWRM\"><a href=\"https:\/\/kapitalis.com\/tunisie\/2023\/09\/27\/nouveau-cap-dans-les-relations-entre-la-tunisie-et-la-russie\/\">Nouveau cap dans les relations entre la Tunisie et la Russie\u00a0<\/a><\/blockquote><iframe loading=\"lazy\" class=\"wp-embedded-content\" sandbox=\"allow-scripts\" security=\"restricted\" style=\"position: absolute; clip: rect(1px, 1px, 1px, 1px);\" title=\"\u00ab\u00a0Nouveau cap dans les relations entre la Tunisie et la Russie\u00a0\u00a0\u00bb &#8212; Kapitalis\" src=\"https:\/\/kapitalis.com\/tunisie\/2023\/09\/27\/nouveau-cap-dans-les-relations-entre-la-tunisie-et-la-russie\/embed\/#?secret=nbfdLoLkzZ#?secret=A8JfVQKWRM\" data-secret=\"A8JfVQKWRM\" width=\"600\" height=\"338\" frameborder=\"0\" marginwidth=\"0\" marginheight=\"0\" scrolling=\"no\"><\/iframe>\n<\/div><\/figure>\n","protected":false},"excerpt":{"rendered":"<p>La Tunisie n\u2019accepte pas et ne permet \u00e0 personne de s\u2019immiscer dans ses affaires int\u00e9rieures.<\/p>\n","protected":false},"author":8,"featured_media":9942609,"comment_status":"open","ping_status":"open","sticky":false,"template":"","format":"standard","meta":{"footnotes":""},"categories":[997,2433],"tags":[84677,92415,693,796,107785,62643,107607],"class_list":["post-9942582","post","type-post","status-publish","format-standard","has-post-thumbnail","hentry","category-politique","category-tunisie","tag-nabil","tag-nabil-ammar","tag-parlement-europeen","tag-russie","tag-serguei-lavrov-2","tag-tunisie","tag-union-europeeene"],"yoast_head":"<!-- This site is optimized with the Yoast SEO plugin v26.6 - https:\/\/yoast.com\/wordpress\/plugins\/seo\/ -->\n<title>Nabil Ammar\u00a0: \u00abLa Tunisie n\u2019accepte pas d\u2019ing\u00e9rence dans ses affaires internes\u00bb - Kapitalis<\/title>\n<meta name=\"robots\" content=\"index, follow, max-snippet:-1, max-image-preview:large, max-video-preview:-1\" \/>\n<link rel=\"canonical\" href=\"https:\/\/kapitalis.com\/tunisie\/2023\/09\/28\/nabil-ammar-la-tunisie-naccepte-pas-dingerence-dans-ses-affaires-internes\/\" \/>\n<meta property=\"og:locale\" content=\"fr_FR\" \/>\n<meta property=\"og:type\" content=\"article\" \/>\n<meta property=\"og:title\" content=\"Nabil Ammar\u00a0: \u00abLa Tunisie n\u2019accepte pas d\u2019ing\u00e9rence dans ses affaires internes\u00bb - Kapitalis\" \/>\n<meta property=\"og:description\" content=\"La Tunisie n\u2019accepte pas et ne permet \u00e0 personne de s\u2019immiscer dans ses affaires int\u00e9rieures.\" \/>\n<meta property=\"og:url\" content=\"https:\/\/kapitalis.com\/tunisie\/2023\/09\/28\/nabil-ammar-la-tunisie-naccepte-pas-dingerence-dans-ses-affaires-internes\/\" \/>\n<meta property=\"og:site_name\" content=\"Kapitalis\" \/>\n<meta property=\"article:publisher\" content=\"https:\/\/www.facebook.com\/KapitalisInfo\/\" \/>\n<meta property=\"article:published_time\" content=\"2023-09-28T11:05:43+00:00\" \/>\n<meta property=\"article:modified_time\" content=\"2023-09-28T11:05:45+00:00\" \/>\n<meta property=\"og:image\" content=\"https:\/\/kapitalis.com\/tunisie\/wp-content\/uploads\/2023\/09\/Nabil-Ammar-3.jpg\" \/>\n\t<meta property=\"og:image:width\" content=\"1200\" \/>\n\t<meta property=\"og:image:height\" content=\"630\" \/>\n\t<meta property=\"og:image:type\" content=\"image\/jpeg\" \/>\n<meta name=\"author\" content=\"webmaster kapitalis\" \/>\n<meta name=\"twitter:card\" content=\"summary_large_image\" \/>\n<meta name=\"twitter:creator\" content=\"@KapitalisInfo\" \/>\n<meta name=\"twitter:site\" content=\"@KapitalisInfo\" \/>\n<meta name=\"twitter:label1\" content=\"\u00c9crit par\" \/>\n\t<meta name=\"twitter:data1\" content=\"webmaster kapitalis\" \/>\n\t<meta name=\"twitter:label2\" content=\"Dur\u00e9e de lecture estim\u00e9e\" \/>\n\t<meta name=\"twitter:data2\" content=\"2 minutes\" \/>\n<script type=\"application\/ld+json\" class=\"yoast-schema-graph\">{\"@context\":\"https:\/\/schema.org\",\"@graph\":[{\"@type\":\"Article\",\"@id\":\"https:\/\/kapitalis.com\/tunisie\/2023\/09\/28\/nabil-ammar-la-tunisie-naccepte-pas-dingerence-dans-ses-affaires-internes\/#article\",\"isPartOf\":{\"@id\":\"https:\/\/kapitalis.com\/tunisie\/2023\/09\/28\/nabil-ammar-la-tunisie-naccepte-pas-dingerence-dans-ses-affaires-internes\/\"},\"author\":{\"name\":\"webmaster kapitalis\",\"@id\":\"https:\/\/kapitalis.com\/tunisie\/#\/schema\/person\/d71f33a9ca44f7bad4698210b480c8e9\"},\"headline\":\"Nabil Ammar\u00a0: \u00abLa Tunisie n\u2019accepte pas d\u2019ing\u00e9rence dans ses affaires internes\u00bb\",\"datePublished\":\"2023-09-28T11:05:43+00:00\",\"dateModified\":\"2023-09-28T11:05:45+00:00\",\"mainEntityOfPage\":{\"@id\":\"https:\/\/kapitalis.com\/tunisie\/2023\/09\/28\/nabil-ammar-la-tunisie-naccepte-pas-dingerence-dans-ses-affaires-internes\/\"},\"wordCount\":270,\"commentCount\":2,\"publisher\":{\"@id\":\"https:\/\/kapitalis.com\/tunisie\/#organization\"},\"image\":{\"@id\":\"https:\/\/kapitalis.com\/tunisie\/2023\/09\/28\/nabil-ammar-la-tunisie-naccepte-pas-dingerence-dans-ses-affaires-internes\/#primaryimage\"},\"thumbnailUrl\":\"https:\/\/kapitalis.com\/tunisie\/wp-content\/uploads\/2023\/09\/Nabil-Ammar-3.jpg\",\"keywords\":[\"nabil\",\"Nabil Ammar\",\"Parlement europ\u00e9en\",\"Russie\",\"Serguei Lavrov\",\"Tunisie\",\"Union europ\u00e9eene\"],\"articleSection\":[\"POLITIQUE\",\"Tunisie\"],\"inLanguage\":\"fr-FR\",\"potentialAction\":[{\"@type\":\"CommentAction\",\"name\":\"Comment\",\"target\":[\"https:\/\/kapitalis.com\/tunisie\/2023\/09\/28\/nabil-ammar-la-tunisie-naccepte-pas-dingerence-dans-ses-affaires-internes\/#respond\"]}]},{\"@type\":\"WebPage\",\"@id\":\"https:\/\/kapitalis.com\/tunisie\/2023\/09\/28\/nabil-ammar-la-tunisie-naccepte-pas-dingerence-dans-ses-affaires-internes\/\",\"url\":\"https:\/\/kapitalis.com\/tunisie\/2023\/09\/28\/nabil-ammar-la-tunisie-naccepte-pas-dingerence-dans-ses-affaires-internes\/\",\"name\":\"Nabil Ammar\u00a0: \u00abLa Tunisie n\u2019accepte pas d\u2019ing\u00e9rence dans ses affaires internes\u00bb - Kapitalis\",\"isPartOf\":{\"@id\":\"https:\/\/kapitalis.com\/tunisie\/#website\"},\"primaryImageOfPage\":{\"@id\":\"https:\/\/kapitalis.com\/tunisie\/2023\/09\/28\/nabil-ammar-la-tunisie-naccepte-pas-dingerence-dans-ses-affaires-internes\/#primaryimage\"},\"image\":{\"@id\":\"https:\/\/kapitalis.com\/tunisie\/2023\/09\/28\/nabil-ammar-la-tunisie-naccepte-pas-dingerence-dans-ses-affaires-internes\/#primaryimage\"},\"thumbnailUrl\":\"https:\/\/kapitalis.com\/tunisie\/wp-content\/uploads\/2023\/09\/Nabil-Ammar-3.jpg\",\"datePublished\":\"2023-09-28T11:05:43+00:00\",\"dateModified\":\"2023-09-28T11:05:45+00:00\",\"breadcrumb\":{\"@id\":\"https:\/\/kapitalis.com\/tunisie\/2023\/09\/28\/nabil-ammar-la-tunisie-naccepte-pas-dingerence-dans-ses-affaires-internes\/#breadcrumb\"},\"inLanguage\":\"fr-FR\",\"potentialAction\":[{\"@type\":\"ReadAction\",\"target\":[\"https:\/\/kapitalis.com\/tunisie\/2023\/09\/28\/nabil-ammar-la-tunisie-naccepte-pas-dingerence-dans-ses-affaires-internes\/\"]}]},{\"@type\":\"ImageObject\",\"inLanguage\":\"fr-FR\",\"@id\":\"https:\/\/kapitalis.com\/tunisie\/2023\/09\/28\/nabil-ammar-la-tunisie-naccepte-pas-dingerence-dans-ses-affaires-internes\/#primaryimage\",\"url\":\"https:\/\/kapitalis.com\/tunisie\/wp-content\/uploads\/2023\/09\/Nabil-Ammar-3.jpg\",\"contentUrl\":\"https:\/\/kapitalis.com\/tunisie\/wp-content\/uploads\/2023\/09\/Nabil-Ammar-3.jpg\",\"width\":1200,\"height\":630},{\"@type\":\"BreadcrumbList\",\"@id\":\"https:\/\/kapitalis.com\/tunisie\/2023\/09\/28\/nabil-ammar-la-tunisie-naccepte-pas-dingerence-dans-ses-affaires-internes\/#breadcrumb\",\"itemListElement\":[{\"@type\":\"ListItem\",\"position\":1,\"name\":\"Accueil\",\"item\":\"https:\/\/kapitalis.com\/tunisie\/\"},{\"@type\":\"ListItem\",\"position\":2,\"name\":\"Nabil Ammar\u00a0: \u00abLa Tunisie n\u2019accepte pas d\u2019ing\u00e9rence dans ses affaires internes\u00bb\"}]},{\"@type\":\"WebSite\",\"@id\":\"https:\/\/kapitalis.com\/tunisie\/#website\",\"url\":\"https:\/\/kapitalis.com\/tunisie\/\",\"name\":\"Kapitalis\",\"description\":\"L&#039;actualit\u00e9 en Tunisie et dans le monde\",\"publisher\":{\"@id\":\"https:\/\/kapitalis.com\/tunisie\/#organization\"},\"potentialAction\":[{\"@type\":\"SearchAction\",\"target\":{\"@type\":\"EntryPoint\",\"urlTemplate\":\"https:\/\/kapitalis.com\/tunisie\/?s={search_term_string}\"},\"query-input\":{\"@type\":\"PropertyValueSpecification\",\"valueRequired\":true,\"valueName\":\"search_term_string\"}}],\"inLanguage\":\"fr-FR\"},{\"@type\":\"Organization\",\"@id\":\"https:\/\/kapitalis.com\/tunisie\/#organization\",\"name\":\"Kapitalis\",\"url\":\"https:\/\/kapitalis.com\/tunisie\/\",\"logo\":{\"@type\":\"ImageObject\",\"inLanguage\":\"fr-FR\",\"@id\":\"https:\/\/kapitalis.com\/tunisie\/#\/schema\/logo\/image\/\",\"url\":\"https:\/\/kapitalis.com\/tunisie\/wp-content\/uploads\/2022\/05\/Kapitalis-big-size.png\",\"contentUrl\":\"https:\/\/kapitalis.com\/tunisie\/wp-content\/uploads\/2022\/05\/Kapitalis-big-size.png\",\"width\":5000,\"height\":1500,\"caption\":\"Kapitalis\"},\"image\":{\"@id\":\"https:\/\/kapitalis.com\/tunisie\/#\/schema\/logo\/image\/\"},\"sameAs\":[\"https:\/\/www.facebook.com\/KapitalisInfo\/\",\"https:\/\/x.com\/KapitalisInfo\",\"https:\/\/www.youtube.com\/channel\/UC-yDYrHyfFBWWZaOw3FPg9Q\"]},{\"@type\":\"Person\",\"@id\":\"https:\/\/kapitalis.com\/tunisie\/#\/schema\/person\/d71f33a9ca44f7bad4698210b480c8e9\",\"name\":\"webmaster kapitalis\",\"url\":\"https:\/\/kapitalis.com\/tunisie\/author\/webmaster-kapitalis\/\"}]}<\/script>\n<!-- \/ Yoast SEO plugin. -->","yoast_head_json":{"title":"Nabil Ammar\u00a0: \u00abLa Tunisie n\u2019accepte pas d\u2019ing\u00e9rence dans ses affaires internes\u00bb - Kapitalis","robots":{"index":"index","follow":"follow","max-snippet":"max-snippet:-1","max-image-preview":"max-image-preview:large","max-video-preview":"max-video-preview:-1"},"canonical":"https:\/\/kapitalis.com\/tunisie\/2023\/09\/28\/nabil-ammar-la-tunisie-naccepte-pas-dingerence-dans-ses-affaires-internes\/","og_locale":"fr_FR","og_type":"article","og_title":"Nabil Ammar\u00a0: \u00abLa Tunisie n\u2019accepte pas d\u2019ing\u00e9rence dans ses affaires internes\u00bb - Kapitalis","og_description":"La Tunisie n\u2019accepte pas et ne permet \u00e0 personne de s\u2019immiscer dans ses affaires int\u00e9rieures.","og_url":"https:\/\/kapitalis.com\/tunisie\/2023\/09\/28\/nabil-ammar-la-tunisie-naccepte-pas-dingerence-dans-ses-affaires-internes\/","og_site_name":"Kapitalis","article_publisher":"https:\/\/www.facebook.com\/KapitalisInfo\/","article_published_time":"2023-09-28T11:05:43+00:00","article_modified_time":"2023-09-28T11:05:45+00:00","og_image":[{"width":1200,"height":630,"url":"https:\/\/kapitalis.com\/tunisie\/wp-content\/uploads\/2023\/09\/Nabil-Ammar-3.jpg","type":"image\/jpeg"}],"author":"webmaster kapitalis","twitter_card":"summary_large_image","twitter_creator":"@KapitalisInfo","twitter_site":"@KapitalisInfo","twitter_misc":{"\u00c9crit par":"webmaster kapitalis","Dur\u00e9e de lecture estim\u00e9e":"2 minutes"},"schema":{"@context":"https:\/\/schema.org","@graph":[{"@type":"Article","@id":"https:\/\/kapitalis.com\/tunisie\/2023\/09\/28\/nabil-ammar-la-tunisie-naccepte-pas-dingerence-dans-ses-affaires-internes\/#article","isPartOf":{"@id":"https:\/\/kapitalis.com\/tunisie\/2023\/09\/28\/nabil-ammar-la-tunisie-naccepte-pas-dingerence-dans-ses-affaires-internes\/"},"author":{"name":"webmaster kapitalis","@id":"https:\/\/kapitalis.com\/tunisie\/#\/schema\/person\/d71f33a9ca44f7bad4698210b480c8e9"},"headline":"Nabil Ammar\u00a0: \u00abLa Tunisie n\u2019accepte pas d\u2019ing\u00e9rence dans ses affaires internes\u00bb","datePublished":"2023-09-28T11:05:43+00:00","dateModified":"2023-09-28T11:05:45+00:00","mainEntityOfPage":{"@id":"https:\/\/kapitalis.com\/tunisie\/2023\/09\/28\/nabil-ammar-la-tunisie-naccepte-pas-dingerence-dans-ses-affaires-internes\/"},"wordCount":270,"commentCount":2,"publisher":{"@id":"https:\/\/kapitalis.com\/tunisie\/#organization"},"image":{"@id":"https:\/\/kapitalis.com\/tunisie\/2023\/09\/28\/nabil-ammar-la-tunisie-naccepte-pas-dingerence-dans-ses-affaires-internes\/#primaryimage"},"thumbnailUrl":"https:\/\/kapitalis.com\/tunisie\/wp-content\/uploads\/2023\/09\/Nabil-Ammar-3.jpg","keywords":["nabil","Nabil Ammar","Parlement europ\u00e9en","Russie","Serguei Lavrov","Tunisie","Union europ\u00e9eene"],"articleSection":["POLITIQUE","Tunisie"],"inLanguage":"fr-FR","potentialAction":[{"@type":"CommentAction","name":"Comment","target":["https:\/\/kapitalis.com\/tunisie\/2023\/09\/28\/nabil-ammar-la-tunisie-naccepte-pas-dingerence-dans-ses-affaires-internes\/#respond"]}]},{"@type":"WebPage","@id":"https:\/\/kapitalis.com\/tunisie\/2023\/09\/28\/nabil-ammar-la-tunisie-naccepte-pas-dingerence-dans-ses-affaires-internes\/","url":"https:\/\/kapitalis.com\/tunisie\/2023\/09\/28\/nabil-ammar-la-tunisie-naccepte-pas-dingerence-dans-ses-affaires-internes\/","name":"Nabil Ammar\u00a0: \u00abLa Tunisie n\u2019accepte pas d\u2019ing\u00e9rence dans ses affaires internes\u00bb - Kapitalis","isPartOf":{"@id":"https:\/\/kapitalis.com\/tunisie\/#website"},"primaryImageOfPage":{"@id":"https:\/\/kapitalis.com\/tunisie\/2023\/09\/28\/nabil-ammar-la-tunisie-naccepte-pas-dingerence-dans-ses-affaires-internes\/#primaryimage"},"image":{"@id":"https:\/\/kapitalis.com\/tunisie\/2023\/09\/28\/nabil-ammar-la-tunisie-naccepte-pas-dingerence-dans-ses-affaires-internes\/#primaryimage"},"thumbnailUrl":"https:\/\/kapitalis.com\/tunisie\/wp-content\/uploads\/2023\/09\/Nabil-Ammar-3.jpg","datePublished":"2023-09-28T11:05:43+00:00","dateModified":"2023-09-28T11:05:45+00:00","breadcrumb":{"@id":"https:\/\/kapitalis.com\/tunisie\/2023\/09\/28\/nabil-ammar-la-tunisie-naccepte-pas-dingerence-dans-ses-affaires-internes\/#breadcrumb"},"inLanguage":"fr-FR","potentialAction":[{"@type":"ReadAction","target":["https:\/\/kapitalis.com\/tunisie\/2023\/09\/28\/nabil-ammar-la-tunisie-naccepte-pas-dingerence-dans-ses-affaires-internes\/"]}]},{"@type":"ImageObject","inLanguage":"fr-FR","@id":"https:\/\/kapitalis.com\/tunisie\/2023\/09\/28\/nabil-ammar-la-tunisie-naccepte-pas-dingerence-dans-ses-affaires-internes\/#primaryimage","url":"https:\/\/kapitalis.com\/tunisie\/wp-content\/uploads\/2023\/09\/Nabil-Ammar-3.jpg","contentUrl":"https:\/\/kapitalis.com\/tunisie\/wp-content\/uploads\/2023\/09\/Nabil-Ammar-3.jpg","width":1200,"height":630},{"@type":"BreadcrumbList","@id":"https:\/\/kapitalis.com\/tunisie\/2023\/09\/28\/nabil-ammar-la-tunisie-naccepte-pas-dingerence-dans-ses-affaires-internes\/#breadcrumb","itemListElement":[{"@type":"ListItem","position":1,"name":"Accueil","item":"https:\/\/kapitalis.com\/tunisie\/"},{"@type":"ListItem","position":2,"name":"Nabil Ammar\u00a0: \u00abLa Tunisie n\u2019accepte pas d\u2019ing\u00e9rence dans ses affaires internes\u00bb"}]},{"@type":"WebSite","@id":"https:\/\/kapitalis.com\/tunisie\/#website","url":"https:\/\/kapitalis.com\/tunisie\/","name":"Kapitalis","description":"L&#039;actualit\u00e9 en Tunisie et dans le monde","publisher":{"@id":"https:\/\/kapitalis.com\/tunisie\/#organization"},"potentialAction":[{"@type":"SearchAction","target":{"@type":"EntryPoint","urlTemplate":"https:\/\/kapitalis.com\/tunisie\/?s={search_term_string}"},"query-input":{"@type":"PropertyValueSpecification","valueRequired":true,"valueName":"search_term_string"}}],"inLanguage":"fr-FR"},{"@type":"Organization","@id":"https:\/\/kapitalis.com\/tunisie\/#organization","name":"Kapitalis","url":"https:\/\/kapitalis.com\/tunisie\/","logo":{"@type":"ImageObject","inLanguage":"fr-FR","@id":"https:\/\/kapitalis.com\/tunisie\/#\/schema\/logo\/image\/","url":"https:\/\/kapitalis.com\/tunisie\/wp-content\/uploads\/2022\/05\/Kapitalis-big-size.png","contentUrl":"https:\/\/kapitalis.com\/tunisie\/wp-content\/uploads\/2022\/05\/Kapitalis-big-size.png","width":5000,"height":1500,"caption":"Kapitalis"},"image":{"@id":"https:\/\/kapitalis.com\/tunisie\/#\/schema\/logo\/image\/"},"sameAs":["https:\/\/www.facebook.com\/KapitalisInfo\/","https:\/\/x.com\/KapitalisInfo","https:\/\/www.youtube.com\/channel\/UC-yDYrHyfFBWWZaOw3FPg9Q"]},{"@type":"Person","@id":"https:\/\/kapitalis.com\/tunisie\/#\/schema\/person\/d71f33a9ca44f7bad4698210b480c8e9","name":"webmaster kapitalis","url":"https:\/\/kapitalis.com\/tunisie\/author\/webmaster-kapitalis\/"}]}},"_links":{"self":[{"href":"https:\/\/kapitalis.com\/tunisie\/wp-json\/wp\/v2\/posts\/9942582","targetHints":{"allow":["GET"]}}],"collection":[{"href":"https:\/\/kapitalis.com\/tunisie\/wp-json\/wp\/v2\/posts"}],"about":[{"href":"https:\/\/kapitalis.com\/tunisie\/wp-json\/wp\/v2\/types\/post"}],"author":[{"embeddable":true,"href":"https:\/\/kapitalis.com\/tunisie\/wp-json\/wp\/v2\/users\/8"}],"replies":[{"embeddable":true,"href":"https:\/\/kapitalis.com\/tunisie\/wp-json\/wp\/v2\/comments?post=9942582"}],"version-history":[{"count":1,"href":"https:\/\/kapitalis.com\/tunisie\/wp-json\/wp\/v2\/posts\/9942582\/revisions"}],"predecessor-version":[{"id":9942651,"href":"https:\/\/kapitalis.com\/tunisie\/wp-json\/wp\/v2\/posts\/9942582\/revisions\/9942651"}],"wp:featuredmedia":[{"embeddable":true,"href":"https:\/\/kapitalis.com\/tunisie\/wp-json\/wp\/v2\/media\/9942609"}],"wp:attachment":[{"href":"https:\/\/kapitalis.com\/tunisie\/wp-json\/wp\/v2\/media?parent=9942582"}],"wp:term":[{"taxonomy":"category","embeddable":true,"href":"https:\/\/kapitalis.com\/tunisie\/wp-json\/wp\/v2\/categories?post=9942582"},{"taxonomy":"post_tag","embeddable":true,"href":"https:\/\/kapitalis.com\/tunisie\/wp-json\/wp\/v2\/tags?post=9942582"}],"curies":[{"name":"wp","href":"https:\/\/api.w.org\/{rel}","templated":true}]}}