{"id":9955518,"date":"2023-09-29T13:54:45","date_gmt":"2023-09-29T12:54:45","guid":{"rendered":"https:\/\/kapitalis.com\/tunisie\/?p=9955518"},"modified":"2023-09-29T19:37:22","modified_gmt":"2023-09-29T18:37:22","slug":"litalie-apprecie-laction-des-tunisiens-pour-empecher-les-departs-des-migrants","status":"publish","type":"post","link":"https:\/\/kapitalis.com\/tunisie\/2023\/09\/29\/litalie-apprecie-laction-des-tunisiens-pour-empecher-les-departs-des-migrants\/","title":{"rendered":"L\u2019Italie appr\u00e9cie \u00abl\u2019action des Tunisiens pour emp\u00eacher les d\u00e9parts des migrants\u00bb"},"content":{"rendered":"\n<p><strong><em>Matteo Piantedosi a d\u00e9clar\u00e9 appr\u00e9cier \u00abla r\u00e9cente intensification de l\u2019action tunisienne visant \u00e0 emp\u00eacher les d\u00e9parts (de migrants irr\u00e9guliers, Ndlr) et pour les op\u00e9rations polici\u00e8res accomplies ces derni\u00e8res heures qui ont permis l\u2019arrestation de 124 passeurs\u00bb.<\/em><\/strong> <em>(Piantedosi \u00e0 Tunis en juillet dernier).<\/em> <\/p>\n\n\n\n<!--more-->\n\n\n\n<p>Le italien ministre de l\u2019Int\u00e9rieur a fait cette d\u00e9claration \u00e0 la duite de la rencontre, hier soir, jeudi 29 septembre 2023, \u00e0 Palerme, en Sicile, avec son homologue tunisien Kamel Fekih.<\/p>\n\n\n\n<p><em>\u00abSur le front des rapatriements volontaires assist\u00e9s par la Tunisie vers les pays d\u2019origine des migrants, j\u2019ai r\u00e9it\u00e9r\u00e9 que l\u2019Italie a \u00e9galement activ\u00e9 le Conseil Justice et Affaires int\u00e9rieures pour un plan europ\u00e9en\u00bb<\/em>, a-t-il ajout\u00e9.<\/p>\n\n\n\n<p>Piantedosi, qui venait de quitter Bruxelles, o\u00f9 il a particip\u00e9 au Conseil des Affaires int\u00e9rieures, consacr\u00e9 notamment \u00e0 la lutte contre la migration clandestine, a \u00e9galement rencontr\u00e9 le ministre libyen Emad Trabelsi. Au centre des discussions\u00a0: la collaboration pour freiner les d\u00e9parts de migrants.<\/p>\n\n\n\n<p class=\"has-text-align-right\"><strong>I. B.<\/strong><\/p>\n\n\n\n<figure class=\"wp-block-embed is-type-wp-embed is-provider-kapitalis wp-block-embed-kapitalis\"><div class=\"wp-block-embed__wrapper\">\n<blockquote class=\"wp-embedded-content\" data-secret=\"U3NUFPeNn2\"><a href=\"https:\/\/kapitalis.com\/tunisie\/2023\/09\/29\/comment-la-tunisie-est-devenue-le-garde-frontiere-de-leurope\/\">Comment la Tunisie est devenue le garde-fronti\u00e8re de l\u2019Europe<\/a><\/blockquote><iframe loading=\"lazy\" class=\"wp-embedded-content\" sandbox=\"allow-scripts\" security=\"restricted\" style=\"position: absolute; clip: rect(1px, 1px, 1px, 1px);\" title=\"\u00ab\u00a0Comment la Tunisie est devenue le garde-fronti\u00e8re de l\u2019Europe\u00a0\u00bb &#8212; Kapitalis\" src=\"https:\/\/kapitalis.com\/tunisie\/2023\/09\/29\/comment-la-tunisie-est-devenue-le-garde-frontiere-de-leurope\/embed\/#?secret=cdtUC6zfGy#?secret=U3NUFPeNn2\" data-secret=\"U3NUFPeNn2\" width=\"600\" height=\"338\" frameborder=\"0\" marginwidth=\"0\" marginheight=\"0\" scrolling=\"no\"><\/iframe>\n<\/div><\/figure>\n\n\n\n<p class=\"has-text-align-right\"> <\/p>\n","protected":false},"excerpt":{"rendered":"<p>Les op\u00e9rations polici\u00e8res de la Tunisie contre les migrants irr\u00e9guliers sont tr\u00e8s appr\u00e9ci\u00e9es par les responsables italiens. <\/p>\n","protected":false},"author":8,"featured_media":8955354,"comment_status":"open","ping_status":"open","sticky":false,"template":"","format":"standard","meta":{"footnotes":""},"categories":[997,2433],"tags":[94277,111217,505,96161,105876,88210,108405,62643],"class_list":["post-9955518","post","type-post","status-publish","format-standard","has-post-thumbnail","hentry","category-politique","category-tunisie","tag-libye-2","tag-emad-trabelsi","tag-italie","tag-kamel-feki","tag-matteo-piantedosi","tag-migrants-irreguliers","tag-palermo","tag-tunisie"],"yoast_head":"<!-- This site is optimized with the Yoast SEO plugin v26.6 - https:\/\/yoast.com\/wordpress\/plugins\/seo\/ -->\n<title>L\u2019Italie appr\u00e9cie \u00abl\u2019action des Tunisiens pour emp\u00eacher les d\u00e9parts des migrants\u00bb - Kapitalis<\/title>\n<meta name=\"robots\" content=\"index, follow, max-snippet:-1, max-image-preview:large, max-video-preview:-1\" \/>\n<link rel=\"canonical\" href=\"https:\/\/kapitalis.com\/tunisie\/2023\/09\/29\/litalie-apprecie-laction-des-tunisiens-pour-empecher-les-departs-des-migrants\/\" \/>\n<meta property=\"og:locale\" content=\"fr_FR\" \/>\n<meta property=\"og:type\" content=\"article\" \/>\n<meta property=\"og:title\" content=\"L\u2019Italie appr\u00e9cie \u00abl\u2019action des Tunisiens pour emp\u00eacher les d\u00e9parts des migrants\u00bb - Kapitalis\" \/>\n<meta property=\"og:description\" content=\"Les op\u00e9rations polici\u00e8res de la Tunisie contre les migrants irr\u00e9guliers sont tr\u00e8s appr\u00e9ci\u00e9es par les responsables italiens.\" \/>\n<meta property=\"og:url\" content=\"https:\/\/kapitalis.com\/tunisie\/2023\/09\/29\/litalie-apprecie-laction-des-tunisiens-pour-empecher-les-departs-des-migrants\/\" \/>\n<meta property=\"og:site_name\" content=\"Kapitalis\" \/>\n<meta property=\"article:publisher\" content=\"https:\/\/www.facebook.com\/KapitalisInfo\/\" \/>\n<meta property=\"article:published_time\" content=\"2023-09-29T12:54:45+00:00\" \/>\n<meta property=\"article:modified_time\" content=\"2023-09-29T18:37:22+00:00\" \/>\n<meta property=\"og:image\" content=\"https:\/\/kapitalis.com\/tunisie\/wp-content\/uploads\/2023\/07\/Kamel-Feki-Matteo-Piantedosi.jpg\" \/>\n\t<meta property=\"og:image:width\" content=\"1200\" \/>\n\t<meta property=\"og:image:height\" content=\"630\" \/>\n\t<meta property=\"og:image:type\" content=\"image\/jpeg\" \/>\n<meta name=\"author\" content=\"webmaster kapitalis\" \/>\n<meta name=\"twitter:card\" content=\"summary_large_image\" \/>\n<meta name=\"twitter:creator\" content=\"@KapitalisInfo\" \/>\n<meta name=\"twitter:site\" content=\"@KapitalisInfo\" \/>\n<meta name=\"twitter:label1\" content=\"\u00c9crit par\" \/>\n\t<meta name=\"twitter:data1\" content=\"webmaster kapitalis\" \/>\n\t<meta name=\"twitter:label2\" content=\"Dur\u00e9e de lecture estim\u00e9e\" \/>\n\t<meta name=\"twitter:data2\" content=\"1 minute\" \/>\n<script type=\"application\/ld+json\" class=\"yoast-schema-graph\">{\"@context\":\"https:\/\/schema.org\",\"@graph\":[{\"@type\":\"Article\",\"@id\":\"https:\/\/kapitalis.com\/tunisie\/2023\/09\/29\/litalie-apprecie-laction-des-tunisiens-pour-empecher-les-departs-des-migrants\/#article\",\"isPartOf\":{\"@id\":\"https:\/\/kapitalis.com\/tunisie\/2023\/09\/29\/litalie-apprecie-laction-des-tunisiens-pour-empecher-les-departs-des-migrants\/\"},\"author\":{\"name\":\"webmaster kapitalis\",\"@id\":\"https:\/\/kapitalis.com\/tunisie\/#\/schema\/person\/d71f33a9ca44f7bad4698210b480c8e9\"},\"headline\":\"L\u2019Italie appr\u00e9cie \u00abl\u2019action des Tunisiens pour emp\u00eacher les d\u00e9parts des migrants\u00bb\",\"datePublished\":\"2023-09-29T12:54:45+00:00\",\"dateModified\":\"2023-09-29T18:37:22+00:00\",\"mainEntityOfPage\":{\"@id\":\"https:\/\/kapitalis.com\/tunisie\/2023\/09\/29\/litalie-apprecie-laction-des-tunisiens-pour-empecher-les-departs-des-migrants\/\"},\"wordCount\":191,\"commentCount\":0,\"publisher\":{\"@id\":\"https:\/\/kapitalis.com\/tunisie\/#organization\"},\"image\":{\"@id\":\"https:\/\/kapitalis.com\/tunisie\/2023\/09\/29\/litalie-apprecie-laction-des-tunisiens-pour-empecher-les-departs-des-migrants\/#primaryimage\"},\"thumbnailUrl\":\"https:\/\/kapitalis.com\/tunisie\/wp-content\/uploads\/2023\/07\/Kamel-Feki-Matteo-Piantedosi.jpg\",\"keywords\":[\".Libye\",\"Emad Trabelsi\",\"Italie\",\"Kamel Feki\",\"Matteo Piantedosi\",\"migrants irr\u00e9guliers\",\"Palermo\",\"Tunisie\"],\"articleSection\":[\"POLITIQUE\",\"Tunisie\"],\"inLanguage\":\"fr-FR\",\"potentialAction\":[{\"@type\":\"CommentAction\",\"name\":\"Comment\",\"target\":[\"https:\/\/kapitalis.com\/tunisie\/2023\/09\/29\/litalie-apprecie-laction-des-tunisiens-pour-empecher-les-departs-des-migrants\/#respond\"]}]},{\"@type\":\"WebPage\",\"@id\":\"https:\/\/kapitalis.com\/tunisie\/2023\/09\/29\/litalie-apprecie-laction-des-tunisiens-pour-empecher-les-departs-des-migrants\/\",\"url\":\"https:\/\/kapitalis.com\/tunisie\/2023\/09\/29\/litalie-apprecie-laction-des-tunisiens-pour-empecher-les-departs-des-migrants\/\",\"name\":\"L\u2019Italie appr\u00e9cie \u00abl\u2019action des Tunisiens pour emp\u00eacher les d\u00e9parts des migrants\u00bb - Kapitalis\",\"isPartOf\":{\"@id\":\"https:\/\/kapitalis.com\/tunisie\/#website\"},\"primaryImageOfPage\":{\"@id\":\"https:\/\/kapitalis.com\/tunisie\/2023\/09\/29\/litalie-apprecie-laction-des-tunisiens-pour-empecher-les-departs-des-migrants\/#primaryimage\"},\"image\":{\"@id\":\"https:\/\/kapitalis.com\/tunisie\/2023\/09\/29\/litalie-apprecie-laction-des-tunisiens-pour-empecher-les-departs-des-migrants\/#primaryimage\"},\"thumbnailUrl\":\"https:\/\/kapitalis.com\/tunisie\/wp-content\/uploads\/2023\/07\/Kamel-Feki-Matteo-Piantedosi.jpg\",\"datePublished\":\"2023-09-29T12:54:45+00:00\",\"dateModified\":\"2023-09-29T18:37:22+00:00\",\"breadcrumb\":{\"@id\":\"https:\/\/kapitalis.com\/tunisie\/2023\/09\/29\/litalie-apprecie-laction-des-tunisiens-pour-empecher-les-departs-des-migrants\/#breadcrumb\"},\"inLanguage\":\"fr-FR\",\"potentialAction\":[{\"@type\":\"ReadAction\",\"target\":[\"https:\/\/kapitalis.com\/tunisie\/2023\/09\/29\/litalie-apprecie-laction-des-tunisiens-pour-empecher-les-departs-des-migrants\/\"]}]},{\"@type\":\"ImageObject\",\"inLanguage\":\"fr-FR\",\"@id\":\"https:\/\/kapitalis.com\/tunisie\/2023\/09\/29\/litalie-apprecie-laction-des-tunisiens-pour-empecher-les-departs-des-migrants\/#primaryimage\",\"url\":\"https:\/\/kapitalis.com\/tunisie\/wp-content\/uploads\/2023\/07\/Kamel-Feki-Matteo-Piantedosi.jpg\",\"contentUrl\":\"https:\/\/kapitalis.com\/tunisie\/wp-content\/uploads\/2023\/07\/Kamel-Feki-Matteo-Piantedosi.jpg\",\"width\":1200,\"height\":630},{\"@type\":\"BreadcrumbList\",\"@id\":\"https:\/\/kapitalis.com\/tunisie\/2023\/09\/29\/litalie-apprecie-laction-des-tunisiens-pour-empecher-les-departs-des-migrants\/#breadcrumb\",\"itemListElement\":[{\"@type\":\"ListItem\",\"position\":1,\"name\":\"Accueil\",\"item\":\"https:\/\/kapitalis.com\/tunisie\/\"},{\"@type\":\"ListItem\",\"position\":2,\"name\":\"L\u2019Italie appr\u00e9cie \u00abl\u2019action des Tunisiens pour emp\u00eacher les d\u00e9parts des migrants\u00bb\"}]},{\"@type\":\"WebSite\",\"@id\":\"https:\/\/kapitalis.com\/tunisie\/#website\",\"url\":\"https:\/\/kapitalis.com\/tunisie\/\",\"name\":\"Kapitalis\",\"description\":\"L&#039;actualit\u00e9 en Tunisie et dans le monde\",\"publisher\":{\"@id\":\"https:\/\/kapitalis.com\/tunisie\/#organization\"},\"potentialAction\":[{\"@type\":\"SearchAction\",\"target\":{\"@type\":\"EntryPoint\",\"urlTemplate\":\"https:\/\/kapitalis.com\/tunisie\/?s={search_term_string}\"},\"query-input\":{\"@type\":\"PropertyValueSpecification\",\"valueRequired\":true,\"valueName\":\"search_term_string\"}}],\"inLanguage\":\"fr-FR\"},{\"@type\":\"Organization\",\"@id\":\"https:\/\/kapitalis.com\/tunisie\/#organization\",\"name\":\"Kapitalis\",\"url\":\"https:\/\/kapitalis.com\/tunisie\/\",\"logo\":{\"@type\":\"ImageObject\",\"inLanguage\":\"fr-FR\",\"@id\":\"https:\/\/kapitalis.com\/tunisie\/#\/schema\/logo\/image\/\",\"url\":\"https:\/\/kapitalis.com\/tunisie\/wp-content\/uploads\/2022\/05\/Kapitalis-big-size.png\",\"contentUrl\":\"https:\/\/kapitalis.com\/tunisie\/wp-content\/uploads\/2022\/05\/Kapitalis-big-size.png\",\"width\":5000,\"height\":1500,\"caption\":\"Kapitalis\"},\"image\":{\"@id\":\"https:\/\/kapitalis.com\/tunisie\/#\/schema\/logo\/image\/\"},\"sameAs\":[\"https:\/\/www.facebook.com\/KapitalisInfo\/\",\"https:\/\/x.com\/KapitalisInfo\",\"https:\/\/www.youtube.com\/channel\/UC-yDYrHyfFBWWZaOw3FPg9Q\"]},{\"@type\":\"Person\",\"@id\":\"https:\/\/kapitalis.com\/tunisie\/#\/schema\/person\/d71f33a9ca44f7bad4698210b480c8e9\",\"name\":\"webmaster kapitalis\",\"url\":\"https:\/\/kapitalis.com\/tunisie\/author\/webmaster-kapitalis\/\"}]}<\/script>\n<!-- \/ Yoast SEO plugin. -->","yoast_head_json":{"title":"L\u2019Italie appr\u00e9cie \u00abl\u2019action des Tunisiens pour emp\u00eacher les d\u00e9parts des migrants\u00bb - Kapitalis","robots":{"index":"index","follow":"follow","max-snippet":"max-snippet:-1","max-image-preview":"max-image-preview:large","max-video-preview":"max-video-preview:-1"},"canonical":"https:\/\/kapitalis.com\/tunisie\/2023\/09\/29\/litalie-apprecie-laction-des-tunisiens-pour-empecher-les-departs-des-migrants\/","og_locale":"fr_FR","og_type":"article","og_title":"L\u2019Italie appr\u00e9cie \u00abl\u2019action des Tunisiens pour emp\u00eacher les d\u00e9parts des migrants\u00bb - Kapitalis","og_description":"Les op\u00e9rations polici\u00e8res de la Tunisie contre les migrants irr\u00e9guliers sont tr\u00e8s appr\u00e9ci\u00e9es par les responsables italiens.","og_url":"https:\/\/kapitalis.com\/tunisie\/2023\/09\/29\/litalie-apprecie-laction-des-tunisiens-pour-empecher-les-departs-des-migrants\/","og_site_name":"Kapitalis","article_publisher":"https:\/\/www.facebook.com\/KapitalisInfo\/","article_published_time":"2023-09-29T12:54:45+00:00","article_modified_time":"2023-09-29T18:37:22+00:00","og_image":[{"width":1200,"height":630,"url":"https:\/\/kapitalis.com\/tunisie\/wp-content\/uploads\/2023\/07\/Kamel-Feki-Matteo-Piantedosi.jpg","type":"image\/jpeg"}],"author":"webmaster kapitalis","twitter_card":"summary_large_image","twitter_creator":"@KapitalisInfo","twitter_site":"@KapitalisInfo","twitter_misc":{"\u00c9crit par":"webmaster kapitalis","Dur\u00e9e de lecture estim\u00e9e":"1 minute"},"schema":{"@context":"https:\/\/schema.org","@graph":[{"@type":"Article","@id":"https:\/\/kapitalis.com\/tunisie\/2023\/09\/29\/litalie-apprecie-laction-des-tunisiens-pour-empecher-les-departs-des-migrants\/#article","isPartOf":{"@id":"https:\/\/kapitalis.com\/tunisie\/2023\/09\/29\/litalie-apprecie-laction-des-tunisiens-pour-empecher-les-departs-des-migrants\/"},"author":{"name":"webmaster kapitalis","@id":"https:\/\/kapitalis.com\/tunisie\/#\/schema\/person\/d71f33a9ca44f7bad4698210b480c8e9"},"headline":"L\u2019Italie appr\u00e9cie \u00abl\u2019action des Tunisiens pour emp\u00eacher les d\u00e9parts des migrants\u00bb","datePublished":"2023-09-29T12:54:45+00:00","dateModified":"2023-09-29T18:37:22+00:00","mainEntityOfPage":{"@id":"https:\/\/kapitalis.com\/tunisie\/2023\/09\/29\/litalie-apprecie-laction-des-tunisiens-pour-empecher-les-departs-des-migrants\/"},"wordCount":191,"commentCount":0,"publisher":{"@id":"https:\/\/kapitalis.com\/tunisie\/#organization"},"image":{"@id":"https:\/\/kapitalis.com\/tunisie\/2023\/09\/29\/litalie-apprecie-laction-des-tunisiens-pour-empecher-les-departs-des-migrants\/#primaryimage"},"thumbnailUrl":"https:\/\/kapitalis.com\/tunisie\/wp-content\/uploads\/2023\/07\/Kamel-Feki-Matteo-Piantedosi.jpg","keywords":[".Libye","Emad Trabelsi","Italie","Kamel Feki","Matteo Piantedosi","migrants irr\u00e9guliers","Palermo","Tunisie"],"articleSection":["POLITIQUE","Tunisie"],"inLanguage":"fr-FR","potentialAction":[{"@type":"CommentAction","name":"Comment","target":["https:\/\/kapitalis.com\/tunisie\/2023\/09\/29\/litalie-apprecie-laction-des-tunisiens-pour-empecher-les-departs-des-migrants\/#respond"]}]},{"@type":"WebPage","@id":"https:\/\/kapitalis.com\/tunisie\/2023\/09\/29\/litalie-apprecie-laction-des-tunisiens-pour-empecher-les-departs-des-migrants\/","url":"https:\/\/kapitalis.com\/tunisie\/2023\/09\/29\/litalie-apprecie-laction-des-tunisiens-pour-empecher-les-departs-des-migrants\/","name":"L\u2019Italie appr\u00e9cie \u00abl\u2019action des Tunisiens pour emp\u00eacher les d\u00e9parts des migrants\u00bb - Kapitalis","isPartOf":{"@id":"https:\/\/kapitalis.com\/tunisie\/#website"},"primaryImageOfPage":{"@id":"https:\/\/kapitalis.com\/tunisie\/2023\/09\/29\/litalie-apprecie-laction-des-tunisiens-pour-empecher-les-departs-des-migrants\/#primaryimage"},"image":{"@id":"https:\/\/kapitalis.com\/tunisie\/2023\/09\/29\/litalie-apprecie-laction-des-tunisiens-pour-empecher-les-departs-des-migrants\/#primaryimage"},"thumbnailUrl":"https:\/\/kapitalis.com\/tunisie\/wp-content\/uploads\/2023\/07\/Kamel-Feki-Matteo-Piantedosi.jpg","datePublished":"2023-09-29T12:54:45+00:00","dateModified":"2023-09-29T18:37:22+00:00","breadcrumb":{"@id":"https:\/\/kapitalis.com\/tunisie\/2023\/09\/29\/litalie-apprecie-laction-des-tunisiens-pour-empecher-les-departs-des-migrants\/#breadcrumb"},"inLanguage":"fr-FR","potentialAction":[{"@type":"ReadAction","target":["https:\/\/kapitalis.com\/tunisie\/2023\/09\/29\/litalie-apprecie-laction-des-tunisiens-pour-empecher-les-departs-des-migrants\/"]}]},{"@type":"ImageObject","inLanguage":"fr-FR","@id":"https:\/\/kapitalis.com\/tunisie\/2023\/09\/29\/litalie-apprecie-laction-des-tunisiens-pour-empecher-les-departs-des-migrants\/#primaryimage","url":"https:\/\/kapitalis.com\/tunisie\/wp-content\/uploads\/2023\/07\/Kamel-Feki-Matteo-Piantedosi.jpg","contentUrl":"https:\/\/kapitalis.com\/tunisie\/wp-content\/uploads\/2023\/07\/Kamel-Feki-Matteo-Piantedosi.jpg","width":1200,"height":630},{"@type":"BreadcrumbList","@id":"https:\/\/kapitalis.com\/tunisie\/2023\/09\/29\/litalie-apprecie-laction-des-tunisiens-pour-empecher-les-departs-des-migrants\/#breadcrumb","itemListElement":[{"@type":"ListItem","position":1,"name":"Accueil","item":"https:\/\/kapitalis.com\/tunisie\/"},{"@type":"ListItem","position":2,"name":"L\u2019Italie appr\u00e9cie \u00abl\u2019action des Tunisiens pour emp\u00eacher les d\u00e9parts des migrants\u00bb"}]},{"@type":"WebSite","@id":"https:\/\/kapitalis.com\/tunisie\/#website","url":"https:\/\/kapitalis.com\/tunisie\/","name":"Kapitalis","description":"L&#039;actualit\u00e9 en Tunisie et dans le monde","publisher":{"@id":"https:\/\/kapitalis.com\/tunisie\/#organization"},"potentialAction":[{"@type":"SearchAction","target":{"@type":"EntryPoint","urlTemplate":"https:\/\/kapitalis.com\/tunisie\/?s={search_term_string}"},"query-input":{"@type":"PropertyValueSpecification","valueRequired":true,"valueName":"search_term_string"}}],"inLanguage":"fr-FR"},{"@type":"Organization","@id":"https:\/\/kapitalis.com\/tunisie\/#organization","name":"Kapitalis","url":"https:\/\/kapitalis.com\/tunisie\/","logo":{"@type":"ImageObject","inLanguage":"fr-FR","@id":"https:\/\/kapitalis.com\/tunisie\/#\/schema\/logo\/image\/","url":"https:\/\/kapitalis.com\/tunisie\/wp-content\/uploads\/2022\/05\/Kapitalis-big-size.png","contentUrl":"https:\/\/kapitalis.com\/tunisie\/wp-content\/uploads\/2022\/05\/Kapitalis-big-size.png","width":5000,"height":1500,"caption":"Kapitalis"},"image":{"@id":"https:\/\/kapitalis.com\/tunisie\/#\/schema\/logo\/image\/"},"sameAs":["https:\/\/www.facebook.com\/KapitalisInfo\/","https:\/\/x.com\/KapitalisInfo","https:\/\/www.youtube.com\/channel\/UC-yDYrHyfFBWWZaOw3FPg9Q"]},{"@type":"Person","@id":"https:\/\/kapitalis.com\/tunisie\/#\/schema\/person\/d71f33a9ca44f7bad4698210b480c8e9","name":"webmaster kapitalis","url":"https:\/\/kapitalis.com\/tunisie\/author\/webmaster-kapitalis\/"}]}},"_links":{"self":[{"href":"https:\/\/kapitalis.com\/tunisie\/wp-json\/wp\/v2\/posts\/9955518","targetHints":{"allow":["GET"]}}],"collection":[{"href":"https:\/\/kapitalis.com\/tunisie\/wp-json\/wp\/v2\/posts"}],"about":[{"href":"https:\/\/kapitalis.com\/tunisie\/wp-json\/wp\/v2\/types\/post"}],"author":[{"embeddable":true,"href":"https:\/\/kapitalis.com\/tunisie\/wp-json\/wp\/v2\/users\/8"}],"replies":[{"embeddable":true,"href":"https:\/\/kapitalis.com\/tunisie\/wp-json\/wp\/v2\/comments?post=9955518"}],"version-history":[{"count":1,"href":"https:\/\/kapitalis.com\/tunisie\/wp-json\/wp\/v2\/posts\/9955518\/revisions"}],"predecessor-version":[{"id":9955588,"href":"https:\/\/kapitalis.com\/tunisie\/wp-json\/wp\/v2\/posts\/9955518\/revisions\/9955588"}],"wp:featuredmedia":[{"embeddable":true,"href":"https:\/\/kapitalis.com\/tunisie\/wp-json\/wp\/v2\/media\/8955354"}],"wp:attachment":[{"href":"https:\/\/kapitalis.com\/tunisie\/wp-json\/wp\/v2\/media?parent=9955518"}],"wp:term":[{"taxonomy":"category","embeddable":true,"href":"https:\/\/kapitalis.com\/tunisie\/wp-json\/wp\/v2\/categories?post=9955518"},{"taxonomy":"post_tag","embeddable":true,"href":"https:\/\/kapitalis.com\/tunisie\/wp-json\/wp\/v2\/tags?post=9955518"}],"curies":[{"name":"wp","href":"https:\/\/api.w.org\/{rel}","templated":true}]}}