{"id":9965514,"date":"2023-09-30T08:33:26","date_gmt":"2023-09-30T07:33:26","guid":{"rendered":"https:\/\/kapitalis.com\/tunisie\/?p=9965514"},"modified":"2023-09-30T08:33:28","modified_gmt":"2023-09-30T07:33:28","slug":"tunisie-909-passeurs-arretes-et-824-embarcations-saisies-en-9-mois","status":"publish","type":"post","link":"https:\/\/kapitalis.com\/tunisie\/2023\/09\/30\/tunisie-909-passeurs-arretes-et-824-embarcations-saisies-en-9-mois\/","title":{"rendered":"Tunisie\u00a0: 909 passeurs arr\u00eat\u00e9s et 824 embarcations saisies en 9 mois"},"content":{"rendered":"\n<p><strong><em>Le ministre de l\u2019Int\u00e9rieur, Kamel Feki, a d\u00e9clar\u00e9 vendredi 29 septembre 2023 \u00e0 Palerme (Sicile, Italie) \u00a0que la migration irr\u00e9guli\u00e8re est un fl\u00e9au \u00abinhumain\u00bb qui doit \u00eatre combattu selon \u00abune approche r\u00e9aliste, globale et multidimensionnelle\u00bb.<\/em><\/strong><\/p>\n\n\n\n<!--more-->\n\n\n\n<p><em>\u00abCette approche doit s\u2019attaquer aux causes profondes de la migration irr\u00e9guli\u00e8re plut\u00f4t que de se concentrer sur ses impacts\u00bb<\/em>, a-t-il ajout\u00e9 dans un discours prononc\u00e9 lors de la conf\u00e9rence minist\u00e9rielle tenue \u00e0 l\u2019occasion du 20e anniversaire de l\u2019adoption de la Convention\u00a0des\u00a0Nations Unies contre\u00a0la criminalit\u00e9\u00a0transnationale organis\u00e9e (Untoc).<\/p>\n\n\n\n<p>Feki a soulign\u00e9 que la migration irr\u00e9guli\u00e8re devrait \u00eatre trait\u00e9e selon une approche globale bas\u00e9e sur la consolidation des \u00e9conomies des pays d\u2019origine des migrants, la cr\u00e9ation d\u2019opportunit\u00e9s d\u2019emploi pour les jeunes et la neutralisation des r\u00e9seaux de traite des \u00eatres humains.<\/p>\n\n\n\n<p>Cit\u00e9 dans une vid\u00e9o publi\u00e9e sur la page Facebook du minist\u00e8re de l\u2019Int\u00e9rieur, Feki a r\u00e9affirm\u00e9 que la solution la plus efficace au ph\u00e9nom\u00e8ne de la migration irr\u00e9guli\u00e8re <em>\u00abne peut \u00eatre qu\u2019humanitaire et collective\u00bb<\/em>, comme l\u2019a indiqu\u00e9 le pr\u00e9sident de la r\u00e9publique Ka\u00efs Sa\u00efed lors de sa participation \u00e0 la Conf\u00e9rence internationale sur la migration et le d\u00e9veloppement en juillet 2023 \u00e0 Rome.<\/p>\n\n\n\n<p>Kamel Feki a soulign\u00e9 que la conf\u00e9rence minist\u00e9rielle se tient <em>\u00abdans un contexte r\u00e9gional et international tendu\u00bb<\/em>. Les pays de la r\u00e9gion sont confront\u00e9s \u00e0 plusieurs d\u00e9fis s\u00e9curitaires, climatiques et \u00e9conomiques. Cette conf\u00e9rence est l\u2019occasion de partager des points de vue sur des questions d\u2019actualit\u00e9 d\u2019int\u00e9r\u00eat mutuel ainsi que de rechercher des outils et des m\u00e9canismes capables de lutter contre les diff\u00e9rentes formes de criminalit\u00e9 transnationale organis\u00e9e, a-t-il ajout\u00e9.<\/p>\n\n\n<div class=\"wp-block-image\">\n<figure class=\"aligncenter size-full\"><img loading=\"lazy\" decoding=\"async\" width=\"800\" height=\"600\" src=\"https:\/\/kapitalis.com\/tunisie\/wp-content\/uploads\/2023\/09\/Kamel-Feki-Matteo-Piantedosi.jpg\" alt=\"\" class=\"wp-image-9965731\" srcset=\"https:\/\/kapitalis.com\/tunisie\/wp-content\/uploads\/2023\/09\/Kamel-Feki-Matteo-Piantedosi.jpg 800w, https:\/\/kapitalis.com\/tunisie\/wp-content\/uploads\/2023\/09\/Kamel-Feki-Matteo-Piantedosi-300x225.jpg 300w, https:\/\/kapitalis.com\/tunisie\/wp-content\/uploads\/2023\/09\/Kamel-Feki-Matteo-Piantedosi-768x576.jpg 768w, https:\/\/kapitalis.com\/tunisie\/wp-content\/uploads\/2023\/09\/Kamel-Feki-Matteo-Piantedosi-580x435.jpg 580w\" sizes=\"auto, (max-width: 800px) 100vw, 800px\" \/><\/figure>\n<\/div>\n\n\n<p class=\"has-text-align-center\"><em>Kamel Feki re\u00e7u \u00e0 Palerme par Matteo Piantedosi. <\/em><\/p>\n\n\n\n<p>Pour le ministre de l\u2019Int\u00e9rieur, la criminalit\u00e9 transnationale organis\u00e9e implique un large \u00e9ventail d\u2019op\u00e9rations, principalement la migration irr\u00e9guli\u00e8re. Ce fl\u00e9au a des <em>\u00abliens inextricables\u00bb<\/em> avec la traite des \u00eatres humains, leur transport ill\u00e9gal ainsi qu\u2019avec le trafic de drogue et d\u2019armes, le terrorisme et le blanchiment d\u2019argent, a-t-il affirm\u00e9.<\/p>\n\n\n\n<p>Le ministre a exprim\u00e9 la d\u00e9termination de la Tunisie, dans le cadre de son engagement \u00e0 mettre en \u0153uvre l\u2019Untoc adopt\u00e9e par la Tunisie le 23 septembre 2002, \u00e0 adapter les textes juridiques li\u00e9s \u00e0 la lutte contre la traite des \u00eatres humains aux normes internationales et aux principes des droits de l\u2019homme, notamment l\u2019adoption d\u2019une loi organique relative \u00e0 la pr\u00e9vention et \u00e0 la lutte contre la traite des \u00eatres humains en 2016, ainsi que la cr\u00e9ation d\u2019un organisme national de lutte contre la traite des \u00eatres humains.<\/p>\n\n\n\n<p>Le ministre a soulign\u00e9 que <em>\u00abla Tunisie aborde la question de la migration irr\u00e9guli\u00e8re conform\u00e9ment \u00e0 la l\u00e9gislation tunisienne, aux trait\u00e9s internationaux et aux principes \u00e9thiques\u00bb<\/em>, mettant en garde contre <em>\u00ables campagnes malveillantes, men\u00e9es par certaines parties, pour attiser les tensions et saper les efforts de la Tunisie pour assurer la protection, l\u2019encadrement et la prise en charge des migrants irr\u00e9guliers qui se trouvent sur son territoire\u00bb<\/em>.<\/p>\n\n\n\n<p>Le ministre a \u00e9galement fourni un ensemble de statistiques sur les efforts d\u00e9ploy\u00e9s par la Tunisie pour lutter contre la migration irr\u00e9guli\u00e8re. Selon les derniers chiffres enregistr\u00e9s entre janvier et mi-septembre 2023, le nombre total de migrants tentant de franchir ill\u00e9galement les fronti\u00e8res maritimes vers l\u2019Europe a atteint pr\u00e8s de 72.516 personnes dont 58.057 \u00e9trangers soit pr\u00e8s de 80%.\u00a0<\/p>\n\n\n\n<p>Feki a soulign\u00e9 que le nombre de personnes sauv\u00e9es de la mer s\u2019est approch\u00e9 de 19.033 dont 17.865 \u00e9trangers, tandis que le nombre d\u2019interm\u00e9diaires et de passeurs arr\u00eat\u00e9s a atteint 909 individus et que le nombre d\u2019embarcations saisies est de 824.<\/p>\n\n\n\n<p>Il a ajout\u00e9 que 5 609 tentatives de franchissement ill\u00e9gal des fronti\u00e8res maritimes ont \u00e9t\u00e9 d\u00e9jou\u00e9es, tandis que 488 bateaux ont coul\u00e9 au cours de la m\u00eame p\u00e9riode. En revanche, environ 1 290 corps ont \u00e9t\u00e9 rep\u00each\u00e9s en mer.<\/p>\n\n\n\n<p>Peu avant la conf\u00e9rence, le ministre de l&rsquo;Int\u00e9rieur avait \u00e9t\u00e9 re\u00e7u par son homologue italien Matteo Piantedosi qui avait d\u00e9clar\u00e9 appr\u00e9cier <em>\u00abla r\u00e9cente intensification de l\u2019action tunisienne visant \u00e0 emp\u00eacher les d\u00e9parts (de migrants irr\u00e9guliers, Ndlr) et pour les op\u00e9rations polici\u00e8res accomplies ces derni\u00e8res heures qui ont permis l\u2019arrestation de 124 passeurs\u00bb<\/em>.<\/p>\n\n\n\n<p class=\"has-text-align-right\"><strong>I. B.<\/strong> (avec communiqu\u00e9) <\/p>\n\n\n\n<figure class=\"wp-block-embed is-type-wp-embed is-provider-kapitalis wp-block-embed-kapitalis\"><div class=\"wp-block-embed__wrapper\">\n<blockquote class=\"wp-embedded-content\" data-secret=\"BfftfDPdM9\"><a href=\"https:\/\/kapitalis.com\/tunisie\/2023\/09\/29\/litalie-apprecie-laction-des-tunisiens-pour-empecher-les-departs-des-migrants\/\">L\u2019Italie appr\u00e9cie \u00abl\u2019action des Tunisiens pour emp\u00eacher les d\u00e9parts des migrants\u00bb<\/a><\/blockquote><iframe loading=\"lazy\" class=\"wp-embedded-content\" sandbox=\"allow-scripts\" security=\"restricted\" style=\"position: absolute; clip: rect(1px, 1px, 1px, 1px);\" title=\"\u00ab\u00a0L\u2019Italie appr\u00e9cie \u00abl\u2019action des Tunisiens pour emp\u00eacher les d\u00e9parts des migrants\u00bb\u00a0\u00bb &#8212; Kapitalis\" src=\"https:\/\/kapitalis.com\/tunisie\/2023\/09\/29\/litalie-apprecie-laction-des-tunisiens-pour-empecher-les-departs-des-migrants\/embed\/#?secret=h6Hhdc2EcW#?secret=BfftfDPdM9\" data-secret=\"BfftfDPdM9\" width=\"600\" height=\"338\" frameborder=\"0\" marginwidth=\"0\" marginheight=\"0\" scrolling=\"no\"><\/iframe>\n<\/div><\/figure>\n\n\n\n<p> <\/p>\n","protected":false},"excerpt":{"rendered":"<p>En neuf mois, 19.000 personnes ont \u00e9t\u00e9 sauv\u00e9es en mer au large de la Tunisie.  Et 488 bateaux ont coul\u00e9. <\/p>\n","protected":false},"author":8,"featured_media":9965697,"comment_status":"open","ping_status":"open","sticky":false,"template":"","format":"standard","meta":{"footnotes":""},"categories":[997,2433],"tags":[111235,505,96161,105876,84565,10215,1741,62643,111234],"class_list":["post-9965514","post","type-post","status-publish","format-standard","has-post-thumbnail","hentry","category-politique","category-tunisie","tag-criminalite-transnationale","tag-italie","tag-kamel-feki","tag-matteo-piantedosi","tag-migration-irreguliere","tag-palerme","tag-sicile","tag-tunisie","tag-untoc"],"yoast_head":"<!-- This site is optimized with the Yoast SEO plugin v26.6 - https:\/\/yoast.com\/wordpress\/plugins\/seo\/ -->\n<title>Tunisie\u00a0: 909 passeurs arr\u00eat\u00e9s et 824 embarcations saisies en 9 mois - Kapitalis<\/title>\n<meta name=\"robots\" content=\"index, follow, max-snippet:-1, max-image-preview:large, max-video-preview:-1\" \/>\n<link rel=\"canonical\" href=\"https:\/\/kapitalis.com\/tunisie\/2023\/09\/30\/tunisie-909-passeurs-arretes-et-824-embarcations-saisies-en-9-mois\/\" \/>\n<meta property=\"og:locale\" content=\"fr_FR\" \/>\n<meta property=\"og:type\" content=\"article\" \/>\n<meta property=\"og:title\" content=\"Tunisie\u00a0: 909 passeurs arr\u00eat\u00e9s et 824 embarcations saisies en 9 mois - Kapitalis\" \/>\n<meta property=\"og:description\" content=\"En neuf mois, 19.000 personnes ont \u00e9t\u00e9 sauv\u00e9es en mer au large de la Tunisie. Et 488 bateaux ont coul\u00e9.\" \/>\n<meta property=\"og:url\" content=\"https:\/\/kapitalis.com\/tunisie\/2023\/09\/30\/tunisie-909-passeurs-arretes-et-824-embarcations-saisies-en-9-mois\/\" \/>\n<meta property=\"og:site_name\" content=\"Kapitalis\" \/>\n<meta property=\"article:publisher\" content=\"https:\/\/www.facebook.com\/KapitalisInfo\/\" \/>\n<meta property=\"article:published_time\" content=\"2023-09-30T07:33:26+00:00\" \/>\n<meta property=\"article:modified_time\" content=\"2023-09-30T07:33:28+00:00\" \/>\n<meta property=\"og:image\" content=\"https:\/\/kapitalis.com\/tunisie\/wp-content\/uploads\/2023\/09\/Kamel-Feki-Palerme.jpg\" \/>\n\t<meta property=\"og:image:width\" content=\"1200\" \/>\n\t<meta property=\"og:image:height\" content=\"630\" \/>\n\t<meta property=\"og:image:type\" content=\"image\/jpeg\" \/>\n<meta name=\"author\" content=\"webmaster kapitalis\" \/>\n<meta name=\"twitter:card\" content=\"summary_large_image\" \/>\n<meta name=\"twitter:creator\" content=\"@KapitalisInfo\" \/>\n<meta name=\"twitter:site\" content=\"@KapitalisInfo\" \/>\n<meta name=\"twitter:label1\" content=\"\u00c9crit par\" \/>\n\t<meta name=\"twitter:data1\" content=\"webmaster kapitalis\" \/>\n\t<meta name=\"twitter:label2\" content=\"Dur\u00e9e de lecture estim\u00e9e\" \/>\n\t<meta name=\"twitter:data2\" content=\"4 minutes\" \/>\n<script type=\"application\/ld+json\" class=\"yoast-schema-graph\">{\"@context\":\"https:\/\/schema.org\",\"@graph\":[{\"@type\":\"Article\",\"@id\":\"https:\/\/kapitalis.com\/tunisie\/2023\/09\/30\/tunisie-909-passeurs-arretes-et-824-embarcations-saisies-en-9-mois\/#article\",\"isPartOf\":{\"@id\":\"https:\/\/kapitalis.com\/tunisie\/2023\/09\/30\/tunisie-909-passeurs-arretes-et-824-embarcations-saisies-en-9-mois\/\"},\"author\":{\"name\":\"webmaster kapitalis\",\"@id\":\"https:\/\/kapitalis.com\/tunisie\/#\/schema\/person\/d71f33a9ca44f7bad4698210b480c8e9\"},\"headline\":\"Tunisie\u00a0: 909 passeurs arr\u00eat\u00e9s et 824 embarcations saisies en 9 mois\",\"datePublished\":\"2023-09-30T07:33:26+00:00\",\"dateModified\":\"2023-09-30T07:33:28+00:00\",\"mainEntityOfPage\":{\"@id\":\"https:\/\/kapitalis.com\/tunisie\/2023\/09\/30\/tunisie-909-passeurs-arretes-et-824-embarcations-saisies-en-9-mois\/\"},\"wordCount\":779,\"commentCount\":1,\"publisher\":{\"@id\":\"https:\/\/kapitalis.com\/tunisie\/#organization\"},\"image\":{\"@id\":\"https:\/\/kapitalis.com\/tunisie\/2023\/09\/30\/tunisie-909-passeurs-arretes-et-824-embarcations-saisies-en-9-mois\/#primaryimage\"},\"thumbnailUrl\":\"https:\/\/kapitalis.com\/tunisie\/wp-content\/uploads\/2023\/09\/Kamel-Feki-Palerme.jpg\",\"keywords\":[\"criminalit\u00e9\u00a0transnationale\",\"Italie\",\"Kamel Feki\",\"Matteo Piantedosi\",\"migration irr\u00e9guli\u00e8re\",\"Palerme\",\"Sicile\",\"Tunisie\",\"Untoc\"],\"articleSection\":[\"POLITIQUE\",\"Tunisie\"],\"inLanguage\":\"fr-FR\",\"potentialAction\":[{\"@type\":\"CommentAction\",\"name\":\"Comment\",\"target\":[\"https:\/\/kapitalis.com\/tunisie\/2023\/09\/30\/tunisie-909-passeurs-arretes-et-824-embarcations-saisies-en-9-mois\/#respond\"]}]},{\"@type\":\"WebPage\",\"@id\":\"https:\/\/kapitalis.com\/tunisie\/2023\/09\/30\/tunisie-909-passeurs-arretes-et-824-embarcations-saisies-en-9-mois\/\",\"url\":\"https:\/\/kapitalis.com\/tunisie\/2023\/09\/30\/tunisie-909-passeurs-arretes-et-824-embarcations-saisies-en-9-mois\/\",\"name\":\"Tunisie\u00a0: 909 passeurs arr\u00eat\u00e9s et 824 embarcations saisies en 9 mois - Kapitalis\",\"isPartOf\":{\"@id\":\"https:\/\/kapitalis.com\/tunisie\/#website\"},\"primaryImageOfPage\":{\"@id\":\"https:\/\/kapitalis.com\/tunisie\/2023\/09\/30\/tunisie-909-passeurs-arretes-et-824-embarcations-saisies-en-9-mois\/#primaryimage\"},\"image\":{\"@id\":\"https:\/\/kapitalis.com\/tunisie\/2023\/09\/30\/tunisie-909-passeurs-arretes-et-824-embarcations-saisies-en-9-mois\/#primaryimage\"},\"thumbnailUrl\":\"https:\/\/kapitalis.com\/tunisie\/wp-content\/uploads\/2023\/09\/Kamel-Feki-Palerme.jpg\",\"datePublished\":\"2023-09-30T07:33:26+00:00\",\"dateModified\":\"2023-09-30T07:33:28+00:00\",\"breadcrumb\":{\"@id\":\"https:\/\/kapitalis.com\/tunisie\/2023\/09\/30\/tunisie-909-passeurs-arretes-et-824-embarcations-saisies-en-9-mois\/#breadcrumb\"},\"inLanguage\":\"fr-FR\",\"potentialAction\":[{\"@type\":\"ReadAction\",\"target\":[\"https:\/\/kapitalis.com\/tunisie\/2023\/09\/30\/tunisie-909-passeurs-arretes-et-824-embarcations-saisies-en-9-mois\/\"]}]},{\"@type\":\"ImageObject\",\"inLanguage\":\"fr-FR\",\"@id\":\"https:\/\/kapitalis.com\/tunisie\/2023\/09\/30\/tunisie-909-passeurs-arretes-et-824-embarcations-saisies-en-9-mois\/#primaryimage\",\"url\":\"https:\/\/kapitalis.com\/tunisie\/wp-content\/uploads\/2023\/09\/Kamel-Feki-Palerme.jpg\",\"contentUrl\":\"https:\/\/kapitalis.com\/tunisie\/wp-content\/uploads\/2023\/09\/Kamel-Feki-Palerme.jpg\",\"width\":1200,\"height\":630},{\"@type\":\"BreadcrumbList\",\"@id\":\"https:\/\/kapitalis.com\/tunisie\/2023\/09\/30\/tunisie-909-passeurs-arretes-et-824-embarcations-saisies-en-9-mois\/#breadcrumb\",\"itemListElement\":[{\"@type\":\"ListItem\",\"position\":1,\"name\":\"Accueil\",\"item\":\"https:\/\/kapitalis.com\/tunisie\/\"},{\"@type\":\"ListItem\",\"position\":2,\"name\":\"Tunisie\u00a0: 909 passeurs arr\u00eat\u00e9s et 824 embarcations saisies en 9 mois\"}]},{\"@type\":\"WebSite\",\"@id\":\"https:\/\/kapitalis.com\/tunisie\/#website\",\"url\":\"https:\/\/kapitalis.com\/tunisie\/\",\"name\":\"Kapitalis\",\"description\":\"L&#039;actualit\u00e9 en Tunisie et dans le monde\",\"publisher\":{\"@id\":\"https:\/\/kapitalis.com\/tunisie\/#organization\"},\"potentialAction\":[{\"@type\":\"SearchAction\",\"target\":{\"@type\":\"EntryPoint\",\"urlTemplate\":\"https:\/\/kapitalis.com\/tunisie\/?s={search_term_string}\"},\"query-input\":{\"@type\":\"PropertyValueSpecification\",\"valueRequired\":true,\"valueName\":\"search_term_string\"}}],\"inLanguage\":\"fr-FR\"},{\"@type\":\"Organization\",\"@id\":\"https:\/\/kapitalis.com\/tunisie\/#organization\",\"name\":\"Kapitalis\",\"url\":\"https:\/\/kapitalis.com\/tunisie\/\",\"logo\":{\"@type\":\"ImageObject\",\"inLanguage\":\"fr-FR\",\"@id\":\"https:\/\/kapitalis.com\/tunisie\/#\/schema\/logo\/image\/\",\"url\":\"https:\/\/kapitalis.com\/tunisie\/wp-content\/uploads\/2022\/05\/Kapitalis-big-size.png\",\"contentUrl\":\"https:\/\/kapitalis.com\/tunisie\/wp-content\/uploads\/2022\/05\/Kapitalis-big-size.png\",\"width\":5000,\"height\":1500,\"caption\":\"Kapitalis\"},\"image\":{\"@id\":\"https:\/\/kapitalis.com\/tunisie\/#\/schema\/logo\/image\/\"},\"sameAs\":[\"https:\/\/www.facebook.com\/KapitalisInfo\/\",\"https:\/\/x.com\/KapitalisInfo\",\"https:\/\/www.youtube.com\/channel\/UC-yDYrHyfFBWWZaOw3FPg9Q\"]},{\"@type\":\"Person\",\"@id\":\"https:\/\/kapitalis.com\/tunisie\/#\/schema\/person\/d71f33a9ca44f7bad4698210b480c8e9\",\"name\":\"webmaster kapitalis\",\"url\":\"https:\/\/kapitalis.com\/tunisie\/author\/webmaster-kapitalis\/\"}]}<\/script>\n<!-- \/ Yoast SEO plugin. -->","yoast_head_json":{"title":"Tunisie\u00a0: 909 passeurs arr\u00eat\u00e9s et 824 embarcations saisies en 9 mois - Kapitalis","robots":{"index":"index","follow":"follow","max-snippet":"max-snippet:-1","max-image-preview":"max-image-preview:large","max-video-preview":"max-video-preview:-1"},"canonical":"https:\/\/kapitalis.com\/tunisie\/2023\/09\/30\/tunisie-909-passeurs-arretes-et-824-embarcations-saisies-en-9-mois\/","og_locale":"fr_FR","og_type":"article","og_title":"Tunisie\u00a0: 909 passeurs arr\u00eat\u00e9s et 824 embarcations saisies en 9 mois - Kapitalis","og_description":"En neuf mois, 19.000 personnes ont \u00e9t\u00e9 sauv\u00e9es en mer au large de la Tunisie. Et 488 bateaux ont coul\u00e9.","og_url":"https:\/\/kapitalis.com\/tunisie\/2023\/09\/30\/tunisie-909-passeurs-arretes-et-824-embarcations-saisies-en-9-mois\/","og_site_name":"Kapitalis","article_publisher":"https:\/\/www.facebook.com\/KapitalisInfo\/","article_published_time":"2023-09-30T07:33:26+00:00","article_modified_time":"2023-09-30T07:33:28+00:00","og_image":[{"width":1200,"height":630,"url":"https:\/\/kapitalis.com\/tunisie\/wp-content\/uploads\/2023\/09\/Kamel-Feki-Palerme.jpg","type":"image\/jpeg"}],"author":"webmaster kapitalis","twitter_card":"summary_large_image","twitter_creator":"@KapitalisInfo","twitter_site":"@KapitalisInfo","twitter_misc":{"\u00c9crit par":"webmaster kapitalis","Dur\u00e9e de lecture estim\u00e9e":"4 minutes"},"schema":{"@context":"https:\/\/schema.org","@graph":[{"@type":"Article","@id":"https:\/\/kapitalis.com\/tunisie\/2023\/09\/30\/tunisie-909-passeurs-arretes-et-824-embarcations-saisies-en-9-mois\/#article","isPartOf":{"@id":"https:\/\/kapitalis.com\/tunisie\/2023\/09\/30\/tunisie-909-passeurs-arretes-et-824-embarcations-saisies-en-9-mois\/"},"author":{"name":"webmaster kapitalis","@id":"https:\/\/kapitalis.com\/tunisie\/#\/schema\/person\/d71f33a9ca44f7bad4698210b480c8e9"},"headline":"Tunisie\u00a0: 909 passeurs arr\u00eat\u00e9s et 824 embarcations saisies en 9 mois","datePublished":"2023-09-30T07:33:26+00:00","dateModified":"2023-09-30T07:33:28+00:00","mainEntityOfPage":{"@id":"https:\/\/kapitalis.com\/tunisie\/2023\/09\/30\/tunisie-909-passeurs-arretes-et-824-embarcations-saisies-en-9-mois\/"},"wordCount":779,"commentCount":1,"publisher":{"@id":"https:\/\/kapitalis.com\/tunisie\/#organization"},"image":{"@id":"https:\/\/kapitalis.com\/tunisie\/2023\/09\/30\/tunisie-909-passeurs-arretes-et-824-embarcations-saisies-en-9-mois\/#primaryimage"},"thumbnailUrl":"https:\/\/kapitalis.com\/tunisie\/wp-content\/uploads\/2023\/09\/Kamel-Feki-Palerme.jpg","keywords":["criminalit\u00e9\u00a0transnationale","Italie","Kamel Feki","Matteo Piantedosi","migration irr\u00e9guli\u00e8re","Palerme","Sicile","Tunisie","Untoc"],"articleSection":["POLITIQUE","Tunisie"],"inLanguage":"fr-FR","potentialAction":[{"@type":"CommentAction","name":"Comment","target":["https:\/\/kapitalis.com\/tunisie\/2023\/09\/30\/tunisie-909-passeurs-arretes-et-824-embarcations-saisies-en-9-mois\/#respond"]}]},{"@type":"WebPage","@id":"https:\/\/kapitalis.com\/tunisie\/2023\/09\/30\/tunisie-909-passeurs-arretes-et-824-embarcations-saisies-en-9-mois\/","url":"https:\/\/kapitalis.com\/tunisie\/2023\/09\/30\/tunisie-909-passeurs-arretes-et-824-embarcations-saisies-en-9-mois\/","name":"Tunisie\u00a0: 909 passeurs arr\u00eat\u00e9s et 824 embarcations saisies en 9 mois - Kapitalis","isPartOf":{"@id":"https:\/\/kapitalis.com\/tunisie\/#website"},"primaryImageOfPage":{"@id":"https:\/\/kapitalis.com\/tunisie\/2023\/09\/30\/tunisie-909-passeurs-arretes-et-824-embarcations-saisies-en-9-mois\/#primaryimage"},"image":{"@id":"https:\/\/kapitalis.com\/tunisie\/2023\/09\/30\/tunisie-909-passeurs-arretes-et-824-embarcations-saisies-en-9-mois\/#primaryimage"},"thumbnailUrl":"https:\/\/kapitalis.com\/tunisie\/wp-content\/uploads\/2023\/09\/Kamel-Feki-Palerme.jpg","datePublished":"2023-09-30T07:33:26+00:00","dateModified":"2023-09-30T07:33:28+00:00","breadcrumb":{"@id":"https:\/\/kapitalis.com\/tunisie\/2023\/09\/30\/tunisie-909-passeurs-arretes-et-824-embarcations-saisies-en-9-mois\/#breadcrumb"},"inLanguage":"fr-FR","potentialAction":[{"@type":"ReadAction","target":["https:\/\/kapitalis.com\/tunisie\/2023\/09\/30\/tunisie-909-passeurs-arretes-et-824-embarcations-saisies-en-9-mois\/"]}]},{"@type":"ImageObject","inLanguage":"fr-FR","@id":"https:\/\/kapitalis.com\/tunisie\/2023\/09\/30\/tunisie-909-passeurs-arretes-et-824-embarcations-saisies-en-9-mois\/#primaryimage","url":"https:\/\/kapitalis.com\/tunisie\/wp-content\/uploads\/2023\/09\/Kamel-Feki-Palerme.jpg","contentUrl":"https:\/\/kapitalis.com\/tunisie\/wp-content\/uploads\/2023\/09\/Kamel-Feki-Palerme.jpg","width":1200,"height":630},{"@type":"BreadcrumbList","@id":"https:\/\/kapitalis.com\/tunisie\/2023\/09\/30\/tunisie-909-passeurs-arretes-et-824-embarcations-saisies-en-9-mois\/#breadcrumb","itemListElement":[{"@type":"ListItem","position":1,"name":"Accueil","item":"https:\/\/kapitalis.com\/tunisie\/"},{"@type":"ListItem","position":2,"name":"Tunisie\u00a0: 909 passeurs arr\u00eat\u00e9s et 824 embarcations saisies en 9 mois"}]},{"@type":"WebSite","@id":"https:\/\/kapitalis.com\/tunisie\/#website","url":"https:\/\/kapitalis.com\/tunisie\/","name":"Kapitalis","description":"L&#039;actualit\u00e9 en Tunisie et dans le monde","publisher":{"@id":"https:\/\/kapitalis.com\/tunisie\/#organization"},"potentialAction":[{"@type":"SearchAction","target":{"@type":"EntryPoint","urlTemplate":"https:\/\/kapitalis.com\/tunisie\/?s={search_term_string}"},"query-input":{"@type":"PropertyValueSpecification","valueRequired":true,"valueName":"search_term_string"}}],"inLanguage":"fr-FR"},{"@type":"Organization","@id":"https:\/\/kapitalis.com\/tunisie\/#organization","name":"Kapitalis","url":"https:\/\/kapitalis.com\/tunisie\/","logo":{"@type":"ImageObject","inLanguage":"fr-FR","@id":"https:\/\/kapitalis.com\/tunisie\/#\/schema\/logo\/image\/","url":"https:\/\/kapitalis.com\/tunisie\/wp-content\/uploads\/2022\/05\/Kapitalis-big-size.png","contentUrl":"https:\/\/kapitalis.com\/tunisie\/wp-content\/uploads\/2022\/05\/Kapitalis-big-size.png","width":5000,"height":1500,"caption":"Kapitalis"},"image":{"@id":"https:\/\/kapitalis.com\/tunisie\/#\/schema\/logo\/image\/"},"sameAs":["https:\/\/www.facebook.com\/KapitalisInfo\/","https:\/\/x.com\/KapitalisInfo","https:\/\/www.youtube.com\/channel\/UC-yDYrHyfFBWWZaOw3FPg9Q"]},{"@type":"Person","@id":"https:\/\/kapitalis.com\/tunisie\/#\/schema\/person\/d71f33a9ca44f7bad4698210b480c8e9","name":"webmaster kapitalis","url":"https:\/\/kapitalis.com\/tunisie\/author\/webmaster-kapitalis\/"}]}},"_links":{"self":[{"href":"https:\/\/kapitalis.com\/tunisie\/wp-json\/wp\/v2\/posts\/9965514","targetHints":{"allow":["GET"]}}],"collection":[{"href":"https:\/\/kapitalis.com\/tunisie\/wp-json\/wp\/v2\/posts"}],"about":[{"href":"https:\/\/kapitalis.com\/tunisie\/wp-json\/wp\/v2\/types\/post"}],"author":[{"embeddable":true,"href":"https:\/\/kapitalis.com\/tunisie\/wp-json\/wp\/v2\/users\/8"}],"replies":[{"embeddable":true,"href":"https:\/\/kapitalis.com\/tunisie\/wp-json\/wp\/v2\/comments?post=9965514"}],"version-history":[{"count":1,"href":"https:\/\/kapitalis.com\/tunisie\/wp-json\/wp\/v2\/posts\/9965514\/revisions"}],"predecessor-version":[{"id":9965757,"href":"https:\/\/kapitalis.com\/tunisie\/wp-json\/wp\/v2\/posts\/9965514\/revisions\/9965757"}],"wp:featuredmedia":[{"embeddable":true,"href":"https:\/\/kapitalis.com\/tunisie\/wp-json\/wp\/v2\/media\/9965697"}],"wp:attachment":[{"href":"https:\/\/kapitalis.com\/tunisie\/wp-json\/wp\/v2\/media?parent=9965514"}],"wp:term":[{"taxonomy":"category","embeddable":true,"href":"https:\/\/kapitalis.com\/tunisie\/wp-json\/wp\/v2\/categories?post=9965514"},{"taxonomy":"post_tag","embeddable":true,"href":"https:\/\/kapitalis.com\/tunisie\/wp-json\/wp\/v2\/tags?post=9965514"}],"curies":[{"name":"wp","href":"https:\/\/api.w.org\/{rel}","templated":true}]}}