{"id":99805,"date":"2017-06-03T14:50:46","date_gmt":"2017-06-03T14:20:46","guid":{"rendered":"http:\/\/kapitalis.com\/tunisie\/?p=99805"},"modified":"2017-06-03T14:50:46","modified_gmt":"2017-06-03T14:20:46","slug":"mahdia-une-eleve-se-pend-a-cause-de-ses-resultats-scolaires","status":"publish","type":"post","link":"https:\/\/kapitalis.com\/tunisie\/2017\/06\/03\/mahdia-une-eleve-se-pend-a-cause-de-ses-resultats-scolaires\/","title":{"rendered":"Mahdia : Une \u00e9l\u00e8ve se pend \u00e0 cause de ses r\u00e9sultats scolaires !"},"content":{"rendered":"<p style=\"text-align: center;\"><img loading=\"lazy\" decoding=\"async\" class=\"alignnone size-full wp-image-50190\" src=\"http:\/\/kapitalis.com\/tunisie\/wp-content\/uploads\/2016\/05\/Suicide-tunisie-2016.jpg\" alt=\"\" width=\"626\" height=\"380\" \/><\/p>\n<p><em><strong>Une \u00e9l\u00e8ve de 18 ans s\u2019est pendue hier, \u00e0 Mahdia, apr\u00e8s avoir rat\u00e9 les \u00e9preuves du bac blanc. Elle devait repasser son bac, cette ann\u00e9e, apr\u00e8s avoir \u00e9chou\u00e9 l\u2019an dernier.<\/strong><\/em><!--more--><\/p>\n<p>L\u2019adolescente, originaire d\u2019une localit\u00e9 du gouvernorat de\u00a0Mahdia, est rentr\u00e9e au domicile familial sans dire un mot et demand\u00e9 \u00e0 ses parents de la laisser dormir et de la r\u00e9veiller avant la rupture du je\u00fbne.<\/p>\n<p>Vers 18 heures, sa m\u00e8re s\u2019est rendue dans sa chambre et l\u2019a d\u00e9couverte pendue \u00e0 la fen\u00eatre. Le corps a \u00e9t\u00e9 transport\u00e9 \u00e0 l\u2019h\u00f4pital Tahar Sfar de Mahdia pour autopsie, afin de d\u00e9terminer les circonstances du d\u00e9c\u00e8s.<\/p>\n<p>Selon une source proche de l\u2019enqu\u00eate, des messages envoy\u00e9es par l\u2019\u00e9l\u00e8ve \u00e0 sa camarade, confirment la th\u00e8se du suicide, car elle lui a indiqu\u00e9 vouloir mettre fin \u00e0 ses jours apr\u00e8s avoir \u00e9chou\u00e9 dans les \u00e9preuves du bac blanc.<\/p>\n<p style=\"text-align: right;\"><strong>Y. N.<\/strong><\/p>\n","protected":false},"excerpt":{"rendered":"<p>Une \u00e9l\u00e8ve de 18 ans s\u2019est pendue hier, \u00e0 Mahdia, apr\u00e8s avoir rat\u00e9 les \u00e9preuves du bac blanc. Elle devait repasser son bac, cette ann\u00e9e, apr\u00e8s avoir \u00e9chou\u00e9 l\u2019an dernier.<\/p>\n","protected":false},"author":6,"featured_media":0,"comment_status":"open","ping_status":"open","sticky":false,"template":"","format":"standard","meta":{"footnotes":""},"categories":[998,2433],"tags":[16859,314,565,1557,12666,865],"class_list":["post-99805","post","type-post","status-publish","format-standard","hentry","category-societe","category-tunisie","tag-bac-blanc","tag-eleve","tag-mahdia","tag-pendu","tag-resultats-scolaires","tag-suicide"],"yoast_head":"<!-- This site is optimized with the Yoast SEO plugin v26.6 - https:\/\/yoast.com\/wordpress\/plugins\/seo\/ -->\n<title>Mahdia : Une \u00e9l\u00e8ve se pend \u00e0 cause de ses r\u00e9sultats scolaires ! - Kapitalis<\/title>\n<meta name=\"robots\" content=\"index, follow, max-snippet:-1, max-image-preview:large, max-video-preview:-1\" \/>\n<link rel=\"canonical\" href=\"https:\/\/kapitalis.com\/tunisie\/2017\/06\/03\/mahdia-une-eleve-se-pend-a-cause-de-ses-resultats-scolaires\/\" \/>\n<meta property=\"og:locale\" content=\"fr_FR\" \/>\n<meta property=\"og:type\" content=\"article\" \/>\n<meta property=\"og:title\" content=\"Mahdia : Une \u00e9l\u00e8ve se pend \u00e0 cause de ses r\u00e9sultats scolaires ! - Kapitalis\" \/>\n<meta property=\"og:description\" content=\"Une \u00e9l\u00e8ve de 18 ans s\u2019est pendue hier, \u00e0 Mahdia, apr\u00e8s avoir rat\u00e9 les \u00e9preuves du bac blanc. Elle devait repasser son bac, cette ann\u00e9e, apr\u00e8s avoir \u00e9chou\u00e9 l\u2019an dernier.\" \/>\n<meta property=\"og:url\" content=\"https:\/\/kapitalis.com\/tunisie\/2017\/06\/03\/mahdia-une-eleve-se-pend-a-cause-de-ses-resultats-scolaires\/\" \/>\n<meta property=\"og:site_name\" content=\"Kapitalis\" \/>\n<meta property=\"article:publisher\" content=\"https:\/\/www.facebook.com\/KapitalisInfo\/\" \/>\n<meta property=\"article:published_time\" content=\"2017-06-03T14:20:46+00:00\" \/>\n<meta property=\"og:image\" content=\"http:\/\/kapitalis.com\/tunisie\/wp-content\/uploads\/2016\/05\/Suicide-tunisie-2016.jpg\" \/>\n<meta name=\"author\" content=\"Yusra NY\" \/>\n<meta name=\"twitter:card\" content=\"summary_large_image\" \/>\n<meta name=\"twitter:creator\" content=\"@KapitalisInfo\" \/>\n<meta name=\"twitter:site\" content=\"@KapitalisInfo\" \/>\n<meta name=\"twitter:label1\" content=\"\u00c9crit par\" \/>\n\t<meta name=\"twitter:data1\" content=\"Yusra NY\" \/>\n\t<meta name=\"twitter:label2\" content=\"Dur\u00e9e de lecture estim\u00e9e\" \/>\n\t<meta name=\"twitter:data2\" content=\"1 minute\" \/>\n<script type=\"application\/ld+json\" class=\"yoast-schema-graph\">{\"@context\":\"https:\/\/schema.org\",\"@graph\":[{\"@type\":\"Article\",\"@id\":\"https:\/\/kapitalis.com\/tunisie\/2017\/06\/03\/mahdia-une-eleve-se-pend-a-cause-de-ses-resultats-scolaires\/#article\",\"isPartOf\":{\"@id\":\"https:\/\/kapitalis.com\/tunisie\/2017\/06\/03\/mahdia-une-eleve-se-pend-a-cause-de-ses-resultats-scolaires\/\"},\"author\":{\"name\":\"Yusra NY\",\"@id\":\"https:\/\/kapitalis.com\/tunisie\/#\/schema\/person\/74bbde0154d49d790a92aaeac5bc01d5\"},\"headline\":\"Mahdia : Une \u00e9l\u00e8ve se pend \u00e0 cause de ses r\u00e9sultats scolaires !\",\"datePublished\":\"2017-06-03T14:20:46+00:00\",\"mainEntityOfPage\":{\"@id\":\"https:\/\/kapitalis.com\/tunisie\/2017\/06\/03\/mahdia-une-eleve-se-pend-a-cause-de-ses-resultats-scolaires\/\"},\"wordCount\":175,\"commentCount\":1,\"publisher\":{\"@id\":\"https:\/\/kapitalis.com\/tunisie\/#organization\"},\"image\":{\"@id\":\"https:\/\/kapitalis.com\/tunisie\/2017\/06\/03\/mahdia-une-eleve-se-pend-a-cause-de-ses-resultats-scolaires\/#primaryimage\"},\"thumbnailUrl\":\"http:\/\/kapitalis.com\/tunisie\/wp-content\/uploads\/2016\/05\/Suicide-tunisie-2016.jpg\",\"keywords\":[\"bac blanc\",\"\u00e9l\u00e8ve\",\"Mahdia\",\"pendu\",\"r\u00e9sultats scolaires\",\"suicide\"],\"articleSection\":[\"SOCIETE\",\"Tunisie\"],\"inLanguage\":\"fr-FR\",\"potentialAction\":[{\"@type\":\"CommentAction\",\"name\":\"Comment\",\"target\":[\"https:\/\/kapitalis.com\/tunisie\/2017\/06\/03\/mahdia-une-eleve-se-pend-a-cause-de-ses-resultats-scolaires\/#respond\"]}]},{\"@type\":\"WebPage\",\"@id\":\"https:\/\/kapitalis.com\/tunisie\/2017\/06\/03\/mahdia-une-eleve-se-pend-a-cause-de-ses-resultats-scolaires\/\",\"url\":\"https:\/\/kapitalis.com\/tunisie\/2017\/06\/03\/mahdia-une-eleve-se-pend-a-cause-de-ses-resultats-scolaires\/\",\"name\":\"Mahdia : Une \u00e9l\u00e8ve se pend \u00e0 cause de ses r\u00e9sultats scolaires ! - Kapitalis\",\"isPartOf\":{\"@id\":\"https:\/\/kapitalis.com\/tunisie\/#website\"},\"primaryImageOfPage\":{\"@id\":\"https:\/\/kapitalis.com\/tunisie\/2017\/06\/03\/mahdia-une-eleve-se-pend-a-cause-de-ses-resultats-scolaires\/#primaryimage\"},\"image\":{\"@id\":\"https:\/\/kapitalis.com\/tunisie\/2017\/06\/03\/mahdia-une-eleve-se-pend-a-cause-de-ses-resultats-scolaires\/#primaryimage\"},\"thumbnailUrl\":\"http:\/\/kapitalis.com\/tunisie\/wp-content\/uploads\/2016\/05\/Suicide-tunisie-2016.jpg\",\"datePublished\":\"2017-06-03T14:20:46+00:00\",\"breadcrumb\":{\"@id\":\"https:\/\/kapitalis.com\/tunisie\/2017\/06\/03\/mahdia-une-eleve-se-pend-a-cause-de-ses-resultats-scolaires\/#breadcrumb\"},\"inLanguage\":\"fr-FR\",\"potentialAction\":[{\"@type\":\"ReadAction\",\"target\":[\"https:\/\/kapitalis.com\/tunisie\/2017\/06\/03\/mahdia-une-eleve-se-pend-a-cause-de-ses-resultats-scolaires\/\"]}]},{\"@type\":\"ImageObject\",\"inLanguage\":\"fr-FR\",\"@id\":\"https:\/\/kapitalis.com\/tunisie\/2017\/06\/03\/mahdia-une-eleve-se-pend-a-cause-de-ses-resultats-scolaires\/#primaryimage\",\"url\":\"http:\/\/kapitalis.com\/tunisie\/wp-content\/uploads\/2016\/05\/Suicide-tunisie-2016.jpg\",\"contentUrl\":\"http:\/\/kapitalis.com\/tunisie\/wp-content\/uploads\/2016\/05\/Suicide-tunisie-2016.jpg\"},{\"@type\":\"BreadcrumbList\",\"@id\":\"https:\/\/kapitalis.com\/tunisie\/2017\/06\/03\/mahdia-une-eleve-se-pend-a-cause-de-ses-resultats-scolaires\/#breadcrumb\",\"itemListElement\":[{\"@type\":\"ListItem\",\"position\":1,\"name\":\"Accueil\",\"item\":\"https:\/\/kapitalis.com\/tunisie\/\"},{\"@type\":\"ListItem\",\"position\":2,\"name\":\"Mahdia : Une \u00e9l\u00e8ve se pend \u00e0 cause de ses r\u00e9sultats scolaires !\"}]},{\"@type\":\"WebSite\",\"@id\":\"https:\/\/kapitalis.com\/tunisie\/#website\",\"url\":\"https:\/\/kapitalis.com\/tunisie\/\",\"name\":\"Kapitalis\",\"description\":\"L&#039;actualit\u00e9 en Tunisie et dans le monde\",\"publisher\":{\"@id\":\"https:\/\/kapitalis.com\/tunisie\/#organization\"},\"potentialAction\":[{\"@type\":\"SearchAction\",\"target\":{\"@type\":\"EntryPoint\",\"urlTemplate\":\"https:\/\/kapitalis.com\/tunisie\/?s={search_term_string}\"},\"query-input\":{\"@type\":\"PropertyValueSpecification\",\"valueRequired\":true,\"valueName\":\"search_term_string\"}}],\"inLanguage\":\"fr-FR\"},{\"@type\":\"Organization\",\"@id\":\"https:\/\/kapitalis.com\/tunisie\/#organization\",\"name\":\"Kapitalis\",\"url\":\"https:\/\/kapitalis.com\/tunisie\/\",\"logo\":{\"@type\":\"ImageObject\",\"inLanguage\":\"fr-FR\",\"@id\":\"https:\/\/kapitalis.com\/tunisie\/#\/schema\/logo\/image\/\",\"url\":\"https:\/\/kapitalis.com\/tunisie\/wp-content\/uploads\/2022\/05\/Kapitalis-big-size.png\",\"contentUrl\":\"https:\/\/kapitalis.com\/tunisie\/wp-content\/uploads\/2022\/05\/Kapitalis-big-size.png\",\"width\":5000,\"height\":1500,\"caption\":\"Kapitalis\"},\"image\":{\"@id\":\"https:\/\/kapitalis.com\/tunisie\/#\/schema\/logo\/image\/\"},\"sameAs\":[\"https:\/\/www.facebook.com\/KapitalisInfo\/\",\"https:\/\/x.com\/KapitalisInfo\",\"https:\/\/www.youtube.com\/channel\/UC-yDYrHyfFBWWZaOw3FPg9Q\"]},{\"@type\":\"Person\",\"@id\":\"https:\/\/kapitalis.com\/tunisie\/#\/schema\/person\/74bbde0154d49d790a92aaeac5bc01d5\",\"name\":\"Yusra NY\",\"url\":\"https:\/\/kapitalis.com\/tunisie\/author\/yuza_adam\/\"}]}<\/script>\n<!-- \/ Yoast SEO plugin. -->","yoast_head_json":{"title":"Mahdia : Une \u00e9l\u00e8ve se pend \u00e0 cause de ses r\u00e9sultats scolaires ! - Kapitalis","robots":{"index":"index","follow":"follow","max-snippet":"max-snippet:-1","max-image-preview":"max-image-preview:large","max-video-preview":"max-video-preview:-1"},"canonical":"https:\/\/kapitalis.com\/tunisie\/2017\/06\/03\/mahdia-une-eleve-se-pend-a-cause-de-ses-resultats-scolaires\/","og_locale":"fr_FR","og_type":"article","og_title":"Mahdia : Une \u00e9l\u00e8ve se pend \u00e0 cause de ses r\u00e9sultats scolaires ! - Kapitalis","og_description":"Une \u00e9l\u00e8ve de 18 ans s\u2019est pendue hier, \u00e0 Mahdia, apr\u00e8s avoir rat\u00e9 les \u00e9preuves du bac blanc. Elle devait repasser son bac, cette ann\u00e9e, apr\u00e8s avoir \u00e9chou\u00e9 l\u2019an dernier.","og_url":"https:\/\/kapitalis.com\/tunisie\/2017\/06\/03\/mahdia-une-eleve-se-pend-a-cause-de-ses-resultats-scolaires\/","og_site_name":"Kapitalis","article_publisher":"https:\/\/www.facebook.com\/KapitalisInfo\/","article_published_time":"2017-06-03T14:20:46+00:00","og_image":[{"url":"http:\/\/kapitalis.com\/tunisie\/wp-content\/uploads\/2016\/05\/Suicide-tunisie-2016.jpg","type":"","width":"","height":""}],"author":"Yusra NY","twitter_card":"summary_large_image","twitter_creator":"@KapitalisInfo","twitter_site":"@KapitalisInfo","twitter_misc":{"\u00c9crit par":"Yusra NY","Dur\u00e9e de lecture estim\u00e9e":"1 minute"},"schema":{"@context":"https:\/\/schema.org","@graph":[{"@type":"Article","@id":"https:\/\/kapitalis.com\/tunisie\/2017\/06\/03\/mahdia-une-eleve-se-pend-a-cause-de-ses-resultats-scolaires\/#article","isPartOf":{"@id":"https:\/\/kapitalis.com\/tunisie\/2017\/06\/03\/mahdia-une-eleve-se-pend-a-cause-de-ses-resultats-scolaires\/"},"author":{"name":"Yusra NY","@id":"https:\/\/kapitalis.com\/tunisie\/#\/schema\/person\/74bbde0154d49d790a92aaeac5bc01d5"},"headline":"Mahdia : Une \u00e9l\u00e8ve se pend \u00e0 cause de ses r\u00e9sultats scolaires !","datePublished":"2017-06-03T14:20:46+00:00","mainEntityOfPage":{"@id":"https:\/\/kapitalis.com\/tunisie\/2017\/06\/03\/mahdia-une-eleve-se-pend-a-cause-de-ses-resultats-scolaires\/"},"wordCount":175,"commentCount":1,"publisher":{"@id":"https:\/\/kapitalis.com\/tunisie\/#organization"},"image":{"@id":"https:\/\/kapitalis.com\/tunisie\/2017\/06\/03\/mahdia-une-eleve-se-pend-a-cause-de-ses-resultats-scolaires\/#primaryimage"},"thumbnailUrl":"http:\/\/kapitalis.com\/tunisie\/wp-content\/uploads\/2016\/05\/Suicide-tunisie-2016.jpg","keywords":["bac blanc","\u00e9l\u00e8ve","Mahdia","pendu","r\u00e9sultats scolaires","suicide"],"articleSection":["SOCIETE","Tunisie"],"inLanguage":"fr-FR","potentialAction":[{"@type":"CommentAction","name":"Comment","target":["https:\/\/kapitalis.com\/tunisie\/2017\/06\/03\/mahdia-une-eleve-se-pend-a-cause-de-ses-resultats-scolaires\/#respond"]}]},{"@type":"WebPage","@id":"https:\/\/kapitalis.com\/tunisie\/2017\/06\/03\/mahdia-une-eleve-se-pend-a-cause-de-ses-resultats-scolaires\/","url":"https:\/\/kapitalis.com\/tunisie\/2017\/06\/03\/mahdia-une-eleve-se-pend-a-cause-de-ses-resultats-scolaires\/","name":"Mahdia : Une \u00e9l\u00e8ve se pend \u00e0 cause de ses r\u00e9sultats scolaires ! - Kapitalis","isPartOf":{"@id":"https:\/\/kapitalis.com\/tunisie\/#website"},"primaryImageOfPage":{"@id":"https:\/\/kapitalis.com\/tunisie\/2017\/06\/03\/mahdia-une-eleve-se-pend-a-cause-de-ses-resultats-scolaires\/#primaryimage"},"image":{"@id":"https:\/\/kapitalis.com\/tunisie\/2017\/06\/03\/mahdia-une-eleve-se-pend-a-cause-de-ses-resultats-scolaires\/#primaryimage"},"thumbnailUrl":"http:\/\/kapitalis.com\/tunisie\/wp-content\/uploads\/2016\/05\/Suicide-tunisie-2016.jpg","datePublished":"2017-06-03T14:20:46+00:00","breadcrumb":{"@id":"https:\/\/kapitalis.com\/tunisie\/2017\/06\/03\/mahdia-une-eleve-se-pend-a-cause-de-ses-resultats-scolaires\/#breadcrumb"},"inLanguage":"fr-FR","potentialAction":[{"@type":"ReadAction","target":["https:\/\/kapitalis.com\/tunisie\/2017\/06\/03\/mahdia-une-eleve-se-pend-a-cause-de-ses-resultats-scolaires\/"]}]},{"@type":"ImageObject","inLanguage":"fr-FR","@id":"https:\/\/kapitalis.com\/tunisie\/2017\/06\/03\/mahdia-une-eleve-se-pend-a-cause-de-ses-resultats-scolaires\/#primaryimage","url":"http:\/\/kapitalis.com\/tunisie\/wp-content\/uploads\/2016\/05\/Suicide-tunisie-2016.jpg","contentUrl":"http:\/\/kapitalis.com\/tunisie\/wp-content\/uploads\/2016\/05\/Suicide-tunisie-2016.jpg"},{"@type":"BreadcrumbList","@id":"https:\/\/kapitalis.com\/tunisie\/2017\/06\/03\/mahdia-une-eleve-se-pend-a-cause-de-ses-resultats-scolaires\/#breadcrumb","itemListElement":[{"@type":"ListItem","position":1,"name":"Accueil","item":"https:\/\/kapitalis.com\/tunisie\/"},{"@type":"ListItem","position":2,"name":"Mahdia : Une \u00e9l\u00e8ve se pend \u00e0 cause de ses r\u00e9sultats scolaires !"}]},{"@type":"WebSite","@id":"https:\/\/kapitalis.com\/tunisie\/#website","url":"https:\/\/kapitalis.com\/tunisie\/","name":"Kapitalis","description":"L&#039;actualit\u00e9 en Tunisie et dans le monde","publisher":{"@id":"https:\/\/kapitalis.com\/tunisie\/#organization"},"potentialAction":[{"@type":"SearchAction","target":{"@type":"EntryPoint","urlTemplate":"https:\/\/kapitalis.com\/tunisie\/?s={search_term_string}"},"query-input":{"@type":"PropertyValueSpecification","valueRequired":true,"valueName":"search_term_string"}}],"inLanguage":"fr-FR"},{"@type":"Organization","@id":"https:\/\/kapitalis.com\/tunisie\/#organization","name":"Kapitalis","url":"https:\/\/kapitalis.com\/tunisie\/","logo":{"@type":"ImageObject","inLanguage":"fr-FR","@id":"https:\/\/kapitalis.com\/tunisie\/#\/schema\/logo\/image\/","url":"https:\/\/kapitalis.com\/tunisie\/wp-content\/uploads\/2022\/05\/Kapitalis-big-size.png","contentUrl":"https:\/\/kapitalis.com\/tunisie\/wp-content\/uploads\/2022\/05\/Kapitalis-big-size.png","width":5000,"height":1500,"caption":"Kapitalis"},"image":{"@id":"https:\/\/kapitalis.com\/tunisie\/#\/schema\/logo\/image\/"},"sameAs":["https:\/\/www.facebook.com\/KapitalisInfo\/","https:\/\/x.com\/KapitalisInfo","https:\/\/www.youtube.com\/channel\/UC-yDYrHyfFBWWZaOw3FPg9Q"]},{"@type":"Person","@id":"https:\/\/kapitalis.com\/tunisie\/#\/schema\/person\/74bbde0154d49d790a92aaeac5bc01d5","name":"Yusra NY","url":"https:\/\/kapitalis.com\/tunisie\/author\/yuza_adam\/"}]}},"_links":{"self":[{"href":"https:\/\/kapitalis.com\/tunisie\/wp-json\/wp\/v2\/posts\/99805","targetHints":{"allow":["GET"]}}],"collection":[{"href":"https:\/\/kapitalis.com\/tunisie\/wp-json\/wp\/v2\/posts"}],"about":[{"href":"https:\/\/kapitalis.com\/tunisie\/wp-json\/wp\/v2\/types\/post"}],"author":[{"embeddable":true,"href":"https:\/\/kapitalis.com\/tunisie\/wp-json\/wp\/v2\/users\/6"}],"replies":[{"embeddable":true,"href":"https:\/\/kapitalis.com\/tunisie\/wp-json\/wp\/v2\/comments?post=99805"}],"version-history":[{"count":0,"href":"https:\/\/kapitalis.com\/tunisie\/wp-json\/wp\/v2\/posts\/99805\/revisions"}],"wp:attachment":[{"href":"https:\/\/kapitalis.com\/tunisie\/wp-json\/wp\/v2\/media?parent=99805"}],"wp:term":[{"taxonomy":"category","embeddable":true,"href":"https:\/\/kapitalis.com\/tunisie\/wp-json\/wp\/v2\/categories?post=99805"},{"taxonomy":"post_tag","embeddable":true,"href":"https:\/\/kapitalis.com\/tunisie\/wp-json\/wp\/v2\/tags?post=99805"}],"curies":[{"name":"wp","href":"https:\/\/api.w.org\/{rel}","templated":true}]}}