{"id":9981573,"date":"2023-10-01T06:56:36","date_gmt":"2023-10-01T05:56:36","guid":{"rendered":"https:\/\/kapitalis.com\/tunisie\/?p=9981573"},"modified":"2023-10-01T06:56:37","modified_gmt":"2023-10-01T05:56:37","slug":"le-choeur-de-lopera-de-tunis-ouvre-la-saison-avec-contos-alegres","status":"publish","type":"post","link":"https:\/\/kapitalis.com\/tunisie\/2023\/10\/01\/le-choeur-de-lopera-de-tunis-ouvre-la-saison-avec-contos-alegres\/","title":{"rendered":"Le Ch\u0153ur de l\u2019Op\u00e9ra de Tunis ouvre la saison avec \u00ab\u00a0Contos Alegres\u00a0\u00bb"},"content":{"rendered":"\n<p><strong><em>Le Ch\u0153ur de l\u2019Op\u00e9ra de Tunis donne rendez-vous aux m\u00e9lomanes le jeudi 5 octobre \u00e0 19h30 \u00e0 la Cit\u00e9 de la Culture Chedli Klibi pour son concert d\u2019ouverture de la saison 2023-2024.<\/em><\/strong><\/p>\n\n\n\n<!--more-->\n\n\n\n<p>D\u00e9di\u00e9 au patrimoine musical hispanique, le concert dont le titre seul \u00ab\u00a0<em>Contos Alegres<\/em>\u00a0\u00bb est promesse de plaisir partag\u00e9, sera dirig\u00e9 par Haythem Hadhiri et Ilyes Blagui et accueillera en invit\u00e9 Alya Sellami.<\/p>\n\n\n\n<p>V\u00e9ritable hymne \u00e0 la joie, le concert vous convie \u00e0 un voyage sensoriel \u00e0 la d\u00e9couverte de l\u2019univers musical du monde hispanique dont il r\u00e9v\u00e8le et c\u00e9l\u00e8bre le riche et vaste r\u00e9pertoire. De c\u00e9l\u00e8bres compositeurs y seront associ\u00e9s, De Falla, Rossini, Saint-Sa\u00ebns.<\/p>\n\n\n\n<p>Vente des billets en ligne sur <a href=\"https:\/\/tunisianopera.tn\/fr\/programme\/cantos_alegres?fbclid=IwAR0F5-pZohYM3k5M0Mlki1pJPs09_GicHHaL26Lg6NqINmAO6sfWhX1aP90\" target=\"_blank\" rel=\"noreferrer noopener\">ce lien<\/a> ou au guichet du Th\u00e9\u00e2tre de l&rsquo;Op\u00e9ra-Tunis \u00e0 la Cit\u00e9 de la Culture Chedli Klibi.<\/p>\n","protected":false},"excerpt":{"rendered":"<p>La musique espagnole en ouverture de la saison 2023-2024 \u00e0 l&rsquo;Op\u00e9ra de Tunis. <\/p>\n","protected":false},"author":8,"featured_media":9981614,"comment_status":"open","ping_status":"open","sticky":false,"template":"","format":"standard","meta":{"footnotes":""},"categories":[994,2433],"tags":[111257,111256,92297,111258],"class_list":["post-9981573","post","type-post","status-publish","format-standard","has-post-thumbnail","hentry","category-culture","category-tunisie","tag-alya-sellami","tag-choeur-de-lopera-de-tunis-2","tag-haythem-hadhiri","tag-ilyes-blagui"],"yoast_head":"<!-- This site is optimized with the Yoast SEO plugin v26.6 - https:\/\/yoast.com\/wordpress\/plugins\/seo\/ -->\n<title>Le Ch\u0153ur de l\u2019Op\u00e9ra de Tunis ouvre la saison avec &quot;Contos Alegres&quot; - Kapitalis<\/title>\n<meta name=\"robots\" content=\"index, follow, max-snippet:-1, max-image-preview:large, max-video-preview:-1\" \/>\n<link rel=\"canonical\" href=\"https:\/\/kapitalis.com\/tunisie\/2023\/10\/01\/le-choeur-de-lopera-de-tunis-ouvre-la-saison-avec-contos-alegres\/\" \/>\n<meta property=\"og:locale\" content=\"fr_FR\" \/>\n<meta property=\"og:type\" content=\"article\" \/>\n<meta property=\"og:title\" content=\"Le Ch\u0153ur de l\u2019Op\u00e9ra de Tunis ouvre la saison avec &quot;Contos Alegres&quot; - Kapitalis\" \/>\n<meta property=\"og:description\" content=\"La musique espagnole en ouverture de la saison 2023-2024 \u00e0 l&#039;Op\u00e9ra de Tunis.\" \/>\n<meta property=\"og:url\" content=\"https:\/\/kapitalis.com\/tunisie\/2023\/10\/01\/le-choeur-de-lopera-de-tunis-ouvre-la-saison-avec-contos-alegres\/\" \/>\n<meta property=\"og:site_name\" content=\"Kapitalis\" \/>\n<meta property=\"article:publisher\" content=\"https:\/\/www.facebook.com\/KapitalisInfo\/\" \/>\n<meta property=\"article:published_time\" content=\"2023-10-01T05:56:36+00:00\" \/>\n<meta property=\"article:modified_time\" content=\"2023-10-01T05:56:37+00:00\" \/>\n<meta property=\"og:image\" content=\"https:\/\/kapitalis.com\/tunisie\/wp-content\/uploads\/2023\/10\/Cantos-Allegres.jpg\" \/>\n\t<meta property=\"og:image:width\" content=\"1200\" \/>\n\t<meta property=\"og:image:height\" content=\"630\" \/>\n\t<meta property=\"og:image:type\" content=\"image\/jpeg\" \/>\n<meta name=\"author\" content=\"webmaster kapitalis\" \/>\n<meta name=\"twitter:card\" content=\"summary_large_image\" \/>\n<meta name=\"twitter:creator\" content=\"@KapitalisInfo\" \/>\n<meta name=\"twitter:site\" content=\"@KapitalisInfo\" \/>\n<meta name=\"twitter:label1\" content=\"\u00c9crit par\" \/>\n\t<meta name=\"twitter:data1\" content=\"webmaster kapitalis\" \/>\n\t<meta name=\"twitter:label2\" content=\"Dur\u00e9e de lecture estim\u00e9e\" \/>\n\t<meta name=\"twitter:data2\" content=\"1 minute\" \/>\n<script type=\"application\/ld+json\" class=\"yoast-schema-graph\">{\"@context\":\"https:\/\/schema.org\",\"@graph\":[{\"@type\":\"Article\",\"@id\":\"https:\/\/kapitalis.com\/tunisie\/2023\/10\/01\/le-choeur-de-lopera-de-tunis-ouvre-la-saison-avec-contos-alegres\/#article\",\"isPartOf\":{\"@id\":\"https:\/\/kapitalis.com\/tunisie\/2023\/10\/01\/le-choeur-de-lopera-de-tunis-ouvre-la-saison-avec-contos-alegres\/\"},\"author\":{\"name\":\"webmaster kapitalis\",\"@id\":\"https:\/\/kapitalis.com\/tunisie\/#\/schema\/person\/d71f33a9ca44f7bad4698210b480c8e9\"},\"headline\":\"Le Ch\u0153ur de l\u2019Op\u00e9ra de Tunis ouvre la saison avec \u00ab\u00a0Contos Alegres\u00a0\u00bb\",\"datePublished\":\"2023-10-01T05:56:36+00:00\",\"dateModified\":\"2023-10-01T05:56:37+00:00\",\"mainEntityOfPage\":{\"@id\":\"https:\/\/kapitalis.com\/tunisie\/2023\/10\/01\/le-choeur-de-lopera-de-tunis-ouvre-la-saison-avec-contos-alegres\/\"},\"wordCount\":157,\"commentCount\":0,\"publisher\":{\"@id\":\"https:\/\/kapitalis.com\/tunisie\/#organization\"},\"image\":{\"@id\":\"https:\/\/kapitalis.com\/tunisie\/2023\/10\/01\/le-choeur-de-lopera-de-tunis-ouvre-la-saison-avec-contos-alegres\/#primaryimage\"},\"thumbnailUrl\":\"https:\/\/kapitalis.com\/tunisie\/wp-content\/uploads\/2023\/10\/Cantos-Allegres.jpg\",\"keywords\":[\"Alya Sellami\",\"Ch\u0153ur de l\u2019Op\u00e9ra de Tunis\",\"Haythem Hadhiri\",\"Ilyes Blagui;\"],\"articleSection\":[\"CULTURE\",\"Tunisie\"],\"inLanguage\":\"fr-FR\",\"potentialAction\":[{\"@type\":\"CommentAction\",\"name\":\"Comment\",\"target\":[\"https:\/\/kapitalis.com\/tunisie\/2023\/10\/01\/le-choeur-de-lopera-de-tunis-ouvre-la-saison-avec-contos-alegres\/#respond\"]}]},{\"@type\":\"WebPage\",\"@id\":\"https:\/\/kapitalis.com\/tunisie\/2023\/10\/01\/le-choeur-de-lopera-de-tunis-ouvre-la-saison-avec-contos-alegres\/\",\"url\":\"https:\/\/kapitalis.com\/tunisie\/2023\/10\/01\/le-choeur-de-lopera-de-tunis-ouvre-la-saison-avec-contos-alegres\/\",\"name\":\"Le Ch\u0153ur de l\u2019Op\u00e9ra de Tunis ouvre la saison avec \\\"Contos Alegres\\\" - Kapitalis\",\"isPartOf\":{\"@id\":\"https:\/\/kapitalis.com\/tunisie\/#website\"},\"primaryImageOfPage\":{\"@id\":\"https:\/\/kapitalis.com\/tunisie\/2023\/10\/01\/le-choeur-de-lopera-de-tunis-ouvre-la-saison-avec-contos-alegres\/#primaryimage\"},\"image\":{\"@id\":\"https:\/\/kapitalis.com\/tunisie\/2023\/10\/01\/le-choeur-de-lopera-de-tunis-ouvre-la-saison-avec-contos-alegres\/#primaryimage\"},\"thumbnailUrl\":\"https:\/\/kapitalis.com\/tunisie\/wp-content\/uploads\/2023\/10\/Cantos-Allegres.jpg\",\"datePublished\":\"2023-10-01T05:56:36+00:00\",\"dateModified\":\"2023-10-01T05:56:37+00:00\",\"breadcrumb\":{\"@id\":\"https:\/\/kapitalis.com\/tunisie\/2023\/10\/01\/le-choeur-de-lopera-de-tunis-ouvre-la-saison-avec-contos-alegres\/#breadcrumb\"},\"inLanguage\":\"fr-FR\",\"potentialAction\":[{\"@type\":\"ReadAction\",\"target\":[\"https:\/\/kapitalis.com\/tunisie\/2023\/10\/01\/le-choeur-de-lopera-de-tunis-ouvre-la-saison-avec-contos-alegres\/\"]}]},{\"@type\":\"ImageObject\",\"inLanguage\":\"fr-FR\",\"@id\":\"https:\/\/kapitalis.com\/tunisie\/2023\/10\/01\/le-choeur-de-lopera-de-tunis-ouvre-la-saison-avec-contos-alegres\/#primaryimage\",\"url\":\"https:\/\/kapitalis.com\/tunisie\/wp-content\/uploads\/2023\/10\/Cantos-Allegres.jpg\",\"contentUrl\":\"https:\/\/kapitalis.com\/tunisie\/wp-content\/uploads\/2023\/10\/Cantos-Allegres.jpg\",\"width\":1200,\"height\":630},{\"@type\":\"BreadcrumbList\",\"@id\":\"https:\/\/kapitalis.com\/tunisie\/2023\/10\/01\/le-choeur-de-lopera-de-tunis-ouvre-la-saison-avec-contos-alegres\/#breadcrumb\",\"itemListElement\":[{\"@type\":\"ListItem\",\"position\":1,\"name\":\"Accueil\",\"item\":\"https:\/\/kapitalis.com\/tunisie\/\"},{\"@type\":\"ListItem\",\"position\":2,\"name\":\"Le Ch\u0153ur de l\u2019Op\u00e9ra de Tunis ouvre la saison avec \u00ab\u00a0Contos Alegres\u00a0\u00bb\"}]},{\"@type\":\"WebSite\",\"@id\":\"https:\/\/kapitalis.com\/tunisie\/#website\",\"url\":\"https:\/\/kapitalis.com\/tunisie\/\",\"name\":\"Kapitalis\",\"description\":\"L&#039;actualit\u00e9 en Tunisie et dans le monde\",\"publisher\":{\"@id\":\"https:\/\/kapitalis.com\/tunisie\/#organization\"},\"potentialAction\":[{\"@type\":\"SearchAction\",\"target\":{\"@type\":\"EntryPoint\",\"urlTemplate\":\"https:\/\/kapitalis.com\/tunisie\/?s={search_term_string}\"},\"query-input\":{\"@type\":\"PropertyValueSpecification\",\"valueRequired\":true,\"valueName\":\"search_term_string\"}}],\"inLanguage\":\"fr-FR\"},{\"@type\":\"Organization\",\"@id\":\"https:\/\/kapitalis.com\/tunisie\/#organization\",\"name\":\"Kapitalis\",\"url\":\"https:\/\/kapitalis.com\/tunisie\/\",\"logo\":{\"@type\":\"ImageObject\",\"inLanguage\":\"fr-FR\",\"@id\":\"https:\/\/kapitalis.com\/tunisie\/#\/schema\/logo\/image\/\",\"url\":\"https:\/\/kapitalis.com\/tunisie\/wp-content\/uploads\/2022\/05\/Kapitalis-big-size.png\",\"contentUrl\":\"https:\/\/kapitalis.com\/tunisie\/wp-content\/uploads\/2022\/05\/Kapitalis-big-size.png\",\"width\":5000,\"height\":1500,\"caption\":\"Kapitalis\"},\"image\":{\"@id\":\"https:\/\/kapitalis.com\/tunisie\/#\/schema\/logo\/image\/\"},\"sameAs\":[\"https:\/\/www.facebook.com\/KapitalisInfo\/\",\"https:\/\/x.com\/KapitalisInfo\",\"https:\/\/www.youtube.com\/channel\/UC-yDYrHyfFBWWZaOw3FPg9Q\"]},{\"@type\":\"Person\",\"@id\":\"https:\/\/kapitalis.com\/tunisie\/#\/schema\/person\/d71f33a9ca44f7bad4698210b480c8e9\",\"name\":\"webmaster kapitalis\",\"url\":\"https:\/\/kapitalis.com\/tunisie\/author\/webmaster-kapitalis\/\"}]}<\/script>\n<!-- \/ Yoast SEO plugin. -->","yoast_head_json":{"title":"Le Ch\u0153ur de l\u2019Op\u00e9ra de Tunis ouvre la saison avec \"Contos Alegres\" - Kapitalis","robots":{"index":"index","follow":"follow","max-snippet":"max-snippet:-1","max-image-preview":"max-image-preview:large","max-video-preview":"max-video-preview:-1"},"canonical":"https:\/\/kapitalis.com\/tunisie\/2023\/10\/01\/le-choeur-de-lopera-de-tunis-ouvre-la-saison-avec-contos-alegres\/","og_locale":"fr_FR","og_type":"article","og_title":"Le Ch\u0153ur de l\u2019Op\u00e9ra de Tunis ouvre la saison avec \"Contos Alegres\" - Kapitalis","og_description":"La musique espagnole en ouverture de la saison 2023-2024 \u00e0 l'Op\u00e9ra de Tunis.","og_url":"https:\/\/kapitalis.com\/tunisie\/2023\/10\/01\/le-choeur-de-lopera-de-tunis-ouvre-la-saison-avec-contos-alegres\/","og_site_name":"Kapitalis","article_publisher":"https:\/\/www.facebook.com\/KapitalisInfo\/","article_published_time":"2023-10-01T05:56:36+00:00","article_modified_time":"2023-10-01T05:56:37+00:00","og_image":[{"width":1200,"height":630,"url":"https:\/\/kapitalis.com\/tunisie\/wp-content\/uploads\/2023\/10\/Cantos-Allegres.jpg","type":"image\/jpeg"}],"author":"webmaster kapitalis","twitter_card":"summary_large_image","twitter_creator":"@KapitalisInfo","twitter_site":"@KapitalisInfo","twitter_misc":{"\u00c9crit par":"webmaster kapitalis","Dur\u00e9e de lecture estim\u00e9e":"1 minute"},"schema":{"@context":"https:\/\/schema.org","@graph":[{"@type":"Article","@id":"https:\/\/kapitalis.com\/tunisie\/2023\/10\/01\/le-choeur-de-lopera-de-tunis-ouvre-la-saison-avec-contos-alegres\/#article","isPartOf":{"@id":"https:\/\/kapitalis.com\/tunisie\/2023\/10\/01\/le-choeur-de-lopera-de-tunis-ouvre-la-saison-avec-contos-alegres\/"},"author":{"name":"webmaster kapitalis","@id":"https:\/\/kapitalis.com\/tunisie\/#\/schema\/person\/d71f33a9ca44f7bad4698210b480c8e9"},"headline":"Le Ch\u0153ur de l\u2019Op\u00e9ra de Tunis ouvre la saison avec \u00ab\u00a0Contos Alegres\u00a0\u00bb","datePublished":"2023-10-01T05:56:36+00:00","dateModified":"2023-10-01T05:56:37+00:00","mainEntityOfPage":{"@id":"https:\/\/kapitalis.com\/tunisie\/2023\/10\/01\/le-choeur-de-lopera-de-tunis-ouvre-la-saison-avec-contos-alegres\/"},"wordCount":157,"commentCount":0,"publisher":{"@id":"https:\/\/kapitalis.com\/tunisie\/#organization"},"image":{"@id":"https:\/\/kapitalis.com\/tunisie\/2023\/10\/01\/le-choeur-de-lopera-de-tunis-ouvre-la-saison-avec-contos-alegres\/#primaryimage"},"thumbnailUrl":"https:\/\/kapitalis.com\/tunisie\/wp-content\/uploads\/2023\/10\/Cantos-Allegres.jpg","keywords":["Alya Sellami","Ch\u0153ur de l\u2019Op\u00e9ra de Tunis","Haythem Hadhiri","Ilyes Blagui;"],"articleSection":["CULTURE","Tunisie"],"inLanguage":"fr-FR","potentialAction":[{"@type":"CommentAction","name":"Comment","target":["https:\/\/kapitalis.com\/tunisie\/2023\/10\/01\/le-choeur-de-lopera-de-tunis-ouvre-la-saison-avec-contos-alegres\/#respond"]}]},{"@type":"WebPage","@id":"https:\/\/kapitalis.com\/tunisie\/2023\/10\/01\/le-choeur-de-lopera-de-tunis-ouvre-la-saison-avec-contos-alegres\/","url":"https:\/\/kapitalis.com\/tunisie\/2023\/10\/01\/le-choeur-de-lopera-de-tunis-ouvre-la-saison-avec-contos-alegres\/","name":"Le Ch\u0153ur de l\u2019Op\u00e9ra de Tunis ouvre la saison avec \"Contos Alegres\" - Kapitalis","isPartOf":{"@id":"https:\/\/kapitalis.com\/tunisie\/#website"},"primaryImageOfPage":{"@id":"https:\/\/kapitalis.com\/tunisie\/2023\/10\/01\/le-choeur-de-lopera-de-tunis-ouvre-la-saison-avec-contos-alegres\/#primaryimage"},"image":{"@id":"https:\/\/kapitalis.com\/tunisie\/2023\/10\/01\/le-choeur-de-lopera-de-tunis-ouvre-la-saison-avec-contos-alegres\/#primaryimage"},"thumbnailUrl":"https:\/\/kapitalis.com\/tunisie\/wp-content\/uploads\/2023\/10\/Cantos-Allegres.jpg","datePublished":"2023-10-01T05:56:36+00:00","dateModified":"2023-10-01T05:56:37+00:00","breadcrumb":{"@id":"https:\/\/kapitalis.com\/tunisie\/2023\/10\/01\/le-choeur-de-lopera-de-tunis-ouvre-la-saison-avec-contos-alegres\/#breadcrumb"},"inLanguage":"fr-FR","potentialAction":[{"@type":"ReadAction","target":["https:\/\/kapitalis.com\/tunisie\/2023\/10\/01\/le-choeur-de-lopera-de-tunis-ouvre-la-saison-avec-contos-alegres\/"]}]},{"@type":"ImageObject","inLanguage":"fr-FR","@id":"https:\/\/kapitalis.com\/tunisie\/2023\/10\/01\/le-choeur-de-lopera-de-tunis-ouvre-la-saison-avec-contos-alegres\/#primaryimage","url":"https:\/\/kapitalis.com\/tunisie\/wp-content\/uploads\/2023\/10\/Cantos-Allegres.jpg","contentUrl":"https:\/\/kapitalis.com\/tunisie\/wp-content\/uploads\/2023\/10\/Cantos-Allegres.jpg","width":1200,"height":630},{"@type":"BreadcrumbList","@id":"https:\/\/kapitalis.com\/tunisie\/2023\/10\/01\/le-choeur-de-lopera-de-tunis-ouvre-la-saison-avec-contos-alegres\/#breadcrumb","itemListElement":[{"@type":"ListItem","position":1,"name":"Accueil","item":"https:\/\/kapitalis.com\/tunisie\/"},{"@type":"ListItem","position":2,"name":"Le Ch\u0153ur de l\u2019Op\u00e9ra de Tunis ouvre la saison avec \u00ab\u00a0Contos Alegres\u00a0\u00bb"}]},{"@type":"WebSite","@id":"https:\/\/kapitalis.com\/tunisie\/#website","url":"https:\/\/kapitalis.com\/tunisie\/","name":"Kapitalis","description":"L&#039;actualit\u00e9 en Tunisie et dans le monde","publisher":{"@id":"https:\/\/kapitalis.com\/tunisie\/#organization"},"potentialAction":[{"@type":"SearchAction","target":{"@type":"EntryPoint","urlTemplate":"https:\/\/kapitalis.com\/tunisie\/?s={search_term_string}"},"query-input":{"@type":"PropertyValueSpecification","valueRequired":true,"valueName":"search_term_string"}}],"inLanguage":"fr-FR"},{"@type":"Organization","@id":"https:\/\/kapitalis.com\/tunisie\/#organization","name":"Kapitalis","url":"https:\/\/kapitalis.com\/tunisie\/","logo":{"@type":"ImageObject","inLanguage":"fr-FR","@id":"https:\/\/kapitalis.com\/tunisie\/#\/schema\/logo\/image\/","url":"https:\/\/kapitalis.com\/tunisie\/wp-content\/uploads\/2022\/05\/Kapitalis-big-size.png","contentUrl":"https:\/\/kapitalis.com\/tunisie\/wp-content\/uploads\/2022\/05\/Kapitalis-big-size.png","width":5000,"height":1500,"caption":"Kapitalis"},"image":{"@id":"https:\/\/kapitalis.com\/tunisie\/#\/schema\/logo\/image\/"},"sameAs":["https:\/\/www.facebook.com\/KapitalisInfo\/","https:\/\/x.com\/KapitalisInfo","https:\/\/www.youtube.com\/channel\/UC-yDYrHyfFBWWZaOw3FPg9Q"]},{"@type":"Person","@id":"https:\/\/kapitalis.com\/tunisie\/#\/schema\/person\/d71f33a9ca44f7bad4698210b480c8e9","name":"webmaster kapitalis","url":"https:\/\/kapitalis.com\/tunisie\/author\/webmaster-kapitalis\/"}]}},"_links":{"self":[{"href":"https:\/\/kapitalis.com\/tunisie\/wp-json\/wp\/v2\/posts\/9981573","targetHints":{"allow":["GET"]}}],"collection":[{"href":"https:\/\/kapitalis.com\/tunisie\/wp-json\/wp\/v2\/posts"}],"about":[{"href":"https:\/\/kapitalis.com\/tunisie\/wp-json\/wp\/v2\/types\/post"}],"author":[{"embeddable":true,"href":"https:\/\/kapitalis.com\/tunisie\/wp-json\/wp\/v2\/users\/8"}],"replies":[{"embeddable":true,"href":"https:\/\/kapitalis.com\/tunisie\/wp-json\/wp\/v2\/comments?post=9981573"}],"version-history":[{"count":1,"href":"https:\/\/kapitalis.com\/tunisie\/wp-json\/wp\/v2\/posts\/9981573\/revisions"}],"predecessor-version":[{"id":9981620,"href":"https:\/\/kapitalis.com\/tunisie\/wp-json\/wp\/v2\/posts\/9981573\/revisions\/9981620"}],"wp:featuredmedia":[{"embeddable":true,"href":"https:\/\/kapitalis.com\/tunisie\/wp-json\/wp\/v2\/media\/9981614"}],"wp:attachment":[{"href":"https:\/\/kapitalis.com\/tunisie\/wp-json\/wp\/v2\/media?parent=9981573"}],"wp:term":[{"taxonomy":"category","embeddable":true,"href":"https:\/\/kapitalis.com\/tunisie\/wp-json\/wp\/v2\/categories?post=9981573"},{"taxonomy":"post_tag","embeddable":true,"href":"https:\/\/kapitalis.com\/tunisie\/wp-json\/wp\/v2\/tags?post=9981573"}],"curies":[{"name":"wp","href":"https:\/\/api.w.org\/{rel}","templated":true}]}}