{"id":998592,"date":"2022-05-27T11:17:58","date_gmt":"2022-05-27T10:17:58","guid":{"rendered":"https:\/\/kapitalis.com\/tunisie\/?p=998592"},"modified":"2022-05-27T11:18:00","modified_gmt":"2022-05-27T10:18:00","slug":"costa-brava-lebanon-sort-dans-les-salles-de-cinema-en-tunisie","status":"publish","type":"post","link":"https:\/\/kapitalis.com\/tunisie\/2022\/05\/27\/costa-brava-lebanon-sort-dans-les-salles-de-cinema-en-tunisie\/","title":{"rendered":"\u00ab\u00a0Costa Brava, Lebanon\u00a0\u00bb sort dans les salles de cin\u00e9ma en Tunisie"},"content":{"rendered":"\n<p><strong><em>Le film libanais \u00ab\u00a0Costa Brava, Lebanon\u00a0\u00bb sort dans les salles de cin\u00e9ma en Tunisie \u00e0 partir du 1<sup>er<\/sup> juin. Le film avait fait sa premi\u00e8re mondiale au Festival de Venise, il met en affiche la star libanaise Nadine Labaki.<\/em><\/strong><\/p>\n\n\n\n<!--more-->\n\n\n\n<p>Le distributeur de films tunisien Hakka Distribution vient d\u2019annoncer la sortie du film libanais \u00ab\u00a0Costa Brava, Lebanon\u00a0\u00bb dans nos salles de cin\u00e9ma d\u00e8s le 1<sup>er<\/sup> juin. Un film qui a \u00e9t\u00e9 pr\u00e9sent\u00e9 hors-comp\u00e9tition \u00e0 la derni\u00e8re \u00e9dition des Journ\u00e9es cin\u00e9matographiques de Carthage (JCC 2021).<\/p>\n\n\n\n<p>Le film est r\u00e9alis\u00e9 par Mounia Akl et r\u00e9unit dans son casting l\u2019actrice et r\u00e9alisatrice libanaise Nadine Labaki et l\u2019acteur palestinien Saleh Bakri. Il a \u00e9t\u00e9 pr\u00e9sent\u00e9 en premi\u00e8re mondiale \u00e0 la Mostra Venise et a \u00e9t\u00e9 choisi pour repr\u00e9senter le Liban \u00e0 la 94<sup>e<\/sup> Academy Awards.<\/p>\n\n\n\n<p>\u00ab\u00a0Costa Brava, Lebanon\u00a0\u00bb raconte l\u2019histoire d\u2019une famille qui fuit la pollution de Beyrouth pour s\u2019installer dans la montagne. Le film fait r\u00e9f\u00e9rence entre-autres \u00e0 la crise des d\u00e9chets dans la capitale libanaise.<\/p>\n\n\n\n<p class=\"has-text-align-right\"><strong>F.B<\/strong><\/p>\n","protected":false},"excerpt":{"rendered":"<p>Le film libanais \u00ab\u00a0Costa Brava, Lebanon\u00a0\u00bb sort dans les salles de cin\u00e9ma en Tunisie \u00e0 partir du 1er juin. Le film avait fait sa premi\u00e8re mondiale au Festival de Venise, il met en affiche la star libanaise Nadine Labaki.<\/p>\n","protected":false},"author":26,"featured_media":999097,"comment_status":"open","ping_status":"open","sticky":false,"template":"","format":"standard","meta":{"footnotes":""},"categories":[994,2433],"tags":[100088,100086,28871,100087,62643],"class_list":["post-998592","post","type-post","status-publish","format-standard","has-post-thumbnail","hentry","category-culture","category-tunisie","tag-cinema-libanais","tag-costa-brava-lebanon","tag-hakka-distribution","tag-nadine-labaki","tag-tunisie"],"yoast_head":"<!-- This site is optimized with the Yoast SEO plugin v26.6 - https:\/\/yoast.com\/wordpress\/plugins\/seo\/ -->\n<title>\u00ab\u00a0Costa Brava, Lebanon\u00a0\u00bb sort dans les salles de cin\u00e9ma en Tunisie - Kapitalis<\/title>\n<meta name=\"robots\" content=\"index, follow, max-snippet:-1, max-image-preview:large, max-video-preview:-1\" \/>\n<link rel=\"canonical\" href=\"https:\/\/kapitalis.com\/tunisie\/2022\/05\/27\/costa-brava-lebanon-sort-dans-les-salles-de-cinema-en-tunisie\/\" \/>\n<meta property=\"og:locale\" content=\"fr_FR\" \/>\n<meta property=\"og:type\" content=\"article\" \/>\n<meta property=\"og:title\" content=\"\u00ab\u00a0Costa Brava, Lebanon\u00a0\u00bb sort dans les salles de cin\u00e9ma en Tunisie - Kapitalis\" \/>\n<meta property=\"og:description\" content=\"Le film libanais \u00ab\u00a0Costa Brava, Lebanon\u00a0\u00bb sort dans les salles de cin\u00e9ma en Tunisie \u00e0 partir du 1er juin. Le film avait fait sa premi\u00e8re mondiale au Festival de Venise, il met en affiche la star libanaise Nadine Labaki.\" \/>\n<meta property=\"og:url\" content=\"https:\/\/kapitalis.com\/tunisie\/2022\/05\/27\/costa-brava-lebanon-sort-dans-les-salles-de-cinema-en-tunisie\/\" \/>\n<meta property=\"og:site_name\" content=\"Kapitalis\" \/>\n<meta property=\"article:publisher\" content=\"https:\/\/www.facebook.com\/KapitalisInfo\/\" \/>\n<meta property=\"article:published_time\" content=\"2022-05-27T10:17:58+00:00\" \/>\n<meta property=\"article:modified_time\" content=\"2022-05-27T10:18:00+00:00\" \/>\n<meta property=\"og:image\" content=\"https:\/\/kapitalis.com\/tunisie\/wp-content\/uploads\/2022\/05\/Costa-Brava-Lebanon.jpg\" \/>\n\t<meta property=\"og:image:width\" content=\"1200\" \/>\n\t<meta property=\"og:image:height\" content=\"630\" \/>\n\t<meta property=\"og:image:type\" content=\"image\/jpeg\" \/>\n<meta name=\"author\" content=\"Fawz BenAli\" \/>\n<meta name=\"twitter:card\" content=\"summary_large_image\" \/>\n<meta name=\"twitter:creator\" content=\"@KapitalisInfo\" \/>\n<meta name=\"twitter:site\" content=\"@KapitalisInfo\" \/>\n<meta name=\"twitter:label1\" content=\"\u00c9crit par\" \/>\n\t<meta name=\"twitter:data1\" content=\"Fawz BenAli\" \/>\n\t<meta name=\"twitter:label2\" content=\"Dur\u00e9e de lecture estim\u00e9e\" \/>\n\t<meta name=\"twitter:data2\" content=\"1 minute\" \/>\n<script type=\"application\/ld+json\" class=\"yoast-schema-graph\">{\"@context\":\"https:\/\/schema.org\",\"@graph\":[{\"@type\":\"Article\",\"@id\":\"https:\/\/kapitalis.com\/tunisie\/2022\/05\/27\/costa-brava-lebanon-sort-dans-les-salles-de-cinema-en-tunisie\/#article\",\"isPartOf\":{\"@id\":\"https:\/\/kapitalis.com\/tunisie\/2022\/05\/27\/costa-brava-lebanon-sort-dans-les-salles-de-cinema-en-tunisie\/\"},\"author\":{\"name\":\"Fawz BenAli\",\"@id\":\"https:\/\/kapitalis.com\/tunisie\/#\/schema\/person\/73a5ecc1f6ae540c6ed91342eadca948\"},\"headline\":\"\u00ab\u00a0Costa Brava, Lebanon\u00a0\u00bb sort dans les salles de cin\u00e9ma en Tunisie\",\"datePublished\":\"2022-05-27T10:17:58+00:00\",\"dateModified\":\"2022-05-27T10:18:00+00:00\",\"mainEntityOfPage\":{\"@id\":\"https:\/\/kapitalis.com\/tunisie\/2022\/05\/27\/costa-brava-lebanon-sort-dans-les-salles-de-cinema-en-tunisie\/\"},\"wordCount\":194,\"commentCount\":0,\"publisher\":{\"@id\":\"https:\/\/kapitalis.com\/tunisie\/#organization\"},\"image\":{\"@id\":\"https:\/\/kapitalis.com\/tunisie\/2022\/05\/27\/costa-brava-lebanon-sort-dans-les-salles-de-cinema-en-tunisie\/#primaryimage\"},\"thumbnailUrl\":\"https:\/\/kapitalis.com\/tunisie\/wp-content\/uploads\/2022\/05\/Costa-Brava-Lebanon.jpg\",\"keywords\":[\"cin\u00e9ma libanais\",\"Costa Brava Lebanon\",\"Hakka Distribution\",\"Nadine Labaki\",\"Tunisie\"],\"articleSection\":[\"CULTURE\",\"Tunisie\"],\"inLanguage\":\"fr-FR\",\"potentialAction\":[{\"@type\":\"CommentAction\",\"name\":\"Comment\",\"target\":[\"https:\/\/kapitalis.com\/tunisie\/2022\/05\/27\/costa-brava-lebanon-sort-dans-les-salles-de-cinema-en-tunisie\/#respond\"]}]},{\"@type\":\"WebPage\",\"@id\":\"https:\/\/kapitalis.com\/tunisie\/2022\/05\/27\/costa-brava-lebanon-sort-dans-les-salles-de-cinema-en-tunisie\/\",\"url\":\"https:\/\/kapitalis.com\/tunisie\/2022\/05\/27\/costa-brava-lebanon-sort-dans-les-salles-de-cinema-en-tunisie\/\",\"name\":\"\u00ab\u00a0Costa Brava, Lebanon\u00a0\u00bb sort dans les salles de cin\u00e9ma en Tunisie - Kapitalis\",\"isPartOf\":{\"@id\":\"https:\/\/kapitalis.com\/tunisie\/#website\"},\"primaryImageOfPage\":{\"@id\":\"https:\/\/kapitalis.com\/tunisie\/2022\/05\/27\/costa-brava-lebanon-sort-dans-les-salles-de-cinema-en-tunisie\/#primaryimage\"},\"image\":{\"@id\":\"https:\/\/kapitalis.com\/tunisie\/2022\/05\/27\/costa-brava-lebanon-sort-dans-les-salles-de-cinema-en-tunisie\/#primaryimage\"},\"thumbnailUrl\":\"https:\/\/kapitalis.com\/tunisie\/wp-content\/uploads\/2022\/05\/Costa-Brava-Lebanon.jpg\",\"datePublished\":\"2022-05-27T10:17:58+00:00\",\"dateModified\":\"2022-05-27T10:18:00+00:00\",\"breadcrumb\":{\"@id\":\"https:\/\/kapitalis.com\/tunisie\/2022\/05\/27\/costa-brava-lebanon-sort-dans-les-salles-de-cinema-en-tunisie\/#breadcrumb\"},\"inLanguage\":\"fr-FR\",\"potentialAction\":[{\"@type\":\"ReadAction\",\"target\":[\"https:\/\/kapitalis.com\/tunisie\/2022\/05\/27\/costa-brava-lebanon-sort-dans-les-salles-de-cinema-en-tunisie\/\"]}]},{\"@type\":\"ImageObject\",\"inLanguage\":\"fr-FR\",\"@id\":\"https:\/\/kapitalis.com\/tunisie\/2022\/05\/27\/costa-brava-lebanon-sort-dans-les-salles-de-cinema-en-tunisie\/#primaryimage\",\"url\":\"https:\/\/kapitalis.com\/tunisie\/wp-content\/uploads\/2022\/05\/Costa-Brava-Lebanon.jpg\",\"contentUrl\":\"https:\/\/kapitalis.com\/tunisie\/wp-content\/uploads\/2022\/05\/Costa-Brava-Lebanon.jpg\",\"width\":1200,\"height\":630},{\"@type\":\"BreadcrumbList\",\"@id\":\"https:\/\/kapitalis.com\/tunisie\/2022\/05\/27\/costa-brava-lebanon-sort-dans-les-salles-de-cinema-en-tunisie\/#breadcrumb\",\"itemListElement\":[{\"@type\":\"ListItem\",\"position\":1,\"name\":\"Accueil\",\"item\":\"https:\/\/kapitalis.com\/tunisie\/\"},{\"@type\":\"ListItem\",\"position\":2,\"name\":\"\u00ab\u00a0Costa Brava, Lebanon\u00a0\u00bb sort dans les salles de cin\u00e9ma en Tunisie\"}]},{\"@type\":\"WebSite\",\"@id\":\"https:\/\/kapitalis.com\/tunisie\/#website\",\"url\":\"https:\/\/kapitalis.com\/tunisie\/\",\"name\":\"Kapitalis\",\"description\":\"L&#039;actualit\u00e9 en Tunisie et dans le monde\",\"publisher\":{\"@id\":\"https:\/\/kapitalis.com\/tunisie\/#organization\"},\"potentialAction\":[{\"@type\":\"SearchAction\",\"target\":{\"@type\":\"EntryPoint\",\"urlTemplate\":\"https:\/\/kapitalis.com\/tunisie\/?s={search_term_string}\"},\"query-input\":{\"@type\":\"PropertyValueSpecification\",\"valueRequired\":true,\"valueName\":\"search_term_string\"}}],\"inLanguage\":\"fr-FR\"},{\"@type\":\"Organization\",\"@id\":\"https:\/\/kapitalis.com\/tunisie\/#organization\",\"name\":\"Kapitalis\",\"url\":\"https:\/\/kapitalis.com\/tunisie\/\",\"logo\":{\"@type\":\"ImageObject\",\"inLanguage\":\"fr-FR\",\"@id\":\"https:\/\/kapitalis.com\/tunisie\/#\/schema\/logo\/image\/\",\"url\":\"https:\/\/kapitalis.com\/tunisie\/wp-content\/uploads\/2022\/05\/Kapitalis-big-size.png\",\"contentUrl\":\"https:\/\/kapitalis.com\/tunisie\/wp-content\/uploads\/2022\/05\/Kapitalis-big-size.png\",\"width\":5000,\"height\":1500,\"caption\":\"Kapitalis\"},\"image\":{\"@id\":\"https:\/\/kapitalis.com\/tunisie\/#\/schema\/logo\/image\/\"},\"sameAs\":[\"https:\/\/www.facebook.com\/KapitalisInfo\/\",\"https:\/\/x.com\/KapitalisInfo\",\"https:\/\/www.youtube.com\/channel\/UC-yDYrHyfFBWWZaOw3FPg9Q\"]},{\"@type\":\"Person\",\"@id\":\"https:\/\/kapitalis.com\/tunisie\/#\/schema\/person\/73a5ecc1f6ae540c6ed91342eadca948\",\"name\":\"Fawz BenAli\",\"url\":\"https:\/\/kapitalis.com\/tunisie\/author\/fawz\/\"}]}<\/script>\n<!-- \/ Yoast SEO plugin. -->","yoast_head_json":{"title":"\u00ab\u00a0Costa Brava, Lebanon\u00a0\u00bb sort dans les salles de cin\u00e9ma en Tunisie - Kapitalis","robots":{"index":"index","follow":"follow","max-snippet":"max-snippet:-1","max-image-preview":"max-image-preview:large","max-video-preview":"max-video-preview:-1"},"canonical":"https:\/\/kapitalis.com\/tunisie\/2022\/05\/27\/costa-brava-lebanon-sort-dans-les-salles-de-cinema-en-tunisie\/","og_locale":"fr_FR","og_type":"article","og_title":"\u00ab\u00a0Costa Brava, Lebanon\u00a0\u00bb sort dans les salles de cin\u00e9ma en Tunisie - Kapitalis","og_description":"Le film libanais \u00ab\u00a0Costa Brava, Lebanon\u00a0\u00bb sort dans les salles de cin\u00e9ma en Tunisie \u00e0 partir du 1er juin. Le film avait fait sa premi\u00e8re mondiale au Festival de Venise, il met en affiche la star libanaise Nadine Labaki.","og_url":"https:\/\/kapitalis.com\/tunisie\/2022\/05\/27\/costa-brava-lebanon-sort-dans-les-salles-de-cinema-en-tunisie\/","og_site_name":"Kapitalis","article_publisher":"https:\/\/www.facebook.com\/KapitalisInfo\/","article_published_time":"2022-05-27T10:17:58+00:00","article_modified_time":"2022-05-27T10:18:00+00:00","og_image":[{"width":1200,"height":630,"url":"https:\/\/kapitalis.com\/tunisie\/wp-content\/uploads\/2022\/05\/Costa-Brava-Lebanon.jpg","type":"image\/jpeg"}],"author":"Fawz BenAli","twitter_card":"summary_large_image","twitter_creator":"@KapitalisInfo","twitter_site":"@KapitalisInfo","twitter_misc":{"\u00c9crit par":"Fawz BenAli","Dur\u00e9e de lecture estim\u00e9e":"1 minute"},"schema":{"@context":"https:\/\/schema.org","@graph":[{"@type":"Article","@id":"https:\/\/kapitalis.com\/tunisie\/2022\/05\/27\/costa-brava-lebanon-sort-dans-les-salles-de-cinema-en-tunisie\/#article","isPartOf":{"@id":"https:\/\/kapitalis.com\/tunisie\/2022\/05\/27\/costa-brava-lebanon-sort-dans-les-salles-de-cinema-en-tunisie\/"},"author":{"name":"Fawz BenAli","@id":"https:\/\/kapitalis.com\/tunisie\/#\/schema\/person\/73a5ecc1f6ae540c6ed91342eadca948"},"headline":"\u00ab\u00a0Costa Brava, Lebanon\u00a0\u00bb sort dans les salles de cin\u00e9ma en Tunisie","datePublished":"2022-05-27T10:17:58+00:00","dateModified":"2022-05-27T10:18:00+00:00","mainEntityOfPage":{"@id":"https:\/\/kapitalis.com\/tunisie\/2022\/05\/27\/costa-brava-lebanon-sort-dans-les-salles-de-cinema-en-tunisie\/"},"wordCount":194,"commentCount":0,"publisher":{"@id":"https:\/\/kapitalis.com\/tunisie\/#organization"},"image":{"@id":"https:\/\/kapitalis.com\/tunisie\/2022\/05\/27\/costa-brava-lebanon-sort-dans-les-salles-de-cinema-en-tunisie\/#primaryimage"},"thumbnailUrl":"https:\/\/kapitalis.com\/tunisie\/wp-content\/uploads\/2022\/05\/Costa-Brava-Lebanon.jpg","keywords":["cin\u00e9ma libanais","Costa Brava Lebanon","Hakka Distribution","Nadine Labaki","Tunisie"],"articleSection":["CULTURE","Tunisie"],"inLanguage":"fr-FR","potentialAction":[{"@type":"CommentAction","name":"Comment","target":["https:\/\/kapitalis.com\/tunisie\/2022\/05\/27\/costa-brava-lebanon-sort-dans-les-salles-de-cinema-en-tunisie\/#respond"]}]},{"@type":"WebPage","@id":"https:\/\/kapitalis.com\/tunisie\/2022\/05\/27\/costa-brava-lebanon-sort-dans-les-salles-de-cinema-en-tunisie\/","url":"https:\/\/kapitalis.com\/tunisie\/2022\/05\/27\/costa-brava-lebanon-sort-dans-les-salles-de-cinema-en-tunisie\/","name":"\u00ab\u00a0Costa Brava, Lebanon\u00a0\u00bb sort dans les salles de cin\u00e9ma en Tunisie - Kapitalis","isPartOf":{"@id":"https:\/\/kapitalis.com\/tunisie\/#website"},"primaryImageOfPage":{"@id":"https:\/\/kapitalis.com\/tunisie\/2022\/05\/27\/costa-brava-lebanon-sort-dans-les-salles-de-cinema-en-tunisie\/#primaryimage"},"image":{"@id":"https:\/\/kapitalis.com\/tunisie\/2022\/05\/27\/costa-brava-lebanon-sort-dans-les-salles-de-cinema-en-tunisie\/#primaryimage"},"thumbnailUrl":"https:\/\/kapitalis.com\/tunisie\/wp-content\/uploads\/2022\/05\/Costa-Brava-Lebanon.jpg","datePublished":"2022-05-27T10:17:58+00:00","dateModified":"2022-05-27T10:18:00+00:00","breadcrumb":{"@id":"https:\/\/kapitalis.com\/tunisie\/2022\/05\/27\/costa-brava-lebanon-sort-dans-les-salles-de-cinema-en-tunisie\/#breadcrumb"},"inLanguage":"fr-FR","potentialAction":[{"@type":"ReadAction","target":["https:\/\/kapitalis.com\/tunisie\/2022\/05\/27\/costa-brava-lebanon-sort-dans-les-salles-de-cinema-en-tunisie\/"]}]},{"@type":"ImageObject","inLanguage":"fr-FR","@id":"https:\/\/kapitalis.com\/tunisie\/2022\/05\/27\/costa-brava-lebanon-sort-dans-les-salles-de-cinema-en-tunisie\/#primaryimage","url":"https:\/\/kapitalis.com\/tunisie\/wp-content\/uploads\/2022\/05\/Costa-Brava-Lebanon.jpg","contentUrl":"https:\/\/kapitalis.com\/tunisie\/wp-content\/uploads\/2022\/05\/Costa-Brava-Lebanon.jpg","width":1200,"height":630},{"@type":"BreadcrumbList","@id":"https:\/\/kapitalis.com\/tunisie\/2022\/05\/27\/costa-brava-lebanon-sort-dans-les-salles-de-cinema-en-tunisie\/#breadcrumb","itemListElement":[{"@type":"ListItem","position":1,"name":"Accueil","item":"https:\/\/kapitalis.com\/tunisie\/"},{"@type":"ListItem","position":2,"name":"\u00ab\u00a0Costa Brava, Lebanon\u00a0\u00bb sort dans les salles de cin\u00e9ma en Tunisie"}]},{"@type":"WebSite","@id":"https:\/\/kapitalis.com\/tunisie\/#website","url":"https:\/\/kapitalis.com\/tunisie\/","name":"Kapitalis","description":"L&#039;actualit\u00e9 en Tunisie et dans le monde","publisher":{"@id":"https:\/\/kapitalis.com\/tunisie\/#organization"},"potentialAction":[{"@type":"SearchAction","target":{"@type":"EntryPoint","urlTemplate":"https:\/\/kapitalis.com\/tunisie\/?s={search_term_string}"},"query-input":{"@type":"PropertyValueSpecification","valueRequired":true,"valueName":"search_term_string"}}],"inLanguage":"fr-FR"},{"@type":"Organization","@id":"https:\/\/kapitalis.com\/tunisie\/#organization","name":"Kapitalis","url":"https:\/\/kapitalis.com\/tunisie\/","logo":{"@type":"ImageObject","inLanguage":"fr-FR","@id":"https:\/\/kapitalis.com\/tunisie\/#\/schema\/logo\/image\/","url":"https:\/\/kapitalis.com\/tunisie\/wp-content\/uploads\/2022\/05\/Kapitalis-big-size.png","contentUrl":"https:\/\/kapitalis.com\/tunisie\/wp-content\/uploads\/2022\/05\/Kapitalis-big-size.png","width":5000,"height":1500,"caption":"Kapitalis"},"image":{"@id":"https:\/\/kapitalis.com\/tunisie\/#\/schema\/logo\/image\/"},"sameAs":["https:\/\/www.facebook.com\/KapitalisInfo\/","https:\/\/x.com\/KapitalisInfo","https:\/\/www.youtube.com\/channel\/UC-yDYrHyfFBWWZaOw3FPg9Q"]},{"@type":"Person","@id":"https:\/\/kapitalis.com\/tunisie\/#\/schema\/person\/73a5ecc1f6ae540c6ed91342eadca948","name":"Fawz BenAli","url":"https:\/\/kapitalis.com\/tunisie\/author\/fawz\/"}]}},"_links":{"self":[{"href":"https:\/\/kapitalis.com\/tunisie\/wp-json\/wp\/v2\/posts\/998592","targetHints":{"allow":["GET"]}}],"collection":[{"href":"https:\/\/kapitalis.com\/tunisie\/wp-json\/wp\/v2\/posts"}],"about":[{"href":"https:\/\/kapitalis.com\/tunisie\/wp-json\/wp\/v2\/types\/post"}],"author":[{"embeddable":true,"href":"https:\/\/kapitalis.com\/tunisie\/wp-json\/wp\/v2\/users\/26"}],"replies":[{"embeddable":true,"href":"https:\/\/kapitalis.com\/tunisie\/wp-json\/wp\/v2\/comments?post=998592"}],"version-history":[{"count":0,"href":"https:\/\/kapitalis.com\/tunisie\/wp-json\/wp\/v2\/posts\/998592\/revisions"}],"wp:featuredmedia":[{"embeddable":true,"href":"https:\/\/kapitalis.com\/tunisie\/wp-json\/wp\/v2\/media\/999097"}],"wp:attachment":[{"href":"https:\/\/kapitalis.com\/tunisie\/wp-json\/wp\/v2\/media?parent=998592"}],"wp:term":[{"taxonomy":"category","embeddable":true,"href":"https:\/\/kapitalis.com\/tunisie\/wp-json\/wp\/v2\/categories?post=998592"},{"taxonomy":"post_tag","embeddable":true,"href":"https:\/\/kapitalis.com\/tunisie\/wp-json\/wp\/v2\/tags?post=998592"}],"curies":[{"name":"wp","href":"https:\/\/api.w.org\/{rel}","templated":true}]}}