{"id":9991140,"date":"2023-10-02T07:36:57","date_gmt":"2023-10-02T06:36:57","guid":{"rendered":"https:\/\/kapitalis.com\/tunisie\/?p=9991140"},"modified":"2023-10-02T07:37:50","modified_gmt":"2023-10-02T06:37:50","slug":"tunisie-la-transition-energetique-en-question-au-centre-dun-webinaire","status":"publish","type":"post","link":"https:\/\/kapitalis.com\/tunisie\/2023\/10\/02\/tunisie-la-transition-energetique-en-question-au-centre-dun-webinaire\/","title":{"rendered":"Tunisie\u00a0: la transition \u00e9nerg\u00e9tique en question"},"content":{"rendered":"\n<p><strong><em>Les exp\u00e9riences de la Tunisie et du Liban en mati\u00e8re de transition \u00e9nerg\u00e9tique ont \u00e9t\u00e9 pr\u00e9sent\u00e9es lors d\u2019un webinaire organis\u00e9 jeudi 28 septembre par le Natural Resource Governance Institute (NRGI), sous le th\u00e8me \u00abLa transition \u00e9nerg\u00e9tique et la voie vers la Conf\u00e9rence des Nations Unies sur les changements climatiques (COP 28 de la CCNUCC).\u00bb<\/em><\/strong><\/p>\n\n\n\n<!--more-->\n\n\n\n<p>La Tunisie, dont la part des \u00e9nergies renouvelables dans la production d\u2019\u00e9lectricit\u00e9 atteint \u00e0 peine 3%, a cru pouvoir relever ses ambitions dans ce domaine \u00e0 35% d\u2019ici 2030. C\u2019est l\u00e0, en tout cas, l\u2019objectif d\u00e9fini par la strat\u00e9gie nationale de transition \u00e9nerg\u00e9tique qui table sur 8 053 \u200b\u200bMW d\u2019ici 2050. <\/p>\n\n\n\n<p>Cet objectif ne pourra \u00eatre atteint que si des pratiques de bonne gouvernance sont introduites, accompagn\u00e9es d\u2019un cadre juridique ad\u00e9quat et de d\u00e9crets d\u2019application ex\u00e9cutoires, comme l\u2019a pr\u00e9cis\u00e9, lors du webinaire, Khaled Daraouil, le directeur adjoint des \u00e9nergies renouvelables au minist\u00e8re de l&rsquo;Industrie, des Mines et de l\u2019\u00c9nergie, un brin sceptique, car conscient de l\u2019ampleur du challenge et des difficult\u00e9s auxquelles la r\u00e9alisation d\u2019un tel objectif \u00a0pourrait buter.<\/p>\n\n\n\n<p>Les \u00e9nergies renouvelables sont certes une solution pour rem\u00e9dier au d\u00e9ficit \u00e9nerg\u00e9tique de la Tunisie (environ 50% en 2022) et \u00e0 sa d\u00e9pendance aux \u00e9nergies fossiles, mais leur d\u00e9veloppement se fait lent, trop lent pour diverses raisons, notamment le manque de moyens financiers pour soutenir une politique volontariste dans ce domaine. <\/p>\n\n\n\n<p>Donc pour les plans, les strat\u00e9gies et les annonces m\u00e9diatiques, on est toujours bons \u2013 comme si l\u2019administration publique ne sait pas faire autre chose \u2013 mais pour les r\u00e9alisations effectives, il faudra repasser\u2026 \u00a0\u00a0\u00a0<\/p>\n\n\n\n<p class=\"has-text-align-right\"><strong>I. B.<\/strong><\/p>\n","protected":false},"excerpt":{"rendered":"<p>Les \u00e9nergies renouvelables restent une solution pour rem\u00e9dier au d\u00e9ficit \u00e9nerg\u00e9tique de la Tunisie qui atteint 50%. <\/p>\n","protected":false},"author":8,"featured_media":9991167,"comment_status":"open","ping_status":"open","sticky":false,"template":"","format":"standard","meta":{"footnotes":""},"categories":[995,2433],"tags":[111267,23315,5640,111265,111266,80209,62643],"class_list":["post-9991140","post","type-post","status-publish","format-standard","has-post-thumbnail","hentry","category-economie","category-tunisie","tag-cop-28","tag-deficit-energetique","tag-energies-renouvelables","tag-khaled-daraouil","tag-nrgi","tag-transition-energetique","tag-tunisie"],"yoast_head":"<!-- This site is optimized with the Yoast SEO plugin v26.6 - https:\/\/yoast.com\/wordpress\/plugins\/seo\/ -->\n<title>Tunisie\u00a0: la transition \u00e9nerg\u00e9tique en question - Kapitalis<\/title>\n<meta name=\"robots\" content=\"index, follow, max-snippet:-1, max-image-preview:large, max-video-preview:-1\" \/>\n<link rel=\"canonical\" href=\"https:\/\/kapitalis.com\/tunisie\/2023\/10\/02\/tunisie-la-transition-energetique-en-question-au-centre-dun-webinaire\/\" \/>\n<meta property=\"og:locale\" content=\"fr_FR\" \/>\n<meta property=\"og:type\" content=\"article\" \/>\n<meta property=\"og:title\" content=\"Tunisie\u00a0: la transition \u00e9nerg\u00e9tique en question - Kapitalis\" \/>\n<meta property=\"og:description\" content=\"Les \u00e9nergies renouvelables restent une solution pour rem\u00e9dier au d\u00e9ficit \u00e9nerg\u00e9tique de la Tunisie qui atteint 50%.\" \/>\n<meta property=\"og:url\" content=\"https:\/\/kapitalis.com\/tunisie\/2023\/10\/02\/tunisie-la-transition-energetique-en-question-au-centre-dun-webinaire\/\" \/>\n<meta property=\"og:site_name\" content=\"Kapitalis\" \/>\n<meta property=\"article:publisher\" content=\"https:\/\/www.facebook.com\/KapitalisInfo\/\" \/>\n<meta property=\"article:published_time\" content=\"2023-10-02T06:36:57+00:00\" \/>\n<meta property=\"article:modified_time\" content=\"2023-10-02T06:37:50+00:00\" \/>\n<meta property=\"og:image\" content=\"https:\/\/kapitalis.com\/tunisie\/wp-content\/uploads\/2023\/10\/NRGI.jpg\" \/>\n\t<meta property=\"og:image:width\" content=\"1200\" \/>\n\t<meta property=\"og:image:height\" content=\"630\" \/>\n\t<meta property=\"og:image:type\" content=\"image\/jpeg\" \/>\n<meta name=\"author\" content=\"webmaster kapitalis\" \/>\n<meta name=\"twitter:card\" content=\"summary_large_image\" \/>\n<meta name=\"twitter:creator\" content=\"@KapitalisInfo\" \/>\n<meta name=\"twitter:site\" content=\"@KapitalisInfo\" \/>\n<meta name=\"twitter:label1\" content=\"\u00c9crit par\" \/>\n\t<meta name=\"twitter:data1\" content=\"webmaster kapitalis\" \/>\n\t<meta name=\"twitter:label2\" content=\"Dur\u00e9e de lecture estim\u00e9e\" \/>\n\t<meta name=\"twitter:data2\" content=\"2 minutes\" \/>\n<script type=\"application\/ld+json\" class=\"yoast-schema-graph\">{\"@context\":\"https:\/\/schema.org\",\"@graph\":[{\"@type\":\"Article\",\"@id\":\"https:\/\/kapitalis.com\/tunisie\/2023\/10\/02\/tunisie-la-transition-energetique-en-question-au-centre-dun-webinaire\/#article\",\"isPartOf\":{\"@id\":\"https:\/\/kapitalis.com\/tunisie\/2023\/10\/02\/tunisie-la-transition-energetique-en-question-au-centre-dun-webinaire\/\"},\"author\":{\"name\":\"webmaster kapitalis\",\"@id\":\"https:\/\/kapitalis.com\/tunisie\/#\/schema\/person\/d71f33a9ca44f7bad4698210b480c8e9\"},\"headline\":\"Tunisie\u00a0: la transition \u00e9nerg\u00e9tique en question\",\"datePublished\":\"2023-10-02T06:36:57+00:00\",\"dateModified\":\"2023-10-02T06:37:50+00:00\",\"mainEntityOfPage\":{\"@id\":\"https:\/\/kapitalis.com\/tunisie\/2023\/10\/02\/tunisie-la-transition-energetique-en-question-au-centre-dun-webinaire\/\"},\"wordCount\":292,\"commentCount\":1,\"publisher\":{\"@id\":\"https:\/\/kapitalis.com\/tunisie\/#organization\"},\"image\":{\"@id\":\"https:\/\/kapitalis.com\/tunisie\/2023\/10\/02\/tunisie-la-transition-energetique-en-question-au-centre-dun-webinaire\/#primaryimage\"},\"thumbnailUrl\":\"https:\/\/kapitalis.com\/tunisie\/wp-content\/uploads\/2023\/10\/NRGI.jpg\",\"keywords\":[\"COP 28\",\"d\u00e9ficit \u00e9nerg\u00e9tique\",\"\u00e9nergies renouvelables\",\"Khaled Daraouil\",\"NRGI\",\"Transition \u00e9nerg\u00e9tique\",\"Tunisie\"],\"articleSection\":[\"ECONOMIE\",\"Tunisie\"],\"inLanguage\":\"fr-FR\",\"potentialAction\":[{\"@type\":\"CommentAction\",\"name\":\"Comment\",\"target\":[\"https:\/\/kapitalis.com\/tunisie\/2023\/10\/02\/tunisie-la-transition-energetique-en-question-au-centre-dun-webinaire\/#respond\"]}]},{\"@type\":\"WebPage\",\"@id\":\"https:\/\/kapitalis.com\/tunisie\/2023\/10\/02\/tunisie-la-transition-energetique-en-question-au-centre-dun-webinaire\/\",\"url\":\"https:\/\/kapitalis.com\/tunisie\/2023\/10\/02\/tunisie-la-transition-energetique-en-question-au-centre-dun-webinaire\/\",\"name\":\"Tunisie\u00a0: la transition \u00e9nerg\u00e9tique en question - Kapitalis\",\"isPartOf\":{\"@id\":\"https:\/\/kapitalis.com\/tunisie\/#website\"},\"primaryImageOfPage\":{\"@id\":\"https:\/\/kapitalis.com\/tunisie\/2023\/10\/02\/tunisie-la-transition-energetique-en-question-au-centre-dun-webinaire\/#primaryimage\"},\"image\":{\"@id\":\"https:\/\/kapitalis.com\/tunisie\/2023\/10\/02\/tunisie-la-transition-energetique-en-question-au-centre-dun-webinaire\/#primaryimage\"},\"thumbnailUrl\":\"https:\/\/kapitalis.com\/tunisie\/wp-content\/uploads\/2023\/10\/NRGI.jpg\",\"datePublished\":\"2023-10-02T06:36:57+00:00\",\"dateModified\":\"2023-10-02T06:37:50+00:00\",\"breadcrumb\":{\"@id\":\"https:\/\/kapitalis.com\/tunisie\/2023\/10\/02\/tunisie-la-transition-energetique-en-question-au-centre-dun-webinaire\/#breadcrumb\"},\"inLanguage\":\"fr-FR\",\"potentialAction\":[{\"@type\":\"ReadAction\",\"target\":[\"https:\/\/kapitalis.com\/tunisie\/2023\/10\/02\/tunisie-la-transition-energetique-en-question-au-centre-dun-webinaire\/\"]}]},{\"@type\":\"ImageObject\",\"inLanguage\":\"fr-FR\",\"@id\":\"https:\/\/kapitalis.com\/tunisie\/2023\/10\/02\/tunisie-la-transition-energetique-en-question-au-centre-dun-webinaire\/#primaryimage\",\"url\":\"https:\/\/kapitalis.com\/tunisie\/wp-content\/uploads\/2023\/10\/NRGI.jpg\",\"contentUrl\":\"https:\/\/kapitalis.com\/tunisie\/wp-content\/uploads\/2023\/10\/NRGI.jpg\",\"width\":1200,\"height\":630},{\"@type\":\"BreadcrumbList\",\"@id\":\"https:\/\/kapitalis.com\/tunisie\/2023\/10\/02\/tunisie-la-transition-energetique-en-question-au-centre-dun-webinaire\/#breadcrumb\",\"itemListElement\":[{\"@type\":\"ListItem\",\"position\":1,\"name\":\"Accueil\",\"item\":\"https:\/\/kapitalis.com\/tunisie\/\"},{\"@type\":\"ListItem\",\"position\":2,\"name\":\"Tunisie\u00a0: la transition \u00e9nerg\u00e9tique en question\"}]},{\"@type\":\"WebSite\",\"@id\":\"https:\/\/kapitalis.com\/tunisie\/#website\",\"url\":\"https:\/\/kapitalis.com\/tunisie\/\",\"name\":\"Kapitalis\",\"description\":\"L&#039;actualit\u00e9 en Tunisie et dans le monde\",\"publisher\":{\"@id\":\"https:\/\/kapitalis.com\/tunisie\/#organization\"},\"potentialAction\":[{\"@type\":\"SearchAction\",\"target\":{\"@type\":\"EntryPoint\",\"urlTemplate\":\"https:\/\/kapitalis.com\/tunisie\/?s={search_term_string}\"},\"query-input\":{\"@type\":\"PropertyValueSpecification\",\"valueRequired\":true,\"valueName\":\"search_term_string\"}}],\"inLanguage\":\"fr-FR\"},{\"@type\":\"Organization\",\"@id\":\"https:\/\/kapitalis.com\/tunisie\/#organization\",\"name\":\"Kapitalis\",\"url\":\"https:\/\/kapitalis.com\/tunisie\/\",\"logo\":{\"@type\":\"ImageObject\",\"inLanguage\":\"fr-FR\",\"@id\":\"https:\/\/kapitalis.com\/tunisie\/#\/schema\/logo\/image\/\",\"url\":\"https:\/\/kapitalis.com\/tunisie\/wp-content\/uploads\/2022\/05\/Kapitalis-big-size.png\",\"contentUrl\":\"https:\/\/kapitalis.com\/tunisie\/wp-content\/uploads\/2022\/05\/Kapitalis-big-size.png\",\"width\":5000,\"height\":1500,\"caption\":\"Kapitalis\"},\"image\":{\"@id\":\"https:\/\/kapitalis.com\/tunisie\/#\/schema\/logo\/image\/\"},\"sameAs\":[\"https:\/\/www.facebook.com\/KapitalisInfo\/\",\"https:\/\/x.com\/KapitalisInfo\",\"https:\/\/www.youtube.com\/channel\/UC-yDYrHyfFBWWZaOw3FPg9Q\"]},{\"@type\":\"Person\",\"@id\":\"https:\/\/kapitalis.com\/tunisie\/#\/schema\/person\/d71f33a9ca44f7bad4698210b480c8e9\",\"name\":\"webmaster kapitalis\",\"url\":\"https:\/\/kapitalis.com\/tunisie\/author\/webmaster-kapitalis\/\"}]}<\/script>\n<!-- \/ Yoast SEO plugin. -->","yoast_head_json":{"title":"Tunisie\u00a0: la transition \u00e9nerg\u00e9tique en question - Kapitalis","robots":{"index":"index","follow":"follow","max-snippet":"max-snippet:-1","max-image-preview":"max-image-preview:large","max-video-preview":"max-video-preview:-1"},"canonical":"https:\/\/kapitalis.com\/tunisie\/2023\/10\/02\/tunisie-la-transition-energetique-en-question-au-centre-dun-webinaire\/","og_locale":"fr_FR","og_type":"article","og_title":"Tunisie\u00a0: la transition \u00e9nerg\u00e9tique en question - Kapitalis","og_description":"Les \u00e9nergies renouvelables restent une solution pour rem\u00e9dier au d\u00e9ficit \u00e9nerg\u00e9tique de la Tunisie qui atteint 50%.","og_url":"https:\/\/kapitalis.com\/tunisie\/2023\/10\/02\/tunisie-la-transition-energetique-en-question-au-centre-dun-webinaire\/","og_site_name":"Kapitalis","article_publisher":"https:\/\/www.facebook.com\/KapitalisInfo\/","article_published_time":"2023-10-02T06:36:57+00:00","article_modified_time":"2023-10-02T06:37:50+00:00","og_image":[{"width":1200,"height":630,"url":"https:\/\/kapitalis.com\/tunisie\/wp-content\/uploads\/2023\/10\/NRGI.jpg","type":"image\/jpeg"}],"author":"webmaster kapitalis","twitter_card":"summary_large_image","twitter_creator":"@KapitalisInfo","twitter_site":"@KapitalisInfo","twitter_misc":{"\u00c9crit par":"webmaster kapitalis","Dur\u00e9e de lecture estim\u00e9e":"2 minutes"},"schema":{"@context":"https:\/\/schema.org","@graph":[{"@type":"Article","@id":"https:\/\/kapitalis.com\/tunisie\/2023\/10\/02\/tunisie-la-transition-energetique-en-question-au-centre-dun-webinaire\/#article","isPartOf":{"@id":"https:\/\/kapitalis.com\/tunisie\/2023\/10\/02\/tunisie-la-transition-energetique-en-question-au-centre-dun-webinaire\/"},"author":{"name":"webmaster kapitalis","@id":"https:\/\/kapitalis.com\/tunisie\/#\/schema\/person\/d71f33a9ca44f7bad4698210b480c8e9"},"headline":"Tunisie\u00a0: la transition \u00e9nerg\u00e9tique en question","datePublished":"2023-10-02T06:36:57+00:00","dateModified":"2023-10-02T06:37:50+00:00","mainEntityOfPage":{"@id":"https:\/\/kapitalis.com\/tunisie\/2023\/10\/02\/tunisie-la-transition-energetique-en-question-au-centre-dun-webinaire\/"},"wordCount":292,"commentCount":1,"publisher":{"@id":"https:\/\/kapitalis.com\/tunisie\/#organization"},"image":{"@id":"https:\/\/kapitalis.com\/tunisie\/2023\/10\/02\/tunisie-la-transition-energetique-en-question-au-centre-dun-webinaire\/#primaryimage"},"thumbnailUrl":"https:\/\/kapitalis.com\/tunisie\/wp-content\/uploads\/2023\/10\/NRGI.jpg","keywords":["COP 28","d\u00e9ficit \u00e9nerg\u00e9tique","\u00e9nergies renouvelables","Khaled Daraouil","NRGI","Transition \u00e9nerg\u00e9tique","Tunisie"],"articleSection":["ECONOMIE","Tunisie"],"inLanguage":"fr-FR","potentialAction":[{"@type":"CommentAction","name":"Comment","target":["https:\/\/kapitalis.com\/tunisie\/2023\/10\/02\/tunisie-la-transition-energetique-en-question-au-centre-dun-webinaire\/#respond"]}]},{"@type":"WebPage","@id":"https:\/\/kapitalis.com\/tunisie\/2023\/10\/02\/tunisie-la-transition-energetique-en-question-au-centre-dun-webinaire\/","url":"https:\/\/kapitalis.com\/tunisie\/2023\/10\/02\/tunisie-la-transition-energetique-en-question-au-centre-dun-webinaire\/","name":"Tunisie\u00a0: la transition \u00e9nerg\u00e9tique en question - Kapitalis","isPartOf":{"@id":"https:\/\/kapitalis.com\/tunisie\/#website"},"primaryImageOfPage":{"@id":"https:\/\/kapitalis.com\/tunisie\/2023\/10\/02\/tunisie-la-transition-energetique-en-question-au-centre-dun-webinaire\/#primaryimage"},"image":{"@id":"https:\/\/kapitalis.com\/tunisie\/2023\/10\/02\/tunisie-la-transition-energetique-en-question-au-centre-dun-webinaire\/#primaryimage"},"thumbnailUrl":"https:\/\/kapitalis.com\/tunisie\/wp-content\/uploads\/2023\/10\/NRGI.jpg","datePublished":"2023-10-02T06:36:57+00:00","dateModified":"2023-10-02T06:37:50+00:00","breadcrumb":{"@id":"https:\/\/kapitalis.com\/tunisie\/2023\/10\/02\/tunisie-la-transition-energetique-en-question-au-centre-dun-webinaire\/#breadcrumb"},"inLanguage":"fr-FR","potentialAction":[{"@type":"ReadAction","target":["https:\/\/kapitalis.com\/tunisie\/2023\/10\/02\/tunisie-la-transition-energetique-en-question-au-centre-dun-webinaire\/"]}]},{"@type":"ImageObject","inLanguage":"fr-FR","@id":"https:\/\/kapitalis.com\/tunisie\/2023\/10\/02\/tunisie-la-transition-energetique-en-question-au-centre-dun-webinaire\/#primaryimage","url":"https:\/\/kapitalis.com\/tunisie\/wp-content\/uploads\/2023\/10\/NRGI.jpg","contentUrl":"https:\/\/kapitalis.com\/tunisie\/wp-content\/uploads\/2023\/10\/NRGI.jpg","width":1200,"height":630},{"@type":"BreadcrumbList","@id":"https:\/\/kapitalis.com\/tunisie\/2023\/10\/02\/tunisie-la-transition-energetique-en-question-au-centre-dun-webinaire\/#breadcrumb","itemListElement":[{"@type":"ListItem","position":1,"name":"Accueil","item":"https:\/\/kapitalis.com\/tunisie\/"},{"@type":"ListItem","position":2,"name":"Tunisie\u00a0: la transition \u00e9nerg\u00e9tique en question"}]},{"@type":"WebSite","@id":"https:\/\/kapitalis.com\/tunisie\/#website","url":"https:\/\/kapitalis.com\/tunisie\/","name":"Kapitalis","description":"L&#039;actualit\u00e9 en Tunisie et dans le monde","publisher":{"@id":"https:\/\/kapitalis.com\/tunisie\/#organization"},"potentialAction":[{"@type":"SearchAction","target":{"@type":"EntryPoint","urlTemplate":"https:\/\/kapitalis.com\/tunisie\/?s={search_term_string}"},"query-input":{"@type":"PropertyValueSpecification","valueRequired":true,"valueName":"search_term_string"}}],"inLanguage":"fr-FR"},{"@type":"Organization","@id":"https:\/\/kapitalis.com\/tunisie\/#organization","name":"Kapitalis","url":"https:\/\/kapitalis.com\/tunisie\/","logo":{"@type":"ImageObject","inLanguage":"fr-FR","@id":"https:\/\/kapitalis.com\/tunisie\/#\/schema\/logo\/image\/","url":"https:\/\/kapitalis.com\/tunisie\/wp-content\/uploads\/2022\/05\/Kapitalis-big-size.png","contentUrl":"https:\/\/kapitalis.com\/tunisie\/wp-content\/uploads\/2022\/05\/Kapitalis-big-size.png","width":5000,"height":1500,"caption":"Kapitalis"},"image":{"@id":"https:\/\/kapitalis.com\/tunisie\/#\/schema\/logo\/image\/"},"sameAs":["https:\/\/www.facebook.com\/KapitalisInfo\/","https:\/\/x.com\/KapitalisInfo","https:\/\/www.youtube.com\/channel\/UC-yDYrHyfFBWWZaOw3FPg9Q"]},{"@type":"Person","@id":"https:\/\/kapitalis.com\/tunisie\/#\/schema\/person\/d71f33a9ca44f7bad4698210b480c8e9","name":"webmaster kapitalis","url":"https:\/\/kapitalis.com\/tunisie\/author\/webmaster-kapitalis\/"}]}},"_links":{"self":[{"href":"https:\/\/kapitalis.com\/tunisie\/wp-json\/wp\/v2\/posts\/9991140","targetHints":{"allow":["GET"]}}],"collection":[{"href":"https:\/\/kapitalis.com\/tunisie\/wp-json\/wp\/v2\/posts"}],"about":[{"href":"https:\/\/kapitalis.com\/tunisie\/wp-json\/wp\/v2\/types\/post"}],"author":[{"embeddable":true,"href":"https:\/\/kapitalis.com\/tunisie\/wp-json\/wp\/v2\/users\/8"}],"replies":[{"embeddable":true,"href":"https:\/\/kapitalis.com\/tunisie\/wp-json\/wp\/v2\/comments?post=9991140"}],"version-history":[{"count":2,"href":"https:\/\/kapitalis.com\/tunisie\/wp-json\/wp\/v2\/posts\/9991140\/revisions"}],"predecessor-version":[{"id":9991182,"href":"https:\/\/kapitalis.com\/tunisie\/wp-json\/wp\/v2\/posts\/9991140\/revisions\/9991182"}],"wp:featuredmedia":[{"embeddable":true,"href":"https:\/\/kapitalis.com\/tunisie\/wp-json\/wp\/v2\/media\/9991167"}],"wp:attachment":[{"href":"https:\/\/kapitalis.com\/tunisie\/wp-json\/wp\/v2\/media?parent=9991140"}],"wp:term":[{"taxonomy":"category","embeddable":true,"href":"https:\/\/kapitalis.com\/tunisie\/wp-json\/wp\/v2\/categories?post=9991140"},{"taxonomy":"post_tag","embeddable":true,"href":"https:\/\/kapitalis.com\/tunisie\/wp-json\/wp\/v2\/tags?post=9991140"}],"curies":[{"name":"wp","href":"https:\/\/api.w.org\/{rel}","templated":true}]}}